{"id":28442,"date":"2026-04-22T15:00:13","date_gmt":"2026-04-22T15:00:13","guid":{"rendered":"https:\/\/www.clubdelemprendimiento.com\/blog\/noticia-corporativa\/el-ecosistema-tecnologico-e-industrial-se-da-cita-en-bilbao-para-avanzar-hacia-una-inteligencia-artificial-soberana\/"},"modified":"2026-04-22T15:00:13","modified_gmt":"2026-04-22T15:00:13","slug":"el-ecosistema-tecnologico-e-industrial-se-da-cita-en-bilbao-para-avanzar-hacia-una-inteligencia-artificial-soberana","status":"publish","type":"noticia-corporativa","link":"https:\/\/www.clubdelemprendimiento.com\/blog\/noticia-corporativa\/el-ecosistema-tecnologico-e-industrial-se-da-cita-en-bilbao-para-avanzar-hacia-una-inteligencia-artificial-soberana\/","title":{"rendered":"El ecosistema tecnol\u00f3gico e industrial se da cita en Bilbao para avanzar hacia una inteligencia artificial soberana"},"content":{"rendered":"<div>\n<p><a href=\"https:\/\/www.clubdelemprendimiento.com\/blog\/wp-content\/uploads\/2026\/04\/fotogrupo.jpeg\" target=\"_blank\" class=\"fotonota\" rel=\"noopener\"> <img decoding=\"async\" src=\"https:\/\/www.clubdelemprendimiento.com\/blog\/wp-content\/uploads\/2026\/04\/fotogrupo.jpeg\" style=\"max-width:600px;\" border=\"0\" class=\"postImage\" alt=\"\"><\/a><\/p>\n<p>El Foro ALIA ha acercado a empresas e instituciones las oportunidades de la inteligencia artificial, las infraestructuras p\u00fablicas y las iniciativas estrat\u00e9gicas para su adopci\u00f3n en la industria.  Se han abordado estrategias en tecnolog\u00edas ling\u00fc\u00edsticas, el acceso a infraestructuras de supercomputaci\u00f3n y casos reales de aplicaci\u00f3n de ALIA en el \u00e1mbito empresarial<\/p>\n<p><\/p>\n<p>El Foro ha puesto el foco en la necesidad de avanzar hacia una IA soberana, basada en modelos abiertos, transparentes y alineados con la realidad ling\u00fc\u00edstica y cultural.<\/p>\n<p>La jornada ha reunido a agentes clave del ecosistema tecnol\u00f3gico, institucional y empresarial de Euskadi, fomentando la colaboraci\u00f3n y la transferencia de conocimiento.<\/p>\n<p>El Bizkaia Aretoa de Bilbao ha acogido esta ma\u00f1ana el \u2018<em>Foro ALIA: Iniciativas estrat\u00e9gicas orientadas a impulsar la adopci\u00f3n de la Inteligencia Artificial (IA) en el tejido industrial\u2019<\/em>, un encuentro en torno a <a href=\"https:\/\/alia.gob.es\/\" target=\"_blank\" rel=\"nofollow noopener\">ALIA, la familia p\u00fablica de modelos lenguaje de inteligencia artificial<\/a> impulsada por el Gobierno de Espa\u00f1a, que ha reunido a representantes del ecosistema tecnol\u00f3gico, institucional y empresarial de Euskadi con el objetivo de acelerar la incorporaci\u00f3n de la IA en la industria y reforzar la soberan\u00eda tecnol\u00f3gica.<\/p>\n<p>La jornada ha sido organizada por el <a href=\"https:\/\/www.hitz.eus\/es\/hitz\" target=\"_blank\" rel=\"nofollow noopener\">HiTZ Basque Center for Language Technology de la Universidad del Pa\u00eds Vasco <\/a>(EHU) junto al Ministerio para la Transformaci\u00f3n Digital y de la Funci\u00f3n P\u00fablica, en colaboraci\u00f3n con Langune (Asociaci\u00f3n de Industrias de la Lengua del Pa\u00eds Vasco) y BAIC (Basque Artificial Intelligence Center), y ha permitido dar a conocer tecnolog\u00edas, infraestructuras y proyectos estrat\u00e9gicos basados en inteligencia artificial, as\u00ed como la capacidad tecnol\u00f3gica existente en el entorno y casos de uso desarrollados con recursos de ALIA e ILENIA.<\/p>\n<p>El foro ha sido inaugurado por la delegada del Gobierno en el Pa\u00eds Vasco, Marisol Garmendia; el rector de la EHU, Joxerramon Bengoetxea; y la directora general de BAIC, Laura Marr\u00f3n. Durante la apertura, se ha destacado el papel de la IA y las tecnolog\u00edas ling\u00fc\u00edsticas como palancas clave para el desarrollo econ\u00f3mico y la competitividad empresarial, as\u00ed como la importancia de integrar la diversidad ling\u00fc\u00edstica en el entorno digital.<\/p>\n<p>En este sentido, el rector de la EHU, Joxerramon Bengoetxea ha destacado que \u00abla transformaci\u00f3n y el desarrollo de la Euskal Herriko Unibertsitatea \/ Universidad del Pa\u00eds Vasco est\u00e1n estrechamente ligados al tejido industrial de este pa\u00eds, ya que nuestra funci\u00f3n esencial, como recoge el lema, eman ta zabal zazu (dar y difundir), es la generaci\u00f3n y transmisi\u00f3n del conocimiento\u00bb. Asimismo, ha subrayado que el centro tecnol\u00f3gico Hitz est\u00e1 liderando una transformaci\u00f3n clave para el futuro del euskera, y demostrando que los modelos de lenguaje se desarrollan tambi\u00e9n en lenguas minorizadas. \u00abGracias a las investigadoras e investigadores de Hitz, el euskera est\u00e1 ganando un espacio a primera vista acotado a las lenguas hegem\u00f3nicas y a las grandes tecnol\u00f3gicas\u00bb, ha apuntado.<\/p>\n<p>La delegada del Gobierno en el Pa\u00eds Vasco, Marisol Garmendia, ha animado a \u00abempresas, administraciones p\u00fablicas, emprendedores, investigadores o desarrolladores vascos a usar ALIA, una infraestructura de IA entrenada en nuestras lenguas y con nuestros valores, que ya genera innovaci\u00f3n, talento y mejoras en nuestra vida\u00bb. Y ha destacado el compromiso del Gobierno de Espa\u00f1a con iniciativas como ILENIA o la C\u00e1tedra HiTZ, que \u00abpotencian la presencia digital del euskera como patrimonio cultural, enriquecen su peso en los modelos de inteligencia artificial y conectan nuestras lenguas con el marco europeo de recursos ling\u00fc\u00edsticos\u00bb.<\/p>\n<p>Por su parte, Eli Pombo, presidenta de Langune, ha subrayado que \u00abla diversidad ling\u00fc\u00edstica es una riqueza necesaria en cualquier \u00e1mbito de la vida, tambi\u00e9n en el econ\u00f3mico, <strong>y las tecnolog\u00edas ling\u00fc\u00edsticas son un eje transversal para el desarrollo de nuestra industria<\/strong>\u00ab. Asimismo, ha destacado que \u00abla IA y las tecnolog\u00edas del lenguaje avanzan hoy de la mano, y proyectos como ALIA son fundamentales para garantizar recursos abiertos, de calidad y adaptados a nuestras lenguas\u00bb.<\/p>\n<p>El Foro ha servido como espacio para <strong>presentar el proyecto ALIA, una infraestructura p\u00fablica avanzada de inteligencia artificial impulsada en el \u00e1mbito estatal, orientada a facilitar el acceso a modelos de lenguaje abiertos, c<\/strong>apacidades de computaci\u00f3n de alto rendimiento (HPC) y servicios de apoyo para el desarrollo de soluciones innovadoras.<\/p>\n<p>La sesi\u00f3n ha incluido una intervenci\u00f3n sobre estrategias en tecnolog\u00edas ling\u00fc\u00edsticas p\u00fablicas a cargo de la Secretar\u00eda de Estado de Digitalizaci\u00f3n e Inteligencia Artificial (SEDIA), as\u00ed como la presentaci\u00f3n de ALIA por parte del Barcelona Supercomputing Center, donde se han detallado las din\u00e1micas de participaci\u00f3n y el acceso a infraestructuras de supercomputaci\u00f3n.<\/p>\n<p><strong>Hacia una IA soberana<\/strong><br \/>\nUno de los ejes centrales del encuentro ha sido el debate en torno a la construcci\u00f3n de una inteligencia artificial soberana. En este contexto, el Dr. Germ\u00e1n Rigau, subdirector del Centro HiTZ y coordinador de ALIA en Euskadi, ha destacado que \u00ab<strong>con ALIA no solo estamos desarrollando tecnolog\u00eda, estamos desplegando soberan\u00eda digital. Es fundamental que nuestras empresas tengan acceso a modelos de lenguaje abiertos, transparentes y entrenados<\/strong> con datos de calidad que representen fielmente nuestra realidad ling\u00fc\u00edstica y cultural\u00bb.<\/p>\n<p>Asimismo, Rigau ha se\u00f1alado que \u00abel Foro ALIA en Bilbao constituye una cita clave para reivindicar el papel de Euskadi en la era de la inteligencia artificial. No solo presentamos herramientas, sino que debatimos sobre c\u00f3mo construir una IA soberana que respete nuestra identidad ling\u00fc\u00edstica y potencie nuestra capacidad tecnol\u00f3gica propia\u00bb.<\/p>\n<p>Durante la jornada se ha puesto de relieve el papel de las infraestructuras p\u00fablicas de IA como elemento estrat\u00e9gico para la nueva econom\u00eda del conocimiento, as\u00ed como la necesidad de fomentar la colaboraci\u00f3n entre empresas, centros tecnol\u00f3gicos y administraciones.<\/p>\n<p>El encuentro ha contado con una mesa de debate centrada en las tecnolog\u00edas necesarias para avanzar hacia una IA soberana, con la participaci\u00f3n de representantes de INNKIA, Multiverse y EITB, quienes han coincidido en la importancia de disponer de capacidades tecnol\u00f3gicas propias y modelos abiertos para reforzar la competitividad del tejido industrial.<\/p>\n<p>Adem\u00e1s, se ha celebrado una segunda mesa redonda dedicada a compartir experiencias reales vinculadas a los proyectos ILENIA y ALIA, en la que han participado Natural Speech, Orai y Ametzagai\u00f1a. En este espacio se han presentado distintos casos de uso y desarrollos tecnol\u00f3gicos basados en inteligencia artificial, evidenciando su aplicaci\u00f3n pr\u00e1ctica en el \u00e1mbito empresarial. La jornada ha incluido tambi\u00e9n espacios de networking que han facilitado el intercambio de conocimiento y la generaci\u00f3n de sinergias entre los distintos agentes del ecosistema.<\/p>\n<p>El acto ha concluido con una intervenci\u00f3n de cierre a cargo de Germ\u00e1n Rigau, quien ha subrayado que <strong>\u00abavanzar hacia una IA soberana es un imperativo estrat\u00e9gico<\/strong>. A trav\u00e9s de proyectos como ALIA, estamos asegurando que empresas y administraciones no sean meras consumidoras de tecnolog\u00eda externa, sino protagonistas en el desarrollo de infraestructuras p\u00fablicas de IA\u00bb. Asimismo, ha agregado que \u00abel objetivo del Foro ALIA es<strong> acercar la investigaci\u00f3n de vanguardia al despliegue industrial, para que las empresas encuentren en esta infraestructura p\u00fablica una oportunidad real de competir a nivel global con soluciones \u00e9ticas y robustas<\/strong>\u00ab.<\/p>\n<\/div>\n","protected":false},"featured_media":28443,"template":"","meta":{"_acf_changed":false},"acf":[],"yoast_head":"<!-- This site is optimized with the Yoast SEO plugin v22.7 - https:\/\/yoast.com\/wordpress\/plugins\/seo\/ -->\n<title>El ecosistema tecnol\u00f3gico e industrial se da cita en Bilbao para avanzar hacia una inteligencia artificial soberana - Blog Club del Emprendimiento<\/title>\n<meta name=\"robots\" content=\"index, follow, max-snippet:-1, max-image-preview:large, max-video-preview:-1\" \/>\n<link rel=\"canonical\" href=\"https:\/\/www.clubdelemprendimiento.com\/blog\/noticia-corporativa\/el-ecosistema-tecnologico-e-industrial-se-da-cita-en-bilbao-para-avanzar-hacia-una-inteligencia-artificial-soberana\/\" \/>\n<meta property=\"og:locale\" content=\"es_ES\" \/>\n<meta property=\"og:type\" content=\"article\" \/>\n<meta property=\"og:title\" content=\"El ecosistema tecnol\u00f3gico e industrial se da cita en Bilbao para avanzar hacia una inteligencia artificial soberana - Blog Club del Emprendimiento\" \/>\n<meta property=\"og:description\" content=\"El Foro ALIA ha acercado a empresas e instituciones las oportunidades de la inteligencia&hellip;\" \/>\n<meta property=\"og:url\" content=\"https:\/\/www.clubdelemprendimiento.com\/blog\/noticia-corporativa\/el-ecosistema-tecnologico-e-industrial-se-da-cita-en-bilbao-para-avanzar-hacia-una-inteligencia-artificial-soberana\/\" \/>\n<meta property=\"og:site_name\" content=\"Blog Club del Emprendimiento\" \/>\n<meta property=\"og:image\" content=\"https:\/\/www.clubdelemprendimiento.com\/blog\/wp-content\/uploads\/2026\/04\/fotogrupo.jpeg\" \/>\n<meta name=\"twitter:card\" content=\"summary_large_image\" \/>\n<meta name=\"twitter:label1\" content=\"Tiempo de lectura\" \/>\n\t<meta name=\"twitter:data1\" content=\"6 minutos\" \/>\n<script type=\"application\/ld+json\" class=\"yoast-schema-graph\">{\"@context\":\"https:\/\/schema.org\",\"@graph\":[{\"@type\":\"WebPage\",\"@id\":\"https:\/\/www.clubdelemprendimiento.com\/blog\/noticia-corporativa\/el-ecosistema-tecnologico-e-industrial-se-da-cita-en-bilbao-para-avanzar-hacia-una-inteligencia-artificial-soberana\/\",\"url\":\"https:\/\/www.clubdelemprendimiento.com\/blog\/noticia-corporativa\/el-ecosistema-tecnologico-e-industrial-se-da-cita-en-bilbao-para-avanzar-hacia-una-inteligencia-artificial-soberana\/\",\"name\":\"El ecosistema tecnol\u00f3gico e industrial se da cita en Bilbao para avanzar hacia una inteligencia artificial soberana - Blog Club del Emprendimiento\",\"isPartOf\":{\"@id\":\"https:\/\/www.clubdelemprendimiento.com\/blog\/#website\"},\"primaryImageOfPage\":{\"@id\":\"https:\/\/www.clubdelemprendimiento.com\/blog\/noticia-corporativa\/el-ecosistema-tecnologico-e-industrial-se-da-cita-en-bilbao-para-avanzar-hacia-una-inteligencia-artificial-soberana\/#primaryimage\"},\"image\":{\"@id\":\"https:\/\/www.clubdelemprendimiento.com\/blog\/noticia-corporativa\/el-ecosistema-tecnologico-e-industrial-se-da-cita-en-bilbao-para-avanzar-hacia-una-inteligencia-artificial-soberana\/#primaryimage\"},\"thumbnailUrl\":\"https:\/\/www.clubdelemprendimiento.com\/blog\/wp-content\/uploads\/2026\/04\/fotogrupo-scaled.jpeg\",\"datePublished\":\"2026-04-22T15:00:13+00:00\",\"dateModified\":\"2026-04-22T15:00:13+00:00\",\"breadcrumb\":{\"@id\":\"https:\/\/www.clubdelemprendimiento.com\/blog\/noticia-corporativa\/el-ecosistema-tecnologico-e-industrial-se-da-cita-en-bilbao-para-avanzar-hacia-una-inteligencia-artificial-soberana\/#breadcrumb\"},\"inLanguage\":\"es\",\"potentialAction\":[{\"@type\":\"ReadAction\",\"target\":[\"https:\/\/www.clubdelemprendimiento.com\/blog\/noticia-corporativa\/el-ecosistema-tecnologico-e-industrial-se-da-cita-en-bilbao-para-avanzar-hacia-una-inteligencia-artificial-soberana\/\"]}]},{\"@type\":\"ImageObject\",\"inLanguage\":\"es\",\"@id\":\"https:\/\/www.clubdelemprendimiento.com\/blog\/noticia-corporativa\/el-ecosistema-tecnologico-e-industrial-se-da-cita-en-bilbao-para-avanzar-hacia-una-inteligencia-artificial-soberana\/#primaryimage\",\"url\":\"https:\/\/www.clubdelemprendimiento.com\/blog\/wp-content\/uploads\/2026\/04\/fotogrupo-scaled.jpeg\",\"contentUrl\":\"https:\/\/www.clubdelemprendimiento.com\/blog\/wp-content\/uploads\/2026\/04\/fotogrupo-scaled.jpeg\",\"width\":2560,\"height\":1707},{\"@type\":\"BreadcrumbList\",\"@id\":\"https:\/\/www.clubdelemprendimiento.com\/blog\/noticia-corporativa\/el-ecosistema-tecnologico-e-industrial-se-da-cita-en-bilbao-para-avanzar-hacia-una-inteligencia-artificial-soberana\/#breadcrumb\",\"itemListElement\":[{\"@type\":\"ListItem\",\"position\":1,\"name\":\"Home\",\"item\":\"https:\/\/www.clubdelemprendimiento.com\/blog\/\"},{\"@type\":\"ListItem\",\"position\":2,\"name\":\"Noticias Corporativas\",\"item\":\"https:\/\/www.clubdelemprendimiento.com\/blog\/noticias-corporativas\/\"},{\"@type\":\"ListItem\",\"position\":3,\"name\":\"El ecosistema tecnol\u00f3gico e industrial se da cita en Bilbao para avanzar hacia una inteligencia artificial soberana\"}]},{\"@type\":\"WebSite\",\"@id\":\"https:\/\/www.clubdelemprendimiento.com\/blog\/#website\",\"url\":\"https:\/\/www.clubdelemprendimiento.com\/blog\/\",\"name\":\"Blog Club del Emprendimiento\",\"description\":\"\",\"potentialAction\":[{\"@type\":\"SearchAction\",\"target\":{\"@type\":\"EntryPoint\",\"urlTemplate\":\"https:\/\/www.clubdelemprendimiento.com\/blog\/?s={search_term_string}\"},\"query-input\":\"required name=search_term_string\"}],\"inLanguage\":\"es\"}]}<\/script>\n<!-- \/ Yoast SEO plugin. -->","yoast_head_json":{"title":"El ecosistema tecnol\u00f3gico e industrial se da cita en Bilbao para avanzar hacia una inteligencia artificial soberana - Blog Club del Emprendimiento","robots":{"index":"index","follow":"follow","max-snippet":"max-snippet:-1","max-image-preview":"max-image-preview:large","max-video-preview":"max-video-preview:-1"},"canonical":"https:\/\/www.clubdelemprendimiento.com\/blog\/noticia-corporativa\/el-ecosistema-tecnologico-e-industrial-se-da-cita-en-bilbao-para-avanzar-hacia-una-inteligencia-artificial-soberana\/","og_locale":"es_ES","og_type":"article","og_title":"El ecosistema tecnol\u00f3gico e industrial se da cita en Bilbao para avanzar hacia una inteligencia artificial soberana - Blog Club del Emprendimiento","og_description":"El Foro ALIA ha acercado a empresas e instituciones las oportunidades de la inteligencia&hellip;","og_url":"https:\/\/www.clubdelemprendimiento.com\/blog\/noticia-corporativa\/el-ecosistema-tecnologico-e-industrial-se-da-cita-en-bilbao-para-avanzar-hacia-una-inteligencia-artificial-soberana\/","og_site_name":"Blog Club del Emprendimiento","og_image":[{"url":"https:\/\/www.clubdelemprendimiento.com\/blog\/wp-content\/uploads\/2026\/04\/fotogrupo.jpeg"}],"twitter_card":"summary_large_image","twitter_misc":{"Tiempo de lectura":"6 minutos"},"schema":{"@context":"https:\/\/schema.org","@graph":[{"@type":"WebPage","@id":"https:\/\/www.clubdelemprendimiento.com\/blog\/noticia-corporativa\/el-ecosistema-tecnologico-e-industrial-se-da-cita-en-bilbao-para-avanzar-hacia-una-inteligencia-artificial-soberana\/","url":"https:\/\/www.clubdelemprendimiento.com\/blog\/noticia-corporativa\/el-ecosistema-tecnologico-e-industrial-se-da-cita-en-bilbao-para-avanzar-hacia-una-inteligencia-artificial-soberana\/","name":"El ecosistema tecnol\u00f3gico e industrial se da cita en Bilbao para avanzar hacia una inteligencia artificial soberana - Blog Club del Emprendimiento","isPartOf":{"@id":"https:\/\/www.clubdelemprendimiento.com\/blog\/#website"},"primaryImageOfPage":{"@id":"https:\/\/www.clubdelemprendimiento.com\/blog\/noticia-corporativa\/el-ecosistema-tecnologico-e-industrial-se-da-cita-en-bilbao-para-avanzar-hacia-una-inteligencia-artificial-soberana\/#primaryimage"},"image":{"@id":"https:\/\/www.clubdelemprendimiento.com\/blog\/noticia-corporativa\/el-ecosistema-tecnologico-e-industrial-se-da-cita-en-bilbao-para-avanzar-hacia-una-inteligencia-artificial-soberana\/#primaryimage"},"thumbnailUrl":"https:\/\/www.clubdelemprendimiento.com\/blog\/wp-content\/uploads\/2026\/04\/fotogrupo-scaled.jpeg","datePublished":"2026-04-22T15:00:13+00:00","dateModified":"2026-04-22T15:00:13+00:00","breadcrumb":{"@id":"https:\/\/www.clubdelemprendimiento.com\/blog\/noticia-corporativa\/el-ecosistema-tecnologico-e-industrial-se-da-cita-en-bilbao-para-avanzar-hacia-una-inteligencia-artificial-soberana\/#breadcrumb"},"inLanguage":"es","potentialAction":[{"@type":"ReadAction","target":["https:\/\/www.clubdelemprendimiento.com\/blog\/noticia-corporativa\/el-ecosistema-tecnologico-e-industrial-se-da-cita-en-bilbao-para-avanzar-hacia-una-inteligencia-artificial-soberana\/"]}]},{"@type":"ImageObject","inLanguage":"es","@id":"https:\/\/www.clubdelemprendimiento.com\/blog\/noticia-corporativa\/el-ecosistema-tecnologico-e-industrial-se-da-cita-en-bilbao-para-avanzar-hacia-una-inteligencia-artificial-soberana\/#primaryimage","url":"https:\/\/www.clubdelemprendimiento.com\/blog\/wp-content\/uploads\/2026\/04\/fotogrupo-scaled.jpeg","contentUrl":"https:\/\/www.clubdelemprendimiento.com\/blog\/wp-content\/uploads\/2026\/04\/fotogrupo-scaled.jpeg","width":2560,"height":1707},{"@type":"BreadcrumbList","@id":"https:\/\/www.clubdelemprendimiento.com\/blog\/noticia-corporativa\/el-ecosistema-tecnologico-e-industrial-se-da-cita-en-bilbao-para-avanzar-hacia-una-inteligencia-artificial-soberana\/#breadcrumb","itemListElement":[{"@type":"ListItem","position":1,"name":"Home","item":"https:\/\/www.clubdelemprendimiento.com\/blog\/"},{"@type":"ListItem","position":2,"name":"Noticias Corporativas","item":"https:\/\/www.clubdelemprendimiento.com\/blog\/noticias-corporativas\/"},{"@type":"ListItem","position":3,"name":"El ecosistema tecnol\u00f3gico e industrial se da cita en Bilbao para avanzar hacia una inteligencia artificial soberana"}]},{"@type":"WebSite","@id":"https:\/\/www.clubdelemprendimiento.com\/blog\/#website","url":"https:\/\/www.clubdelemprendimiento.com\/blog\/","name":"Blog Club del Emprendimiento","description":"","potentialAction":[{"@type":"SearchAction","target":{"@type":"EntryPoint","urlTemplate":"https:\/\/www.clubdelemprendimiento.com\/blog\/?s={search_term_string}"},"query-input":"required name=search_term_string"}],"inLanguage":"es"}]}},"_links":{"self":[{"href":"https:\/\/www.clubdelemprendimiento.com\/blog\/wp-json\/wp\/v2\/noticia-corporativa\/28442"}],"collection":[{"href":"https:\/\/www.clubdelemprendimiento.com\/blog\/wp-json\/wp\/v2\/noticia-corporativa"}],"about":[{"href":"https:\/\/www.clubdelemprendimiento.com\/blog\/wp-json\/wp\/v2\/types\/noticia-corporativa"}],"wp:featuredmedia":[{"embeddable":true,"href":"https:\/\/www.clubdelemprendimiento.com\/blog\/wp-json\/wp\/v2\/media\/28443"}],"wp:attachment":[{"href":"https:\/\/www.clubdelemprendimiento.com\/blog\/wp-json\/wp\/v2\/media?parent=28442"}],"curies":[{"name":"wp","href":"https:\/\/api.w.org\/{rel}","templated":true}]}}