{"id":28439,"date":"2026-04-22T14:04:46","date_gmt":"2026-04-22T14:04:46","guid":{"rendered":"https:\/\/www.clubdelemprendimiento.com\/blog\/noticia-corporativa\/el-cafe-de-especialidad-crece-a-doble-digito-en-espana-pero-su-calidad-en-barra-preocupa-a-los-expertos\/"},"modified":"2026-04-22T14:04:46","modified_gmt":"2026-04-22T14:04:46","slug":"el-cafe-de-especialidad-crece-a-doble-digito-en-espana-pero-su-calidad-en-barra-preocupa-a-los-expertos","status":"publish","type":"noticia-corporativa","link":"https:\/\/www.clubdelemprendimiento.com\/blog\/noticia-corporativa\/el-cafe-de-especialidad-crece-a-doble-digito-en-espana-pero-su-calidad-en-barra-preocupa-a-los-expertos\/","title":{"rendered":"El caf\u00e9 de especialidad crece a doble d\u00edgito en Espa\u00f1a pero su calidad en barra preocupa a los expertos"},"content":{"rendered":"<div>\n<p><a href=\"https:\/\/www.clubdelemprendimiento.com\/blog\/wp-content\/uploads\/2026\/04\/comprobando-granos-de-cafe.jpg\" target=\"_blank\" class=\"fotonota\" rel=\"noopener\"> <img decoding=\"async\" src=\"https:\/\/www.clubdelemprendimiento.com\/blog\/wp-content\/uploads\/2026\/04\/comprobando-granos-de-cafe.jpg\" style=\"max-width:600px;\" border=\"0\" class=\"postImage\" alt=\"\"><\/a><\/p>\n<p>El segmento crece un 10 % anual mientras el precio del caf\u00e9 acumula una subida del 15,9 % en 2025. Profesionales certificados por la Specialty Coffee Association alertan de que el boom del sector est\u00e1 atrayendo a operadores sin formaci\u00f3n t\u00e9cnica<\/p>\n<p><\/p>\n<p>El caf\u00e9 de especialidad se ha convertido en uno de los segmentos m\u00e1s din\u00e1micos de la hosteler\u00eda espa\u00f1ola. Seg\u00fan Fortune Business Insights, el mercado europeo de <em>specialty coffee<\/em> alcanzar\u00e1 los 15.820 millones de d\u00f3lares en 2032, partiendo de los 8.300 millones de 2025, con una tasa de crecimiento anual compuesta del 9,64 %. En Espa\u00f1a, las estimaciones del sector sit\u00faan el crecimiento anual en torno al 10 %, duplicando y triplicando el ritmo del caf\u00e9 comercial.<\/p>\n<p>La otra cara del fen\u00f3meno es el precio. Seg\u00fan el INE, el caf\u00e9 fue la bebida que m\u00e1s se encareci\u00f3 en 2025, con una subida acumulada del 15,9 % en los siete primeros meses del a\u00f1o y un incremento interanual del 19,8 % respecto a julio de 2024. El Bar\u00f3metro AECOC Shopperview confirma que el 43 % de los consumidores estar\u00eda dispuesto a pagar m\u00e1s por un caf\u00e9 de especialidad.<\/p>\n<p>El informe <em>Coffee in Spain 2024<\/em> de <strong><a href=\"https:\/\/www.euromonitor.com\/\" rel=\"nofollow\">Euromonitor International<\/a><\/strong> confirma la consolidaci\u00f3n del segmento y se\u00f1ala como jugadores destacados del caf\u00e9 de especialidad en Espa\u00f1a a tostadoras como La Mexicana, Syra Coffee y Caf\u00e9s MyWay, que est\u00e1n liderando la adopci\u00f3n de programas de suscripci\u00f3n de caf\u00e9 reci\u00e9n tostado a domicilio.<\/p>\n<p>Sin embargo, profesionales certificados por la Specialty Coffee Association (SCA) como <strong>Sergio Robles y Lidia Zafra, cofundadores de la tostadora de especialidad <a href=\"https:\/\/cafesmyway.com\/\" rel=\"nofollow\">Caf\u00e9s MyWay<\/a><\/strong> (Sevilla), alertan de que esta expansi\u00f3n est\u00e1 atrayendo a operadores sin formaci\u00f3n t\u00e9cnica, con consecuencias directas sobre la calidad servida al cliente final.<\/p>\n<p>\u00abEl caf\u00e9 de especialidad no es una etiqueta de marketing, es un est\u00e1ndar t\u00e9cnico verificable. Un grano que supera los 80 puntos SCA puede costar entre tres y cinco veces m\u00e1s que un caf\u00e9 comercial. Si detr\u00e1s de la barra no hay un barista formado, con un molino bien calibrado y conocimiento real del proceso de extracci\u00f3n, ese sobrecoste no llega a la taza. Al consumidor se le cobra un precio premium por una experiencia que no lo es\u00bb, explica <strong>Sergio Robles<\/strong>.<\/p>\n<p>En Espa\u00f1a no existe ninguna regulaci\u00f3n que exija formaci\u00f3n certificada para trabajar como barista. El programa oficial de la SCA (Barista Skills, Brewing, Sensory Skills, Green Coffee y Roasting, en tres niveles: Foundation, Intermediate y Professional) es totalmente voluntario. Escuelas autorizadas como La Escuela de Baristas, Hola Coffee Academy o Nomad Coffee Lab imparten estas certificaciones, pero la demanda por parte de operadores del sector sigue siendo minoritaria en relaci\u00f3n con el ritmo de apertura de nuevos locales.<\/p>\n<p>Los datos sectoriales respaldan la preocupaci\u00f3n. Seg\u00fan informes de la Asociaci\u00f3n Espa\u00f1ola del Caf\u00e9 (AECaf\u00e9) y Alimarket, la tasa de cierre de cafeter\u00edas en Espa\u00f1a alcanza el 25 % durante el primer a\u00f1o de actividad y se eleva hasta el 50 % acumulado en los tres primeros. Entre las causas identificadas se repiten la falta de diferenciaci\u00f3n, la gesti\u00f3n deficiente y la inconsistencia en la calidad del producto servido.<\/p>\n<p><strong>El auge del tueste de especialidad en Andaluc\u00eda<\/strong><br \/>\nLa expansi\u00f3n del sector ha descentralizado la actividad m\u00e1s all\u00e1 de Madrid y Barcelona. Ciudades como Sevilla, M\u00e1laga y Granada concentran hoy un ecosistema consolidado de tostadores de especialidad. Caf\u00e9s MyWay, fundada en Sevilla en 2023, ha duplicado su facturaci\u00f3n en su segundo a\u00f1o de actividad, supera los 100 pedidos mensuales, trabaja con comercios colaboradores y presta servicios de caf\u00e9 de especialidad para empresas y eventos. La tostadora ha sido consultada como fuente experta por Euromonitor International en sus proyectos anuales sobre el mercado espa\u00f1ol del caf\u00e9 en 2024 y 2025.<\/p>\n<p>\u00abEn cata se nota inmediatamente cu\u00e1ndo un caf\u00e9 de origen est\u00e1 bien preparado y cu\u00e1ndo no. Un Etiop\u00eda lavado mal extra\u00eddo pierde toda su identidad frutal; un Brasil sobreextra\u00eddo se convierte en pura astringencia. El grano hace la mitad del trabajo; la otra mitad la hace quien lo prepara. La formaci\u00f3n sensorial del personal no es un lujo, es el m\u00ednimo exigible cuando se habla\u00a0de caf\u00e9 de especialidad\u00bb, a\u00f1ade <strong>Lidia Zafra<\/strong>, certificada por la SCA en Barista Skills, Sensory Skills, Brewing y Green Coffee.<\/p>\n<p>El fen\u00f3meno coincide con la retirada de grandes cadenas internacionales del mercado espa\u00f1ol \u2014Costa Coffee cerr\u00f3 su \u00faltima tienda en el pa\u00eds en abril de 2024\u2014 y el avance simult\u00e1neo de las tostadoras independientes. La segunda edici\u00f3n del listado <em>The Best Coffee Shops<\/em> de Neodrinks, presentada en CoffeeFest Madrid, ha seleccionado 81 cafeter\u00edas de especialidad en toda Espa\u00f1a.<\/p>\n<p>\u00abLa competencia genera calidad cuando los que entran vienen preparados. Cuando no, lo que se genera es ruido, precio inflado y desconfianza del consumidor. Y eso acaba perjudicando a todo el sector, tambi\u00e9n a quienes llevamos a\u00f1os form\u00e1ndonos para hacerlo bien\u00bb, concluye Sergio Robles.<\/p>\n<p><strong>Sobre Caf\u00e9s MyWay<\/strong><br \/>\nCaf\u00e9s MyWay es una tostadora de caf\u00e9 de especialidad con sede en Sevilla, fundada en 2023 por <strong>Lidia Zafra \u00c1lvarez y Sergio Robles Dom\u00ednguez<\/strong>, ambos miembros de la Specialty Coffee Association (SCA). Lidia Zafra cuenta con certificaciones SCA en Barista Skills, Sensory Skills, Brewing y Green Coffee.<\/p>\n<p>La tostadora trabaja exclusivamente con granos de origen \u00fanico con puntuaci\u00f3n m\u00ednima de 80 sobre 100 en la escala SCA, con tueste semanal y env\u00edo directo desde el obrador al cliente final. Su cat\u00e1logo incluye caf\u00e9s seleccionados para cafeteras superautom\u00e1ticas, espresso tradicional y m\u00e9todos de filtrado manual, as\u00ed como servicios de barra de caf\u00e9 de especialidad para eventos, caf\u00e9 para empresas y personalizaci\u00f3n de etiquetas.<\/p>\n<p><strong>Reconocimiento sectorial<\/strong><br \/>\nCaf\u00e9s MyWay ha sido incluida por Euromonitor International en su informe <em>Coffee in Spain 2024<\/em> (Passport) como una de las tostadoras de especialidad destacadas en Espa\u00f1a por su programa de suscripci\u00f3n de caf\u00e9 reci\u00e9n tostado, junto a La Mexicana y Syra Coffee. La tostadora ha sido consultada como fuente experta por Euromonitor en sus proyectos anuales sobre el mercado espa\u00f1ol del caf\u00e9 en 2024 y 2025.<\/p>\n<p>Caf\u00e9s MyWay ha sido citada tambi\u00e9n en medios sectoriales y generalistas como <strong>Perfect Daily Grind, El Independiente, Gastroactitud, Revista Alimentaria, InfoHoreca, Diario de Sevilla y Sevilla Buenas Noticias<\/strong>.<\/p>\n<p><strong>Datos clave<\/strong><\/p>\n<ul>\n<li>Fundaci\u00f3n: 2023<\/li>\n<li>Sede: Sevilla (Andaluc\u00eda, Espa\u00f1a)<\/li>\n<li>Cofundadores: Lidia Zafra \u00c1lvarez y Sergio Robles Dom\u00ednguez (miembros SCA)<\/li>\n<li>Est\u00e1ndar de producto: caf\u00e9 de especialidad 100 % ar\u00e1bica, puntuaci\u00f3n m\u00ednima 80\/100 SCA, tueste semanal<\/li>\n<li>Canales: venta online directa y red de comercios colaboradores en Andaluc\u00eda<\/li>\n<li>Servicios: suscripci\u00f3n mensual, caf\u00e9 para empresas, barra de caf\u00e9 de especialidad para eventos, etiquetas personalizadas<\/li>\n<li>Crecimiento: facturaci\u00f3n duplicada en 2025; m\u00e1s de 100 pedidos mensuales<\/li>\n<li>Reconocimiento: citada en Euromonitor International <em>Coffee in Spain 2024<\/em><\/li>\n<li>Compromiso social: patrocinio del luchador profesional <strong>Jes\u00fas Basco<\/strong> (WOW \u2013 World of Wrestling) y del <strong>Club de Balonmano Torre\u00f3n Benalm\u00e1dena<\/strong> (femenino)<\/li>\n<\/ul>\n<p>Web: <a href=\"https:\/\/cafesmyway.com\/\" rel=\"nofollow\">cafesmyway.com<\/a><\/p>\n<\/div>\n","protected":false},"featured_media":28440,"template":"","meta":{"_acf_changed":false},"acf":[],"yoast_head":"<!-- This site is optimized with the Yoast SEO plugin v22.7 - https:\/\/yoast.com\/wordpress\/plugins\/seo\/ -->\n<title>El caf\u00e9 de especialidad crece a doble d\u00edgito en Espa\u00f1a pero su calidad en barra preocupa a los expertos - Blog Club del Emprendimiento<\/title>\n<meta name=\"robots\" content=\"index, follow, max-snippet:-1, max-image-preview:large, max-video-preview:-1\" \/>\n<link rel=\"canonical\" href=\"https:\/\/www.clubdelemprendimiento.com\/blog\/noticia-corporativa\/el-cafe-de-especialidad-crece-a-doble-digito-en-espana-pero-su-calidad-en-barra-preocupa-a-los-expertos\/\" \/>\n<meta property=\"og:locale\" content=\"es_ES\" \/>\n<meta property=\"og:type\" content=\"article\" \/>\n<meta property=\"og:title\" content=\"El caf\u00e9 de especialidad crece a doble d\u00edgito en Espa\u00f1a pero su calidad en barra preocupa a los expertos - Blog Club del Emprendimiento\" \/>\n<meta property=\"og:description\" content=\"El segmento crece un 10 % anual mientras el precio del caf\u00e9 acumula una&hellip;\" \/>\n<meta property=\"og:url\" content=\"https:\/\/www.clubdelemprendimiento.com\/blog\/noticia-corporativa\/el-cafe-de-especialidad-crece-a-doble-digito-en-espana-pero-su-calidad-en-barra-preocupa-a-los-expertos\/\" \/>\n<meta property=\"og:site_name\" content=\"Blog Club del Emprendimiento\" \/>\n<meta property=\"og:image\" content=\"https:\/\/www.clubdelemprendimiento.com\/blog\/wp-content\/uploads\/2026\/04\/comprobando-granos-de-cafe.jpg\" \/>\n<meta name=\"twitter:card\" content=\"summary_large_image\" \/>\n<meta name=\"twitter:label1\" content=\"Tiempo de lectura\" \/>\n\t<meta name=\"twitter:data1\" content=\"6 minutos\" \/>\n<script type=\"application\/ld+json\" class=\"yoast-schema-graph\">{\"@context\":\"https:\/\/schema.org\",\"@graph\":[{\"@type\":\"WebPage\",\"@id\":\"https:\/\/www.clubdelemprendimiento.com\/blog\/noticia-corporativa\/el-cafe-de-especialidad-crece-a-doble-digito-en-espana-pero-su-calidad-en-barra-preocupa-a-los-expertos\/\",\"url\":\"https:\/\/www.clubdelemprendimiento.com\/blog\/noticia-corporativa\/el-cafe-de-especialidad-crece-a-doble-digito-en-espana-pero-su-calidad-en-barra-preocupa-a-los-expertos\/\",\"name\":\"El caf\u00e9 de especialidad crece a doble d\u00edgito en Espa\u00f1a pero su calidad en barra preocupa a los expertos - Blog Club del Emprendimiento\",\"isPartOf\":{\"@id\":\"https:\/\/www.clubdelemprendimiento.com\/blog\/#website\"},\"primaryImageOfPage\":{\"@id\":\"https:\/\/www.clubdelemprendimiento.com\/blog\/noticia-corporativa\/el-cafe-de-especialidad-crece-a-doble-digito-en-espana-pero-su-calidad-en-barra-preocupa-a-los-expertos\/#primaryimage\"},\"image\":{\"@id\":\"https:\/\/www.clubdelemprendimiento.com\/blog\/noticia-corporativa\/el-cafe-de-especialidad-crece-a-doble-digito-en-espana-pero-su-calidad-en-barra-preocupa-a-los-expertos\/#primaryimage\"},\"thumbnailUrl\":\"https:\/\/www.clubdelemprendimiento.com\/blog\/wp-content\/uploads\/2026\/04\/comprobando-granos-de-cafe.jpg\",\"datePublished\":\"2026-04-22T14:04:46+00:00\",\"dateModified\":\"2026-04-22T14:04:46+00:00\",\"breadcrumb\":{\"@id\":\"https:\/\/www.clubdelemprendimiento.com\/blog\/noticia-corporativa\/el-cafe-de-especialidad-crece-a-doble-digito-en-espana-pero-su-calidad-en-barra-preocupa-a-los-expertos\/#breadcrumb\"},\"inLanguage\":\"es\",\"potentialAction\":[{\"@type\":\"ReadAction\",\"target\":[\"https:\/\/www.clubdelemprendimiento.com\/blog\/noticia-corporativa\/el-cafe-de-especialidad-crece-a-doble-digito-en-espana-pero-su-calidad-en-barra-preocupa-a-los-expertos\/\"]}]},{\"@type\":\"ImageObject\",\"inLanguage\":\"es\",\"@id\":\"https:\/\/www.clubdelemprendimiento.com\/blog\/noticia-corporativa\/el-cafe-de-especialidad-crece-a-doble-digito-en-espana-pero-su-calidad-en-barra-preocupa-a-los-expertos\/#primaryimage\",\"url\":\"https:\/\/www.clubdelemprendimiento.com\/blog\/wp-content\/uploads\/2026\/04\/comprobando-granos-de-cafe.jpg\",\"contentUrl\":\"https:\/\/www.clubdelemprendimiento.com\/blog\/wp-content\/uploads\/2026\/04\/comprobando-granos-de-cafe.jpg\",\"width\":1200,\"height\":800},{\"@type\":\"BreadcrumbList\",\"@id\":\"https:\/\/www.clubdelemprendimiento.com\/blog\/noticia-corporativa\/el-cafe-de-especialidad-crece-a-doble-digito-en-espana-pero-su-calidad-en-barra-preocupa-a-los-expertos\/#breadcrumb\",\"itemListElement\":[{\"@type\":\"ListItem\",\"position\":1,\"name\":\"Home\",\"item\":\"https:\/\/www.clubdelemprendimiento.com\/blog\/\"},{\"@type\":\"ListItem\",\"position\":2,\"name\":\"Noticias Corporativas\",\"item\":\"https:\/\/www.clubdelemprendimiento.com\/blog\/noticias-corporativas\/\"},{\"@type\":\"ListItem\",\"position\":3,\"name\":\"El caf\u00e9 de especialidad crece a doble d\u00edgito en Espa\u00f1a pero su calidad en barra preocupa a los expertos\"}]},{\"@type\":\"WebSite\",\"@id\":\"https:\/\/www.clubdelemprendimiento.com\/blog\/#website\",\"url\":\"https:\/\/www.clubdelemprendimiento.com\/blog\/\",\"name\":\"Blog Club del Emprendimiento\",\"description\":\"\",\"potentialAction\":[{\"@type\":\"SearchAction\",\"target\":{\"@type\":\"EntryPoint\",\"urlTemplate\":\"https:\/\/www.clubdelemprendimiento.com\/blog\/?s={search_term_string}\"},\"query-input\":\"required name=search_term_string\"}],\"inLanguage\":\"es\"}]}<\/script>\n<!-- \/ Yoast SEO plugin. -->","yoast_head_json":{"title":"El caf\u00e9 de especialidad crece a doble d\u00edgito en Espa\u00f1a pero su calidad en barra preocupa a los expertos - Blog Club del Emprendimiento","robots":{"index":"index","follow":"follow","max-snippet":"max-snippet:-1","max-image-preview":"max-image-preview:large","max-video-preview":"max-video-preview:-1"},"canonical":"https:\/\/www.clubdelemprendimiento.com\/blog\/noticia-corporativa\/el-cafe-de-especialidad-crece-a-doble-digito-en-espana-pero-su-calidad-en-barra-preocupa-a-los-expertos\/","og_locale":"es_ES","og_type":"article","og_title":"El caf\u00e9 de especialidad crece a doble d\u00edgito en Espa\u00f1a pero su calidad en barra preocupa a los expertos - Blog Club del Emprendimiento","og_description":"El segmento crece un 10 % anual mientras el precio del caf\u00e9 acumula una&hellip;","og_url":"https:\/\/www.clubdelemprendimiento.com\/blog\/noticia-corporativa\/el-cafe-de-especialidad-crece-a-doble-digito-en-espana-pero-su-calidad-en-barra-preocupa-a-los-expertos\/","og_site_name":"Blog Club del Emprendimiento","og_image":[{"url":"https:\/\/www.clubdelemprendimiento.com\/blog\/wp-content\/uploads\/2026\/04\/comprobando-granos-de-cafe.jpg"}],"twitter_card":"summary_large_image","twitter_misc":{"Tiempo de lectura":"6 minutos"},"schema":{"@context":"https:\/\/schema.org","@graph":[{"@type":"WebPage","@id":"https:\/\/www.clubdelemprendimiento.com\/blog\/noticia-corporativa\/el-cafe-de-especialidad-crece-a-doble-digito-en-espana-pero-su-calidad-en-barra-preocupa-a-los-expertos\/","url":"https:\/\/www.clubdelemprendimiento.com\/blog\/noticia-corporativa\/el-cafe-de-especialidad-crece-a-doble-digito-en-espana-pero-su-calidad-en-barra-preocupa-a-los-expertos\/","name":"El caf\u00e9 de especialidad crece a doble d\u00edgito en Espa\u00f1a pero su calidad en barra preocupa a los expertos - Blog Club del Emprendimiento","isPartOf":{"@id":"https:\/\/www.clubdelemprendimiento.com\/blog\/#website"},"primaryImageOfPage":{"@id":"https:\/\/www.clubdelemprendimiento.com\/blog\/noticia-corporativa\/el-cafe-de-especialidad-crece-a-doble-digito-en-espana-pero-su-calidad-en-barra-preocupa-a-los-expertos\/#primaryimage"},"image":{"@id":"https:\/\/www.clubdelemprendimiento.com\/blog\/noticia-corporativa\/el-cafe-de-especialidad-crece-a-doble-digito-en-espana-pero-su-calidad-en-barra-preocupa-a-los-expertos\/#primaryimage"},"thumbnailUrl":"https:\/\/www.clubdelemprendimiento.com\/blog\/wp-content\/uploads\/2026\/04\/comprobando-granos-de-cafe.jpg","datePublished":"2026-04-22T14:04:46+00:00","dateModified":"2026-04-22T14:04:46+00:00","breadcrumb":{"@id":"https:\/\/www.clubdelemprendimiento.com\/blog\/noticia-corporativa\/el-cafe-de-especialidad-crece-a-doble-digito-en-espana-pero-su-calidad-en-barra-preocupa-a-los-expertos\/#breadcrumb"},"inLanguage":"es","potentialAction":[{"@type":"ReadAction","target":["https:\/\/www.clubdelemprendimiento.com\/blog\/noticia-corporativa\/el-cafe-de-especialidad-crece-a-doble-digito-en-espana-pero-su-calidad-en-barra-preocupa-a-los-expertos\/"]}]},{"@type":"ImageObject","inLanguage":"es","@id":"https:\/\/www.clubdelemprendimiento.com\/blog\/noticia-corporativa\/el-cafe-de-especialidad-crece-a-doble-digito-en-espana-pero-su-calidad-en-barra-preocupa-a-los-expertos\/#primaryimage","url":"https:\/\/www.clubdelemprendimiento.com\/blog\/wp-content\/uploads\/2026\/04\/comprobando-granos-de-cafe.jpg","contentUrl":"https:\/\/www.clubdelemprendimiento.com\/blog\/wp-content\/uploads\/2026\/04\/comprobando-granos-de-cafe.jpg","width":1200,"height":800},{"@type":"BreadcrumbList","@id":"https:\/\/www.clubdelemprendimiento.com\/blog\/noticia-corporativa\/el-cafe-de-especialidad-crece-a-doble-digito-en-espana-pero-su-calidad-en-barra-preocupa-a-los-expertos\/#breadcrumb","itemListElement":[{"@type":"ListItem","position":1,"name":"Home","item":"https:\/\/www.clubdelemprendimiento.com\/blog\/"},{"@type":"ListItem","position":2,"name":"Noticias Corporativas","item":"https:\/\/www.clubdelemprendimiento.com\/blog\/noticias-corporativas\/"},{"@type":"ListItem","position":3,"name":"El caf\u00e9 de especialidad crece a doble d\u00edgito en Espa\u00f1a pero su calidad en barra preocupa a los expertos"}]},{"@type":"WebSite","@id":"https:\/\/www.clubdelemprendimiento.com\/blog\/#website","url":"https:\/\/www.clubdelemprendimiento.com\/blog\/","name":"Blog Club del Emprendimiento","description":"","potentialAction":[{"@type":"SearchAction","target":{"@type":"EntryPoint","urlTemplate":"https:\/\/www.clubdelemprendimiento.com\/blog\/?s={search_term_string}"},"query-input":"required name=search_term_string"}],"inLanguage":"es"}]}},"_links":{"self":[{"href":"https:\/\/www.clubdelemprendimiento.com\/blog\/wp-json\/wp\/v2\/noticia-corporativa\/28439"}],"collection":[{"href":"https:\/\/www.clubdelemprendimiento.com\/blog\/wp-json\/wp\/v2\/noticia-corporativa"}],"about":[{"href":"https:\/\/www.clubdelemprendimiento.com\/blog\/wp-json\/wp\/v2\/types\/noticia-corporativa"}],"wp:featuredmedia":[{"embeddable":true,"href":"https:\/\/www.clubdelemprendimiento.com\/blog\/wp-json\/wp\/v2\/media\/28440"}],"wp:attachment":[{"href":"https:\/\/www.clubdelemprendimiento.com\/blog\/wp-json\/wp\/v2\/media?parent=28439"}],"curies":[{"name":"wp","href":"https:\/\/api.w.org\/{rel}","templated":true}]}}