{"id":28437,"date":"2026-04-22T13:04:35","date_gmt":"2026-04-22T13:04:35","guid":{"rendered":"https:\/\/www.clubdelemprendimiento.com\/blog\/noticia-corporativa\/el-jardin-como-una-extension-del-hogar-asi-es-la-signature-collection-de-keter\/"},"modified":"2026-04-22T13:04:35","modified_gmt":"2026-04-22T13:04:35","slug":"el-jardin-como-una-extension-del-hogar-asi-es-la-signature-collection-de-keter","status":"publish","type":"noticia-corporativa","link":"https:\/\/www.clubdelemprendimiento.com\/blog\/noticia-corporativa\/el-jardin-como-una-extension-del-hogar-asi-es-la-signature-collection-de-keter\/","title":{"rendered":"El jard\u00edn como una extensi\u00f3n del hogar: as\u00ed es la Signature Collection de Keter"},"content":{"rendered":"<div>\n<p><a href=\"https:\/\/www.clubdelemprendimiento.com\/blog\/wp-content\/uploads\/2026\/04\/casetas-premium-signature.jpg\" target=\"_blank\" class=\"fotonota\" rel=\"noopener\"> <img decoding=\"async\" src=\"https:\/\/www.clubdelemprendimiento.com\/blog\/wp-content\/uploads\/2026\/04\/casetas-premium-signature.jpg\" style=\"max-width:600px;\" border=\"0\" class=\"postImage\" alt=\"\"><\/a><\/p>\n<p>La marca presenta una colecci\u00f3n premium de muebles de jard\u00edn que combina est\u00e9tica natural y resistencia para transformar cualquier espacio exterior, con muebles como la mesa Porto que permiten disfrutar del efecto madera sin ning\u00fan tipo de mantenimiento<\/p>\n<p><\/p>\n<p>A nivel residencial, el uso de las zonas exteriores se ha transformado por completo en los \u00faltimos a\u00f1os. Terrazas, jardines y patios han dejado de ser espacios residuales para convertirse en <strong>aut\u00e9nticas habitaciones al aire libre<\/strong> donde los <strong>muebles de jard\u00edn<\/strong> cobran cada vez m\u00e1s protagonismo. Todos ellos, por supuesto, se dise\u00f1an y cuidan con el mismo nivel de exigencia que el interior de una vivienda. Esta evoluci\u00f3n, consolidada en el mercado del interiorismo y el hogar, plantea una pregunta cada vez m\u00e1s frecuente: <strong>\u00bfes viable conseguir que el exterior y el interior tengan la misma est\u00e9tica sin asumir los costes de mantenimiento asociados?<\/strong><\/p>\n<p><strong>Keter<\/strong>, l\u00edder en <a href=\"https:\/\/www.keter.com\/es-es\/muebles-jardin-exterior\/\" rel=\"nofollow\">muebles de jard\u00edn<\/a>, <a href=\"https:\/\/www.keter.com\/es-es\/almacenaje-exterior\/casetas-jardin-resina\/\" rel=\"nofollow\">casetas<\/a> y soluciones para el hogar, responde a esa pregunta con la\u00a0<strong>Signature Collection<\/strong>, una l\u00ednea premium dise\u00f1ada para convertir el exterior en una verdadera extensi\u00f3n de la vivienda. Con <strong>acabados que imitan a la madera natural y materiales de resina de alta resistencia<\/strong> que no requieren pintura, barniz ni tratamiento alguno, la colecci\u00f3n Signature representa ahora mismo una de las apuestas m\u00e1s ambiciosas de la marca por fusionar dise\u00f1o y funcionalidad.<\/p>\n<p><strong>El exterior se dise\u00f1a como el interior<\/strong><br \/>\nLa tendencia a maximizar el uso de los espacios exteriores se ha traducido en un aumento de la demanda de productos que combinen dos cualidades dif\u00edcilmente conciliables: la <strong>belleza de los materiales naturales y la resistencia a la intemperie<\/strong>. En este contexto, el consumidor es plenamente consciente de que la madera envejece, se astilla y precisa de un mantenimiento constante; el pl\u00e1stico, por su parte, no alcanza los niveles est\u00e9ticos y de calidez para un espacio concebido para vivir.<\/p>\n<p>Teniendo en cuenta que, efectivamente, el dise\u00f1o de espacios exteriores ha alcanzado el mismo est\u00e1ndar de exigencia que el interior, el mobiliario debe estar a la altura. Y es la <strong>Signature Collection de Keter la encargada de llenar ese hueco<\/strong>.<\/p>\n<p><strong>Signature Collection: como la madera, pero sin necesidad de mantenimiento<\/strong><br \/>\nEl coraz\u00f3n de la propuesta reside en su tecnolog\u00eda de fabricaci\u00f3n. Las <strong>piezas de la Signature Collection se elaboran con resina de alta calidad<\/strong> que replica con extraordinaria fidelidad la textura y el tono de la madera natural, pero con una ventaja determinante: son completamente\u00a0resistentes a los rayos UV, a la humedad y a las variaciones clim\u00e1ticas. <strong>En otras palabras: no necesitan mantenimiento.<\/strong> El resultado es un producto que mantiene su <strong>apariencia impecable durante a\u00f1os, convirti\u00e9ndose en una inversi\u00f3n a largo plazo<\/strong>.<\/p>\n<p>La <strong>colecci\u00f3n est\u00e1 disponible en cuatro acabados diferenciados<\/strong>, cada uno pensado para adaptarse a un estilo distinto:<\/p>\n<ul>\n<li><strong>Rosewood<\/strong>: es el acabado m\u00e1s reciente de la colecci\u00f3n dise\u00f1ado para ampliar las posibilidades est\u00e9ticas con un tono c\u00e1lido y natural.<\/li>\n<li><strong>Walnut<\/strong>: tono oscuro e intenso, de l\u00edneas modernas y sofisticadas.\u00a0<\/li>\n<li><strong>Ashwood<\/strong>: inspirado en las tonalidades m\u00e1s claras de la madera natural, es ideal para ambientes r\u00fasticos y acogedores. <strong>Disponible en Leroy Merlin<\/strong>.<\/li>\n<li><strong>Venetian<\/strong>: se trata de un dise\u00f1o de lama vertical con un enfoque de elegancia arquitect\u00f3nica. <strong>Disponible en Bauhaus<\/strong>.<\/li>\n<\/ul>\n<p><strong>Una colecci\u00f3n completa para dise\u00f1ar todo el exterior<\/strong><br \/>\nUno de los argumentos m\u00e1s s\u00f3lidos de la Signature Collection es su versatilidad. No se trata de un producto o de una l\u00ednea de muebles aislada, sino de un\u00a0<strong>sistema completo con el que equipar y organizar al completo cualquier espacio exterior<\/strong>.<\/p>\n<p>La colecci\u00f3n incluye casetas de jard\u00edn de distintos tama\u00f1os, cobertizos verticales y horizontales de hasta 2.020 litros de capacidad, arcones y bancos de almacenaje de exterior, muebles de jard\u00edn para comedor y relax, gazebos, maceteros y accesorios como el Mueble Grill Deco o el contenedor de cubos. Desde el almacenaje m\u00e1s funcional hasta el detalle m\u00e1s decorativo, Keter ha apostado por un mismo lenguaje est\u00e9tico para toda la colecci\u00f3n.<\/p>\n<p><strong>La mesa Porto: el ejemplo perfecto de la filosof\u00eda Signature<\/strong><br \/>\nDentro de esta propuesta, algunas piezas condensan de forma especialmente clara el concepto que define a la colecci\u00f3n. La <strong>mesa comedor de exterior Porto<\/strong> es una de las piezas m\u00e1s representativas dentro de los <strong>muebles de jard\u00edn<\/strong> de la colecci\u00f3n. Disponible en dos formatos \u2014160 cm y 200 cm\u2014, este modelo traslada al espacio exterior la calidez visual de la madera con un acabado efecto madera por el que no hay que preocuparse. Es <strong>resistente a la intemperie, no requiere mantenimiento y su dise\u00f1o encaja de forma natural<\/strong> tanto en jardines amplios como en terrazas algo menos espaciosas.<\/p>\n<p>Para completar el conjunto, la mesa Porto combina a la perfecci\u00f3n con las\u00a0<strong>sillas de exterior Elisa<\/strong>, disponibles en pack de 4 unidades y en una amplia variedad de colores.<\/p>\n<p><strong>Sostenibilidad y durabilidad como compromiso de marca<\/strong><br \/>\nLa <strong>Signature Collection tambi\u00e9n responde a los valores que gu\u00edan la estrategia de Keter en materia de sostenibilidad<\/strong>. Y es que todos los productos de la l\u00ednea est\u00e1n fabricados con\u00a0resina 100% reciclable\u00a0y se conciben para durar toda la vida, en l\u00ednea con el compromiso de la marca de apostar por la econom\u00eda circular y eliminar los productos de un solo uso.<\/p>\n<p><strong>Un nuevo est\u00e1ndar para el exterior<\/strong><br \/>\nCon la Signature Collection, <a href=\"https:\/\/www.keter.com\/es-es\/\" rel=\"nofollow\"><strong>Keter<\/strong><\/a><strong> redefine la forma de vivir el exterior a trav\u00e9s de una nueva generaci\u00f3n de muebles de jard\u00edn<\/strong>, acerc\u00e1ndolo cada vez m\u00e1s al confort y al cuidado est\u00e9tico del interior. <strong>Dise\u00f1o, resistencia, sostenibilidad y cero mantenimiento<\/strong> en una propuesta que demuestra que disfrutar de un espacio exterior de calidad ya no implica renunciar a nada.<\/p>\n<\/div>\n","protected":false},"featured_media":28438,"template":"","meta":{"_acf_changed":false},"acf":[],"yoast_head":"<!-- This site is optimized with the Yoast SEO plugin v22.7 - https:\/\/yoast.com\/wordpress\/plugins\/seo\/ -->\n<title>El jard\u00edn como una extensi\u00f3n del hogar: as\u00ed es la Signature Collection de Keter - Blog Club del Emprendimiento<\/title>\n<meta name=\"robots\" content=\"index, follow, max-snippet:-1, max-image-preview:large, max-video-preview:-1\" \/>\n<link rel=\"canonical\" href=\"https:\/\/www.clubdelemprendimiento.com\/blog\/noticia-corporativa\/el-jardin-como-una-extension-del-hogar-asi-es-la-signature-collection-de-keter\/\" \/>\n<meta property=\"og:locale\" content=\"es_ES\" \/>\n<meta property=\"og:type\" content=\"article\" \/>\n<meta property=\"og:title\" content=\"El jard\u00edn como una extensi\u00f3n del hogar: as\u00ed es la Signature Collection de Keter - Blog Club del Emprendimiento\" \/>\n<meta property=\"og:description\" content=\"La marca presenta una colecci\u00f3n premium de muebles de jard\u00edn que combina est\u00e9tica natural&hellip;\" \/>\n<meta property=\"og:url\" content=\"https:\/\/www.clubdelemprendimiento.com\/blog\/noticia-corporativa\/el-jardin-como-una-extension-del-hogar-asi-es-la-signature-collection-de-keter\/\" \/>\n<meta property=\"og:site_name\" content=\"Blog Club del Emprendimiento\" \/>\n<meta property=\"og:image\" content=\"https:\/\/www.clubdelemprendimiento.com\/blog\/wp-content\/uploads\/2026\/04\/casetas-premium-signature.jpg\" \/>\n<meta name=\"twitter:card\" content=\"summary_large_image\" \/>\n<meta name=\"twitter:label1\" content=\"Tiempo de lectura\" \/>\n\t<meta name=\"twitter:data1\" content=\"5 minutos\" \/>\n<script type=\"application\/ld+json\" class=\"yoast-schema-graph\">{\"@context\":\"https:\/\/schema.org\",\"@graph\":[{\"@type\":\"WebPage\",\"@id\":\"https:\/\/www.clubdelemprendimiento.com\/blog\/noticia-corporativa\/el-jardin-como-una-extension-del-hogar-asi-es-la-signature-collection-de-keter\/\",\"url\":\"https:\/\/www.clubdelemprendimiento.com\/blog\/noticia-corporativa\/el-jardin-como-una-extension-del-hogar-asi-es-la-signature-collection-de-keter\/\",\"name\":\"El jard\u00edn como una extensi\u00f3n del hogar: as\u00ed es la Signature Collection de Keter - Blog Club del Emprendimiento\",\"isPartOf\":{\"@id\":\"https:\/\/www.clubdelemprendimiento.com\/blog\/#website\"},\"primaryImageOfPage\":{\"@id\":\"https:\/\/www.clubdelemprendimiento.com\/blog\/noticia-corporativa\/el-jardin-como-una-extension-del-hogar-asi-es-la-signature-collection-de-keter\/#primaryimage\"},\"image\":{\"@id\":\"https:\/\/www.clubdelemprendimiento.com\/blog\/noticia-corporativa\/el-jardin-como-una-extension-del-hogar-asi-es-la-signature-collection-de-keter\/#primaryimage\"},\"thumbnailUrl\":\"https:\/\/www.clubdelemprendimiento.com\/blog\/wp-content\/uploads\/2026\/04\/casetas-premium-signature.jpg\",\"datePublished\":\"2026-04-22T13:04:35+00:00\",\"dateModified\":\"2026-04-22T13:04:35+00:00\",\"breadcrumb\":{\"@id\":\"https:\/\/www.clubdelemprendimiento.com\/blog\/noticia-corporativa\/el-jardin-como-una-extension-del-hogar-asi-es-la-signature-collection-de-keter\/#breadcrumb\"},\"inLanguage\":\"es\",\"potentialAction\":[{\"@type\":\"ReadAction\",\"target\":[\"https:\/\/www.clubdelemprendimiento.com\/blog\/noticia-corporativa\/el-jardin-como-una-extension-del-hogar-asi-es-la-signature-collection-de-keter\/\"]}]},{\"@type\":\"ImageObject\",\"inLanguage\":\"es\",\"@id\":\"https:\/\/www.clubdelemprendimiento.com\/blog\/noticia-corporativa\/el-jardin-como-una-extension-del-hogar-asi-es-la-signature-collection-de-keter\/#primaryimage\",\"url\":\"https:\/\/www.clubdelemprendimiento.com\/blog\/wp-content\/uploads\/2026\/04\/casetas-premium-signature.jpg\",\"contentUrl\":\"https:\/\/www.clubdelemprendimiento.com\/blog\/wp-content\/uploads\/2026\/04\/casetas-premium-signature.jpg\",\"width\":1920,\"height\":800},{\"@type\":\"BreadcrumbList\",\"@id\":\"https:\/\/www.clubdelemprendimiento.com\/blog\/noticia-corporativa\/el-jardin-como-una-extension-del-hogar-asi-es-la-signature-collection-de-keter\/#breadcrumb\",\"itemListElement\":[{\"@type\":\"ListItem\",\"position\":1,\"name\":\"Home\",\"item\":\"https:\/\/www.clubdelemprendimiento.com\/blog\/\"},{\"@type\":\"ListItem\",\"position\":2,\"name\":\"Noticias Corporativas\",\"item\":\"https:\/\/www.clubdelemprendimiento.com\/blog\/noticias-corporativas\/\"},{\"@type\":\"ListItem\",\"position\":3,\"name\":\"El jard\u00edn como una extensi\u00f3n del hogar: as\u00ed es la Signature Collection de Keter\"}]},{\"@type\":\"WebSite\",\"@id\":\"https:\/\/www.clubdelemprendimiento.com\/blog\/#website\",\"url\":\"https:\/\/www.clubdelemprendimiento.com\/blog\/\",\"name\":\"Blog Club del Emprendimiento\",\"description\":\"\",\"potentialAction\":[{\"@type\":\"SearchAction\",\"target\":{\"@type\":\"EntryPoint\",\"urlTemplate\":\"https:\/\/www.clubdelemprendimiento.com\/blog\/?s={search_term_string}\"},\"query-input\":\"required name=search_term_string\"}],\"inLanguage\":\"es\"}]}<\/script>\n<!-- \/ Yoast SEO plugin. -->","yoast_head_json":{"title":"El jard\u00edn como una extensi\u00f3n del hogar: as\u00ed es la Signature Collection de Keter - Blog Club del Emprendimiento","robots":{"index":"index","follow":"follow","max-snippet":"max-snippet:-1","max-image-preview":"max-image-preview:large","max-video-preview":"max-video-preview:-1"},"canonical":"https:\/\/www.clubdelemprendimiento.com\/blog\/noticia-corporativa\/el-jardin-como-una-extension-del-hogar-asi-es-la-signature-collection-de-keter\/","og_locale":"es_ES","og_type":"article","og_title":"El jard\u00edn como una extensi\u00f3n del hogar: as\u00ed es la Signature Collection de Keter - Blog Club del Emprendimiento","og_description":"La marca presenta una colecci\u00f3n premium de muebles de jard\u00edn que combina est\u00e9tica natural&hellip;","og_url":"https:\/\/www.clubdelemprendimiento.com\/blog\/noticia-corporativa\/el-jardin-como-una-extension-del-hogar-asi-es-la-signature-collection-de-keter\/","og_site_name":"Blog Club del Emprendimiento","og_image":[{"url":"https:\/\/www.clubdelemprendimiento.com\/blog\/wp-content\/uploads\/2026\/04\/casetas-premium-signature.jpg"}],"twitter_card":"summary_large_image","twitter_misc":{"Tiempo de lectura":"5 minutos"},"schema":{"@context":"https:\/\/schema.org","@graph":[{"@type":"WebPage","@id":"https:\/\/www.clubdelemprendimiento.com\/blog\/noticia-corporativa\/el-jardin-como-una-extension-del-hogar-asi-es-la-signature-collection-de-keter\/","url":"https:\/\/www.clubdelemprendimiento.com\/blog\/noticia-corporativa\/el-jardin-como-una-extension-del-hogar-asi-es-la-signature-collection-de-keter\/","name":"El jard\u00edn como una extensi\u00f3n del hogar: as\u00ed es la Signature Collection de Keter - Blog Club del Emprendimiento","isPartOf":{"@id":"https:\/\/www.clubdelemprendimiento.com\/blog\/#website"},"primaryImageOfPage":{"@id":"https:\/\/www.clubdelemprendimiento.com\/blog\/noticia-corporativa\/el-jardin-como-una-extension-del-hogar-asi-es-la-signature-collection-de-keter\/#primaryimage"},"image":{"@id":"https:\/\/www.clubdelemprendimiento.com\/blog\/noticia-corporativa\/el-jardin-como-una-extension-del-hogar-asi-es-la-signature-collection-de-keter\/#primaryimage"},"thumbnailUrl":"https:\/\/www.clubdelemprendimiento.com\/blog\/wp-content\/uploads\/2026\/04\/casetas-premium-signature.jpg","datePublished":"2026-04-22T13:04:35+00:00","dateModified":"2026-04-22T13:04:35+00:00","breadcrumb":{"@id":"https:\/\/www.clubdelemprendimiento.com\/blog\/noticia-corporativa\/el-jardin-como-una-extension-del-hogar-asi-es-la-signature-collection-de-keter\/#breadcrumb"},"inLanguage":"es","potentialAction":[{"@type":"ReadAction","target":["https:\/\/www.clubdelemprendimiento.com\/blog\/noticia-corporativa\/el-jardin-como-una-extension-del-hogar-asi-es-la-signature-collection-de-keter\/"]}]},{"@type":"ImageObject","inLanguage":"es","@id":"https:\/\/www.clubdelemprendimiento.com\/blog\/noticia-corporativa\/el-jardin-como-una-extension-del-hogar-asi-es-la-signature-collection-de-keter\/#primaryimage","url":"https:\/\/www.clubdelemprendimiento.com\/blog\/wp-content\/uploads\/2026\/04\/casetas-premium-signature.jpg","contentUrl":"https:\/\/www.clubdelemprendimiento.com\/blog\/wp-content\/uploads\/2026\/04\/casetas-premium-signature.jpg","width":1920,"height":800},{"@type":"BreadcrumbList","@id":"https:\/\/www.clubdelemprendimiento.com\/blog\/noticia-corporativa\/el-jardin-como-una-extension-del-hogar-asi-es-la-signature-collection-de-keter\/#breadcrumb","itemListElement":[{"@type":"ListItem","position":1,"name":"Home","item":"https:\/\/www.clubdelemprendimiento.com\/blog\/"},{"@type":"ListItem","position":2,"name":"Noticias Corporativas","item":"https:\/\/www.clubdelemprendimiento.com\/blog\/noticias-corporativas\/"},{"@type":"ListItem","position":3,"name":"El jard\u00edn como una extensi\u00f3n del hogar: as\u00ed es la Signature Collection de Keter"}]},{"@type":"WebSite","@id":"https:\/\/www.clubdelemprendimiento.com\/blog\/#website","url":"https:\/\/www.clubdelemprendimiento.com\/blog\/","name":"Blog Club del Emprendimiento","description":"","potentialAction":[{"@type":"SearchAction","target":{"@type":"EntryPoint","urlTemplate":"https:\/\/www.clubdelemprendimiento.com\/blog\/?s={search_term_string}"},"query-input":"required name=search_term_string"}],"inLanguage":"es"}]}},"_links":{"self":[{"href":"https:\/\/www.clubdelemprendimiento.com\/blog\/wp-json\/wp\/v2\/noticia-corporativa\/28437"}],"collection":[{"href":"https:\/\/www.clubdelemprendimiento.com\/blog\/wp-json\/wp\/v2\/noticia-corporativa"}],"about":[{"href":"https:\/\/www.clubdelemprendimiento.com\/blog\/wp-json\/wp\/v2\/types\/noticia-corporativa"}],"wp:featuredmedia":[{"embeddable":true,"href":"https:\/\/www.clubdelemprendimiento.com\/blog\/wp-json\/wp\/v2\/media\/28438"}],"wp:attachment":[{"href":"https:\/\/www.clubdelemprendimiento.com\/blog\/wp-json\/wp\/v2\/media?parent=28437"}],"curies":[{"name":"wp","href":"https:\/\/api.w.org\/{rel}","templated":true}]}}