{"id":28433,"date":"2026-04-22T11:05:43","date_gmt":"2026-04-22T11:05:43","guid":{"rendered":"https:\/\/www.clubdelemprendimiento.com\/blog\/noticia-corporativa\/la-farmacia-guipuzcoana-impulsa-su-papel-asistencial-en-la-i-jornada-de-servicios-profesionales-farmaceuticos-asistenciales-que-se-celebra-este-viernes-en-san-sebastian\/"},"modified":"2026-04-22T11:05:43","modified_gmt":"2026-04-22T11:05:43","slug":"la-farmacia-guipuzcoana-impulsa-su-papel-asistencial-en-la-i-jornada-de-servicios-profesionales-farmaceuticos-asistenciales-que-se-celebra-este-viernes-en-san-sebastian","status":"publish","type":"noticia-corporativa","link":"https:\/\/www.clubdelemprendimiento.com\/blog\/noticia-corporativa\/la-farmacia-guipuzcoana-impulsa-su-papel-asistencial-en-la-i-jornada-de-servicios-profesionales-farmaceuticos-asistenciales-que-se-celebra-este-viernes-en-san-sebastian\/","title":{"rendered":"La farmacia guipuzcoana impulsa su papel asistencial en la I Jornada de Servicios Profesionales Farmac\u00e9uticos Asistenciales que se celebra este viernes en San Sebasti\u00e1n"},"content":{"rendered":"<div>\n<p><a href=\"https:\/\/www.clubdelemprendimiento.com\/blog\/wp-content\/uploads\/2026\/04\/logojornad.jpeg\" target=\"_blank\" class=\"fotonota\" rel=\"noopener\"> <img decoding=\"async\" src=\"https:\/\/www.clubdelemprendimiento.com\/blog\/wp-content\/uploads\/2026\/04\/logojornad.jpeg\" style=\"max-width:600px;\" border=\"0\" class=\"postImage\" alt=\"\"><\/a><\/p>\n<p>Organizada por el COFG, la jornada reunir\u00e1 a profesionales del \u00e1mbito farmac\u00e9utico y sanitario para compartir experiencias reales, programas asistenciales y casos cl\u00ednicos que evidencian la evoluci\u00f3n de la farmacia comunitaria hacia un modelo m\u00e1s cl\u00ednico, colaborativo y centrado en el paciente<\/p>\n<p><\/p>\n<p>El sal\u00f3n de actos del Colegio Oficial de Farmac\u00e9uticos de Gipuzkoa (c\/San Mart\u00edn, 5. San Sebasti\u00e1n) acoge este viernes, 24 de abril, la <a href=\"https:\/\/cofgipuzkoa.my.canva.site\/jornadaspfa\" target=\"_blank\" rel=\"nofollow noopener\">I Jornada de Servicios Profesionales Farmac\u00e9uticos Asistenciales (<\/a><strong>SPFA) de Gipuzkoa,<\/strong> un encuentro que nace con el objetivo de <strong>visibilizar y consolidar el papel asistencial de la farmacia comunitaria dentro del sistema sanitario,<\/strong> as\u00ed como compartir experiencias, resultados y buenas pr\u00e1cticas desarrolladas en los \u00faltimos a\u00f1os <em>(se adjunta programa).<\/em><\/p>\n<p><strong>Los SPFA son servicios cl\u00ednicos que ofrece el farmac\u00e9utico\/a orientados al cuidado del paciente y a la optimizaci\u00f3n de su tratamiento. Estos servicios permiten mejorar la adherencia terap\u00e9utica, <\/strong>prevenir problemas relacionados con los medicamentos, detectar riesgos o efectos adversos, y reforzar la colaboraci\u00f3n con el sistema sanitario desde la farmacia comunitaria, entre otros aspectos.<\/p>\n<p>\u00abEsta Jornada es el resultado de a\u00f1os de trabajo del colectivo farmac\u00e9utico guipuzcoano para avanzar hacia un modelo de farmacia m\u00e1s asistencial, m\u00e1s integrado en el sistema sanitario y centrado en el paciente\u00bb, subraya el presidente del COFG, Miguel \u00c1ngel Gastelurrutia.<\/p>\n<p>El programa incluye <strong>coloquios y mesas redondas<\/strong> en las que se abordar\u00e1n cuestiones clave como el papel de la farmacia como eje asistencial, el desarrollo de programas asistenciales, la gesti\u00f3n de la farmacia comunitaria, o el avance hacia un modelo colaborativo entre el Departamento de Salud, Osakidetza y la farmacia comunitaria.<\/p>\n<p>Tambi\u00e9n se tratar\u00e1 sobre el Servicio de reacondicionamiento de medicamentos utilizando Sistemas Personalizado de Dosificaci\u00f3n (SPD) y sobre la construcci\u00f3n de equipos multidisciplinares. La jornada concluir\u00e1 con la presentaci\u00f3n de casos cl\u00ednicos y comunicaciones cient\u00edficas que reflejan la variedad de temas y enfoques desarrollados por el Grupo de trabajo de Servicios Profesionales Farmac\u00e9uticos Asistenciales del Colegio guipuzcoano en los \u00faltimos a\u00f1os.<\/p>\n<p>El encuentro contar\u00e1 con la participaci\u00f3n de farmac\u00e9uticas\/os del propio Colegio y de profesionales de la farmacia comunitaria, as\u00ed como de representantes y profesionales sanitarios\/as del Ayuntamiento de Donostia, del Departamento de Salud del Gobierno Vasco y de Osakidetza. La Jornada cuenta con la colaboraci\u00f3n de CINFA.<\/p>\n<p><strong>PROGRAMA. Viernes, 24 de abril de 2026.<\/strong><br \/>\nSal\u00f3n de actos del COFG (c\/ San Mart\u00edn, n\u00ba5. Donostia-San Sebasti\u00e1n)<\/p>\n<p><strong>9:00h Inauguraci\u00f3n y presentaci\u00f3n de los grupos SPFA<\/strong><br \/>\nMiguel \u00c1ngel Gastelurrutia, Presidente COF Gipuzkoa.<\/p>\n<p><strong>9:15h\u00a0Sesi\u00f3n: La farmacia como eje asistencial: Nuevos programas clave con el Departamento de Salud<\/strong><\/p>\n<ul>\n<li>Ainhoa O\u00f1atibia, farmac\u00e9utica COF Gipuzkoa<\/li>\n<li>Olatz Lascurain, farmac\u00e9utica comunitaria en Eibar\u00a0<\/li>\n<li>Amaia Malet, farmac\u00e9utica COF Gipuzkoa<\/li>\n<li>Amaia Garitano, farmac\u00e9utica comunitaria en Antzuola<\/li>\n<\/ul>\n<p><strong>9:45h\u00a0Sesi\u00f3n: Del compromiso a la pr\u00e1ctica: El valor de los programas asistenciales impulsados por los grupos de trabajo<\/strong><\/p>\n<ul>\n<li>Larraitz Alzate, farmac\u00e9utica COF Gipuzkoa<\/li>\n<li>Saioa Ugidos, farmac\u00e9utica comunitaria en Aretxabaleta y vocal SEFAC Euskadi<\/li>\n<\/ul>\n<p><strong>10:15h\u00a0Mesa redonda: Gesti\u00f3n de la farmacia comunitaria alineada con los SPFA<\/strong><\/p>\n<ul>\n<li>Susana Gayubas, farmac\u00e9utica comunitaria en Donostia y vocal AGEOFAR.<\/li>\n<li>Elixabete Lasa, farmac\u00e9utica comunitaria en Lasarte-Oria y tesorera COF Gipuzkoa.<\/li>\n<li>Ane Otaegui, farmac\u00e9utica comunitaria en Donostia y asesora COF Gipuzkoa<\/li>\n<\/ul>\n<p><em>Modera: Izaro Oyarbide, farmac\u00e9utica comunitaria en Bergara y vocal COF Gipuzkoa<\/em><\/p>\n<p>11:00 h\u00a0Pausa caf\u00e9<\/p>\n<p><strong>11:45h\u00a0Mesa coloquio: Hacia un modelo colaborativo: Departamento de Salud, Osakidetza y farmacia comunitaria<\/strong><\/p>\n<ul>\n<li>Leire Braceras, responsable Prestaci\u00f3n Farmac\u00e9utica del Departamento de Salud del Gobierno Vasco<\/li>\n<li>Estibaliz Goienetxea, directora t\u00e9cnica COF Gipuzkoa.<\/li>\n<li>Eider Uzkudun, directora integraci\u00f3n OSI Donostialdea\u00a0<\/li>\n<li>Amaia Gonz\u00e1lez, adjunta de Enfermer\u00eda para Atenci\u00f3n Primaria, OSI Donostialdea<\/li>\n<li>Josune Iribar, farmac\u00e9utica de Atenci\u00f3n Primaria de OSI Donostialdea.<\/li>\n<\/ul>\n<p><strong>12:45h\u00a0Sesi\u00f3n: El SPD como herramienta facilitadora de la farmacia asistencial<\/strong><\/p>\n<ul>\n<li>Xabier Aizpurua, farmac\u00e9utico COF Gipuzkoa.<\/li>\n<li>Amaia Malet, farmac\u00e9utica COF Gipuzkoa<\/li>\n<\/ul>\n<p><strong>13:05h\u00a0Mesa redonda: La farmacia comunitaria como agente de salud. Construyendo puentes con equipos multidisciplinares<\/strong><\/p>\n<ul>\n<li>Mar\u00eda Fern\u00e1ndez, responsable del Servicio Plus 55<\/li>\n<li>Sorkunde Jaca, t\u00e9cnico de Promoci\u00f3n de la Salud del Ayuntamiento de Donostia<\/li>\n<li>Leire Izurriaga, m\u00e9dico de Atenci\u00f3n Primaria en Gros, Donostia<\/li>\n<li>Amaia Unamuno, farmac\u00e9utica comunitaria en Donostia y asesora COF Gipuzkoa<\/li>\n<\/ul>\n<p><em>Modera: Xabier Aizpurua, farmac\u00e9utico COF Gipuzkoa<\/em><\/p>\n<p><strong>13:45h\u00a0Sesi\u00f3n de casos cl\u00ednicos y comunicaciones<\/strong><\/p>\n<p><strong>14:30h\u00a0Clausura<\/strong><\/p>\n<\/div>\n","protected":false},"featured_media":28434,"template":"","meta":{"_acf_changed":false},"acf":[],"yoast_head":"<!-- This site is optimized with the Yoast SEO plugin v22.7 - https:\/\/yoast.com\/wordpress\/plugins\/seo\/ -->\n<title>La farmacia guipuzcoana impulsa su papel asistencial en la I Jornada de Servicios Profesionales Farmac\u00e9uticos Asistenciales que se celebra este viernes en San Sebasti\u00e1n - Blog Club del Emprendimiento<\/title>\n<meta name=\"robots\" content=\"index, follow, max-snippet:-1, max-image-preview:large, max-video-preview:-1\" \/>\n<link rel=\"canonical\" href=\"https:\/\/www.clubdelemprendimiento.com\/blog\/noticia-corporativa\/la-farmacia-guipuzcoana-impulsa-su-papel-asistencial-en-la-i-jornada-de-servicios-profesionales-farmaceuticos-asistenciales-que-se-celebra-este-viernes-en-san-sebastian\/\" \/>\n<meta property=\"og:locale\" content=\"es_ES\" \/>\n<meta property=\"og:type\" content=\"article\" \/>\n<meta property=\"og:title\" content=\"La farmacia guipuzcoana impulsa su papel asistencial en la I Jornada de Servicios Profesionales Farmac\u00e9uticos Asistenciales que se celebra este viernes en San Sebasti\u00e1n - Blog Club del Emprendimiento\" \/>\n<meta property=\"og:description\" content=\"Organizada por el COFG, la jornada reunir\u00e1 a profesionales del \u00e1mbito farmac\u00e9utico y sanitario&hellip;\" \/>\n<meta property=\"og:url\" content=\"https:\/\/www.clubdelemprendimiento.com\/blog\/noticia-corporativa\/la-farmacia-guipuzcoana-impulsa-su-papel-asistencial-en-la-i-jornada-de-servicios-profesionales-farmaceuticos-asistenciales-que-se-celebra-este-viernes-en-san-sebastian\/\" \/>\n<meta property=\"og:site_name\" content=\"Blog Club del Emprendimiento\" \/>\n<meta property=\"og:image\" content=\"https:\/\/www.clubdelemprendimiento.com\/blog\/wp-content\/uploads\/2026\/04\/logojornad.jpeg\" \/>\n<meta name=\"twitter:card\" content=\"summary_large_image\" \/>\n<meta name=\"twitter:label1\" content=\"Tiempo de lectura\" \/>\n\t<meta name=\"twitter:data1\" content=\"4 minutos\" \/>\n<script type=\"application\/ld+json\" class=\"yoast-schema-graph\">{\"@context\":\"https:\/\/schema.org\",\"@graph\":[{\"@type\":\"WebPage\",\"@id\":\"https:\/\/www.clubdelemprendimiento.com\/blog\/noticia-corporativa\/la-farmacia-guipuzcoana-impulsa-su-papel-asistencial-en-la-i-jornada-de-servicios-profesionales-farmaceuticos-asistenciales-que-se-celebra-este-viernes-en-san-sebastian\/\",\"url\":\"https:\/\/www.clubdelemprendimiento.com\/blog\/noticia-corporativa\/la-farmacia-guipuzcoana-impulsa-su-papel-asistencial-en-la-i-jornada-de-servicios-profesionales-farmaceuticos-asistenciales-que-se-celebra-este-viernes-en-san-sebastian\/\",\"name\":\"La farmacia guipuzcoana impulsa su papel asistencial en la I Jornada de Servicios Profesionales Farmac\u00e9uticos Asistenciales que se celebra este viernes en San Sebasti\u00e1n - Blog Club del Emprendimiento\",\"isPartOf\":{\"@id\":\"https:\/\/www.clubdelemprendimiento.com\/blog\/#website\"},\"primaryImageOfPage\":{\"@id\":\"https:\/\/www.clubdelemprendimiento.com\/blog\/noticia-corporativa\/la-farmacia-guipuzcoana-impulsa-su-papel-asistencial-en-la-i-jornada-de-servicios-profesionales-farmaceuticos-asistenciales-que-se-celebra-este-viernes-en-san-sebastian\/#primaryimage\"},\"image\":{\"@id\":\"https:\/\/www.clubdelemprendimiento.com\/blog\/noticia-corporativa\/la-farmacia-guipuzcoana-impulsa-su-papel-asistencial-en-la-i-jornada-de-servicios-profesionales-farmaceuticos-asistenciales-que-se-celebra-este-viernes-en-san-sebastian\/#primaryimage\"},\"thumbnailUrl\":\"https:\/\/www.clubdelemprendimiento.com\/blog\/wp-content\/uploads\/2026\/04\/logojornad.jpeg\",\"datePublished\":\"2026-04-22T11:05:43+00:00\",\"dateModified\":\"2026-04-22T11:05:43+00:00\",\"breadcrumb\":{\"@id\":\"https:\/\/www.clubdelemprendimiento.com\/blog\/noticia-corporativa\/la-farmacia-guipuzcoana-impulsa-su-papel-asistencial-en-la-i-jornada-de-servicios-profesionales-farmaceuticos-asistenciales-que-se-celebra-este-viernes-en-san-sebastian\/#breadcrumb\"},\"inLanguage\":\"es\",\"potentialAction\":[{\"@type\":\"ReadAction\",\"target\":[\"https:\/\/www.clubdelemprendimiento.com\/blog\/noticia-corporativa\/la-farmacia-guipuzcoana-impulsa-su-papel-asistencial-en-la-i-jornada-de-servicios-profesionales-farmaceuticos-asistenciales-que-se-celebra-este-viernes-en-san-sebastian\/\"]}]},{\"@type\":\"ImageObject\",\"inLanguage\":\"es\",\"@id\":\"https:\/\/www.clubdelemprendimiento.com\/blog\/noticia-corporativa\/la-farmacia-guipuzcoana-impulsa-su-papel-asistencial-en-la-i-jornada-de-servicios-profesionales-farmaceuticos-asistenciales-que-se-celebra-este-viernes-en-san-sebastian\/#primaryimage\",\"url\":\"https:\/\/www.clubdelemprendimiento.com\/blog\/wp-content\/uploads\/2026\/04\/logojornad.jpeg\",\"contentUrl\":\"https:\/\/www.clubdelemprendimiento.com\/blog\/wp-content\/uploads\/2026\/04\/logojornad.jpeg\",\"width\":496,\"height\":267},{\"@type\":\"BreadcrumbList\",\"@id\":\"https:\/\/www.clubdelemprendimiento.com\/blog\/noticia-corporativa\/la-farmacia-guipuzcoana-impulsa-su-papel-asistencial-en-la-i-jornada-de-servicios-profesionales-farmaceuticos-asistenciales-que-se-celebra-este-viernes-en-san-sebastian\/#breadcrumb\",\"itemListElement\":[{\"@type\":\"ListItem\",\"position\":1,\"name\":\"Home\",\"item\":\"https:\/\/www.clubdelemprendimiento.com\/blog\/\"},{\"@type\":\"ListItem\",\"position\":2,\"name\":\"Noticias Corporativas\",\"item\":\"https:\/\/www.clubdelemprendimiento.com\/blog\/noticias-corporativas\/\"},{\"@type\":\"ListItem\",\"position\":3,\"name\":\"La farmacia guipuzcoana impulsa su papel asistencial en la I Jornada de Servicios Profesionales Farmac\u00e9uticos Asistenciales que se celebra este viernes en San Sebasti\u00e1n\"}]},{\"@type\":\"WebSite\",\"@id\":\"https:\/\/www.clubdelemprendimiento.com\/blog\/#website\",\"url\":\"https:\/\/www.clubdelemprendimiento.com\/blog\/\",\"name\":\"Blog Club del Emprendimiento\",\"description\":\"\",\"potentialAction\":[{\"@type\":\"SearchAction\",\"target\":{\"@type\":\"EntryPoint\",\"urlTemplate\":\"https:\/\/www.clubdelemprendimiento.com\/blog\/?s={search_term_string}\"},\"query-input\":\"required name=search_term_string\"}],\"inLanguage\":\"es\"}]}<\/script>\n<!-- \/ Yoast SEO plugin. -->","yoast_head_json":{"title":"La farmacia guipuzcoana impulsa su papel asistencial en la I Jornada de Servicios Profesionales Farmac\u00e9uticos Asistenciales que se celebra este viernes en San Sebasti\u00e1n - Blog Club del Emprendimiento","robots":{"index":"index","follow":"follow","max-snippet":"max-snippet:-1","max-image-preview":"max-image-preview:large","max-video-preview":"max-video-preview:-1"},"canonical":"https:\/\/www.clubdelemprendimiento.com\/blog\/noticia-corporativa\/la-farmacia-guipuzcoana-impulsa-su-papel-asistencial-en-la-i-jornada-de-servicios-profesionales-farmaceuticos-asistenciales-que-se-celebra-este-viernes-en-san-sebastian\/","og_locale":"es_ES","og_type":"article","og_title":"La farmacia guipuzcoana impulsa su papel asistencial en la I Jornada de Servicios Profesionales Farmac\u00e9uticos Asistenciales que se celebra este viernes en San Sebasti\u00e1n - Blog Club del Emprendimiento","og_description":"Organizada por el COFG, la jornada reunir\u00e1 a profesionales del \u00e1mbito farmac\u00e9utico y sanitario&hellip;","og_url":"https:\/\/www.clubdelemprendimiento.com\/blog\/noticia-corporativa\/la-farmacia-guipuzcoana-impulsa-su-papel-asistencial-en-la-i-jornada-de-servicios-profesionales-farmaceuticos-asistenciales-que-se-celebra-este-viernes-en-san-sebastian\/","og_site_name":"Blog Club del Emprendimiento","og_image":[{"url":"https:\/\/www.clubdelemprendimiento.com\/blog\/wp-content\/uploads\/2026\/04\/logojornad.jpeg"}],"twitter_card":"summary_large_image","twitter_misc":{"Tiempo de lectura":"4 minutos"},"schema":{"@context":"https:\/\/schema.org","@graph":[{"@type":"WebPage","@id":"https:\/\/www.clubdelemprendimiento.com\/blog\/noticia-corporativa\/la-farmacia-guipuzcoana-impulsa-su-papel-asistencial-en-la-i-jornada-de-servicios-profesionales-farmaceuticos-asistenciales-que-se-celebra-este-viernes-en-san-sebastian\/","url":"https:\/\/www.clubdelemprendimiento.com\/blog\/noticia-corporativa\/la-farmacia-guipuzcoana-impulsa-su-papel-asistencial-en-la-i-jornada-de-servicios-profesionales-farmaceuticos-asistenciales-que-se-celebra-este-viernes-en-san-sebastian\/","name":"La farmacia guipuzcoana impulsa su papel asistencial en la I Jornada de Servicios Profesionales Farmac\u00e9uticos Asistenciales que se celebra este viernes en San Sebasti\u00e1n - Blog Club del Emprendimiento","isPartOf":{"@id":"https:\/\/www.clubdelemprendimiento.com\/blog\/#website"},"primaryImageOfPage":{"@id":"https:\/\/www.clubdelemprendimiento.com\/blog\/noticia-corporativa\/la-farmacia-guipuzcoana-impulsa-su-papel-asistencial-en-la-i-jornada-de-servicios-profesionales-farmaceuticos-asistenciales-que-se-celebra-este-viernes-en-san-sebastian\/#primaryimage"},"image":{"@id":"https:\/\/www.clubdelemprendimiento.com\/blog\/noticia-corporativa\/la-farmacia-guipuzcoana-impulsa-su-papel-asistencial-en-la-i-jornada-de-servicios-profesionales-farmaceuticos-asistenciales-que-se-celebra-este-viernes-en-san-sebastian\/#primaryimage"},"thumbnailUrl":"https:\/\/www.clubdelemprendimiento.com\/blog\/wp-content\/uploads\/2026\/04\/logojornad.jpeg","datePublished":"2026-04-22T11:05:43+00:00","dateModified":"2026-04-22T11:05:43+00:00","breadcrumb":{"@id":"https:\/\/www.clubdelemprendimiento.com\/blog\/noticia-corporativa\/la-farmacia-guipuzcoana-impulsa-su-papel-asistencial-en-la-i-jornada-de-servicios-profesionales-farmaceuticos-asistenciales-que-se-celebra-este-viernes-en-san-sebastian\/#breadcrumb"},"inLanguage":"es","potentialAction":[{"@type":"ReadAction","target":["https:\/\/www.clubdelemprendimiento.com\/blog\/noticia-corporativa\/la-farmacia-guipuzcoana-impulsa-su-papel-asistencial-en-la-i-jornada-de-servicios-profesionales-farmaceuticos-asistenciales-que-se-celebra-este-viernes-en-san-sebastian\/"]}]},{"@type":"ImageObject","inLanguage":"es","@id":"https:\/\/www.clubdelemprendimiento.com\/blog\/noticia-corporativa\/la-farmacia-guipuzcoana-impulsa-su-papel-asistencial-en-la-i-jornada-de-servicios-profesionales-farmaceuticos-asistenciales-que-se-celebra-este-viernes-en-san-sebastian\/#primaryimage","url":"https:\/\/www.clubdelemprendimiento.com\/blog\/wp-content\/uploads\/2026\/04\/logojornad.jpeg","contentUrl":"https:\/\/www.clubdelemprendimiento.com\/blog\/wp-content\/uploads\/2026\/04\/logojornad.jpeg","width":496,"height":267},{"@type":"BreadcrumbList","@id":"https:\/\/www.clubdelemprendimiento.com\/blog\/noticia-corporativa\/la-farmacia-guipuzcoana-impulsa-su-papel-asistencial-en-la-i-jornada-de-servicios-profesionales-farmaceuticos-asistenciales-que-se-celebra-este-viernes-en-san-sebastian\/#breadcrumb","itemListElement":[{"@type":"ListItem","position":1,"name":"Home","item":"https:\/\/www.clubdelemprendimiento.com\/blog\/"},{"@type":"ListItem","position":2,"name":"Noticias Corporativas","item":"https:\/\/www.clubdelemprendimiento.com\/blog\/noticias-corporativas\/"},{"@type":"ListItem","position":3,"name":"La farmacia guipuzcoana impulsa su papel asistencial en la I Jornada de Servicios Profesionales Farmac\u00e9uticos Asistenciales que se celebra este viernes en San Sebasti\u00e1n"}]},{"@type":"WebSite","@id":"https:\/\/www.clubdelemprendimiento.com\/blog\/#website","url":"https:\/\/www.clubdelemprendimiento.com\/blog\/","name":"Blog Club del Emprendimiento","description":"","potentialAction":[{"@type":"SearchAction","target":{"@type":"EntryPoint","urlTemplate":"https:\/\/www.clubdelemprendimiento.com\/blog\/?s={search_term_string}"},"query-input":"required name=search_term_string"}],"inLanguage":"es"}]}},"_links":{"self":[{"href":"https:\/\/www.clubdelemprendimiento.com\/blog\/wp-json\/wp\/v2\/noticia-corporativa\/28433"}],"collection":[{"href":"https:\/\/www.clubdelemprendimiento.com\/blog\/wp-json\/wp\/v2\/noticia-corporativa"}],"about":[{"href":"https:\/\/www.clubdelemprendimiento.com\/blog\/wp-json\/wp\/v2\/types\/noticia-corporativa"}],"wp:featuredmedia":[{"embeddable":true,"href":"https:\/\/www.clubdelemprendimiento.com\/blog\/wp-json\/wp\/v2\/media\/28434"}],"wp:attachment":[{"href":"https:\/\/www.clubdelemprendimiento.com\/blog\/wp-json\/wp\/v2\/media?parent=28433"}],"curies":[{"name":"wp","href":"https:\/\/api.w.org\/{rel}","templated":true}]}}