{"id":28426,"date":"2026-04-22T10:05:34","date_gmt":"2026-04-22T10:05:34","guid":{"rendered":"https:\/\/www.clubdelemprendimiento.com\/blog\/noticia-corporativa\/el-sector-de-la-papeleria-activa-la-via-parlamentaria-para-ayudas-y-rebaja-del-iva-escolar\/"},"modified":"2026-04-22T10:05:34","modified_gmt":"2026-04-22T10:05:34","slug":"el-sector-de-la-papeleria-activa-la-via-parlamentaria-para-ayudas-y-rebaja-del-iva-escolar","status":"publish","type":"noticia-corporativa","link":"https:\/\/www.clubdelemprendimiento.com\/blog\/noticia-corporativa\/el-sector-de-la-papeleria-activa-la-via-parlamentaria-para-ayudas-y-rebaja-del-iva-escolar\/","title":{"rendered":"El sector de la papeler\u00eda activa la v\u00eda parlamentaria para ayudas y rebaja del IVA escolar"},"content":{"rendered":"<div>\n<p><a href=\"https:\/\/www.clubdelemprendimiento.com\/blog\/wp-content\/uploads\/2026\/04\/LOGO_ASP.jpg\" target=\"_blank\" class=\"fotonota\" rel=\"noopener\"> <img decoding=\"async\" src=\"https:\/\/www.clubdelemprendimiento.com\/blog\/wp-content\/uploads\/2026\/04\/LOGO_ASP.jpg\" style=\"max-width:600px;\" border=\"0\" class=\"postImage\" alt=\"\"><\/a><\/p>\n<p>El material escolar contin\u00faa gravado como un bien no esencial en un contexto de creciente presi\u00f3n econ\u00f3mica sobre los hogares, mientras el sector reclama que deje de ser el gran olvidado de las pol\u00edticas p\u00fablicas educativas. En este escenario, la ASP ha registrado formalmente su solicitud de comparecencia tras una ronda de reuniones con responsables pol\u00edticos y educativos para impulsar ayudas directas y medidas fiscales de cara al pr\u00f3ximo curso<\/p>\n<p><\/p>\n<p>La <strong>Asociaci\u00f3n Sector Papeler\u00eda (ASP)<\/strong> ha <strong>registrado formalmente su solicitud de comparecencia ante la Comisi\u00f3n de Educaci\u00f3n y Formaci\u00f3n Profesional<\/strong> para reclamar que el Gobierno impulse un paquete de <strong>medidas de apoyo a las familias en el inicio del curso escolar<\/strong>, con especial atenci\u00f3n a la <strong>rebaja del IVA del material escolar<\/strong>, actualmente fijado en el 21%.<\/p>\n<p>La iniciativa es el resultado de varios meses de reuniones con representantes pol\u00edticos y responsables educativos, en los que la asociaci\u00f3n ha logrado trasladar esta reivindicaci\u00f3n al \u00e1mbito parlamentario. Con este paso, la ASP busca situar en la agenda pol\u00edtica una cuesti\u00f3n que trasciende el \u00e1mbito sectorial y afecta directamente a la <strong>econom\u00eda dom\u00e9stica, la equidad educativa y el coste real de la vuelta al cole<\/strong>.<\/p>\n<p>La asociaci\u00f3n defiende que productos b\u00e1sicos como cuadernos, bol\u00edgrafos, carpetas, l\u00e1pices o material de escritura y dibujo contin\u00faan soportando una fiscalidad elevada pese a ser imprescindibles para la actividad escolar diaria. En este sentido, plantea abrir un debate pol\u00edtico sobre el reconocimiento del material escolar como <strong>bien esencial<\/strong> y la necesidad de <strong>activar medidas fiscales<\/strong> y <strong>ayudas espec\u00edficas<\/strong>.<\/p>\n<p>\u00abLa comparecencia es un paso clave para trasladar al \u00e1mbito legislativo una realidad que afecta a millones de familias y que requiere una respuesta institucional\u00bb, se\u00f1alan desde la ASP.<\/p>\n<p>Durante su intervenci\u00f3n, la asociaci\u00f3n prev\u00e9 presentar propuestas concretas como la <strong>rebaja del IVA del material escolar, el estudio de deducciones fiscales espec\u00edficas y otras f\u00f3rmulas de apoyo directo a las familias<\/strong>, en un contexto marcado por el encarecimiento sostenido de los gastos vinculados a la educaci\u00f3n.<\/p>\n<p>Desde la ASP subrayan que, aunque existen programas p\u00fablicos consolidados para libros de texto y material curricular en algunos territorios, el <strong>material escolar de uso cotidiano sigue quedando fuera de muchos sistemas de cobertura<\/strong>. \u00abEl material escolar no puede seguir siendo el gran olvidado de las pol\u00edticas de apoyo a las familias. Hablamos de productos b\u00e1sicos para garantizar la actividad en las aulas y de un gasto que cada inicio de curso pesa directamente sobre millones de hogares\u00bb, destacan.<\/p>\n<p>El trabajo previo de interlocuci\u00f3n institucional ha permitido avanzar en un acuerdo pol\u00edtico que ahora se concreta en el <strong>registro formal de la solicitud de comparecencia<\/strong>. Para la asociaci\u00f3n, este hito supone una oportunidad para abrir un debate de alcance nacional sobre el coste del material escolar y su impacto en la igualdad de oportunidades.<\/p>\n<p>\u00abEs el momento de abordar esta cuesti\u00f3n desde una perspectiva amplia, que tenga en cuenta no solo al sector, sino tambi\u00e9n la cohesi\u00f3n social y la capacidad de las familias para afrontar el curso escolar en condiciones de equidad\u00bb, apuntan desde la ASP.<\/p>\n<p>La asociaci\u00f3n continuar\u00e1 en paralelo su ronda de contactos con responsables p\u00fablicos y grupos parlamentarios para seguir sumando apoyos a una propuesta que considera prioritaria.<\/p>\n<p><strong>Sobre la ASP<\/strong><br \/>\nConstituida en 2024, la Asociaci\u00f3n Sector Papeler\u00eda trabaja para defender los intereses del sector, fomentar su desarrollo y promover una papeler\u00eda m\u00e1s accesible como recurso b\u00e1sico para el aprendizaje.<\/p>\n<\/div>\n","protected":false},"featured_media":28427,"template":"","meta":{"_acf_changed":false},"acf":[],"yoast_head":"<!-- This site is optimized with the Yoast SEO plugin v22.7 - https:\/\/yoast.com\/wordpress\/plugins\/seo\/ -->\n<title>El sector de la papeler\u00eda activa la v\u00eda parlamentaria para ayudas y rebaja del IVA escolar - Blog Club del Emprendimiento<\/title>\n<meta name=\"robots\" content=\"index, follow, max-snippet:-1, max-image-preview:large, max-video-preview:-1\" \/>\n<link rel=\"canonical\" href=\"https:\/\/www.clubdelemprendimiento.com\/blog\/noticia-corporativa\/el-sector-de-la-papeleria-activa-la-via-parlamentaria-para-ayudas-y-rebaja-del-iva-escolar\/\" \/>\n<meta property=\"og:locale\" content=\"es_ES\" \/>\n<meta property=\"og:type\" content=\"article\" \/>\n<meta property=\"og:title\" content=\"El sector de la papeler\u00eda activa la v\u00eda parlamentaria para ayudas y rebaja del IVA escolar - Blog Club del Emprendimiento\" \/>\n<meta property=\"og:description\" content=\"El material escolar contin\u00faa gravado como un bien no esencial en un contexto de&hellip;\" \/>\n<meta property=\"og:url\" content=\"https:\/\/www.clubdelemprendimiento.com\/blog\/noticia-corporativa\/el-sector-de-la-papeleria-activa-la-via-parlamentaria-para-ayudas-y-rebaja-del-iva-escolar\/\" \/>\n<meta property=\"og:site_name\" content=\"Blog Club del Emprendimiento\" \/>\n<meta property=\"og:image\" content=\"https:\/\/www.clubdelemprendimiento.com\/blog\/wp-content\/uploads\/2026\/04\/LOGO_ASP.jpg\" \/>\n<meta name=\"twitter:card\" content=\"summary_large_image\" \/>\n<meta name=\"twitter:label1\" content=\"Tiempo de lectura\" \/>\n\t<meta name=\"twitter:data1\" content=\"3 minutos\" \/>\n<script type=\"application\/ld+json\" class=\"yoast-schema-graph\">{\"@context\":\"https:\/\/schema.org\",\"@graph\":[{\"@type\":\"WebPage\",\"@id\":\"https:\/\/www.clubdelemprendimiento.com\/blog\/noticia-corporativa\/el-sector-de-la-papeleria-activa-la-via-parlamentaria-para-ayudas-y-rebaja-del-iva-escolar\/\",\"url\":\"https:\/\/www.clubdelemprendimiento.com\/blog\/noticia-corporativa\/el-sector-de-la-papeleria-activa-la-via-parlamentaria-para-ayudas-y-rebaja-del-iva-escolar\/\",\"name\":\"El sector de la papeler\u00eda activa la v\u00eda parlamentaria para ayudas y rebaja del IVA escolar - Blog Club del Emprendimiento\",\"isPartOf\":{\"@id\":\"https:\/\/www.clubdelemprendimiento.com\/blog\/#website\"},\"primaryImageOfPage\":{\"@id\":\"https:\/\/www.clubdelemprendimiento.com\/blog\/noticia-corporativa\/el-sector-de-la-papeleria-activa-la-via-parlamentaria-para-ayudas-y-rebaja-del-iva-escolar\/#primaryimage\"},\"image\":{\"@id\":\"https:\/\/www.clubdelemprendimiento.com\/blog\/noticia-corporativa\/el-sector-de-la-papeleria-activa-la-via-parlamentaria-para-ayudas-y-rebaja-del-iva-escolar\/#primaryimage\"},\"thumbnailUrl\":\"https:\/\/www.clubdelemprendimiento.com\/blog\/wp-content\/uploads\/2026\/04\/LOGO_ASP.jpg\",\"datePublished\":\"2026-04-22T10:05:34+00:00\",\"dateModified\":\"2026-04-22T10:05:34+00:00\",\"breadcrumb\":{\"@id\":\"https:\/\/www.clubdelemprendimiento.com\/blog\/noticia-corporativa\/el-sector-de-la-papeleria-activa-la-via-parlamentaria-para-ayudas-y-rebaja-del-iva-escolar\/#breadcrumb\"},\"inLanguage\":\"es\",\"potentialAction\":[{\"@type\":\"ReadAction\",\"target\":[\"https:\/\/www.clubdelemprendimiento.com\/blog\/noticia-corporativa\/el-sector-de-la-papeleria-activa-la-via-parlamentaria-para-ayudas-y-rebaja-del-iva-escolar\/\"]}]},{\"@type\":\"ImageObject\",\"inLanguage\":\"es\",\"@id\":\"https:\/\/www.clubdelemprendimiento.com\/blog\/noticia-corporativa\/el-sector-de-la-papeleria-activa-la-via-parlamentaria-para-ayudas-y-rebaja-del-iva-escolar\/#primaryimage\",\"url\":\"https:\/\/www.clubdelemprendimiento.com\/blog\/wp-content\/uploads\/2026\/04\/LOGO_ASP.jpg\",\"contentUrl\":\"https:\/\/www.clubdelemprendimiento.com\/blog\/wp-content\/uploads\/2026\/04\/LOGO_ASP.jpg\",\"width\":143,\"height\":71},{\"@type\":\"BreadcrumbList\",\"@id\":\"https:\/\/www.clubdelemprendimiento.com\/blog\/noticia-corporativa\/el-sector-de-la-papeleria-activa-la-via-parlamentaria-para-ayudas-y-rebaja-del-iva-escolar\/#breadcrumb\",\"itemListElement\":[{\"@type\":\"ListItem\",\"position\":1,\"name\":\"Home\",\"item\":\"https:\/\/www.clubdelemprendimiento.com\/blog\/\"},{\"@type\":\"ListItem\",\"position\":2,\"name\":\"Noticias Corporativas\",\"item\":\"https:\/\/www.clubdelemprendimiento.com\/blog\/noticias-corporativas\/\"},{\"@type\":\"ListItem\",\"position\":3,\"name\":\"El sector de la papeler\u00eda activa la v\u00eda parlamentaria para ayudas y rebaja del IVA escolar\"}]},{\"@type\":\"WebSite\",\"@id\":\"https:\/\/www.clubdelemprendimiento.com\/blog\/#website\",\"url\":\"https:\/\/www.clubdelemprendimiento.com\/blog\/\",\"name\":\"Blog Club del Emprendimiento\",\"description\":\"\",\"potentialAction\":[{\"@type\":\"SearchAction\",\"target\":{\"@type\":\"EntryPoint\",\"urlTemplate\":\"https:\/\/www.clubdelemprendimiento.com\/blog\/?s={search_term_string}\"},\"query-input\":\"required name=search_term_string\"}],\"inLanguage\":\"es\"}]}<\/script>\n<!-- \/ Yoast SEO plugin. -->","yoast_head_json":{"title":"El sector de la papeler\u00eda activa la v\u00eda parlamentaria para ayudas y rebaja del IVA escolar - Blog Club del Emprendimiento","robots":{"index":"index","follow":"follow","max-snippet":"max-snippet:-1","max-image-preview":"max-image-preview:large","max-video-preview":"max-video-preview:-1"},"canonical":"https:\/\/www.clubdelemprendimiento.com\/blog\/noticia-corporativa\/el-sector-de-la-papeleria-activa-la-via-parlamentaria-para-ayudas-y-rebaja-del-iva-escolar\/","og_locale":"es_ES","og_type":"article","og_title":"El sector de la papeler\u00eda activa la v\u00eda parlamentaria para ayudas y rebaja del IVA escolar - Blog Club del Emprendimiento","og_description":"El material escolar contin\u00faa gravado como un bien no esencial en un contexto de&hellip;","og_url":"https:\/\/www.clubdelemprendimiento.com\/blog\/noticia-corporativa\/el-sector-de-la-papeleria-activa-la-via-parlamentaria-para-ayudas-y-rebaja-del-iva-escolar\/","og_site_name":"Blog Club del Emprendimiento","og_image":[{"url":"https:\/\/www.clubdelemprendimiento.com\/blog\/wp-content\/uploads\/2026\/04\/LOGO_ASP.jpg"}],"twitter_card":"summary_large_image","twitter_misc":{"Tiempo de lectura":"3 minutos"},"schema":{"@context":"https:\/\/schema.org","@graph":[{"@type":"WebPage","@id":"https:\/\/www.clubdelemprendimiento.com\/blog\/noticia-corporativa\/el-sector-de-la-papeleria-activa-la-via-parlamentaria-para-ayudas-y-rebaja-del-iva-escolar\/","url":"https:\/\/www.clubdelemprendimiento.com\/blog\/noticia-corporativa\/el-sector-de-la-papeleria-activa-la-via-parlamentaria-para-ayudas-y-rebaja-del-iva-escolar\/","name":"El sector de la papeler\u00eda activa la v\u00eda parlamentaria para ayudas y rebaja del IVA escolar - Blog Club del Emprendimiento","isPartOf":{"@id":"https:\/\/www.clubdelemprendimiento.com\/blog\/#website"},"primaryImageOfPage":{"@id":"https:\/\/www.clubdelemprendimiento.com\/blog\/noticia-corporativa\/el-sector-de-la-papeleria-activa-la-via-parlamentaria-para-ayudas-y-rebaja-del-iva-escolar\/#primaryimage"},"image":{"@id":"https:\/\/www.clubdelemprendimiento.com\/blog\/noticia-corporativa\/el-sector-de-la-papeleria-activa-la-via-parlamentaria-para-ayudas-y-rebaja-del-iva-escolar\/#primaryimage"},"thumbnailUrl":"https:\/\/www.clubdelemprendimiento.com\/blog\/wp-content\/uploads\/2026\/04\/LOGO_ASP.jpg","datePublished":"2026-04-22T10:05:34+00:00","dateModified":"2026-04-22T10:05:34+00:00","breadcrumb":{"@id":"https:\/\/www.clubdelemprendimiento.com\/blog\/noticia-corporativa\/el-sector-de-la-papeleria-activa-la-via-parlamentaria-para-ayudas-y-rebaja-del-iva-escolar\/#breadcrumb"},"inLanguage":"es","potentialAction":[{"@type":"ReadAction","target":["https:\/\/www.clubdelemprendimiento.com\/blog\/noticia-corporativa\/el-sector-de-la-papeleria-activa-la-via-parlamentaria-para-ayudas-y-rebaja-del-iva-escolar\/"]}]},{"@type":"ImageObject","inLanguage":"es","@id":"https:\/\/www.clubdelemprendimiento.com\/blog\/noticia-corporativa\/el-sector-de-la-papeleria-activa-la-via-parlamentaria-para-ayudas-y-rebaja-del-iva-escolar\/#primaryimage","url":"https:\/\/www.clubdelemprendimiento.com\/blog\/wp-content\/uploads\/2026\/04\/LOGO_ASP.jpg","contentUrl":"https:\/\/www.clubdelemprendimiento.com\/blog\/wp-content\/uploads\/2026\/04\/LOGO_ASP.jpg","width":143,"height":71},{"@type":"BreadcrumbList","@id":"https:\/\/www.clubdelemprendimiento.com\/blog\/noticia-corporativa\/el-sector-de-la-papeleria-activa-la-via-parlamentaria-para-ayudas-y-rebaja-del-iva-escolar\/#breadcrumb","itemListElement":[{"@type":"ListItem","position":1,"name":"Home","item":"https:\/\/www.clubdelemprendimiento.com\/blog\/"},{"@type":"ListItem","position":2,"name":"Noticias Corporativas","item":"https:\/\/www.clubdelemprendimiento.com\/blog\/noticias-corporativas\/"},{"@type":"ListItem","position":3,"name":"El sector de la papeler\u00eda activa la v\u00eda parlamentaria para ayudas y rebaja del IVA escolar"}]},{"@type":"WebSite","@id":"https:\/\/www.clubdelemprendimiento.com\/blog\/#website","url":"https:\/\/www.clubdelemprendimiento.com\/blog\/","name":"Blog Club del Emprendimiento","description":"","potentialAction":[{"@type":"SearchAction","target":{"@type":"EntryPoint","urlTemplate":"https:\/\/www.clubdelemprendimiento.com\/blog\/?s={search_term_string}"},"query-input":"required name=search_term_string"}],"inLanguage":"es"}]}},"_links":{"self":[{"href":"https:\/\/www.clubdelemprendimiento.com\/blog\/wp-json\/wp\/v2\/noticia-corporativa\/28426"}],"collection":[{"href":"https:\/\/www.clubdelemprendimiento.com\/blog\/wp-json\/wp\/v2\/noticia-corporativa"}],"about":[{"href":"https:\/\/www.clubdelemprendimiento.com\/blog\/wp-json\/wp\/v2\/types\/noticia-corporativa"}],"wp:featuredmedia":[{"embeddable":true,"href":"https:\/\/www.clubdelemprendimiento.com\/blog\/wp-json\/wp\/v2\/media\/28427"}],"wp:attachment":[{"href":"https:\/\/www.clubdelemprendimiento.com\/blog\/wp-json\/wp\/v2\/media?parent=28426"}],"curies":[{"name":"wp","href":"https:\/\/api.w.org\/{rel}","templated":true}]}}