{"id":28414,"date":"2026-04-21T17:05:08","date_gmt":"2026-04-21T17:05:08","guid":{"rendered":"https:\/\/www.clubdelemprendimiento.com\/blog\/noticia-corporativa\/mallorca-dance-festival-2026-el-baile-deportivo-internacional-en-calvia\/"},"modified":"2026-04-21T17:05:08","modified_gmt":"2026-04-21T17:05:08","slug":"mallorca-dance-festival-2026-el-baile-deportivo-internacional-en-calvia","status":"publish","type":"noticia-corporativa","link":"https:\/\/www.clubdelemprendimiento.com\/blog\/noticia-corporativa\/mallorca-dance-festival-2026-el-baile-deportivo-internacional-en-calvia\/","title":{"rendered":"Mallorca Dance Festival 2026, el baile deportivo internacional en Calvi\u00e0"},"content":{"rendered":"<div>\n<p><a href=\"https:\/\/www.clubdelemprendimiento.com\/blog\/wp-content\/uploads\/2026\/04\/Mallorca_Dance_1.png\" target=\"_blank\" class=\"fotonota\" rel=\"noopener\"> <img decoding=\"async\" src=\"https:\/\/www.clubdelemprendimiento.com\/blog\/wp-content\/uploads\/2026\/04\/Mallorca_Dance_1.png\" style=\"max-width:600px;\" border=\"0\" class=\"postImage\" alt=\"\"><\/a><\/p>\n<p>La cita reunir\u00e1 a m\u00e1s de 1.000 participantes de 35 pa\u00edses y acoger\u00e1 competiciones europeas y mundiales clave dentro del calendario del baile deportivo<\/p>\n<p><\/p>\n<p>Del <strong>30 de abril al 3 de mayo de 2026<\/strong>, el municipio de Calvi\u00e0 acoger\u00e1 la <strong>quinta edici\u00f3n del Mallorca Dance Festival<\/strong>, una cita que se consolida como uno de los eventos m\u00e1s relevantes del <strong>calendario internacional de baile deportivo <\/strong>y que invita tanto a residentes como a visitantes a descubrir un espect\u00e1culo \u00fanico en la isla.<\/p>\n<p>Durante esta edici\u00f3n, que crece hasta los <strong>cuatro d\u00edas de duraci\u00f3n <\/strong>debido al aumento de su relevancia internacional y al elevado n\u00famero de categor\u00edas en competici\u00f3n, el <strong>Pabell\u00f3n Municipal Galatz\u00f3<\/strong> se transformar\u00e1 en un gran escenario dedicado a la danza, reuniendo a <strong>m\u00e1s de 1.000 participantes procedentes de hasta 35 pa\u00edses<\/strong>. Bailarines y bailarinas competir\u00e1n en distintas disciplinas de bailes de sal\u00f3n, tanto en modalidad individual como en pareja, incluyendo estilos est\u00e1ndar y latinos, en un entorno que combinar\u00e1 t\u00e9cnica, emoci\u00f3n y puesta en escena.<\/p>\n<p>El crecimiento del festival ha sido notable en los \u00faltimos a\u00f1os, posicionando a Mallorca como un destino clave dentro del circuito internacional del baile deportivo. De hecho, esta edici\u00f3n situar\u00e1 a Calvi\u00e0 como sede de algunas de las pruebas m\u00e1s destacadas del panorama mundial. El s\u00e1bado se celebrar\u00e1n el <strong><em>Europeo Absoluto Est\u00e1ndar<\/em><\/strong> y el <strong><em>World Open Latino<\/em><\/strong>, una de las competiciones que m\u00e1s puntos otorgan para el <em>ranking<\/em> internacional tras el <em>Grand Slam<\/em> de Baile Deportivo, y en las que ya est\u00e1n inscritas parejas de primer nivel, incluyendo finalistas de campeonatos del mundo, lo que garantiza un espect\u00e1culo de alt\u00edsima calidad.<\/p>\n<p>Adem\u00e1s, el Mallorca Dance Festival ser\u00e1 tambi\u00e9n escenario de importantes citas nacionales y europeas, como el <strong>Campeonato de Espa\u00f1a de Solo 10 Bailes<\/strong> y el <strong><em>Europeo Youth Latino<\/em><\/strong> en categor\u00eda sub-19, consolid\u00e1ndose como una plataforma tanto para la \u00e9lite como para el talento emergente. Durante estos d\u00edas, el pabell\u00f3n se convertir\u00e1 en un aut\u00e9ntico recinto de baile deportivo donde el p\u00fablico podr\u00e1 disfrutar de coreograf\u00edas de gran nivel, vestuarios espectaculares y la energ\u00eda propia de una competici\u00f3n internacional.<\/p>\n<p>M\u00e1s all\u00e1 de la competici\u00f3n, el evento ofrece una experiencia completa donde deporte, arte y espect\u00e1culo se dan la mano, reforzando su proyecci\u00f3n internacional y atrayendo a participantes y visitantes de todo el mundo. La organizaci\u00f3n invita a todos aquellos que quieran vivir de cerca esta disciplina a acercarse y formar parte del ambiente \u00fanico que se genera durante el festival.\u00a0Las entradas ya est\u00e1n disponibles a trav\u00e9s de la web oficial: <a href=\"https:\/\/mallorcadancefestival.com\/entradas\/\" rel=\"nofollow\">https:\/\/mallorcadancefestival.com\/entradas\/<\/a><\/p>\n<p>El evento est\u00e1 cofinanciado con el fondo del Impuesto del Turismo Sostenible del Govern de les Illes Balears y cuenta con el apoyo institucional de la Fundaci\u00f3n Turismo Responsable de Mallorca.<\/p>\n<\/div>\n","protected":false},"featured_media":28415,"template":"","meta":{"_acf_changed":false},"acf":[],"yoast_head":"<!-- This site is optimized with the Yoast SEO plugin v22.7 - https:\/\/yoast.com\/wordpress\/plugins\/seo\/ -->\n<title>Mallorca Dance Festival 2026, el baile deportivo internacional en Calvi\u00e0 - Blog Club del Emprendimiento<\/title>\n<meta name=\"robots\" content=\"index, follow, max-snippet:-1, max-image-preview:large, max-video-preview:-1\" \/>\n<link rel=\"canonical\" href=\"https:\/\/www.clubdelemprendimiento.com\/blog\/noticia-corporativa\/mallorca-dance-festival-2026-el-baile-deportivo-internacional-en-calvia\/\" \/>\n<meta property=\"og:locale\" content=\"es_ES\" \/>\n<meta property=\"og:type\" content=\"article\" \/>\n<meta property=\"og:title\" content=\"Mallorca Dance Festival 2026, el baile deportivo internacional en Calvi\u00e0 - Blog Club del Emprendimiento\" \/>\n<meta property=\"og:description\" content=\"La cita reunir\u00e1 a m\u00e1s de 1.000 participantes de 35 pa\u00edses y acoger\u00e1 competiciones&hellip;\" \/>\n<meta property=\"og:url\" content=\"https:\/\/www.clubdelemprendimiento.com\/blog\/noticia-corporativa\/mallorca-dance-festival-2026-el-baile-deportivo-internacional-en-calvia\/\" \/>\n<meta property=\"og:site_name\" content=\"Blog Club del Emprendimiento\" \/>\n<meta property=\"og:image\" content=\"https:\/\/www.clubdelemprendimiento.com\/blog\/wp-content\/uploads\/2026\/04\/Mallorca_Dance_1.png\" \/>\n<meta name=\"twitter:card\" content=\"summary_large_image\" \/>\n<meta name=\"twitter:label1\" content=\"Tiempo de lectura\" \/>\n\t<meta name=\"twitter:data1\" content=\"2 minutos\" \/>\n<script type=\"application\/ld+json\" class=\"yoast-schema-graph\">{\"@context\":\"https:\/\/schema.org\",\"@graph\":[{\"@type\":\"WebPage\",\"@id\":\"https:\/\/www.clubdelemprendimiento.com\/blog\/noticia-corporativa\/mallorca-dance-festival-2026-el-baile-deportivo-internacional-en-calvia\/\",\"url\":\"https:\/\/www.clubdelemprendimiento.com\/blog\/noticia-corporativa\/mallorca-dance-festival-2026-el-baile-deportivo-internacional-en-calvia\/\",\"name\":\"Mallorca Dance Festival 2026, el baile deportivo internacional en Calvi\u00e0 - Blog Club del Emprendimiento\",\"isPartOf\":{\"@id\":\"https:\/\/www.clubdelemprendimiento.com\/blog\/#website\"},\"primaryImageOfPage\":{\"@id\":\"https:\/\/www.clubdelemprendimiento.com\/blog\/noticia-corporativa\/mallorca-dance-festival-2026-el-baile-deportivo-internacional-en-calvia\/#primaryimage\"},\"image\":{\"@id\":\"https:\/\/www.clubdelemprendimiento.com\/blog\/noticia-corporativa\/mallorca-dance-festival-2026-el-baile-deportivo-internacional-en-calvia\/#primaryimage\"},\"thumbnailUrl\":\"https:\/\/www.clubdelemprendimiento.com\/blog\/wp-content\/uploads\/2026\/04\/Mallorca_Dance_1.png\",\"datePublished\":\"2026-04-21T17:05:08+00:00\",\"dateModified\":\"2026-04-21T17:05:08+00:00\",\"breadcrumb\":{\"@id\":\"https:\/\/www.clubdelemprendimiento.com\/blog\/noticia-corporativa\/mallorca-dance-festival-2026-el-baile-deportivo-internacional-en-calvia\/#breadcrumb\"},\"inLanguage\":\"es\",\"potentialAction\":[{\"@type\":\"ReadAction\",\"target\":[\"https:\/\/www.clubdelemprendimiento.com\/blog\/noticia-corporativa\/mallorca-dance-festival-2026-el-baile-deportivo-internacional-en-calvia\/\"]}]},{\"@type\":\"ImageObject\",\"inLanguage\":\"es\",\"@id\":\"https:\/\/www.clubdelemprendimiento.com\/blog\/noticia-corporativa\/mallorca-dance-festival-2026-el-baile-deportivo-internacional-en-calvia\/#primaryimage\",\"url\":\"https:\/\/www.clubdelemprendimiento.com\/blog\/wp-content\/uploads\/2026\/04\/Mallorca_Dance_1.png\",\"contentUrl\":\"https:\/\/www.clubdelemprendimiento.com\/blog\/wp-content\/uploads\/2026\/04\/Mallorca_Dance_1.png\",\"width\":1920,\"height\":1080},{\"@type\":\"BreadcrumbList\",\"@id\":\"https:\/\/www.clubdelemprendimiento.com\/blog\/noticia-corporativa\/mallorca-dance-festival-2026-el-baile-deportivo-internacional-en-calvia\/#breadcrumb\",\"itemListElement\":[{\"@type\":\"ListItem\",\"position\":1,\"name\":\"Home\",\"item\":\"https:\/\/www.clubdelemprendimiento.com\/blog\/\"},{\"@type\":\"ListItem\",\"position\":2,\"name\":\"Noticias Corporativas\",\"item\":\"https:\/\/www.clubdelemprendimiento.com\/blog\/noticias-corporativas\/\"},{\"@type\":\"ListItem\",\"position\":3,\"name\":\"Mallorca Dance Festival 2026, el baile deportivo internacional en Calvi\u00e0\"}]},{\"@type\":\"WebSite\",\"@id\":\"https:\/\/www.clubdelemprendimiento.com\/blog\/#website\",\"url\":\"https:\/\/www.clubdelemprendimiento.com\/blog\/\",\"name\":\"Blog Club del Emprendimiento\",\"description\":\"\",\"potentialAction\":[{\"@type\":\"SearchAction\",\"target\":{\"@type\":\"EntryPoint\",\"urlTemplate\":\"https:\/\/www.clubdelemprendimiento.com\/blog\/?s={search_term_string}\"},\"query-input\":\"required name=search_term_string\"}],\"inLanguage\":\"es\"}]}<\/script>\n<!-- \/ Yoast SEO plugin. -->","yoast_head_json":{"title":"Mallorca Dance Festival 2026, el baile deportivo internacional en Calvi\u00e0 - Blog Club del Emprendimiento","robots":{"index":"index","follow":"follow","max-snippet":"max-snippet:-1","max-image-preview":"max-image-preview:large","max-video-preview":"max-video-preview:-1"},"canonical":"https:\/\/www.clubdelemprendimiento.com\/blog\/noticia-corporativa\/mallorca-dance-festival-2026-el-baile-deportivo-internacional-en-calvia\/","og_locale":"es_ES","og_type":"article","og_title":"Mallorca Dance Festival 2026, el baile deportivo internacional en Calvi\u00e0 - Blog Club del Emprendimiento","og_description":"La cita reunir\u00e1 a m\u00e1s de 1.000 participantes de 35 pa\u00edses y acoger\u00e1 competiciones&hellip;","og_url":"https:\/\/www.clubdelemprendimiento.com\/blog\/noticia-corporativa\/mallorca-dance-festival-2026-el-baile-deportivo-internacional-en-calvia\/","og_site_name":"Blog Club del Emprendimiento","og_image":[{"url":"https:\/\/www.clubdelemprendimiento.com\/blog\/wp-content\/uploads\/2026\/04\/Mallorca_Dance_1.png"}],"twitter_card":"summary_large_image","twitter_misc":{"Tiempo de lectura":"2 minutos"},"schema":{"@context":"https:\/\/schema.org","@graph":[{"@type":"WebPage","@id":"https:\/\/www.clubdelemprendimiento.com\/blog\/noticia-corporativa\/mallorca-dance-festival-2026-el-baile-deportivo-internacional-en-calvia\/","url":"https:\/\/www.clubdelemprendimiento.com\/blog\/noticia-corporativa\/mallorca-dance-festival-2026-el-baile-deportivo-internacional-en-calvia\/","name":"Mallorca Dance Festival 2026, el baile deportivo internacional en Calvi\u00e0 - Blog Club del Emprendimiento","isPartOf":{"@id":"https:\/\/www.clubdelemprendimiento.com\/blog\/#website"},"primaryImageOfPage":{"@id":"https:\/\/www.clubdelemprendimiento.com\/blog\/noticia-corporativa\/mallorca-dance-festival-2026-el-baile-deportivo-internacional-en-calvia\/#primaryimage"},"image":{"@id":"https:\/\/www.clubdelemprendimiento.com\/blog\/noticia-corporativa\/mallorca-dance-festival-2026-el-baile-deportivo-internacional-en-calvia\/#primaryimage"},"thumbnailUrl":"https:\/\/www.clubdelemprendimiento.com\/blog\/wp-content\/uploads\/2026\/04\/Mallorca_Dance_1.png","datePublished":"2026-04-21T17:05:08+00:00","dateModified":"2026-04-21T17:05:08+00:00","breadcrumb":{"@id":"https:\/\/www.clubdelemprendimiento.com\/blog\/noticia-corporativa\/mallorca-dance-festival-2026-el-baile-deportivo-internacional-en-calvia\/#breadcrumb"},"inLanguage":"es","potentialAction":[{"@type":"ReadAction","target":["https:\/\/www.clubdelemprendimiento.com\/blog\/noticia-corporativa\/mallorca-dance-festival-2026-el-baile-deportivo-internacional-en-calvia\/"]}]},{"@type":"ImageObject","inLanguage":"es","@id":"https:\/\/www.clubdelemprendimiento.com\/blog\/noticia-corporativa\/mallorca-dance-festival-2026-el-baile-deportivo-internacional-en-calvia\/#primaryimage","url":"https:\/\/www.clubdelemprendimiento.com\/blog\/wp-content\/uploads\/2026\/04\/Mallorca_Dance_1.png","contentUrl":"https:\/\/www.clubdelemprendimiento.com\/blog\/wp-content\/uploads\/2026\/04\/Mallorca_Dance_1.png","width":1920,"height":1080},{"@type":"BreadcrumbList","@id":"https:\/\/www.clubdelemprendimiento.com\/blog\/noticia-corporativa\/mallorca-dance-festival-2026-el-baile-deportivo-internacional-en-calvia\/#breadcrumb","itemListElement":[{"@type":"ListItem","position":1,"name":"Home","item":"https:\/\/www.clubdelemprendimiento.com\/blog\/"},{"@type":"ListItem","position":2,"name":"Noticias Corporativas","item":"https:\/\/www.clubdelemprendimiento.com\/blog\/noticias-corporativas\/"},{"@type":"ListItem","position":3,"name":"Mallorca Dance Festival 2026, el baile deportivo internacional en Calvi\u00e0"}]},{"@type":"WebSite","@id":"https:\/\/www.clubdelemprendimiento.com\/blog\/#website","url":"https:\/\/www.clubdelemprendimiento.com\/blog\/","name":"Blog Club del Emprendimiento","description":"","potentialAction":[{"@type":"SearchAction","target":{"@type":"EntryPoint","urlTemplate":"https:\/\/www.clubdelemprendimiento.com\/blog\/?s={search_term_string}"},"query-input":"required name=search_term_string"}],"inLanguage":"es"}]}},"_links":{"self":[{"href":"https:\/\/www.clubdelemprendimiento.com\/blog\/wp-json\/wp\/v2\/noticia-corporativa\/28414"}],"collection":[{"href":"https:\/\/www.clubdelemprendimiento.com\/blog\/wp-json\/wp\/v2\/noticia-corporativa"}],"about":[{"href":"https:\/\/www.clubdelemprendimiento.com\/blog\/wp-json\/wp\/v2\/types\/noticia-corporativa"}],"wp:featuredmedia":[{"embeddable":true,"href":"https:\/\/www.clubdelemprendimiento.com\/blog\/wp-json\/wp\/v2\/media\/28415"}],"wp:attachment":[{"href":"https:\/\/www.clubdelemprendimiento.com\/blog\/wp-json\/wp\/v2\/media?parent=28414"}],"curies":[{"name":"wp","href":"https:\/\/api.w.org\/{rel}","templated":true}]}}