{"id":28406,"date":"2026-04-21T13:04:39","date_gmt":"2026-04-21T13:04:39","guid":{"rendered":"https:\/\/www.clubdelemprendimiento.com\/blog\/noticia-corporativa\/ok-mobility-y-el-rcd-mallorca-celebran-la-finalizacion-de-una-decada-de-patrocinio-conjunto\/"},"modified":"2026-04-21T13:04:39","modified_gmt":"2026-04-21T13:04:39","slug":"ok-mobility-y-el-rcd-mallorca-celebran-la-finalizacion-de-una-decada-de-patrocinio-conjunto","status":"publish","type":"noticia-corporativa","link":"https:\/\/www.clubdelemprendimiento.com\/blog\/noticia-corporativa\/ok-mobility-y-el-rcd-mallorca-celebran-la-finalizacion-de-una-decada-de-patrocinio-conjunto\/","title":{"rendered":"OK Mobility y el RCD Mallorca celebran la finalizaci\u00f3n de una d\u00e9cada de patrocinio conjunto"},"content":{"rendered":"<div>\n<p><a href=\"https:\/\/www.clubdelemprendimiento.com\/blog\/wp-content\/uploads\/2026\/04\/Othman_Ktiri_Presidente_Ejecutivo_y_Fundador_OK_Mobility_Alfonso_Daz_CEO_Corporativo_RCD_Mallorca_1.jpg\" target=\"_blank\" class=\"fotonota\" rel=\"noopener\"> <img decoding=\"async\" src=\"https:\/\/www.clubdelemprendimiento.com\/blog\/wp-content\/uploads\/2026\/04\/Othman_Ktiri_Presidente_Ejecutivo_y_Fundador_OK_Mobility_Alfonso_Daz_CEO_Corporativo_RCD_Mallorca_1.jpg\" style=\"max-width:600px;\" border=\"0\" class=\"postImage\" alt=\"\"><\/a><\/p>\n<p>La plataforma de movilidad global pone fin a un ciclo de 10 a\u00f1os y finaliza su colaboraci\u00f3n con el club bermell\u00f3n. De esta forma, ambas entidades cierran una etapa que comenz\u00f3 en 2017 y en la que se han alcanzado los objetivos estrat\u00e9gicos definidos<\/p>\n<p><\/p>\n<p><strong>OK Mobility<\/strong> y el<strong> RCD Mallorca <\/strong>celebran la finalizaci\u00f3n de su<strong> relaci\u00f3n de patrocinio<\/strong> al t\u00e9rmino de la presente temporada, cerrando as\u00ed una <strong>etapa de casi diez a\u00f1os<\/strong>. De esta manera, ambas entidades completan un ciclo que comenz\u00f3 en 2017 y en el que se han alcanzado los objetivos estrat\u00e9gicos establecidos al inicio del acuerdo.<\/p>\n<p>Durante este tiempo, OK Mobility ha sido uno de los<strong> principales patrocinadores del club<\/strong>, acompa\u00f1ando al RCD Mallorca dentro y fuera del campo a lo largo de<strong> nueve temporadas consecutivas<\/strong>. La compa\u00f1\u00eda ha facilitado la<strong> movilidad de jugadores y cuerpo directivo<\/strong>, adem\u00e1s de contar con una<strong> presencia continuada en la manga de la camiseta del primer equipo<\/strong>, formando parte ya de la historia reciente del club y de su afici\u00f3n.<\/p>\n<p>M\u00e1s all\u00e1 del \u00e1mbito deportivo, esta alianza ha estado marcada por una profunda conexi\u00f3n basada en <strong>valores compartidos<\/strong> como el esfuerzo, la superaci\u00f3n, la resiliencia y el compromiso con la tierra que los vio nacer. A lo largo de estos a\u00f1os, la colaboraci\u00f3n ha permitido a <strong>OK Mobility<\/strong>\u00a0reforzar su <strong>v\u00ednculo con la sociedad mallorquina<\/strong>, acercando la marca a los habitantes de la isla y consolidando una relaci\u00f3n basada en la cercan\u00eda, la confianza y el sentimiento de pertenencia.<\/p>\n<p><strong>Othman Ktiri<\/strong>, Presidente Ejecutivo\u00a0y Fundador de OK Mobility, ha compartido que: \u00abEl inicio de este camino juntos naci\u00f3 de un <strong>firme compromiso con la sociedad mallorquina<\/strong>. Desde entonces, nuestra marca ha estado presente en cada etapa del club. Para nosotros ha sido un<strong> verdadero orgullo formar parte de esta historia y sentirnos identificados con el mallorquinismo<\/strong> y con los<strong> valores<\/strong> que representa el RCD Mallorca\u00bb.<\/p>\n<p>\u00abSi tuviera que definir este cierre de ciclo, lo resumir\u00eda en una idea clara: <strong>misi\u00f3n cumplida<\/strong>. Nos vamos con la satisfacci\u00f3n de haber hecho los deberes, tanto a nivel social como de comunicaci\u00f3n, acompa\u00f1ando al club en momentos clave: desde el descenso a Segunda Divisi\u00f3n B hasta los ascensos a Primera Divisi\u00f3n y la final de la Copa del Rey\u00bb, a\u00f1ade Ktiri.<\/p>\n<p>Por su parte, <strong>Alfonso D\u00edaz<\/strong>, CEO Corporativo del RCD Mallorca, ha afirmado que: \u00abHan sido casi diez a\u00f1os de<strong> aprendizajes constantes junto a OK Mobility<\/strong>, en los que hemos compartido retos, \u00e9xitos y una <strong>evoluci\u00f3n muy significativa para ambas partes<\/strong>. Hemos crecido juntos, conectando con la isla y con su gente de una forma que va mucho m\u00e1s all\u00e1 del patrocinio. Nos sentimos\u00a0<strong>profundamente agradecidos por todo lo vivido durante este camino<\/strong>\u00ab.<\/p>\n<p>La relaci\u00f3n tambi\u00e9n ha trascendido el \u00e1mbito deportivo, generando sinergias en el entorno empresarial y social. OK Mobility ha formado parte del <strong>RCD Mallorca Business Club<\/strong>, ha colaborado con la <strong>Fundaci\u00f3 Reial Mallorca<\/strong> en distintas iniciativas sociales, contribuyendo activamente al impacto positivo del club en la comunidad, y cuenta con uno de sus capitanes, <strong>Abd\u00f3n Prats<\/strong>, como embajador de marca.<\/p>\n<\/div>\n","protected":false},"featured_media":28407,"template":"","meta":{"_acf_changed":false},"acf":[],"yoast_head":"<!-- This site is optimized with the Yoast SEO plugin v22.7 - https:\/\/yoast.com\/wordpress\/plugins\/seo\/ -->\n<title>OK Mobility y el RCD Mallorca celebran la finalizaci\u00f3n de una d\u00e9cada de patrocinio conjunto - Blog Club del Emprendimiento<\/title>\n<meta name=\"robots\" content=\"index, follow, max-snippet:-1, max-image-preview:large, max-video-preview:-1\" \/>\n<link rel=\"canonical\" href=\"https:\/\/www.clubdelemprendimiento.com\/blog\/noticia-corporativa\/ok-mobility-y-el-rcd-mallorca-celebran-la-finalizacion-de-una-decada-de-patrocinio-conjunto\/\" \/>\n<meta property=\"og:locale\" content=\"es_ES\" \/>\n<meta property=\"og:type\" content=\"article\" \/>\n<meta property=\"og:title\" content=\"OK Mobility y el RCD Mallorca celebran la finalizaci\u00f3n de una d\u00e9cada de patrocinio conjunto - Blog Club del Emprendimiento\" \/>\n<meta property=\"og:description\" content=\"La plataforma de movilidad global pone fin a un ciclo de 10 a\u00f1os y&hellip;\" \/>\n<meta property=\"og:url\" content=\"https:\/\/www.clubdelemprendimiento.com\/blog\/noticia-corporativa\/ok-mobility-y-el-rcd-mallorca-celebran-la-finalizacion-de-una-decada-de-patrocinio-conjunto\/\" \/>\n<meta property=\"og:site_name\" content=\"Blog Club del Emprendimiento\" \/>\n<meta property=\"og:image\" content=\"https:\/\/www.clubdelemprendimiento.com\/blog\/wp-content\/uploads\/2026\/04\/Othman_Ktiri_Presidente_Ejecutivo_y_Fundador_OK_Mobility_Alfonso_Daz_CEO_Corporativo_RCD_Mallorca_1.jpg\" \/>\n<meta name=\"twitter:card\" content=\"summary_large_image\" \/>\n<meta name=\"twitter:label1\" content=\"Tiempo de lectura\" \/>\n\t<meta name=\"twitter:data1\" content=\"3 minutos\" \/>\n<script type=\"application\/ld+json\" class=\"yoast-schema-graph\">{\"@context\":\"https:\/\/schema.org\",\"@graph\":[{\"@type\":\"WebPage\",\"@id\":\"https:\/\/www.clubdelemprendimiento.com\/blog\/noticia-corporativa\/ok-mobility-y-el-rcd-mallorca-celebran-la-finalizacion-de-una-decada-de-patrocinio-conjunto\/\",\"url\":\"https:\/\/www.clubdelemprendimiento.com\/blog\/noticia-corporativa\/ok-mobility-y-el-rcd-mallorca-celebran-la-finalizacion-de-una-decada-de-patrocinio-conjunto\/\",\"name\":\"OK Mobility y el RCD Mallorca celebran la finalizaci\u00f3n de una d\u00e9cada de patrocinio conjunto - Blog Club del Emprendimiento\",\"isPartOf\":{\"@id\":\"https:\/\/www.clubdelemprendimiento.com\/blog\/#website\"},\"primaryImageOfPage\":{\"@id\":\"https:\/\/www.clubdelemprendimiento.com\/blog\/noticia-corporativa\/ok-mobility-y-el-rcd-mallorca-celebran-la-finalizacion-de-una-decada-de-patrocinio-conjunto\/#primaryimage\"},\"image\":{\"@id\":\"https:\/\/www.clubdelemprendimiento.com\/blog\/noticia-corporativa\/ok-mobility-y-el-rcd-mallorca-celebran-la-finalizacion-de-una-decada-de-patrocinio-conjunto\/#primaryimage\"},\"thumbnailUrl\":\"https:\/\/www.clubdelemprendimiento.com\/blog\/wp-content\/uploads\/2026\/04\/Othman_Ktiri_Presidente_Ejecutivo_y_Fundador_OK_Mobility_Alfonso_Daz_CEO_Corporativo_RCD_Mallorca_1-scaled.jpg\",\"datePublished\":\"2026-04-21T13:04:39+00:00\",\"dateModified\":\"2026-04-21T13:04:39+00:00\",\"breadcrumb\":{\"@id\":\"https:\/\/www.clubdelemprendimiento.com\/blog\/noticia-corporativa\/ok-mobility-y-el-rcd-mallorca-celebran-la-finalizacion-de-una-decada-de-patrocinio-conjunto\/#breadcrumb\"},\"inLanguage\":\"es\",\"potentialAction\":[{\"@type\":\"ReadAction\",\"target\":[\"https:\/\/www.clubdelemprendimiento.com\/blog\/noticia-corporativa\/ok-mobility-y-el-rcd-mallorca-celebran-la-finalizacion-de-una-decada-de-patrocinio-conjunto\/\"]}]},{\"@type\":\"ImageObject\",\"inLanguage\":\"es\",\"@id\":\"https:\/\/www.clubdelemprendimiento.com\/blog\/noticia-corporativa\/ok-mobility-y-el-rcd-mallorca-celebran-la-finalizacion-de-una-decada-de-patrocinio-conjunto\/#primaryimage\",\"url\":\"https:\/\/www.clubdelemprendimiento.com\/blog\/wp-content\/uploads\/2026\/04\/Othman_Ktiri_Presidente_Ejecutivo_y_Fundador_OK_Mobility_Alfonso_Daz_CEO_Corporativo_RCD_Mallorca_1-scaled.jpg\",\"contentUrl\":\"https:\/\/www.clubdelemprendimiento.com\/blog\/wp-content\/uploads\/2026\/04\/Othman_Ktiri_Presidente_Ejecutivo_y_Fundador_OK_Mobility_Alfonso_Daz_CEO_Corporativo_RCD_Mallorca_1-scaled.jpg\",\"width\":2560,\"height\":1820},{\"@type\":\"BreadcrumbList\",\"@id\":\"https:\/\/www.clubdelemprendimiento.com\/blog\/noticia-corporativa\/ok-mobility-y-el-rcd-mallorca-celebran-la-finalizacion-de-una-decada-de-patrocinio-conjunto\/#breadcrumb\",\"itemListElement\":[{\"@type\":\"ListItem\",\"position\":1,\"name\":\"Home\",\"item\":\"https:\/\/www.clubdelemprendimiento.com\/blog\/\"},{\"@type\":\"ListItem\",\"position\":2,\"name\":\"Noticias Corporativas\",\"item\":\"https:\/\/www.clubdelemprendimiento.com\/blog\/noticias-corporativas\/\"},{\"@type\":\"ListItem\",\"position\":3,\"name\":\"OK Mobility y el RCD Mallorca celebran la finalizaci\u00f3n de una d\u00e9cada de patrocinio conjunto\"}]},{\"@type\":\"WebSite\",\"@id\":\"https:\/\/www.clubdelemprendimiento.com\/blog\/#website\",\"url\":\"https:\/\/www.clubdelemprendimiento.com\/blog\/\",\"name\":\"Blog Club del Emprendimiento\",\"description\":\"\",\"potentialAction\":[{\"@type\":\"SearchAction\",\"target\":{\"@type\":\"EntryPoint\",\"urlTemplate\":\"https:\/\/www.clubdelemprendimiento.com\/blog\/?s={search_term_string}\"},\"query-input\":\"required name=search_term_string\"}],\"inLanguage\":\"es\"}]}<\/script>\n<!-- \/ Yoast SEO plugin. -->","yoast_head_json":{"title":"OK Mobility y el RCD Mallorca celebran la finalizaci\u00f3n de una d\u00e9cada de patrocinio conjunto - Blog Club del Emprendimiento","robots":{"index":"index","follow":"follow","max-snippet":"max-snippet:-1","max-image-preview":"max-image-preview:large","max-video-preview":"max-video-preview:-1"},"canonical":"https:\/\/www.clubdelemprendimiento.com\/blog\/noticia-corporativa\/ok-mobility-y-el-rcd-mallorca-celebran-la-finalizacion-de-una-decada-de-patrocinio-conjunto\/","og_locale":"es_ES","og_type":"article","og_title":"OK Mobility y el RCD Mallorca celebran la finalizaci\u00f3n de una d\u00e9cada de patrocinio conjunto - Blog Club del Emprendimiento","og_description":"La plataforma de movilidad global pone fin a un ciclo de 10 a\u00f1os y&hellip;","og_url":"https:\/\/www.clubdelemprendimiento.com\/blog\/noticia-corporativa\/ok-mobility-y-el-rcd-mallorca-celebran-la-finalizacion-de-una-decada-de-patrocinio-conjunto\/","og_site_name":"Blog Club del Emprendimiento","og_image":[{"url":"https:\/\/www.clubdelemprendimiento.com\/blog\/wp-content\/uploads\/2026\/04\/Othman_Ktiri_Presidente_Ejecutivo_y_Fundador_OK_Mobility_Alfonso_Daz_CEO_Corporativo_RCD_Mallorca_1.jpg"}],"twitter_card":"summary_large_image","twitter_misc":{"Tiempo de lectura":"3 minutos"},"schema":{"@context":"https:\/\/schema.org","@graph":[{"@type":"WebPage","@id":"https:\/\/www.clubdelemprendimiento.com\/blog\/noticia-corporativa\/ok-mobility-y-el-rcd-mallorca-celebran-la-finalizacion-de-una-decada-de-patrocinio-conjunto\/","url":"https:\/\/www.clubdelemprendimiento.com\/blog\/noticia-corporativa\/ok-mobility-y-el-rcd-mallorca-celebran-la-finalizacion-de-una-decada-de-patrocinio-conjunto\/","name":"OK Mobility y el RCD Mallorca celebran la finalizaci\u00f3n de una d\u00e9cada de patrocinio conjunto - Blog Club del Emprendimiento","isPartOf":{"@id":"https:\/\/www.clubdelemprendimiento.com\/blog\/#website"},"primaryImageOfPage":{"@id":"https:\/\/www.clubdelemprendimiento.com\/blog\/noticia-corporativa\/ok-mobility-y-el-rcd-mallorca-celebran-la-finalizacion-de-una-decada-de-patrocinio-conjunto\/#primaryimage"},"image":{"@id":"https:\/\/www.clubdelemprendimiento.com\/blog\/noticia-corporativa\/ok-mobility-y-el-rcd-mallorca-celebran-la-finalizacion-de-una-decada-de-patrocinio-conjunto\/#primaryimage"},"thumbnailUrl":"https:\/\/www.clubdelemprendimiento.com\/blog\/wp-content\/uploads\/2026\/04\/Othman_Ktiri_Presidente_Ejecutivo_y_Fundador_OK_Mobility_Alfonso_Daz_CEO_Corporativo_RCD_Mallorca_1-scaled.jpg","datePublished":"2026-04-21T13:04:39+00:00","dateModified":"2026-04-21T13:04:39+00:00","breadcrumb":{"@id":"https:\/\/www.clubdelemprendimiento.com\/blog\/noticia-corporativa\/ok-mobility-y-el-rcd-mallorca-celebran-la-finalizacion-de-una-decada-de-patrocinio-conjunto\/#breadcrumb"},"inLanguage":"es","potentialAction":[{"@type":"ReadAction","target":["https:\/\/www.clubdelemprendimiento.com\/blog\/noticia-corporativa\/ok-mobility-y-el-rcd-mallorca-celebran-la-finalizacion-de-una-decada-de-patrocinio-conjunto\/"]}]},{"@type":"ImageObject","inLanguage":"es","@id":"https:\/\/www.clubdelemprendimiento.com\/blog\/noticia-corporativa\/ok-mobility-y-el-rcd-mallorca-celebran-la-finalizacion-de-una-decada-de-patrocinio-conjunto\/#primaryimage","url":"https:\/\/www.clubdelemprendimiento.com\/blog\/wp-content\/uploads\/2026\/04\/Othman_Ktiri_Presidente_Ejecutivo_y_Fundador_OK_Mobility_Alfonso_Daz_CEO_Corporativo_RCD_Mallorca_1-scaled.jpg","contentUrl":"https:\/\/www.clubdelemprendimiento.com\/blog\/wp-content\/uploads\/2026\/04\/Othman_Ktiri_Presidente_Ejecutivo_y_Fundador_OK_Mobility_Alfonso_Daz_CEO_Corporativo_RCD_Mallorca_1-scaled.jpg","width":2560,"height":1820},{"@type":"BreadcrumbList","@id":"https:\/\/www.clubdelemprendimiento.com\/blog\/noticia-corporativa\/ok-mobility-y-el-rcd-mallorca-celebran-la-finalizacion-de-una-decada-de-patrocinio-conjunto\/#breadcrumb","itemListElement":[{"@type":"ListItem","position":1,"name":"Home","item":"https:\/\/www.clubdelemprendimiento.com\/blog\/"},{"@type":"ListItem","position":2,"name":"Noticias Corporativas","item":"https:\/\/www.clubdelemprendimiento.com\/blog\/noticias-corporativas\/"},{"@type":"ListItem","position":3,"name":"OK Mobility y el RCD Mallorca celebran la finalizaci\u00f3n de una d\u00e9cada de patrocinio conjunto"}]},{"@type":"WebSite","@id":"https:\/\/www.clubdelemprendimiento.com\/blog\/#website","url":"https:\/\/www.clubdelemprendimiento.com\/blog\/","name":"Blog Club del Emprendimiento","description":"","potentialAction":[{"@type":"SearchAction","target":{"@type":"EntryPoint","urlTemplate":"https:\/\/www.clubdelemprendimiento.com\/blog\/?s={search_term_string}"},"query-input":"required name=search_term_string"}],"inLanguage":"es"}]}},"_links":{"self":[{"href":"https:\/\/www.clubdelemprendimiento.com\/blog\/wp-json\/wp\/v2\/noticia-corporativa\/28406"}],"collection":[{"href":"https:\/\/www.clubdelemprendimiento.com\/blog\/wp-json\/wp\/v2\/noticia-corporativa"}],"about":[{"href":"https:\/\/www.clubdelemprendimiento.com\/blog\/wp-json\/wp\/v2\/types\/noticia-corporativa"}],"wp:featuredmedia":[{"embeddable":true,"href":"https:\/\/www.clubdelemprendimiento.com\/blog\/wp-json\/wp\/v2\/media\/28407"}],"wp:attachment":[{"href":"https:\/\/www.clubdelemprendimiento.com\/blog\/wp-json\/wp\/v2\/media?parent=28406"}],"curies":[{"name":"wp","href":"https:\/\/api.w.org\/{rel}","templated":true}]}}