{"id":28404,"date":"2026-04-21T13:04:38","date_gmt":"2026-04-21T13:04:38","guid":{"rendered":"https:\/\/www.clubdelemprendimiento.com\/blog\/noticia-corporativa\/reden-cierra-una-refinanciacion-paneuropea-de-1-100-millones-para-impulsar-su-crecimiento\/"},"modified":"2026-04-21T13:04:38","modified_gmt":"2026-04-21T13:04:38","slug":"reden-cierra-una-refinanciacion-paneuropea-de-1-100-millones-para-impulsar-su-crecimiento","status":"publish","type":"noticia-corporativa","link":"https:\/\/www.clubdelemprendimiento.com\/blog\/noticia-corporativa\/reden-cierra-una-refinanciacion-paneuropea-de-1-100-millones-para-impulsar-su-crecimiento\/","title":{"rendered":"REDEN cierra una refinanciaci\u00f3n paneuropea de 1.100 millones para impulsar su crecimiento"},"content":{"rendered":"<div>\n<p><a href=\"https:\/\/www.clubdelemprendimiento.com\/blog\/wp-content\/uploads\/2026\/04\/SP_A_Campo_GMP_1_REDEN_droite.jpg\" target=\"_blank\" class=\"fotonota\" rel=\"noopener\"> <img decoding=\"async\" src=\"https:\/\/www.clubdelemprendimiento.com\/blog\/wp-content\/uploads\/2026\/04\/SP_A_Campo_GMP_1_REDEN_droite.jpg\" style=\"max-width:600px;\" border=\"0\" class=\"postImage\" alt=\"\"><\/a><\/p>\n<p>Respaldada por un grupo diversificado de entidades bancarias colaboradoras de larga trayectoria, REDEN ha cerrado una refinanciaci\u00f3n paneuropea de 1.100 millones de euros<\/p>\n<p><\/p>\n<p>REDEN, promotor, propietario y operador internacional de proyectos fotovoltaicos y de almacenamiento de energ\u00eda, anuncia el cierre de una refinanciaci\u00f3n de plataforma paneuropea por un importe aproximado de 1.100 millones de euros, garantizada por los activos operativos y en construcci\u00f3n del Grupo en Europa. Esta operaci\u00f3n supone un nuevo hito en el crecimiento de REDEN, al permitir un marco de financiaci\u00f3n m\u00e1s \u00e1gil y flexible para respaldar la expansi\u00f3n a corto plazo de su cartera de activos solares y de almacenamiento de energ\u00eda en operaci\u00f3n.<\/p>\n<p>La financiaci\u00f3n de la plataforma cuenta con el respaldo de un sindicato bancario diversificado formado por m\u00e1s de diez entidades, entre ellas entidades con relaciones financieras hist\u00f3ricas con REDEN .<\/p>\n<p>REDEN fue aconsejado por DC Advisory como asesor financiero principal, as\u00ed como por CACIB y Natixis como coasesores. El asesoramiento legal corri\u00f3 a cargo de A&amp;O Shearman. Latham &amp; Watkins actu\u00f3 como asesor legal de los prestamistas.<\/p>\n<p><strong>Frank Demaille, Chief Executive Officer de REDEN Group<\/strong>, ha se\u00f1alado: \u00abEsta refinanciaci\u00f3n marca un nuevo ritmo en el crecimiento de REDEN. Al simplificar nuestra estructura financiera y establecer una plataforma paneuropea que cubre nuestros activos en operaci\u00f3n, reforzamos nuestra capacidad para ejecutar nuestra estrategia con enfoque y agilidad, al tiempo que impulsamos nuestra contribuci\u00f3n a un sistema energ\u00e9tico europeo m\u00e1s resiliente y bajo en carbono\u00bb.<\/p>\n<p><strong>Sobre el Grupo REDEN<\/strong><br \/>\nREDEN es un productor independiente de energ\u00eda renovable fotovoltaica, centrado en el desarrollo, construcci\u00f3n y operaci\u00f3n de plantas solares fotovoltaicas y soluciones de almacenamiento de energ\u00eda en Francia, Espa\u00f1a, Portugal, Grecia, Italia, Alemania, M\u00e9xico, Puerto Rico y Chile.<\/p>\n<p>Fundada en 2008 y con sede en el suroeste de Francia, REDEN cuenta con 1,1 GW de capacidad instalada. La compa\u00f1\u00eda ha experimentado un crecimiento constante desde su creaci\u00f3n y emplea a m\u00e1s de 275 personas. Sus valores fundamentales \u2014benevolencia, \u00e9tica, compromiso y profesionalidad\u2014 impulsan su desempe\u00f1o a largo plazo.<\/p>\n<p>Las soluciones de REDEN incluyen plantas fotovoltaicas en suelo, proyectos agrovoltaicos para ganader\u00eda y cultivos, p\u00e9rgolas e invernaderos agrovoltaicos, marquesinas fotovoltaicas para aparcamientos y cubiertas solares, as\u00ed como almacenamiento energ\u00e9tico en configuraciones independientes e h\u00edbridas.<\/p>\n<p>Desde julio de 2022, REDEN cuenta con el respaldo para su crecimiento de un consorcio con visi\u00f3n a largo plazo formado por Macquarie Asset Management (MAM), British Columbia Investment Management Corporation (BCI) y MEAG MUNICH ERGO AssetManagement GmbH (MEAG).<\/p>\n<p><strong>Sobre REDEN Solar Iberia<\/strong><br \/>\nPresente en Espa\u00f1a desde 2011 y en Portugal desde 2018, REDEN Solar Iberia cuenta con un equipo de 23 profesionales. La compa\u00f1\u00eda gestiona aproximadamente 150 MW de plantas fotovoltaicas en operaci\u00f3n, adem\u00e1s de numerosos proyectos en distintas fases de desarrollo.<\/p>\n<p>Para m\u00e1s informaci\u00f3n, visitar\u00a0<a href=\"https:\/\/reden.solar\/es\" rel=\"nofollow\">https:\/\/reden.solar\/es<\/a>.<\/p>\n<\/div>\n","protected":false},"featured_media":28405,"template":"","meta":{"_acf_changed":false},"acf":[],"yoast_head":"<!-- This site is optimized with the Yoast SEO plugin v22.7 - https:\/\/yoast.com\/wordpress\/plugins\/seo\/ -->\n<title>REDEN cierra una refinanciaci\u00f3n paneuropea de 1.100 millones para impulsar su crecimiento - Blog Club del Emprendimiento<\/title>\n<meta name=\"robots\" content=\"index, follow, max-snippet:-1, max-image-preview:large, max-video-preview:-1\" \/>\n<link rel=\"canonical\" href=\"https:\/\/www.clubdelemprendimiento.com\/blog\/noticia-corporativa\/reden-cierra-una-refinanciacion-paneuropea-de-1-100-millones-para-impulsar-su-crecimiento\/\" \/>\n<meta property=\"og:locale\" content=\"es_ES\" \/>\n<meta property=\"og:type\" content=\"article\" \/>\n<meta property=\"og:title\" content=\"REDEN cierra una refinanciaci\u00f3n paneuropea de 1.100 millones para impulsar su crecimiento - Blog Club del Emprendimiento\" \/>\n<meta property=\"og:description\" content=\"Respaldada por un grupo diversificado de entidades bancarias colaboradoras de larga trayectoria, REDEN ha&hellip;\" \/>\n<meta property=\"og:url\" content=\"https:\/\/www.clubdelemprendimiento.com\/blog\/noticia-corporativa\/reden-cierra-una-refinanciacion-paneuropea-de-1-100-millones-para-impulsar-su-crecimiento\/\" \/>\n<meta property=\"og:site_name\" content=\"Blog Club del Emprendimiento\" \/>\n<meta property=\"og:image\" content=\"https:\/\/www.clubdelemprendimiento.com\/blog\/wp-content\/uploads\/2026\/04\/SP_A_Campo_GMP_1_REDEN_droite.jpg\" \/>\n<meta name=\"twitter:card\" content=\"summary_large_image\" \/>\n<meta name=\"twitter:label1\" content=\"Tiempo de lectura\" \/>\n\t<meta name=\"twitter:data1\" content=\"2 minutos\" \/>\n<script type=\"application\/ld+json\" class=\"yoast-schema-graph\">{\"@context\":\"https:\/\/schema.org\",\"@graph\":[{\"@type\":\"WebPage\",\"@id\":\"https:\/\/www.clubdelemprendimiento.com\/blog\/noticia-corporativa\/reden-cierra-una-refinanciacion-paneuropea-de-1-100-millones-para-impulsar-su-crecimiento\/\",\"url\":\"https:\/\/www.clubdelemprendimiento.com\/blog\/noticia-corporativa\/reden-cierra-una-refinanciacion-paneuropea-de-1-100-millones-para-impulsar-su-crecimiento\/\",\"name\":\"REDEN cierra una refinanciaci\u00f3n paneuropea de 1.100 millones para impulsar su crecimiento - Blog Club del Emprendimiento\",\"isPartOf\":{\"@id\":\"https:\/\/www.clubdelemprendimiento.com\/blog\/#website\"},\"primaryImageOfPage\":{\"@id\":\"https:\/\/www.clubdelemprendimiento.com\/blog\/noticia-corporativa\/reden-cierra-una-refinanciacion-paneuropea-de-1-100-millones-para-impulsar-su-crecimiento\/#primaryimage\"},\"image\":{\"@id\":\"https:\/\/www.clubdelemprendimiento.com\/blog\/noticia-corporativa\/reden-cierra-una-refinanciacion-paneuropea-de-1-100-millones-para-impulsar-su-crecimiento\/#primaryimage\"},\"thumbnailUrl\":\"https:\/\/www.clubdelemprendimiento.com\/blog\/wp-content\/uploads\/2026\/04\/SP_A_Campo_GMP_1_REDEN_droite.jpg\",\"datePublished\":\"2026-04-21T13:04:38+00:00\",\"dateModified\":\"2026-04-21T13:04:38+00:00\",\"breadcrumb\":{\"@id\":\"https:\/\/www.clubdelemprendimiento.com\/blog\/noticia-corporativa\/reden-cierra-una-refinanciacion-paneuropea-de-1-100-millones-para-impulsar-su-crecimiento\/#breadcrumb\"},\"inLanguage\":\"es\",\"potentialAction\":[{\"@type\":\"ReadAction\",\"target\":[\"https:\/\/www.clubdelemprendimiento.com\/blog\/noticia-corporativa\/reden-cierra-una-refinanciacion-paneuropea-de-1-100-millones-para-impulsar-su-crecimiento\/\"]}]},{\"@type\":\"ImageObject\",\"inLanguage\":\"es\",\"@id\":\"https:\/\/www.clubdelemprendimiento.com\/blog\/noticia-corporativa\/reden-cierra-una-refinanciacion-paneuropea-de-1-100-millones-para-impulsar-su-crecimiento\/#primaryimage\",\"url\":\"https:\/\/www.clubdelemprendimiento.com\/blog\/wp-content\/uploads\/2026\/04\/SP_A_Campo_GMP_1_REDEN_droite.jpg\",\"contentUrl\":\"https:\/\/www.clubdelemprendimiento.com\/blog\/wp-content\/uploads\/2026\/04\/SP_A_Campo_GMP_1_REDEN_droite.jpg\",\"width\":1105,\"height\":828},{\"@type\":\"BreadcrumbList\",\"@id\":\"https:\/\/www.clubdelemprendimiento.com\/blog\/noticia-corporativa\/reden-cierra-una-refinanciacion-paneuropea-de-1-100-millones-para-impulsar-su-crecimiento\/#breadcrumb\",\"itemListElement\":[{\"@type\":\"ListItem\",\"position\":1,\"name\":\"Home\",\"item\":\"https:\/\/www.clubdelemprendimiento.com\/blog\/\"},{\"@type\":\"ListItem\",\"position\":2,\"name\":\"Noticias Corporativas\",\"item\":\"https:\/\/www.clubdelemprendimiento.com\/blog\/noticias-corporativas\/\"},{\"@type\":\"ListItem\",\"position\":3,\"name\":\"REDEN cierra una refinanciaci\u00f3n paneuropea de 1.100 millones para impulsar su crecimiento\"}]},{\"@type\":\"WebSite\",\"@id\":\"https:\/\/www.clubdelemprendimiento.com\/blog\/#website\",\"url\":\"https:\/\/www.clubdelemprendimiento.com\/blog\/\",\"name\":\"Blog Club del Emprendimiento\",\"description\":\"\",\"potentialAction\":[{\"@type\":\"SearchAction\",\"target\":{\"@type\":\"EntryPoint\",\"urlTemplate\":\"https:\/\/www.clubdelemprendimiento.com\/blog\/?s={search_term_string}\"},\"query-input\":\"required name=search_term_string\"}],\"inLanguage\":\"es\"}]}<\/script>\n<!-- \/ Yoast SEO plugin. -->","yoast_head_json":{"title":"REDEN cierra una refinanciaci\u00f3n paneuropea de 1.100 millones para impulsar su crecimiento - Blog Club del Emprendimiento","robots":{"index":"index","follow":"follow","max-snippet":"max-snippet:-1","max-image-preview":"max-image-preview:large","max-video-preview":"max-video-preview:-1"},"canonical":"https:\/\/www.clubdelemprendimiento.com\/blog\/noticia-corporativa\/reden-cierra-una-refinanciacion-paneuropea-de-1-100-millones-para-impulsar-su-crecimiento\/","og_locale":"es_ES","og_type":"article","og_title":"REDEN cierra una refinanciaci\u00f3n paneuropea de 1.100 millones para impulsar su crecimiento - Blog Club del Emprendimiento","og_description":"Respaldada por un grupo diversificado de entidades bancarias colaboradoras de larga trayectoria, REDEN ha&hellip;","og_url":"https:\/\/www.clubdelemprendimiento.com\/blog\/noticia-corporativa\/reden-cierra-una-refinanciacion-paneuropea-de-1-100-millones-para-impulsar-su-crecimiento\/","og_site_name":"Blog Club del Emprendimiento","og_image":[{"url":"https:\/\/www.clubdelemprendimiento.com\/blog\/wp-content\/uploads\/2026\/04\/SP_A_Campo_GMP_1_REDEN_droite.jpg"}],"twitter_card":"summary_large_image","twitter_misc":{"Tiempo de lectura":"2 minutos"},"schema":{"@context":"https:\/\/schema.org","@graph":[{"@type":"WebPage","@id":"https:\/\/www.clubdelemprendimiento.com\/blog\/noticia-corporativa\/reden-cierra-una-refinanciacion-paneuropea-de-1-100-millones-para-impulsar-su-crecimiento\/","url":"https:\/\/www.clubdelemprendimiento.com\/blog\/noticia-corporativa\/reden-cierra-una-refinanciacion-paneuropea-de-1-100-millones-para-impulsar-su-crecimiento\/","name":"REDEN cierra una refinanciaci\u00f3n paneuropea de 1.100 millones para impulsar su crecimiento - Blog Club del Emprendimiento","isPartOf":{"@id":"https:\/\/www.clubdelemprendimiento.com\/blog\/#website"},"primaryImageOfPage":{"@id":"https:\/\/www.clubdelemprendimiento.com\/blog\/noticia-corporativa\/reden-cierra-una-refinanciacion-paneuropea-de-1-100-millones-para-impulsar-su-crecimiento\/#primaryimage"},"image":{"@id":"https:\/\/www.clubdelemprendimiento.com\/blog\/noticia-corporativa\/reden-cierra-una-refinanciacion-paneuropea-de-1-100-millones-para-impulsar-su-crecimiento\/#primaryimage"},"thumbnailUrl":"https:\/\/www.clubdelemprendimiento.com\/blog\/wp-content\/uploads\/2026\/04\/SP_A_Campo_GMP_1_REDEN_droite.jpg","datePublished":"2026-04-21T13:04:38+00:00","dateModified":"2026-04-21T13:04:38+00:00","breadcrumb":{"@id":"https:\/\/www.clubdelemprendimiento.com\/blog\/noticia-corporativa\/reden-cierra-una-refinanciacion-paneuropea-de-1-100-millones-para-impulsar-su-crecimiento\/#breadcrumb"},"inLanguage":"es","potentialAction":[{"@type":"ReadAction","target":["https:\/\/www.clubdelemprendimiento.com\/blog\/noticia-corporativa\/reden-cierra-una-refinanciacion-paneuropea-de-1-100-millones-para-impulsar-su-crecimiento\/"]}]},{"@type":"ImageObject","inLanguage":"es","@id":"https:\/\/www.clubdelemprendimiento.com\/blog\/noticia-corporativa\/reden-cierra-una-refinanciacion-paneuropea-de-1-100-millones-para-impulsar-su-crecimiento\/#primaryimage","url":"https:\/\/www.clubdelemprendimiento.com\/blog\/wp-content\/uploads\/2026\/04\/SP_A_Campo_GMP_1_REDEN_droite.jpg","contentUrl":"https:\/\/www.clubdelemprendimiento.com\/blog\/wp-content\/uploads\/2026\/04\/SP_A_Campo_GMP_1_REDEN_droite.jpg","width":1105,"height":828},{"@type":"BreadcrumbList","@id":"https:\/\/www.clubdelemprendimiento.com\/blog\/noticia-corporativa\/reden-cierra-una-refinanciacion-paneuropea-de-1-100-millones-para-impulsar-su-crecimiento\/#breadcrumb","itemListElement":[{"@type":"ListItem","position":1,"name":"Home","item":"https:\/\/www.clubdelemprendimiento.com\/blog\/"},{"@type":"ListItem","position":2,"name":"Noticias Corporativas","item":"https:\/\/www.clubdelemprendimiento.com\/blog\/noticias-corporativas\/"},{"@type":"ListItem","position":3,"name":"REDEN cierra una refinanciaci\u00f3n paneuropea de 1.100 millones para impulsar su crecimiento"}]},{"@type":"WebSite","@id":"https:\/\/www.clubdelemprendimiento.com\/blog\/#website","url":"https:\/\/www.clubdelemprendimiento.com\/blog\/","name":"Blog Club del Emprendimiento","description":"","potentialAction":[{"@type":"SearchAction","target":{"@type":"EntryPoint","urlTemplate":"https:\/\/www.clubdelemprendimiento.com\/blog\/?s={search_term_string}"},"query-input":"required name=search_term_string"}],"inLanguage":"es"}]}},"_links":{"self":[{"href":"https:\/\/www.clubdelemprendimiento.com\/blog\/wp-json\/wp\/v2\/noticia-corporativa\/28404"}],"collection":[{"href":"https:\/\/www.clubdelemprendimiento.com\/blog\/wp-json\/wp\/v2\/noticia-corporativa"}],"about":[{"href":"https:\/\/www.clubdelemprendimiento.com\/blog\/wp-json\/wp\/v2\/types\/noticia-corporativa"}],"wp:featuredmedia":[{"embeddable":true,"href":"https:\/\/www.clubdelemprendimiento.com\/blog\/wp-json\/wp\/v2\/media\/28405"}],"wp:attachment":[{"href":"https:\/\/www.clubdelemprendimiento.com\/blog\/wp-json\/wp\/v2\/media?parent=28404"}],"curies":[{"name":"wp","href":"https:\/\/api.w.org\/{rel}","templated":true}]}}