{"id":25119,"date":"2025-12-22T15:04:49","date_gmt":"2025-12-22T15:04:49","guid":{"rendered":"https:\/\/www.clubdelemprendimiento.com\/blog\/noticia-corporativa\/la-ute-movus-fifteen-impulsa-en-vitoria-un-modelo-pionero-que-une-bicicleta-electrica-compartida-y-alquiler\/"},"modified":"2025-12-22T15:04:49","modified_gmt":"2025-12-22T15:04:49","slug":"la-ute-movus-fifteen-impulsa-en-vitoria-un-modelo-pionero-que-une-bicicleta-electrica-compartida-y-alquiler","status":"publish","type":"noticia-corporativa","link":"https:\/\/www.clubdelemprendimiento.com\/blog\/noticia-corporativa\/la-ute-movus-fifteen-impulsa-en-vitoria-un-modelo-pionero-que-une-bicicleta-electrica-compartida-y-alquiler\/","title":{"rendered":"La UTE Movus-Fifteen impulsa en Vitoria un modelo pionero que une bicicleta el\u00e9ctrica compartida y alquiler"},"content":{"rendered":"<div>\n<p><a href=\"https:\/\/www.clubdelemprendimiento.com\/blog\/wp-content\/uploads\/2025\/12\/Bicicleta_MugiBIKE.jpg\" target=\"_blank\" class=\"fotonota\" rel=\"noopener\"> <img decoding=\"async\" src=\"https:\/\/www.clubdelemprendimiento.com\/blog\/wp-content\/uploads\/2025\/12\/Bicicleta_MugiBIKE.jpg\" style=\"max-width:600px;\" border=\"0\" class=\"postImage\" alt=\"\"><\/a><\/p>\n<p>La ciudad de Vitoria-Gasteiz estrena un sistema p\u00fablico de bicicletas el\u00e9ctricas compartidas desarrollado y gestionado por la UTE Movus-Fifteen. La soluci\u00f3n combina desplazamientos entre estaciones y el alquiler privado de bicicletas durante un m\u00e1ximo de tres meses, apoy\u00e1ndose en tecnolog\u00eda avanzada, estaciones ultracompactas y una gesti\u00f3n dise\u00f1ada para maximizar el impacto en la movilidad urbana<\/p>\n<p><\/p>\n<p><strong>Un servicio pensado para transformar la movilidad diaria<\/strong><br \/>\nMugiBIKE arrancar\u00e1 con una flota de 80 bicicletas el\u00e9ctricas de \u00faltima generaci\u00f3n y 12 estaciones ultracompactas.<\/p>\n<p>Tanto para dar a conocer el uso de la bicicleta e incorporarlo puntualmente en los desplazamientos, como para integrar la bicicleta en la vida cotidiana de los habitantes, Vitoria-Gasteiz ofrece un servicio 2 en 1 que permite el alquiler a corto y largo plazo, asequibles y directamente en las mismas estaciones.<\/p>\n<p>Esta soluci\u00f3n (llamada \u00abRed Aumentada de bicicletas\u00bb y que ya se ha implantado en zonas urbanas de Francia, como Auxerre, y regiones, como Nueva Aquitania), ofrece estos dos servicios complementarios con una inversi\u00f3n p\u00fablica optimizada y un impacto m\u00e1ximo en la movilidad urbana.<\/p>\n<p>Para hacerlo posible, Vitoria-Gasteiz ha seleccionado las soluciones tecnol\u00f3gicas del fabricante franc\u00e9s Fifteen junto con la experiencia operativa de Movus, empresa espa\u00f1ola del grupo Urbaser. Ambas compa\u00f1\u00edas han constituido la UTE Movus-Fifteen, responsable de la implantaci\u00f3n, operaci\u00f3n y gesti\u00f3n integral del servicio.<\/p>\n<p>\u00abGracias a la conectividad del material y a un dise\u00f1o de bicicleta pensado para ambos usos, ahora es posible ofrecer estas dos modalidades desde la misma infraestructura, multiplicar su impacto y hacerlo con una inversi\u00f3n p\u00fablica m\u00ednima\u00bb, afirma Artur Munne, director general de Fifteen en Espa\u00f1a.<\/p>\n<p>Enrique Cristobalena, director general de Movus, explica: \u00abPara Movus es un orgullo contribuir a una Vitoria que apuesta decididamente por la movilidad sostenible y la calidad de vida urbana. El nuevo servicio p\u00fablico de bicicletas representa un salto adelante en accesibilidad y modernidad, dise\u00f1ado para responder a las necesidades reales de la ciudadan\u00eda. Nuestra gesti\u00f3n se apoya en la solvencia operativa de Movus y en la tecnolog\u00eda de vanguardia de Fifteen, una alianza que garantiza un sistema eficiente, robusto y preparado para crecer. Con este proyecto, reforzamos nuestro compromiso con una ciudad m\u00e1s conectada, saludable y din\u00e1mica\u00bb.<\/p>\n<p><strong>Un servicio \u00abdos en uno\u00bb para adaptarse a cada necesidad<\/strong><br \/>\nTodos los residentes y visitantes podr\u00e1n alquilar una bicicleta compartida para desplazarse.<\/p>\n<ul>\n<li><strong>Alquiler de una bicicleta para desplazamientos de estaci\u00f3n a estaci\u00f3n.<\/strong><\/li>\n<\/ul>\n<p>Desde la aplicaci\u00f3n MugiBIKE, los usuarios podr\u00e1n localizar una estaci\u00f3n cercana, elegir una tarifa, desbloquear una bicicleta o incluso calcular y seguir su itinerario mediante un sistema de gu\u00eda GPS integrado.<\/p>\n<ul>\n<li><strong>Alquiler privado de una bicicleta durante un m\u00e1ximo de tres meses para todos los desplazamientos cotidianos. <\/strong><\/li>\n<\/ul>\n<p>Desde la aplicaci\u00f3n MugiBIKE XL, los usuarios podr\u00e1n suscribirse a la oferta de alquiler de larga duraci\u00f3n, encontrar una bicicleta cercana, privatizarla de forma aut\u00f3noma y desbloquear su bater\u00eda para cargarla en casa.<br \/>\nEstas dos aplicaciones se podr\u00e1n descargar de forma gratuita y estar\u00e1n disponibles en castellano, euskera e ingl\u00e9s.<\/p>\n<p><strong>Tecnolog\u00eda \u00fanica en Espa\u00f1a <\/strong><br \/>\nLas estaciones Fifteen incorporan un innovador sistema de recarga en cadena: hasta diez bicicletas pueden cargarse en el espacio de una sola plaza de aparcamiento, facilitando una instalaci\u00f3n r\u00e1pida y respetuosa con el entorno urbano.<\/p>\n<p>Esta innovadora tecnolog\u00eda se implantar\u00e1 por primera vez en Espa\u00f1a. En Francia, donde est\u00e1 presente en 25 metr\u00f3polis y ciudades medianas (como Marsella, Avi\u00f1\u00f3n o Brest) ha permitido m\u00e1s de 8 millones de alquileres en 2025, con una tasa de satisfacci\u00f3n media de casi 90 %.<\/p>\n<p>La bicicleta elegida por Vitoria-Gasteiz combina la robustez necesaria para un servicio p\u00fablico con la comodidad de una bicicleta el\u00e9ctrica personal: cuadro de aluminio apto para cualquier usuario, freno delantero de disco, asistencia autom\u00e1tica y neum\u00e1ticos reforzados<\/p>\n<p>Esta bicicleta ya est\u00e1 implantada en Espa\u00f1a, concretamente en Gij\u00f3n, Asturias, desde la primavera de 2023. Las 250 bicicletas de la flota realizaron 420.000 trayectos en 2025.<\/p>\n<p><strong>Una operaci\u00f3n dise\u00f1ada para la excelencia<\/strong><br \/>\nEl servicio contar\u00e1 con sensores en bicicletas y estaciones que transmitir\u00e1n datos en tiempo real sobre uso, estado, rendimiento y seguridad. Esa informaci\u00f3n, sumada a la experiencia operativa de Movus, permitir\u00e1 a la UTE Movus-Fifteen garantizar una gesti\u00f3n eficiente y un mantenimiento constante.<\/p>\n<p>Movus aporta a este proyecto una s\u00f3lida trayectoria de m\u00e1s de dos d\u00e9cadas desarrollando sistemas de movilidad urbana sostenible y una experiencia contrastada en la operaci\u00f3n de servicios de bicicleta p\u00fablica en Espa\u00f1a. La compa\u00f1\u00eda gestiona m\u00e1s de 7.000 bicicletas que suman millones de desplazamientos anuales en ciudades de referencia como San Sebasti\u00e1n (Dbizi), Santander (TUeBICI), Torrelavega (TORREBICI), Valladolid (BIKI), el \u00c1rea Metropolitana de Barcelona (AMBici), el \u00c1rea Metropolitana de Valencia, Boadilla del Monte (BIBO), San Vicente del Raspeig (BICISANVI), entre otras. Su modelo operativo garantiza una experiencia de uso fiable, segura y de alta calidad a los usuarios de MugiBIKE.<br \/>\nEst\u00e1 prevista la contrataci\u00f3n de un equipo operativo local y la apertura de un taller espec\u00edfico para la gesti\u00f3n diaria del servicio.<\/p>\n<p><strong>Acerca de Movus<\/strong><br \/>\nMovus es una compa\u00f1\u00eda espa\u00f1ola dedicada a la movilidad urbana sostenible y especializada en la gesti\u00f3n integral de sistemas de bicicleta p\u00fablica. Con m\u00e1s de veinte a\u00f1os de experiencia, trabaja junto a administraciones locales y metropolitanas para dise\u00f1ar e implementar soluciones adaptadas a las caracter\u00edsticas de cada ciudad. Su metodolog\u00eda combina tecnolog\u00eda de gesti\u00f3n avanzada, mantenimiento proactivo, atenci\u00f3n continua a las personas usuarias y una operativa cercana al territorio, garantizando servicios fiables y de alta calidad. Movus forma parte del grupo Urbaser y opera en numerosos municipios espa\u00f1oles, contribuyendo al desarrollo de modelos de movilidad m\u00e1s eficientes y accesibles.<\/p>\n<p><strong>Acerca de Fifteen <\/strong><br \/>\nFifteen es una empresa francesa con m\u00e1s de 15 a\u00f1os de experiencia en el dise\u00f1o, la fabricaci\u00f3n y la implementaci\u00f3n de servicios p\u00fablicos de alquiler de bicicletas.<\/p>\n<p>Con 10 patentes y modelos registrados, Fifteen acompa\u00f1a a territorios de todos los tama\u00f1os en su transici\u00f3n hacia una movilidad sostenible en Francia y en cerca de 10 pa\u00edses.<\/p>\n<p>Las soluciones de Fifteen se dise\u00f1an y fabrican en Francia. Se adaptan a las necesidades de las grandes ciudades y las ciudades medianas, y ofrecen una atractiva experiencia de alquiler a corto, medio o largo plazo.<\/p>\n<\/div>\n","protected":false},"featured_media":25120,"template":"","meta":{"_acf_changed":false},"acf":[],"yoast_head":"<!-- This site is optimized with the Yoast SEO plugin v22.7 - https:\/\/yoast.com\/wordpress\/plugins\/seo\/ -->\n<title>La UTE Movus-Fifteen impulsa en Vitoria un modelo pionero que une bicicleta el\u00e9ctrica compartida y alquiler - Blog Club del Emprendimiento<\/title>\n<meta name=\"robots\" content=\"index, follow, max-snippet:-1, max-image-preview:large, max-video-preview:-1\" \/>\n<link rel=\"canonical\" href=\"https:\/\/www.clubdelemprendimiento.com\/blog\/noticia-corporativa\/la-ute-movus-fifteen-impulsa-en-vitoria-un-modelo-pionero-que-une-bicicleta-electrica-compartida-y-alquiler\/\" \/>\n<meta property=\"og:locale\" content=\"es_ES\" \/>\n<meta property=\"og:type\" content=\"article\" \/>\n<meta property=\"og:title\" content=\"La UTE Movus-Fifteen impulsa en Vitoria un modelo pionero que une bicicleta el\u00e9ctrica compartida y alquiler - Blog Club del Emprendimiento\" \/>\n<meta property=\"og:description\" content=\"La ciudad de Vitoria-Gasteiz estrena un sistema p\u00fablico de bicicletas el\u00e9ctricas compartidas desarrollado y&hellip;\" \/>\n<meta property=\"og:url\" content=\"https:\/\/www.clubdelemprendimiento.com\/blog\/noticia-corporativa\/la-ute-movus-fifteen-impulsa-en-vitoria-un-modelo-pionero-que-une-bicicleta-electrica-compartida-y-alquiler\/\" \/>\n<meta property=\"og:site_name\" content=\"Blog Club del Emprendimiento\" \/>\n<meta property=\"og:image\" content=\"https:\/\/www.clubdelemprendimiento.com\/blog\/wp-content\/uploads\/2025\/12\/Bicicleta_MugiBIKE.jpg\" \/>\n<meta name=\"twitter:card\" content=\"summary_large_image\" \/>\n<meta name=\"twitter:label1\" content=\"Tiempo de lectura\" \/>\n\t<meta name=\"twitter:data1\" content=\"5 minutos\" \/>\n<script type=\"application\/ld+json\" class=\"yoast-schema-graph\">{\"@context\":\"https:\/\/schema.org\",\"@graph\":[{\"@type\":\"WebPage\",\"@id\":\"https:\/\/www.clubdelemprendimiento.com\/blog\/noticia-corporativa\/la-ute-movus-fifteen-impulsa-en-vitoria-un-modelo-pionero-que-une-bicicleta-electrica-compartida-y-alquiler\/\",\"url\":\"https:\/\/www.clubdelemprendimiento.com\/blog\/noticia-corporativa\/la-ute-movus-fifteen-impulsa-en-vitoria-un-modelo-pionero-que-une-bicicleta-electrica-compartida-y-alquiler\/\",\"name\":\"La UTE Movus-Fifteen impulsa en Vitoria un modelo pionero que une bicicleta el\u00e9ctrica compartida y alquiler - Blog Club del Emprendimiento\",\"isPartOf\":{\"@id\":\"https:\/\/www.clubdelemprendimiento.com\/blog\/#website\"},\"primaryImageOfPage\":{\"@id\":\"https:\/\/www.clubdelemprendimiento.com\/blog\/noticia-corporativa\/la-ute-movus-fifteen-impulsa-en-vitoria-un-modelo-pionero-que-une-bicicleta-electrica-compartida-y-alquiler\/#primaryimage\"},\"image\":{\"@id\":\"https:\/\/www.clubdelemprendimiento.com\/blog\/noticia-corporativa\/la-ute-movus-fifteen-impulsa-en-vitoria-un-modelo-pionero-que-une-bicicleta-electrica-compartida-y-alquiler\/#primaryimage\"},\"thumbnailUrl\":\"https:\/\/www.clubdelemprendimiento.com\/blog\/wp-content\/uploads\/2025\/12\/Bicicleta_MugiBIKE.jpg\",\"datePublished\":\"2025-12-22T15:04:49+00:00\",\"dateModified\":\"2025-12-22T15:04:49+00:00\",\"breadcrumb\":{\"@id\":\"https:\/\/www.clubdelemprendimiento.com\/blog\/noticia-corporativa\/la-ute-movus-fifteen-impulsa-en-vitoria-un-modelo-pionero-que-une-bicicleta-electrica-compartida-y-alquiler\/#breadcrumb\"},\"inLanguage\":\"es\",\"potentialAction\":[{\"@type\":\"ReadAction\",\"target\":[\"https:\/\/www.clubdelemprendimiento.com\/blog\/noticia-corporativa\/la-ute-movus-fifteen-impulsa-en-vitoria-un-modelo-pionero-que-une-bicicleta-electrica-compartida-y-alquiler\/\"]}]},{\"@type\":\"ImageObject\",\"inLanguage\":\"es\",\"@id\":\"https:\/\/www.clubdelemprendimiento.com\/blog\/noticia-corporativa\/la-ute-movus-fifteen-impulsa-en-vitoria-un-modelo-pionero-que-une-bicicleta-electrica-compartida-y-alquiler\/#primaryimage\",\"url\":\"https:\/\/www.clubdelemprendimiento.com\/blog\/wp-content\/uploads\/2025\/12\/Bicicleta_MugiBIKE.jpg\",\"contentUrl\":\"https:\/\/www.clubdelemprendimiento.com\/blog\/wp-content\/uploads\/2025\/12\/Bicicleta_MugiBIKE.jpg\",\"width\":900,\"height\":600},{\"@type\":\"BreadcrumbList\",\"@id\":\"https:\/\/www.clubdelemprendimiento.com\/blog\/noticia-corporativa\/la-ute-movus-fifteen-impulsa-en-vitoria-un-modelo-pionero-que-une-bicicleta-electrica-compartida-y-alquiler\/#breadcrumb\",\"itemListElement\":[{\"@type\":\"ListItem\",\"position\":1,\"name\":\"Home\",\"item\":\"https:\/\/www.clubdelemprendimiento.com\/blog\/\"},{\"@type\":\"ListItem\",\"position\":2,\"name\":\"Noticias Corporativas\",\"item\":\"https:\/\/www.clubdelemprendimiento.com\/blog\/noticias-corporativas\/\"},{\"@type\":\"ListItem\",\"position\":3,\"name\":\"La UTE Movus-Fifteen impulsa en Vitoria un modelo pionero que une bicicleta el\u00e9ctrica compartida y alquiler\"}]},{\"@type\":\"WebSite\",\"@id\":\"https:\/\/www.clubdelemprendimiento.com\/blog\/#website\",\"url\":\"https:\/\/www.clubdelemprendimiento.com\/blog\/\",\"name\":\"Blog Club del Emprendimiento\",\"description\":\"\",\"potentialAction\":[{\"@type\":\"SearchAction\",\"target\":{\"@type\":\"EntryPoint\",\"urlTemplate\":\"https:\/\/www.clubdelemprendimiento.com\/blog\/?s={search_term_string}\"},\"query-input\":\"required name=search_term_string\"}],\"inLanguage\":\"es\"}]}<\/script>\n<!-- \/ Yoast SEO plugin. -->","yoast_head_json":{"title":"La UTE Movus-Fifteen impulsa en Vitoria un modelo pionero que une bicicleta el\u00e9ctrica compartida y alquiler - Blog Club del Emprendimiento","robots":{"index":"index","follow":"follow","max-snippet":"max-snippet:-1","max-image-preview":"max-image-preview:large","max-video-preview":"max-video-preview:-1"},"canonical":"https:\/\/www.clubdelemprendimiento.com\/blog\/noticia-corporativa\/la-ute-movus-fifteen-impulsa-en-vitoria-un-modelo-pionero-que-une-bicicleta-electrica-compartida-y-alquiler\/","og_locale":"es_ES","og_type":"article","og_title":"La UTE Movus-Fifteen impulsa en Vitoria un modelo pionero que une bicicleta el\u00e9ctrica compartida y alquiler - Blog Club del Emprendimiento","og_description":"La ciudad de Vitoria-Gasteiz estrena un sistema p\u00fablico de bicicletas el\u00e9ctricas compartidas desarrollado y&hellip;","og_url":"https:\/\/www.clubdelemprendimiento.com\/blog\/noticia-corporativa\/la-ute-movus-fifteen-impulsa-en-vitoria-un-modelo-pionero-que-une-bicicleta-electrica-compartida-y-alquiler\/","og_site_name":"Blog Club del Emprendimiento","og_image":[{"url":"https:\/\/www.clubdelemprendimiento.com\/blog\/wp-content\/uploads\/2025\/12\/Bicicleta_MugiBIKE.jpg"}],"twitter_card":"summary_large_image","twitter_misc":{"Tiempo de lectura":"5 minutos"},"schema":{"@context":"https:\/\/schema.org","@graph":[{"@type":"WebPage","@id":"https:\/\/www.clubdelemprendimiento.com\/blog\/noticia-corporativa\/la-ute-movus-fifteen-impulsa-en-vitoria-un-modelo-pionero-que-une-bicicleta-electrica-compartida-y-alquiler\/","url":"https:\/\/www.clubdelemprendimiento.com\/blog\/noticia-corporativa\/la-ute-movus-fifteen-impulsa-en-vitoria-un-modelo-pionero-que-une-bicicleta-electrica-compartida-y-alquiler\/","name":"La UTE Movus-Fifteen impulsa en Vitoria un modelo pionero que une bicicleta el\u00e9ctrica compartida y alquiler - Blog Club del Emprendimiento","isPartOf":{"@id":"https:\/\/www.clubdelemprendimiento.com\/blog\/#website"},"primaryImageOfPage":{"@id":"https:\/\/www.clubdelemprendimiento.com\/blog\/noticia-corporativa\/la-ute-movus-fifteen-impulsa-en-vitoria-un-modelo-pionero-que-une-bicicleta-electrica-compartida-y-alquiler\/#primaryimage"},"image":{"@id":"https:\/\/www.clubdelemprendimiento.com\/blog\/noticia-corporativa\/la-ute-movus-fifteen-impulsa-en-vitoria-un-modelo-pionero-que-une-bicicleta-electrica-compartida-y-alquiler\/#primaryimage"},"thumbnailUrl":"https:\/\/www.clubdelemprendimiento.com\/blog\/wp-content\/uploads\/2025\/12\/Bicicleta_MugiBIKE.jpg","datePublished":"2025-12-22T15:04:49+00:00","dateModified":"2025-12-22T15:04:49+00:00","breadcrumb":{"@id":"https:\/\/www.clubdelemprendimiento.com\/blog\/noticia-corporativa\/la-ute-movus-fifteen-impulsa-en-vitoria-un-modelo-pionero-que-une-bicicleta-electrica-compartida-y-alquiler\/#breadcrumb"},"inLanguage":"es","potentialAction":[{"@type":"ReadAction","target":["https:\/\/www.clubdelemprendimiento.com\/blog\/noticia-corporativa\/la-ute-movus-fifteen-impulsa-en-vitoria-un-modelo-pionero-que-une-bicicleta-electrica-compartida-y-alquiler\/"]}]},{"@type":"ImageObject","inLanguage":"es","@id":"https:\/\/www.clubdelemprendimiento.com\/blog\/noticia-corporativa\/la-ute-movus-fifteen-impulsa-en-vitoria-un-modelo-pionero-que-une-bicicleta-electrica-compartida-y-alquiler\/#primaryimage","url":"https:\/\/www.clubdelemprendimiento.com\/blog\/wp-content\/uploads\/2025\/12\/Bicicleta_MugiBIKE.jpg","contentUrl":"https:\/\/www.clubdelemprendimiento.com\/blog\/wp-content\/uploads\/2025\/12\/Bicicleta_MugiBIKE.jpg","width":900,"height":600},{"@type":"BreadcrumbList","@id":"https:\/\/www.clubdelemprendimiento.com\/blog\/noticia-corporativa\/la-ute-movus-fifteen-impulsa-en-vitoria-un-modelo-pionero-que-une-bicicleta-electrica-compartida-y-alquiler\/#breadcrumb","itemListElement":[{"@type":"ListItem","position":1,"name":"Home","item":"https:\/\/www.clubdelemprendimiento.com\/blog\/"},{"@type":"ListItem","position":2,"name":"Noticias Corporativas","item":"https:\/\/www.clubdelemprendimiento.com\/blog\/noticias-corporativas\/"},{"@type":"ListItem","position":3,"name":"La UTE Movus-Fifteen impulsa en Vitoria un modelo pionero que une bicicleta el\u00e9ctrica compartida y alquiler"}]},{"@type":"WebSite","@id":"https:\/\/www.clubdelemprendimiento.com\/blog\/#website","url":"https:\/\/www.clubdelemprendimiento.com\/blog\/","name":"Blog Club del Emprendimiento","description":"","potentialAction":[{"@type":"SearchAction","target":{"@type":"EntryPoint","urlTemplate":"https:\/\/www.clubdelemprendimiento.com\/blog\/?s={search_term_string}"},"query-input":"required name=search_term_string"}],"inLanguage":"es"}]}},"_links":{"self":[{"href":"https:\/\/www.clubdelemprendimiento.com\/blog\/wp-json\/wp\/v2\/noticia-corporativa\/25119"}],"collection":[{"href":"https:\/\/www.clubdelemprendimiento.com\/blog\/wp-json\/wp\/v2\/noticia-corporativa"}],"about":[{"href":"https:\/\/www.clubdelemprendimiento.com\/blog\/wp-json\/wp\/v2\/types\/noticia-corporativa"}],"wp:featuredmedia":[{"embeddable":true,"href":"https:\/\/www.clubdelemprendimiento.com\/blog\/wp-json\/wp\/v2\/media\/25120"}],"wp:attachment":[{"href":"https:\/\/www.clubdelemprendimiento.com\/blog\/wp-json\/wp\/v2\/media?parent=25119"}],"curies":[{"name":"wp","href":"https:\/\/api.w.org\/{rel}","templated":true}]}}