{"id":25117,"date":"2025-12-22T15:04:47","date_gmt":"2025-12-22T15:04:47","guid":{"rendered":"https:\/\/www.clubdelemprendimiento.com\/blog\/noticia-corporativa\/educa-pro-cierra-2025-con-mas-de-100-000-usuarios-activos-y-refuerza-su-rol-en-formacion-para-empresas\/"},"modified":"2025-12-22T15:04:47","modified_gmt":"2025-12-22T15:04:47","slug":"educa-pro-cierra-2025-con-mas-de-100-000-usuarios-activos-y-refuerza-su-rol-en-formacion-para-empresas","status":"publish","type":"noticia-corporativa","link":"https:\/\/www.clubdelemprendimiento.com\/blog\/noticia-corporativa\/educa-pro-cierra-2025-con-mas-de-100-000-usuarios-activos-y-refuerza-su-rol-en-formacion-para-empresas\/","title":{"rendered":"Educa.Pro cierra 2025 con m\u00e1s de 100.000 usuarios activos y refuerza su rol en formaci\u00f3n para empresas"},"content":{"rendered":"<div>\n<p><a href=\"https:\/\/www.clubdelemprendimiento.com\/blog\/wp-content\/uploads\/2025\/12\/educa-pro-2025.png\" target=\"_blank\" class=\"fotonota\" rel=\"noopener\"> <img decoding=\"async\" src=\"https:\/\/www.clubdelemprendimiento.com\/blog\/wp-content\/uploads\/2025\/12\/educa-pro-2025.png\" style=\"max-width:600px;\" border=\"0\" class=\"postImage\" alt=\"\"><\/a><\/p>\n<p>La soluci\u00f3n formativa de EDUCA EDTECH Group consolida su crecimiento en el mercado corporativo y universitario con una propuesta que integra itinerarios personalizados, microcredenciales, anal\u00edtica avanzada y nuevas categor\u00edas orientadas a las competencias m\u00e1s demandadas, como la inteligencia artificial<\/p>\n<p><\/p>\n<p><strong><a href=\"https:\/\/educa.pro\/\" rel=\"nofollow\">Educa.Pro<\/a>,<\/strong> la plataforma de aprendizaje inteligente para empresas y universidades, cierra 2025 con un hito que marca un antes y un despu\u00e9s en su evoluci\u00f3n: <strong>supera los 100.000 usuarios activos<\/strong> en sus entornos digitales. El dato refleja la adopci\u00f3n sostenida de un modelo formativo que combina <strong>tecnolog\u00eda, personalizaci\u00f3n y un cat\u00e1logo amplio de contenidos<\/strong>, dise\u00f1ado para que las organizaciones gestionen el conocimiento de forma unificada y medible.<\/p>\n<p>En un contexto en el que la digitalizaci\u00f3n y la adopci\u00f3n de nuevas herramientas avanzan a ritmos dispares -en Espa\u00f1a, el <strong>21,1% de las empresas de 10 o m\u00e1s empleados declara utilizar IA-<\/strong>, la formaci\u00f3n se est\u00e1 consolidando como el puente entre estrategia, equipos y competitividad, seg\u00fan datos del Instituto Nacional de Estad\u00edstica.<\/p>\n<p><strong>Un a\u00f1o marcado por la innovaci\u00f3n aplicada al talento<\/strong><br \/>\nDurante 2025, Educa.Pro ha reforzado su posicionamiento como referente en formaci\u00f3n corporativa incorporando nuevas funcionalidades y ampliando su propuesta formativa con categor\u00edas alineadas con las demandas del mercado.<\/p>\n<p>Entre los principales hitos del a\u00f1o destaca <strong>Academia IA<\/strong>, un espacio que re\u00fane <strong>m\u00e1s de 100 cursos especializados en inteligencia artificial<\/strong>, creado para acelerar procesos de <strong><em>upskilling<\/em> y <em>reskilling<\/em><\/strong> en competencias digitales clave.<\/p>\n<p><strong>M\u00e1s usuarios, m\u00e1s capacidad de impacto medible<\/strong><br \/>\nEl crecimiento en usuarios activos se apoya en un conjunto de palancas que han ganado peso en la toma de decisiones de las organizaciones: <strong>personalizaci\u00f3n, certificaci\u00f3n de competencias y anal\u00edtica<\/strong>. En 2025, Educa.Pro ha potenciado especialmente:<\/p>\n<ul>\n<li><strong>Itinerarios personalizados<\/strong> para equipos y roles.<\/li>\n<li><strong>Microcredenciales<\/strong> para validar competencias y reforzar la progresi\u00f3n profesional.<\/li>\n<li><strong>Reportes avanzados<\/strong> para medir el impacto real de la formaci\u00f3n y facilitar la toma de decisiones.<\/li>\n<li><strong>Certificaci\u00f3n en idiomas<\/strong> a fin de potenciar cada perfil en el mercado internacional<\/li>\n<li><strong>Certificaciones y cursos privados <\/strong>como complemento formativo<\/li>\n<\/ul>\n<p>\u00abEste a\u00f1o demostramos\u00a0que la formaci\u00f3n online no es solo una tendencia, sino una necesidad estrat\u00e9gica para m\u00e1s del 71% de las empresas e instituciones. En Educa.Pro el objetivo para 2026 es seguir innovando y expandiendo su presencia internacional, llevando Educa.Pro a nuevos mercados y ofreciendo soluciones cada vez m\u00e1s adaptadas a la realidad de cada cliente\u00bb, afirma <strong>Pablo Ybarra, Director de Educa.Pro<\/strong>.<\/p>\n<p><strong>Sobre Educa.Pro<\/strong><br \/>\n<strong><a href=\"https:\/\/educa.pro\/contacto\" rel=\"nofollow\">Educa.Pro<\/a><\/strong> es una soluci\u00f3n de formaci\u00f3n online para empresas y universidades que conecta tecnolog\u00eda y personas para ofrecer aprendizaje flexible y adaptado.<\/p>\n<p>Su propuesta integra <strong>cat\u00e1logo formativo, herramientas de gesti\u00f3n, anal\u00edtica y acompa\u00f1amiento<\/strong>, con el objetivo de ayudar a las organizaciones a desarrollar talento de forma continua y alineada con sus retos<\/p>\n<p>Educa.Pro forma parte de <a href=\"https:\/\/educaedtech.com\/\" rel=\"nofollow\"><strong>EDUCA EDTECH Group<\/strong><\/a>, ecosistema educativo-tecnol\u00f3gico con m\u00e1s de 20 a\u00f1os de trayectoria en formaci\u00f3n online, que desarrolla plataformas y soluciones propias apoyadas en tecnolog\u00eda educativa e inteligencia artificial, con la misi\u00f3n de democratizar el acceso a la educaci\u00f3n.<\/p>\n<\/div>\n","protected":false},"featured_media":25118,"template":"","meta":{"_acf_changed":false},"acf":[],"yoast_head":"<!-- This site is optimized with the Yoast SEO plugin v22.7 - https:\/\/yoast.com\/wordpress\/plugins\/seo\/ -->\n<title>Educa.Pro cierra 2025 con m\u00e1s de 100.000 usuarios activos y refuerza su rol en formaci\u00f3n para empresas - Blog Club del Emprendimiento<\/title>\n<meta name=\"robots\" content=\"index, follow, max-snippet:-1, max-image-preview:large, max-video-preview:-1\" \/>\n<link rel=\"canonical\" href=\"https:\/\/www.clubdelemprendimiento.com\/blog\/noticia-corporativa\/educa-pro-cierra-2025-con-mas-de-100-000-usuarios-activos-y-refuerza-su-rol-en-formacion-para-empresas\/\" \/>\n<meta property=\"og:locale\" content=\"es_ES\" \/>\n<meta property=\"og:type\" content=\"article\" \/>\n<meta property=\"og:title\" content=\"Educa.Pro cierra 2025 con m\u00e1s de 100.000 usuarios activos y refuerza su rol en formaci\u00f3n para empresas - Blog Club del Emprendimiento\" \/>\n<meta property=\"og:description\" content=\"La soluci\u00f3n formativa de EDUCA EDTECH Group consolida su crecimiento en el mercado corporativo&hellip;\" \/>\n<meta property=\"og:url\" content=\"https:\/\/www.clubdelemprendimiento.com\/blog\/noticia-corporativa\/educa-pro-cierra-2025-con-mas-de-100-000-usuarios-activos-y-refuerza-su-rol-en-formacion-para-empresas\/\" \/>\n<meta property=\"og:site_name\" content=\"Blog Club del Emprendimiento\" \/>\n<meta property=\"og:image\" content=\"https:\/\/www.clubdelemprendimiento.com\/blog\/wp-content\/uploads\/2025\/12\/educa-pro-2025.png\" \/>\n<meta name=\"twitter:card\" content=\"summary_large_image\" \/>\n<meta name=\"twitter:label1\" content=\"Tiempo de lectura\" \/>\n\t<meta name=\"twitter:data1\" content=\"3 minutos\" \/>\n<script type=\"application\/ld+json\" class=\"yoast-schema-graph\">{\"@context\":\"https:\/\/schema.org\",\"@graph\":[{\"@type\":\"WebPage\",\"@id\":\"https:\/\/www.clubdelemprendimiento.com\/blog\/noticia-corporativa\/educa-pro-cierra-2025-con-mas-de-100-000-usuarios-activos-y-refuerza-su-rol-en-formacion-para-empresas\/\",\"url\":\"https:\/\/www.clubdelemprendimiento.com\/blog\/noticia-corporativa\/educa-pro-cierra-2025-con-mas-de-100-000-usuarios-activos-y-refuerza-su-rol-en-formacion-para-empresas\/\",\"name\":\"Educa.Pro cierra 2025 con m\u00e1s de 100.000 usuarios activos y refuerza su rol en formaci\u00f3n para empresas - Blog Club del Emprendimiento\",\"isPartOf\":{\"@id\":\"https:\/\/www.clubdelemprendimiento.com\/blog\/#website\"},\"primaryImageOfPage\":{\"@id\":\"https:\/\/www.clubdelemprendimiento.com\/blog\/noticia-corporativa\/educa-pro-cierra-2025-con-mas-de-100-000-usuarios-activos-y-refuerza-su-rol-en-formacion-para-empresas\/#primaryimage\"},\"image\":{\"@id\":\"https:\/\/www.clubdelemprendimiento.com\/blog\/noticia-corporativa\/educa-pro-cierra-2025-con-mas-de-100-000-usuarios-activos-y-refuerza-su-rol-en-formacion-para-empresas\/#primaryimage\"},\"thumbnailUrl\":\"https:\/\/www.clubdelemprendimiento.com\/blog\/wp-content\/uploads\/2025\/12\/educa-pro-2025.png\",\"datePublished\":\"2025-12-22T15:04:47+00:00\",\"dateModified\":\"2025-12-22T15:04:47+00:00\",\"breadcrumb\":{\"@id\":\"https:\/\/www.clubdelemprendimiento.com\/blog\/noticia-corporativa\/educa-pro-cierra-2025-con-mas-de-100-000-usuarios-activos-y-refuerza-su-rol-en-formacion-para-empresas\/#breadcrumb\"},\"inLanguage\":\"es\",\"potentialAction\":[{\"@type\":\"ReadAction\",\"target\":[\"https:\/\/www.clubdelemprendimiento.com\/blog\/noticia-corporativa\/educa-pro-cierra-2025-con-mas-de-100-000-usuarios-activos-y-refuerza-su-rol-en-formacion-para-empresas\/\"]}]},{\"@type\":\"ImageObject\",\"inLanguage\":\"es\",\"@id\":\"https:\/\/www.clubdelemprendimiento.com\/blog\/noticia-corporativa\/educa-pro-cierra-2025-con-mas-de-100-000-usuarios-activos-y-refuerza-su-rol-en-formacion-para-empresas\/#primaryimage\",\"url\":\"https:\/\/www.clubdelemprendimiento.com\/blog\/wp-content\/uploads\/2025\/12\/educa-pro-2025.png\",\"contentUrl\":\"https:\/\/www.clubdelemprendimiento.com\/blog\/wp-content\/uploads\/2025\/12\/educa-pro-2025.png\",\"width\":750,\"height\":450},{\"@type\":\"BreadcrumbList\",\"@id\":\"https:\/\/www.clubdelemprendimiento.com\/blog\/noticia-corporativa\/educa-pro-cierra-2025-con-mas-de-100-000-usuarios-activos-y-refuerza-su-rol-en-formacion-para-empresas\/#breadcrumb\",\"itemListElement\":[{\"@type\":\"ListItem\",\"position\":1,\"name\":\"Home\",\"item\":\"https:\/\/www.clubdelemprendimiento.com\/blog\/\"},{\"@type\":\"ListItem\",\"position\":2,\"name\":\"Noticias Corporativas\",\"item\":\"https:\/\/www.clubdelemprendimiento.com\/blog\/noticias-corporativas\/\"},{\"@type\":\"ListItem\",\"position\":3,\"name\":\"Educa.Pro cierra 2025 con m\u00e1s de 100.000 usuarios activos y refuerza su rol en formaci\u00f3n para empresas\"}]},{\"@type\":\"WebSite\",\"@id\":\"https:\/\/www.clubdelemprendimiento.com\/blog\/#website\",\"url\":\"https:\/\/www.clubdelemprendimiento.com\/blog\/\",\"name\":\"Blog Club del Emprendimiento\",\"description\":\"\",\"potentialAction\":[{\"@type\":\"SearchAction\",\"target\":{\"@type\":\"EntryPoint\",\"urlTemplate\":\"https:\/\/www.clubdelemprendimiento.com\/blog\/?s={search_term_string}\"},\"query-input\":\"required name=search_term_string\"}],\"inLanguage\":\"es\"}]}<\/script>\n<!-- \/ Yoast SEO plugin. -->","yoast_head_json":{"title":"Educa.Pro cierra 2025 con m\u00e1s de 100.000 usuarios activos y refuerza su rol en formaci\u00f3n para empresas - Blog Club del Emprendimiento","robots":{"index":"index","follow":"follow","max-snippet":"max-snippet:-1","max-image-preview":"max-image-preview:large","max-video-preview":"max-video-preview:-1"},"canonical":"https:\/\/www.clubdelemprendimiento.com\/blog\/noticia-corporativa\/educa-pro-cierra-2025-con-mas-de-100-000-usuarios-activos-y-refuerza-su-rol-en-formacion-para-empresas\/","og_locale":"es_ES","og_type":"article","og_title":"Educa.Pro cierra 2025 con m\u00e1s de 100.000 usuarios activos y refuerza su rol en formaci\u00f3n para empresas - Blog Club del Emprendimiento","og_description":"La soluci\u00f3n formativa de EDUCA EDTECH Group consolida su crecimiento en el mercado corporativo&hellip;","og_url":"https:\/\/www.clubdelemprendimiento.com\/blog\/noticia-corporativa\/educa-pro-cierra-2025-con-mas-de-100-000-usuarios-activos-y-refuerza-su-rol-en-formacion-para-empresas\/","og_site_name":"Blog Club del Emprendimiento","og_image":[{"url":"https:\/\/www.clubdelemprendimiento.com\/blog\/wp-content\/uploads\/2025\/12\/educa-pro-2025.png"}],"twitter_card":"summary_large_image","twitter_misc":{"Tiempo de lectura":"3 minutos"},"schema":{"@context":"https:\/\/schema.org","@graph":[{"@type":"WebPage","@id":"https:\/\/www.clubdelemprendimiento.com\/blog\/noticia-corporativa\/educa-pro-cierra-2025-con-mas-de-100-000-usuarios-activos-y-refuerza-su-rol-en-formacion-para-empresas\/","url":"https:\/\/www.clubdelemprendimiento.com\/blog\/noticia-corporativa\/educa-pro-cierra-2025-con-mas-de-100-000-usuarios-activos-y-refuerza-su-rol-en-formacion-para-empresas\/","name":"Educa.Pro cierra 2025 con m\u00e1s de 100.000 usuarios activos y refuerza su rol en formaci\u00f3n para empresas - Blog Club del Emprendimiento","isPartOf":{"@id":"https:\/\/www.clubdelemprendimiento.com\/blog\/#website"},"primaryImageOfPage":{"@id":"https:\/\/www.clubdelemprendimiento.com\/blog\/noticia-corporativa\/educa-pro-cierra-2025-con-mas-de-100-000-usuarios-activos-y-refuerza-su-rol-en-formacion-para-empresas\/#primaryimage"},"image":{"@id":"https:\/\/www.clubdelemprendimiento.com\/blog\/noticia-corporativa\/educa-pro-cierra-2025-con-mas-de-100-000-usuarios-activos-y-refuerza-su-rol-en-formacion-para-empresas\/#primaryimage"},"thumbnailUrl":"https:\/\/www.clubdelemprendimiento.com\/blog\/wp-content\/uploads\/2025\/12\/educa-pro-2025.png","datePublished":"2025-12-22T15:04:47+00:00","dateModified":"2025-12-22T15:04:47+00:00","breadcrumb":{"@id":"https:\/\/www.clubdelemprendimiento.com\/blog\/noticia-corporativa\/educa-pro-cierra-2025-con-mas-de-100-000-usuarios-activos-y-refuerza-su-rol-en-formacion-para-empresas\/#breadcrumb"},"inLanguage":"es","potentialAction":[{"@type":"ReadAction","target":["https:\/\/www.clubdelemprendimiento.com\/blog\/noticia-corporativa\/educa-pro-cierra-2025-con-mas-de-100-000-usuarios-activos-y-refuerza-su-rol-en-formacion-para-empresas\/"]}]},{"@type":"ImageObject","inLanguage":"es","@id":"https:\/\/www.clubdelemprendimiento.com\/blog\/noticia-corporativa\/educa-pro-cierra-2025-con-mas-de-100-000-usuarios-activos-y-refuerza-su-rol-en-formacion-para-empresas\/#primaryimage","url":"https:\/\/www.clubdelemprendimiento.com\/blog\/wp-content\/uploads\/2025\/12\/educa-pro-2025.png","contentUrl":"https:\/\/www.clubdelemprendimiento.com\/blog\/wp-content\/uploads\/2025\/12\/educa-pro-2025.png","width":750,"height":450},{"@type":"BreadcrumbList","@id":"https:\/\/www.clubdelemprendimiento.com\/blog\/noticia-corporativa\/educa-pro-cierra-2025-con-mas-de-100-000-usuarios-activos-y-refuerza-su-rol-en-formacion-para-empresas\/#breadcrumb","itemListElement":[{"@type":"ListItem","position":1,"name":"Home","item":"https:\/\/www.clubdelemprendimiento.com\/blog\/"},{"@type":"ListItem","position":2,"name":"Noticias Corporativas","item":"https:\/\/www.clubdelemprendimiento.com\/blog\/noticias-corporativas\/"},{"@type":"ListItem","position":3,"name":"Educa.Pro cierra 2025 con m\u00e1s de 100.000 usuarios activos y refuerza su rol en formaci\u00f3n para empresas"}]},{"@type":"WebSite","@id":"https:\/\/www.clubdelemprendimiento.com\/blog\/#website","url":"https:\/\/www.clubdelemprendimiento.com\/blog\/","name":"Blog Club del Emprendimiento","description":"","potentialAction":[{"@type":"SearchAction","target":{"@type":"EntryPoint","urlTemplate":"https:\/\/www.clubdelemprendimiento.com\/blog\/?s={search_term_string}"},"query-input":"required name=search_term_string"}],"inLanguage":"es"}]}},"_links":{"self":[{"href":"https:\/\/www.clubdelemprendimiento.com\/blog\/wp-json\/wp\/v2\/noticia-corporativa\/25117"}],"collection":[{"href":"https:\/\/www.clubdelemprendimiento.com\/blog\/wp-json\/wp\/v2\/noticia-corporativa"}],"about":[{"href":"https:\/\/www.clubdelemprendimiento.com\/blog\/wp-json\/wp\/v2\/types\/noticia-corporativa"}],"wp:featuredmedia":[{"embeddable":true,"href":"https:\/\/www.clubdelemprendimiento.com\/blog\/wp-json\/wp\/v2\/media\/25118"}],"wp:attachment":[{"href":"https:\/\/www.clubdelemprendimiento.com\/blog\/wp-json\/wp\/v2\/media?parent=25117"}],"curies":[{"name":"wp","href":"https:\/\/api.w.org\/{rel}","templated":true}]}}