{"id":25079,"date":"2025-12-19T15:04:32","date_gmt":"2025-12-19T15:04:32","guid":{"rendered":"https:\/\/www.clubdelemprendimiento.com\/blog\/noticia-corporativa\/kayak-alemanes-daneses-y-franceses-lideran-busquedas-para-viajar-a-espana-en-2025\/"},"modified":"2025-12-19T15:04:32","modified_gmt":"2025-12-19T15:04:32","slug":"kayak-alemanes-daneses-y-franceses-lideran-busquedas-para-viajar-a-espana-en-2025","status":"publish","type":"noticia-corporativa","link":"https:\/\/www.clubdelemprendimiento.com\/blog\/noticia-corporativa\/kayak-alemanes-daneses-y-franceses-lideran-busquedas-para-viajar-a-espana-en-2025\/","title":{"rendered":"KAYAK: Alemanes, daneses y franceses lideran b\u00fasquedas para viajar a Espa\u00f1a en 2025"},"content":{"rendered":"<div>\n<p><a href=\"https:\/\/www.clubdelemprendimiento.com\/blog\/wp-content\/uploads\/2025\/12\/DEST_SPAIN_BURGOS_BURGOS_CATHEDRAL_GettyImages-478255608_Universal_Within_usage_period_41595.jpg\" target=\"_blank\" class=\"fotonota\" rel=\"noopener\"> <img decoding=\"async\" src=\"https:\/\/www.clubdelemprendimiento.com\/blog\/wp-content\/uploads\/2025\/12\/DEST_SPAIN_BURGOS_BURGOS_CATHEDRAL_GettyImages-478255608_Universal_Within_usage_period_41595.jpg\" style=\"max-width:600px;\" border=\"0\" class=\"postImage\" alt=\"\"><\/a><\/p>\n<p>Octubre fue el mes con m\u00e1s b\u00fasquedas de vuelos, lo que sugiere el inter\u00e9s por visitar Espa\u00f1a fuera del pico de verano<\/p>\n<p><\/p>\n<p>2024 fue un a\u00f1o r\u00e9cord para el turismo internacional en Espa\u00f1a, con la llegada de m\u00e1s de 94 millones de visitantes extranjeros, y todo parece indicar que 2025 podr\u00eda superar esas cifras. Con el calendario a punto de terminar,\u00a0<a href=\"https:\/\/www.kayak.es\/\" rel=\"nofollow\"><strong>KAYAK<\/strong><\/a>, el motor de b\u00fasquedas de viajes l\u00edder en el mundo, ha analizado los datos para revelar cu\u00e1les fueron <strong>los turistas internacionales que mostraron mayor inter\u00e9s por Espa\u00f1a en 2025, sus destinos preferidos y algunos indicadores que podr\u00edan marcar el futuro del turismo receptor a corto y medio plazo.<\/strong><\/p>\n<p><strong>Natalia Diez-Rivas, directora comercial de KAYAK para Europa,\u00a0<\/strong>a\u00f1ade: \u00ab<strong>En 2025, el precio medio de los vuelos a Espa\u00f1a fue un 7 % m\u00e1s bajo\u00a0que en 2024<\/strong>, lo que sin duda atrajo al turista extranjero a nuestro pa\u00eds. Adem\u00e1s, seg\u00fan las b\u00fasquedas de vuelos, octubre fue el mes m\u00e1s demandado por los turistas internacionales para viajar a Espa\u00f1a, lo que sugiere indicios de\u00a0 desestacionalizaci\u00f3n\u00bb.<\/p>\n<p><strong>Los turistas internacionales que m\u00e1s inter\u00e9s mostraron por viajar a Espa\u00f1a en 2025<\/strong><br \/>\nSeg\u00fan las b\u00fasquedas de vuelos, <strong>Europa fue el continente de origen que m\u00e1s viajeros internacionales aport\u00f3 a Espa\u00f1a <\/strong>en el a\u00f1o que est\u00e1<strong> a punto de terminar<\/strong>. <strong>Alemania lidera la clasificaci\u00f3n de los diez pa\u00edses emisores que m\u00e1s b\u00fasquedas de vuelos realizaron con destino Espa\u00f1a, seguida de Dinamarca y Francia. Italia (+10\u202f%) y Francia (+8\u202f%) registraron los mayores incrementos del Top\u202f10 frente a 2024.<\/strong> Fuera de Europa, <strong>Estados Unidos tambi\u00e9n se situ\u00f3 entre los principales mercados, ocupando el cuarto lugar.<\/strong><\/p>\n<p>Estos son los pa\u00edses emisores que m\u00e1s b\u00fasquedas de vuelos realizaron con destino Espa\u00f1a y\u00a0el precio medio de un vuelo de ida y vuelta en clase turista en 2025\u00a0desde el pa\u00eds de origen a Espa\u00f1a.\u00a0<\/p>\n<ol>\n<li>Alemania:\u00a0222 \u20ac.<\/li>\n<li>Dinamarca: 237 \u20ac.<\/li>\n<li>Francia: 151 \u20ac.<\/li>\n<li>Estados Unidos: 666 \u20ac.<\/li>\n<li>Reino Unido: 174 \u20ac.<\/li>\n<li>Suecia: 243 \u20ac.<\/li>\n<li>Austria: 187 \u20ac.<\/li>\n<li>Suiza: 201 \u20ac.<\/li>\n<li>Italia: 131 \u20ac.<\/li>\n<li>Portugal: 114 \u20ac.<\/li>\n<\/ol>\n<p><strong>Los destinos espa\u00f1oles m\u00e1s buscados por el turista internacional en 2025<\/strong><br \/>\nLos destinos insulares captaron una buena parte del inter\u00e9s internacional, con <strong>cuatro de los diez m\u00e1s buscados situados en Baleares o Canarias. <\/strong>Entre ellos,<strong> Granadilla <\/strong>en Tenerife, destac\u00f3 con <strong>el mayor incremento del Top\u202f10 (+12 % comparado a 2024).<\/strong> Sin embargo, 6 de los 10 destinos m\u00e1s buscados por los turistas extranjeros fueron destinos de la pen\u00ednsula, con Madrid y Barcelona liderando la clasificaci\u00f3n.\u00a0<\/p>\n<p>Si bien no forman parte del Top 10, <strong>Burgos (+51\u202f%) y Logro\u00f1o (+30\u202f%) fueron las ciudades con el mayor incremento interanual en b\u00fasquedas de vuelos<\/strong>, reflejando el inter\u00e9s del viajero internacional por visitar enclaves culturales menos masificados.\u00a0<\/p>\n<p>En cuanto a precios, dentro del Top 10, <strong>\u00a0Granadilla (-13\u202f%), Alicante (-12\u202f%) y Valencia (-11\u202f%) tuvieron las mayores bajadas de precios medios de vuelos respecto a 2024<\/strong>. Mientras que <strong>Murcia tuvo la ca\u00edda m\u00e1s grande (-27 %) en general, con tarifas de 180 \u20ac de media. <\/strong><\/p>\n<p>Estos son los destinos espa\u00f1oles m\u00e1s buscados por el turista internacional en 2025<strong>\u00a0<\/strong>y\u00a0el precio medio de un vuelo de ida y vuelta en clase turista al destino en 2025.\u00a0<\/p>\n<ol>\n<li>Madrid, Comunidad de Madrid: 607 \u20ac.<\/li>\n<li>Barcelona, Catalu\u00f1a: 209 \u20ac.<\/li>\n<li>Palma de Mallorca, Islas Baleares: 188 \u20ac.<\/li>\n<li>M\u00e1laga, Andaluc\u00eda: 223 \u20ac.<\/li>\n<li>Alicante, Comunidad de Valencia: 203 \u20ac.<\/li>\n<li>Las Palmas de Gran Canaria, Islas Canarias: 289 \u20ac.<\/li>\n<li>Ibiza, Islas Baleares: 206 \u20ac.<\/li>\n<li>Valencia, Comunidad de Valencia: 213 \u20ac.<\/li>\n<li>Granadilla, Islas Canarias: 259 \u20ac.<\/li>\n<li>Sevilla, Andaluc\u00eda: 202 \u20ac.<\/li>\n<\/ol>\n<p><strong>Indicadores del turismo en 2025<\/strong><br \/>\nAnalizando algunas de las tendencias de turismo que marcaron el 2025, <strong>los datos de KAYAK, apuntan a ciertos inicios de desestacionalizaci\u00f3n<\/strong>. Seg\u00fan las b\u00fasquedas de vuelo, octubre fue el mes m\u00e1s demandado por el viajero internacional para volar a Espa\u00f1a, una tendencia que podr\u00eda continuar influyendo los patrones de turismo a corto y medio plazo. Las tendencias de precios a lo largo del a\u00f1o reflejaron oportunidades interesantes para el turismo extranjero. <strong>Los viajeros internacionales pudieron encontrar las tarifas m\u00e1s bajas en enero,<\/strong> <strong>con vuelos a 203 \u20ac de media y hoteles por noche a 94 \u20ac <\/strong>de media.\u00a0 En el\u00a0 otro extremo y coincidiendo con el mes m\u00e1s buscado para volar a Espa\u00f1a, <strong>octubre fue el mes con los precios m\u00e1s altos <\/strong>de vuelos (283 \u20ac de media), mientras que los hoteles alcanzaron su pico de precio en agosto 153 \u20ac de media.\u00a0<\/p>\n<\/div>\n","protected":false},"featured_media":25080,"template":"","meta":{"_acf_changed":false},"acf":[],"yoast_head":"<!-- This site is optimized with the Yoast SEO plugin v22.7 - https:\/\/yoast.com\/wordpress\/plugins\/seo\/ -->\n<title>KAYAK: Alemanes, daneses y franceses lideran b\u00fasquedas para viajar a Espa\u00f1a en 2025 - Blog Club del Emprendimiento<\/title>\n<meta name=\"robots\" content=\"index, follow, max-snippet:-1, max-image-preview:large, max-video-preview:-1\" \/>\n<link rel=\"canonical\" href=\"https:\/\/www.clubdelemprendimiento.com\/blog\/noticia-corporativa\/kayak-alemanes-daneses-y-franceses-lideran-busquedas-para-viajar-a-espana-en-2025\/\" \/>\n<meta property=\"og:locale\" content=\"es_ES\" \/>\n<meta property=\"og:type\" content=\"article\" \/>\n<meta property=\"og:title\" content=\"KAYAK: Alemanes, daneses y franceses lideran b\u00fasquedas para viajar a Espa\u00f1a en 2025 - Blog Club del Emprendimiento\" \/>\n<meta property=\"og:description\" content=\"Octubre fue el mes con m\u00e1s b\u00fasquedas de vuelos, lo que sugiere el inter\u00e9s&hellip;\" \/>\n<meta property=\"og:url\" content=\"https:\/\/www.clubdelemprendimiento.com\/blog\/noticia-corporativa\/kayak-alemanes-daneses-y-franceses-lideran-busquedas-para-viajar-a-espana-en-2025\/\" \/>\n<meta property=\"og:site_name\" content=\"Blog Club del Emprendimiento\" \/>\n<meta property=\"og:image\" content=\"https:\/\/www.clubdelemprendimiento.com\/blog\/wp-content\/uploads\/2025\/12\/DEST_SPAIN_BURGOS_BURGOS_CATHEDRAL_GettyImages-478255608_Universal_Within_usage_period_41595.jpg\" \/>\n<meta name=\"twitter:card\" content=\"summary_large_image\" \/>\n<meta name=\"twitter:label1\" content=\"Tiempo de lectura\" \/>\n\t<meta name=\"twitter:data1\" content=\"4 minutos\" \/>\n<script type=\"application\/ld+json\" class=\"yoast-schema-graph\">{\"@context\":\"https:\/\/schema.org\",\"@graph\":[{\"@type\":\"WebPage\",\"@id\":\"https:\/\/www.clubdelemprendimiento.com\/blog\/noticia-corporativa\/kayak-alemanes-daneses-y-franceses-lideran-busquedas-para-viajar-a-espana-en-2025\/\",\"url\":\"https:\/\/www.clubdelemprendimiento.com\/blog\/noticia-corporativa\/kayak-alemanes-daneses-y-franceses-lideran-busquedas-para-viajar-a-espana-en-2025\/\",\"name\":\"KAYAK: Alemanes, daneses y franceses lideran b\u00fasquedas para viajar a Espa\u00f1a en 2025 - Blog Club del Emprendimiento\",\"isPartOf\":{\"@id\":\"https:\/\/www.clubdelemprendimiento.com\/blog\/#website\"},\"primaryImageOfPage\":{\"@id\":\"https:\/\/www.clubdelemprendimiento.com\/blog\/noticia-corporativa\/kayak-alemanes-daneses-y-franceses-lideran-busquedas-para-viajar-a-espana-en-2025\/#primaryimage\"},\"image\":{\"@id\":\"https:\/\/www.clubdelemprendimiento.com\/blog\/noticia-corporativa\/kayak-alemanes-daneses-y-franceses-lideran-busquedas-para-viajar-a-espana-en-2025\/#primaryimage\"},\"thumbnailUrl\":\"https:\/\/www.clubdelemprendimiento.com\/blog\/wp-content\/uploads\/2025\/12\/DEST_SPAIN_BURGOS_BURGOS_CATHEDRAL_GettyImages-478255608_Universal_Within_usage_period_41595.jpg\",\"datePublished\":\"2025-12-19T15:04:32+00:00\",\"dateModified\":\"2025-12-19T15:04:32+00:00\",\"breadcrumb\":{\"@id\":\"https:\/\/www.clubdelemprendimiento.com\/blog\/noticia-corporativa\/kayak-alemanes-daneses-y-franceses-lideran-busquedas-para-viajar-a-espana-en-2025\/#breadcrumb\"},\"inLanguage\":\"es\",\"potentialAction\":[{\"@type\":\"ReadAction\",\"target\":[\"https:\/\/www.clubdelemprendimiento.com\/blog\/noticia-corporativa\/kayak-alemanes-daneses-y-franceses-lideran-busquedas-para-viajar-a-espana-en-2025\/\"]}]},{\"@type\":\"ImageObject\",\"inLanguage\":\"es\",\"@id\":\"https:\/\/www.clubdelemprendimiento.com\/blog\/noticia-corporativa\/kayak-alemanes-daneses-y-franceses-lideran-busquedas-para-viajar-a-espana-en-2025\/#primaryimage\",\"url\":\"https:\/\/www.clubdelemprendimiento.com\/blog\/wp-content\/uploads\/2025\/12\/DEST_SPAIN_BURGOS_BURGOS_CATHEDRAL_GettyImages-478255608_Universal_Within_usage_period_41595.jpg\",\"contentUrl\":\"https:\/\/www.clubdelemprendimiento.com\/blog\/wp-content\/uploads\/2025\/12\/DEST_SPAIN_BURGOS_BURGOS_CATHEDRAL_GettyImages-478255608_Universal_Within_usage_period_41595.jpg\",\"width\":1200,\"height\":800},{\"@type\":\"BreadcrumbList\",\"@id\":\"https:\/\/www.clubdelemprendimiento.com\/blog\/noticia-corporativa\/kayak-alemanes-daneses-y-franceses-lideran-busquedas-para-viajar-a-espana-en-2025\/#breadcrumb\",\"itemListElement\":[{\"@type\":\"ListItem\",\"position\":1,\"name\":\"Home\",\"item\":\"https:\/\/www.clubdelemprendimiento.com\/blog\/\"},{\"@type\":\"ListItem\",\"position\":2,\"name\":\"Noticias Corporativas\",\"item\":\"https:\/\/www.clubdelemprendimiento.com\/blog\/noticias-corporativas\/\"},{\"@type\":\"ListItem\",\"position\":3,\"name\":\"KAYAK: Alemanes, daneses y franceses lideran b\u00fasquedas para viajar a Espa\u00f1a en 2025\"}]},{\"@type\":\"WebSite\",\"@id\":\"https:\/\/www.clubdelemprendimiento.com\/blog\/#website\",\"url\":\"https:\/\/www.clubdelemprendimiento.com\/blog\/\",\"name\":\"Blog Club del Emprendimiento\",\"description\":\"\",\"potentialAction\":[{\"@type\":\"SearchAction\",\"target\":{\"@type\":\"EntryPoint\",\"urlTemplate\":\"https:\/\/www.clubdelemprendimiento.com\/blog\/?s={search_term_string}\"},\"query-input\":\"required name=search_term_string\"}],\"inLanguage\":\"es\"}]}<\/script>\n<!-- \/ Yoast SEO plugin. -->","yoast_head_json":{"title":"KAYAK: Alemanes, daneses y franceses lideran b\u00fasquedas para viajar a Espa\u00f1a en 2025 - Blog Club del Emprendimiento","robots":{"index":"index","follow":"follow","max-snippet":"max-snippet:-1","max-image-preview":"max-image-preview:large","max-video-preview":"max-video-preview:-1"},"canonical":"https:\/\/www.clubdelemprendimiento.com\/blog\/noticia-corporativa\/kayak-alemanes-daneses-y-franceses-lideran-busquedas-para-viajar-a-espana-en-2025\/","og_locale":"es_ES","og_type":"article","og_title":"KAYAK: Alemanes, daneses y franceses lideran b\u00fasquedas para viajar a Espa\u00f1a en 2025 - Blog Club del Emprendimiento","og_description":"Octubre fue el mes con m\u00e1s b\u00fasquedas de vuelos, lo que sugiere el inter\u00e9s&hellip;","og_url":"https:\/\/www.clubdelemprendimiento.com\/blog\/noticia-corporativa\/kayak-alemanes-daneses-y-franceses-lideran-busquedas-para-viajar-a-espana-en-2025\/","og_site_name":"Blog Club del Emprendimiento","og_image":[{"url":"https:\/\/www.clubdelemprendimiento.com\/blog\/wp-content\/uploads\/2025\/12\/DEST_SPAIN_BURGOS_BURGOS_CATHEDRAL_GettyImages-478255608_Universal_Within_usage_period_41595.jpg"}],"twitter_card":"summary_large_image","twitter_misc":{"Tiempo de lectura":"4 minutos"},"schema":{"@context":"https:\/\/schema.org","@graph":[{"@type":"WebPage","@id":"https:\/\/www.clubdelemprendimiento.com\/blog\/noticia-corporativa\/kayak-alemanes-daneses-y-franceses-lideran-busquedas-para-viajar-a-espana-en-2025\/","url":"https:\/\/www.clubdelemprendimiento.com\/blog\/noticia-corporativa\/kayak-alemanes-daneses-y-franceses-lideran-busquedas-para-viajar-a-espana-en-2025\/","name":"KAYAK: Alemanes, daneses y franceses lideran b\u00fasquedas para viajar a Espa\u00f1a en 2025 - Blog Club del Emprendimiento","isPartOf":{"@id":"https:\/\/www.clubdelemprendimiento.com\/blog\/#website"},"primaryImageOfPage":{"@id":"https:\/\/www.clubdelemprendimiento.com\/blog\/noticia-corporativa\/kayak-alemanes-daneses-y-franceses-lideran-busquedas-para-viajar-a-espana-en-2025\/#primaryimage"},"image":{"@id":"https:\/\/www.clubdelemprendimiento.com\/blog\/noticia-corporativa\/kayak-alemanes-daneses-y-franceses-lideran-busquedas-para-viajar-a-espana-en-2025\/#primaryimage"},"thumbnailUrl":"https:\/\/www.clubdelemprendimiento.com\/blog\/wp-content\/uploads\/2025\/12\/DEST_SPAIN_BURGOS_BURGOS_CATHEDRAL_GettyImages-478255608_Universal_Within_usage_period_41595.jpg","datePublished":"2025-12-19T15:04:32+00:00","dateModified":"2025-12-19T15:04:32+00:00","breadcrumb":{"@id":"https:\/\/www.clubdelemprendimiento.com\/blog\/noticia-corporativa\/kayak-alemanes-daneses-y-franceses-lideran-busquedas-para-viajar-a-espana-en-2025\/#breadcrumb"},"inLanguage":"es","potentialAction":[{"@type":"ReadAction","target":["https:\/\/www.clubdelemprendimiento.com\/blog\/noticia-corporativa\/kayak-alemanes-daneses-y-franceses-lideran-busquedas-para-viajar-a-espana-en-2025\/"]}]},{"@type":"ImageObject","inLanguage":"es","@id":"https:\/\/www.clubdelemprendimiento.com\/blog\/noticia-corporativa\/kayak-alemanes-daneses-y-franceses-lideran-busquedas-para-viajar-a-espana-en-2025\/#primaryimage","url":"https:\/\/www.clubdelemprendimiento.com\/blog\/wp-content\/uploads\/2025\/12\/DEST_SPAIN_BURGOS_BURGOS_CATHEDRAL_GettyImages-478255608_Universal_Within_usage_period_41595.jpg","contentUrl":"https:\/\/www.clubdelemprendimiento.com\/blog\/wp-content\/uploads\/2025\/12\/DEST_SPAIN_BURGOS_BURGOS_CATHEDRAL_GettyImages-478255608_Universal_Within_usage_period_41595.jpg","width":1200,"height":800},{"@type":"BreadcrumbList","@id":"https:\/\/www.clubdelemprendimiento.com\/blog\/noticia-corporativa\/kayak-alemanes-daneses-y-franceses-lideran-busquedas-para-viajar-a-espana-en-2025\/#breadcrumb","itemListElement":[{"@type":"ListItem","position":1,"name":"Home","item":"https:\/\/www.clubdelemprendimiento.com\/blog\/"},{"@type":"ListItem","position":2,"name":"Noticias Corporativas","item":"https:\/\/www.clubdelemprendimiento.com\/blog\/noticias-corporativas\/"},{"@type":"ListItem","position":3,"name":"KAYAK: Alemanes, daneses y franceses lideran b\u00fasquedas para viajar a Espa\u00f1a en 2025"}]},{"@type":"WebSite","@id":"https:\/\/www.clubdelemprendimiento.com\/blog\/#website","url":"https:\/\/www.clubdelemprendimiento.com\/blog\/","name":"Blog Club del Emprendimiento","description":"","potentialAction":[{"@type":"SearchAction","target":{"@type":"EntryPoint","urlTemplate":"https:\/\/www.clubdelemprendimiento.com\/blog\/?s={search_term_string}"},"query-input":"required name=search_term_string"}],"inLanguage":"es"}]}},"_links":{"self":[{"href":"https:\/\/www.clubdelemprendimiento.com\/blog\/wp-json\/wp\/v2\/noticia-corporativa\/25079"}],"collection":[{"href":"https:\/\/www.clubdelemprendimiento.com\/blog\/wp-json\/wp\/v2\/noticia-corporativa"}],"about":[{"href":"https:\/\/www.clubdelemprendimiento.com\/blog\/wp-json\/wp\/v2\/types\/noticia-corporativa"}],"wp:featuredmedia":[{"embeddable":true,"href":"https:\/\/www.clubdelemprendimiento.com\/blog\/wp-json\/wp\/v2\/media\/25080"}],"wp:attachment":[{"href":"https:\/\/www.clubdelemprendimiento.com\/blog\/wp-json\/wp\/v2\/media?parent=25079"}],"curies":[{"name":"wp","href":"https:\/\/api.w.org\/{rel}","templated":true}]}}