{"id":25067,"date":"2025-12-19T12:04:35","date_gmt":"2025-12-19T12:04:35","guid":{"rendered":"https:\/\/www.clubdelemprendimiento.com\/blog\/noticia-corporativa\/uia-2026-barcelona-anuncia-los-primeros-ponentes-del-congreso-que-definira-los-futuros-de-la-arquitectura\/"},"modified":"2025-12-19T12:04:35","modified_gmt":"2025-12-19T12:04:35","slug":"uia-2026-barcelona-anuncia-los-primeros-ponentes-del-congreso-que-definira-los-futuros-de-la-arquitectura","status":"publish","type":"noticia-corporativa","link":"https:\/\/www.clubdelemprendimiento.com\/blog\/noticia-corporativa\/uia-2026-barcelona-anuncia-los-primeros-ponentes-del-congreso-que-definira-los-futuros-de-la-arquitectura\/","title":{"rendered":"UIA 2026 Barcelona anuncia los primeros ponentes del Congreso que definir\u00e1 los futuros de la arquitectura"},"content":{"rendered":"<div>\n<p><a href=\"https:\/\/www.clubdelemprendimiento.com\/blog\/wp-content\/uploads\/2025\/12\/First_speakers_confirmed_Collage_created_by_UIA2026BCN_photographs_by_various_authors.jpg\" target=\"_blank\" class=\"fotonota\" rel=\"noopener\"> <img decoding=\"async\" src=\"https:\/\/www.clubdelemprendimiento.com\/blog\/wp-content\/uploads\/2025\/12\/First_speakers_confirmed_Collage_created_by_UIA2026BCN_photographs_by_various_authors.jpg\" style=\"max-width:600px;\" border=\"0\" class=\"postImage\" alt=\"\"><\/a><\/p>\n<p>El Congreso Mundial de Arquitectos de la UIA 2026 Barcelona abre inscripciones y presenta los primeros ponentes confirmados, m\u00e1s de cien, entre los que destacan: Alexander Brodsky, Andr\u00e9s Jaque, Anne Holtrop, Atelier Bow-Wow, Bas Smets, Baukunst, B\u00eaka &amp; Lemoine, Brandlhuber+, Bruther, Colectivo C733, Forensic Architecture, H arquitectes, Marina Tabassum, Paulo Tavares, Roger Boltshauser, Tatiana Bilbao, Timothy Morton, Turenscape, Xu Tiantian y Yasmeen Lari<\/p>\n<p><\/p>\n<p>El<strong> Congreso Mundial de Arquitectos de la UIA <\/strong>presenta un primer avance de su programa de ponencias, que atraer\u00e1 a <strong>m\u00e1s de 10.000 profesionales<\/strong> de la arquitectura, el paisajismo y el urbanismo, as\u00ed como a instituciones y estudiantes, que se reunir\u00e1n en Barcelona en 2026. Despu\u00e9s de treinta a\u00f1os, del <strong>28 de junio al 2 de julio<\/strong>, la ciudad volver\u00e1 a acoger este acontecimiento global y se transformar\u00e1 en laboratorio y epicentro del debate sobre las pr\u00f3ximas transiciones ecol\u00f3gicas, sociales, materiales y culturales. Adem\u00e1s, al ser sede del Congreso, Barcelona ejercer\u00e1 como <strong>Capital Mundial de la Arquitectura<\/strong> durante todo el a\u00f1o.<\/p>\n<p>Organizado por la <strong>Uni\u00f3n Internacional de Arquitectos <\/strong>(UIA), el <strong>Consejo Superior de los Colegios de Arquitectos de Espa\u00f1a<\/strong> (CSCAE) y el <strong>Colegio de Arquitectos de Catalu\u00f1a<\/strong> (COAC), y es posible gracias al apoyo institucional del <strong>Ministerio de Vivienda y Agenda Urbana<\/strong> (MIVAU), la <strong>Generalitat de Catalunya <\/strong>y el <strong>Ayuntamiento de Barcelona<\/strong>, que lo han reconocido como un evento de excepcional inter\u00e9s p\u00fablico.<\/p>\n<p>El tema central del Congreso, <strong><em>Becoming. Architectures for a planet in transition<\/em><\/strong>, se despliega en seis l\u00edneas de investigaci\u00f3n que invitan a reflexionar sobre el tiempo como herramienta de dise\u00f1o y a actuar frente a los desaf\u00edos contempor\u00e1neos: las nuevas formas de vivienda, la crisis clim\u00e1tica, la transformaci\u00f3n de los territorios, as\u00ed como la gesti\u00f3n y el impacto de los datos y las nuevas tecnolog\u00edas en la vida cotidiana. El tema ha\u00a0sido desarrollado por los comisarios <strong>Pau Bajet, Mariona Benedito, Maria Giram\u00e9, Tomeu Ramis, Pau Sarquella <\/strong>y <strong>Carmen Torres.<\/strong><\/p>\n<p>La primera lista de ponencias confirmadas re\u00fane figuras internacionales que lideran la reflexi\u00f3n y la pr\u00e1ctica arquitect\u00f3nica de los \u00faltimos a\u00f1os, como: <strong>A JDVIV \/ IVJDV A, Alexander Brodsky, Andr\u00e9s Jaque, Anne Holtrop, Atelier Bow-Wow, Bas Smets, Baukunst, B\u00eaka &amp; Lemoine, Brandlhuber+, Bruther, Colectivo C733, Forensic Architecture, H Arquitectes, Marina Tabassum, Paulo Tavares, Roger Boltshauser, Tatiana Bilbao, Timothy Morton, Turenscape, Xu Tiantian <\/strong>y <strong>Yasmeen Lari.<\/strong><\/p>\n<p>Tambi\u00e9n participar\u00e1n referentes del paisaje y la ecolog\u00eda como\u00a0<strong>BC architects &amp; studies &amp; materials,\u00a0Catherine Mosbach, Dirk Sijmons, Rotor, Taller Capital<\/strong> y<strong> Transsolar<\/strong>; pr\u00e1cticas vinculadas en lo social y lo pol\u00edtico como <strong>Assemble Studio, House Europe!, La Col, Lara Almarcegui, Samia Henni <\/strong>y <strong>Teddy Cruz &amp; Fonna Forman<\/strong>; voces influyentes de la teor\u00eda y la investigaci\u00f3n como <strong>Charlotte Malterre-Barthes, Jack Self, Lydia Kallipoliti, Mario Carpo, Philippe Rahm, Rahul Mehrotra<\/strong> y <strong>The Architecture Lobby<\/strong>. La lista completa, que superar\u00e1 m\u00e1s de doscientas ponencias, se completar\u00e1 en los pr\u00f3ximos meses.<\/p>\n<p>Las entradas para el Congreso ya est\u00e1n a la venta e incluyen distintos pases para profesionales, estudiantes y j\u00f3venes, con acceso a ponencias, actividades y exposiciones. Las sedes oficiales\u2014el <strong>CCIB<\/strong>, <strong>Tres Chimeneas<\/strong>, <strong>DHub<\/strong>\u2014, junto con otras localizaciones como el <strong>Castillo de Montju\u00efc <\/strong>y la <strong>Sagrada Familia<\/strong>, conforman un eje metropolitano interconectado que potencia el car\u00e1cter urbano del evento al mismo tiempo que pone el foco en la relaci\u00f3n de la ciudad con su frente mar\u00edtimo.<\/p>\n<p>M\u00e1s informaci\u00f3n: <a href=\"http:\/\/uia2026bcn.org\/\" rel=\"nofollow\">uia2026bcn.org<\/a><\/p>\n<p>Entradas: <a href=\"https:\/\/uia2026bcn.org\/get-your-ticket\/%C2%A0\" rel=\"nofollow\">uia2026bcn.org\/get-your-ticket\/<\/a>\u00a0<\/p>\n<\/div>\n","protected":false},"featured_media":25068,"template":"","meta":{"_acf_changed":false},"acf":[],"yoast_head":"<!-- This site is optimized with the Yoast SEO plugin v22.7 - https:\/\/yoast.com\/wordpress\/plugins\/seo\/ -->\n<title>UIA 2026 Barcelona anuncia los primeros ponentes del Congreso que definir\u00e1 los futuros de la arquitectura - Blog Club del Emprendimiento<\/title>\n<meta name=\"robots\" content=\"index, follow, max-snippet:-1, max-image-preview:large, max-video-preview:-1\" \/>\n<link rel=\"canonical\" href=\"https:\/\/www.clubdelemprendimiento.com\/blog\/noticia-corporativa\/uia-2026-barcelona-anuncia-los-primeros-ponentes-del-congreso-que-definira-los-futuros-de-la-arquitectura\/\" \/>\n<meta property=\"og:locale\" content=\"es_ES\" \/>\n<meta property=\"og:type\" content=\"article\" \/>\n<meta property=\"og:title\" content=\"UIA 2026 Barcelona anuncia los primeros ponentes del Congreso que definir\u00e1 los futuros de la arquitectura - Blog Club del Emprendimiento\" \/>\n<meta property=\"og:description\" content=\"El Congreso Mundial de Arquitectos de la UIA 2026 Barcelona abre inscripciones y presenta&hellip;\" \/>\n<meta property=\"og:url\" content=\"https:\/\/www.clubdelemprendimiento.com\/blog\/noticia-corporativa\/uia-2026-barcelona-anuncia-los-primeros-ponentes-del-congreso-que-definira-los-futuros-de-la-arquitectura\/\" \/>\n<meta property=\"og:site_name\" content=\"Blog Club del Emprendimiento\" \/>\n<meta property=\"og:image\" content=\"https:\/\/www.clubdelemprendimiento.com\/blog\/wp-content\/uploads\/2025\/12\/First_speakers_confirmed_Collage_created_by_UIA2026BCN_photographs_by_various_authors.jpg\" \/>\n<meta name=\"twitter:card\" content=\"summary_large_image\" \/>\n<meta name=\"twitter:label1\" content=\"Tiempo de lectura\" \/>\n\t<meta name=\"twitter:data1\" content=\"3 minutos\" \/>\n<script type=\"application\/ld+json\" class=\"yoast-schema-graph\">{\"@context\":\"https:\/\/schema.org\",\"@graph\":[{\"@type\":\"WebPage\",\"@id\":\"https:\/\/www.clubdelemprendimiento.com\/blog\/noticia-corporativa\/uia-2026-barcelona-anuncia-los-primeros-ponentes-del-congreso-que-definira-los-futuros-de-la-arquitectura\/\",\"url\":\"https:\/\/www.clubdelemprendimiento.com\/blog\/noticia-corporativa\/uia-2026-barcelona-anuncia-los-primeros-ponentes-del-congreso-que-definira-los-futuros-de-la-arquitectura\/\",\"name\":\"UIA 2026 Barcelona anuncia los primeros ponentes del Congreso que definir\u00e1 los futuros de la arquitectura - Blog Club del Emprendimiento\",\"isPartOf\":{\"@id\":\"https:\/\/www.clubdelemprendimiento.com\/blog\/#website\"},\"primaryImageOfPage\":{\"@id\":\"https:\/\/www.clubdelemprendimiento.com\/blog\/noticia-corporativa\/uia-2026-barcelona-anuncia-los-primeros-ponentes-del-congreso-que-definira-los-futuros-de-la-arquitectura\/#primaryimage\"},\"image\":{\"@id\":\"https:\/\/www.clubdelemprendimiento.com\/blog\/noticia-corporativa\/uia-2026-barcelona-anuncia-los-primeros-ponentes-del-congreso-que-definira-los-futuros-de-la-arquitectura\/#primaryimage\"},\"thumbnailUrl\":\"https:\/\/www.clubdelemprendimiento.com\/blog\/wp-content\/uploads\/2025\/12\/First_speakers_confirmed_Collage_created_by_UIA2026BCN_photographs_by_various_authors.jpg\",\"datePublished\":\"2025-12-19T12:04:35+00:00\",\"dateModified\":\"2025-12-19T12:04:35+00:00\",\"breadcrumb\":{\"@id\":\"https:\/\/www.clubdelemprendimiento.com\/blog\/noticia-corporativa\/uia-2026-barcelona-anuncia-los-primeros-ponentes-del-congreso-que-definira-los-futuros-de-la-arquitectura\/#breadcrumb\"},\"inLanguage\":\"es\",\"potentialAction\":[{\"@type\":\"ReadAction\",\"target\":[\"https:\/\/www.clubdelemprendimiento.com\/blog\/noticia-corporativa\/uia-2026-barcelona-anuncia-los-primeros-ponentes-del-congreso-que-definira-los-futuros-de-la-arquitectura\/\"]}]},{\"@type\":\"ImageObject\",\"inLanguage\":\"es\",\"@id\":\"https:\/\/www.clubdelemprendimiento.com\/blog\/noticia-corporativa\/uia-2026-barcelona-anuncia-los-primeros-ponentes-del-congreso-que-definira-los-futuros-de-la-arquitectura\/#primaryimage\",\"url\":\"https:\/\/www.clubdelemprendimiento.com\/blog\/wp-content\/uploads\/2025\/12\/First_speakers_confirmed_Collage_created_by_UIA2026BCN_photographs_by_various_authors.jpg\",\"contentUrl\":\"https:\/\/www.clubdelemprendimiento.com\/blog\/wp-content\/uploads\/2025\/12\/First_speakers_confirmed_Collage_created_by_UIA2026BCN_photographs_by_various_authors.jpg\",\"width\":1600,\"height\":1280},{\"@type\":\"BreadcrumbList\",\"@id\":\"https:\/\/www.clubdelemprendimiento.com\/blog\/noticia-corporativa\/uia-2026-barcelona-anuncia-los-primeros-ponentes-del-congreso-que-definira-los-futuros-de-la-arquitectura\/#breadcrumb\",\"itemListElement\":[{\"@type\":\"ListItem\",\"position\":1,\"name\":\"Home\",\"item\":\"https:\/\/www.clubdelemprendimiento.com\/blog\/\"},{\"@type\":\"ListItem\",\"position\":2,\"name\":\"Noticias Corporativas\",\"item\":\"https:\/\/www.clubdelemprendimiento.com\/blog\/noticias-corporativas\/\"},{\"@type\":\"ListItem\",\"position\":3,\"name\":\"UIA 2026 Barcelona anuncia los primeros ponentes del Congreso que definir\u00e1 los futuros de la arquitectura\"}]},{\"@type\":\"WebSite\",\"@id\":\"https:\/\/www.clubdelemprendimiento.com\/blog\/#website\",\"url\":\"https:\/\/www.clubdelemprendimiento.com\/blog\/\",\"name\":\"Blog Club del Emprendimiento\",\"description\":\"\",\"potentialAction\":[{\"@type\":\"SearchAction\",\"target\":{\"@type\":\"EntryPoint\",\"urlTemplate\":\"https:\/\/www.clubdelemprendimiento.com\/blog\/?s={search_term_string}\"},\"query-input\":\"required name=search_term_string\"}],\"inLanguage\":\"es\"}]}<\/script>\n<!-- \/ Yoast SEO plugin. -->","yoast_head_json":{"title":"UIA 2026 Barcelona anuncia los primeros ponentes del Congreso que definir\u00e1 los futuros de la arquitectura - Blog Club del Emprendimiento","robots":{"index":"index","follow":"follow","max-snippet":"max-snippet:-1","max-image-preview":"max-image-preview:large","max-video-preview":"max-video-preview:-1"},"canonical":"https:\/\/www.clubdelemprendimiento.com\/blog\/noticia-corporativa\/uia-2026-barcelona-anuncia-los-primeros-ponentes-del-congreso-que-definira-los-futuros-de-la-arquitectura\/","og_locale":"es_ES","og_type":"article","og_title":"UIA 2026 Barcelona anuncia los primeros ponentes del Congreso que definir\u00e1 los futuros de la arquitectura - Blog Club del Emprendimiento","og_description":"El Congreso Mundial de Arquitectos de la UIA 2026 Barcelona abre inscripciones y presenta&hellip;","og_url":"https:\/\/www.clubdelemprendimiento.com\/blog\/noticia-corporativa\/uia-2026-barcelona-anuncia-los-primeros-ponentes-del-congreso-que-definira-los-futuros-de-la-arquitectura\/","og_site_name":"Blog Club del Emprendimiento","og_image":[{"url":"https:\/\/www.clubdelemprendimiento.com\/blog\/wp-content\/uploads\/2025\/12\/First_speakers_confirmed_Collage_created_by_UIA2026BCN_photographs_by_various_authors.jpg"}],"twitter_card":"summary_large_image","twitter_misc":{"Tiempo de lectura":"3 minutos"},"schema":{"@context":"https:\/\/schema.org","@graph":[{"@type":"WebPage","@id":"https:\/\/www.clubdelemprendimiento.com\/blog\/noticia-corporativa\/uia-2026-barcelona-anuncia-los-primeros-ponentes-del-congreso-que-definira-los-futuros-de-la-arquitectura\/","url":"https:\/\/www.clubdelemprendimiento.com\/blog\/noticia-corporativa\/uia-2026-barcelona-anuncia-los-primeros-ponentes-del-congreso-que-definira-los-futuros-de-la-arquitectura\/","name":"UIA 2026 Barcelona anuncia los primeros ponentes del Congreso que definir\u00e1 los futuros de la arquitectura - Blog Club del Emprendimiento","isPartOf":{"@id":"https:\/\/www.clubdelemprendimiento.com\/blog\/#website"},"primaryImageOfPage":{"@id":"https:\/\/www.clubdelemprendimiento.com\/blog\/noticia-corporativa\/uia-2026-barcelona-anuncia-los-primeros-ponentes-del-congreso-que-definira-los-futuros-de-la-arquitectura\/#primaryimage"},"image":{"@id":"https:\/\/www.clubdelemprendimiento.com\/blog\/noticia-corporativa\/uia-2026-barcelona-anuncia-los-primeros-ponentes-del-congreso-que-definira-los-futuros-de-la-arquitectura\/#primaryimage"},"thumbnailUrl":"https:\/\/www.clubdelemprendimiento.com\/blog\/wp-content\/uploads\/2025\/12\/First_speakers_confirmed_Collage_created_by_UIA2026BCN_photographs_by_various_authors.jpg","datePublished":"2025-12-19T12:04:35+00:00","dateModified":"2025-12-19T12:04:35+00:00","breadcrumb":{"@id":"https:\/\/www.clubdelemprendimiento.com\/blog\/noticia-corporativa\/uia-2026-barcelona-anuncia-los-primeros-ponentes-del-congreso-que-definira-los-futuros-de-la-arquitectura\/#breadcrumb"},"inLanguage":"es","potentialAction":[{"@type":"ReadAction","target":["https:\/\/www.clubdelemprendimiento.com\/blog\/noticia-corporativa\/uia-2026-barcelona-anuncia-los-primeros-ponentes-del-congreso-que-definira-los-futuros-de-la-arquitectura\/"]}]},{"@type":"ImageObject","inLanguage":"es","@id":"https:\/\/www.clubdelemprendimiento.com\/blog\/noticia-corporativa\/uia-2026-barcelona-anuncia-los-primeros-ponentes-del-congreso-que-definira-los-futuros-de-la-arquitectura\/#primaryimage","url":"https:\/\/www.clubdelemprendimiento.com\/blog\/wp-content\/uploads\/2025\/12\/First_speakers_confirmed_Collage_created_by_UIA2026BCN_photographs_by_various_authors.jpg","contentUrl":"https:\/\/www.clubdelemprendimiento.com\/blog\/wp-content\/uploads\/2025\/12\/First_speakers_confirmed_Collage_created_by_UIA2026BCN_photographs_by_various_authors.jpg","width":1600,"height":1280},{"@type":"BreadcrumbList","@id":"https:\/\/www.clubdelemprendimiento.com\/blog\/noticia-corporativa\/uia-2026-barcelona-anuncia-los-primeros-ponentes-del-congreso-que-definira-los-futuros-de-la-arquitectura\/#breadcrumb","itemListElement":[{"@type":"ListItem","position":1,"name":"Home","item":"https:\/\/www.clubdelemprendimiento.com\/blog\/"},{"@type":"ListItem","position":2,"name":"Noticias Corporativas","item":"https:\/\/www.clubdelemprendimiento.com\/blog\/noticias-corporativas\/"},{"@type":"ListItem","position":3,"name":"UIA 2026 Barcelona anuncia los primeros ponentes del Congreso que definir\u00e1 los futuros de la arquitectura"}]},{"@type":"WebSite","@id":"https:\/\/www.clubdelemprendimiento.com\/blog\/#website","url":"https:\/\/www.clubdelemprendimiento.com\/blog\/","name":"Blog Club del Emprendimiento","description":"","potentialAction":[{"@type":"SearchAction","target":{"@type":"EntryPoint","urlTemplate":"https:\/\/www.clubdelemprendimiento.com\/blog\/?s={search_term_string}"},"query-input":"required name=search_term_string"}],"inLanguage":"es"}]}},"_links":{"self":[{"href":"https:\/\/www.clubdelemprendimiento.com\/blog\/wp-json\/wp\/v2\/noticia-corporativa\/25067"}],"collection":[{"href":"https:\/\/www.clubdelemprendimiento.com\/blog\/wp-json\/wp\/v2\/noticia-corporativa"}],"about":[{"href":"https:\/\/www.clubdelemprendimiento.com\/blog\/wp-json\/wp\/v2\/types\/noticia-corporativa"}],"wp:featuredmedia":[{"embeddable":true,"href":"https:\/\/www.clubdelemprendimiento.com\/blog\/wp-json\/wp\/v2\/media\/25068"}],"wp:attachment":[{"href":"https:\/\/www.clubdelemprendimiento.com\/blog\/wp-json\/wp\/v2\/media?parent=25067"}],"curies":[{"name":"wp","href":"https:\/\/api.w.org\/{rel}","templated":true}]}}