{"id":25055,"date":"2025-12-19T11:04:34","date_gmt":"2025-12-19T11:04:34","guid":{"rendered":"https:\/\/www.clubdelemprendimiento.com\/blog\/noticia-corporativa\/air-t-inc-anuncia-el-cierre-de-la-adquisicion-de-regional-express\/"},"modified":"2025-12-19T11:04:34","modified_gmt":"2025-12-19T11:04:34","slug":"air-t-inc-anuncia-el-cierre-de-la-adquisicion-de-regional-express","status":"publish","type":"noticia-corporativa","link":"https:\/\/www.clubdelemprendimiento.com\/blog\/noticia-corporativa\/air-t-inc-anuncia-el-cierre-de-la-adquisicion-de-regional-express\/","title":{"rendered":"Air T, Inc. anuncia el cierre de la adquisici\u00f3n de Regional Express"},"content":{"rendered":"<div>\n<p><a href=\"https:\/\/www.clubdelemprendimiento.com\/blog\/wp-content\/uploads\/2025\/12\/logoimage4.png\" target=\"_blank\" class=\"fotonota\" rel=\"noopener\"> <img decoding=\"async\" src=\"https:\/\/www.clubdelemprendimiento.com\/blog\/wp-content\/uploads\/2025\/12\/logoimage4.png\" style=\"max-width:600px;\" border=\"0\" class=\"postImage\" alt=\"\"><\/a><\/p>\n<p>La operaci\u00f3n consolida una nueva etapa para la aerol\u00ednea regional australiana, respaldada por un esquema financiero que refuerza su operativa, la modernizaci\u00f3n de su flota y su papel clave en la conectividad de las comunidades regionales<\/p>\n<p><\/p>\n<p>Air T, Inc. (NASDAQ:AIRT) se complace en anunciar el cierre con \u00e9xito de la adquisici\u00f3n de Regional Express Holdings Limited (Rex), la principal aerol\u00ednea regional de Australia. Air T pasa a ser propietaria del 100 % de Rex y espera con ilusi\u00f3n el inicio de una nueva etapa para la compa\u00f1\u00eda y para las comunidades regionales a las que presta servicio en todo el pa\u00eds.<\/p>\n<p>La transacci\u00f3n incluye una estructura de financiaci\u00f3n integral dise\u00f1ada para respaldar las operaciones de Rex y su crecimiento futuro:<\/p>\n<ul>\n<li>Air T proporciona una l\u00ednea de cr\u00e9dito de 50 millones de d\u00f3lares australianos, financiada por uno de sus socios inversores. Se prev\u00e9 que Rex utilice esta financiaci\u00f3n para reincorporar plenamente su flota al servicio, pasando de aproximadamente 31 aeronaves operativas en la actualidad a 45 en los pr\u00f3ximos dos a\u00f1os.<\/li>\n<li>La Commonwealth de Australia continuar\u00e1 siendo acreedor garantizado de Rex.<\/li>\n<li>Rex dispondr\u00e1 adem\u00e1s de un pr\u00e9stamo adicional no dispuesto de 60 millones de d\u00f3lares australianos por parte de la Commonwealth de Australia, destinado a apoyar la modernizaci\u00f3n de su flota actual de Saab 340 y las operaciones generales.<\/li>\n<\/ul>\n<p>Este esquema de financiaci\u00f3n refleja el enfoque colaborativo adoptado por Air T, la Commonwealth de Australia y otros grupos de inter\u00e9s para garantizar la viabilidad de Rex a largo plazo y su continuidad como proveedor esencial de servicios a las regiones australianas. Un Rex s\u00f3lido es positivo para Australia.<\/p>\n<p>\u00abEstamos encantados de dar la bienvenida a Rex a Air T y de continuar con la importante labor de fortalecer la aviaci\u00f3n regional en Australia\u00bb, afirm\u00f3 Nick Swenson, consejero delegado de Air T, Inc. \u00abRex presta servicio a comunidades que dependen de una conectividad a\u00e9rea fiable, y estamos comprometidos a garantizar que la aerol\u00ednea opere de forma sostenible a largo plazo. Esta adquisici\u00f3n encaja con nuestra estrategia de invertir en negocios aeron\u00e1uticos esenciales, con s\u00f3lidos fundamentos, equipos directivos de primer nivel y un papel relevante en sus mercados\u00bb.<\/p>\n<p>Por su parte, Neville Howell, consejero delegado de Regional Express, coment\u00f3: \u00abLa adquisici\u00f3n por parte de Air T no solo supone la resoluci\u00f3n de una etapa compleja, sino el inicio de una nueva fase revitalizada. Es el resultado de una planificaci\u00f3n disciplinada, decisiones basadas en principios y un compromiso inquebrantable con las comunidades regionales a las que servimos. Avanzamos con fortaleza y claridad renovadas, definidos no por las turbulencias del pasado, sino por las oportunidades que se abren ante nosotros.<\/p>\n<p>Al mirar hacia adelante, seguiremos fieles a nuestra esencia. Somos una aerol\u00ednea con la responsabilidad de conectar a los australianos, y afrontaremos este nuevo cap\u00edtulo con el mismo pragmatismo, cuidado y determinaci\u00f3n que nos guiaron durante los retos anteriores. Esta alianza no redefine a Rex; refuerza nuestra capacidad para cumplir el prop\u00f3sito que siempre nos ha definido: servir a las regiones que nos vieron nacer, con el coraz\u00f3n firmemente anclado en el territorio\u00bb.<\/p>\n<p>Air T y Rex agradecen el apoyo y la colaboraci\u00f3n de los administradores, la Commonwealth de Australia, los acreedores de Rex y todas las partes implicadas a lo largo de este proceso.<\/p>\n<p><strong>Nota sobre preguntas de los grupos de inter\u00e9s<\/strong><br \/>\nSi hay preguntas relacionadas con este comunicado u otros asuntos de Air T, se puede utilizar la herramienta interactiva de preguntas y respuestas a trav\u00e9s de Slido.com, accesible desde el sitio web de Air T, para enviar las consultas. La intenci\u00f3n es mantener ese enlace abierto y disponible para las preguntas de los accionistas. Las preguntas enviadas a trav\u00e9s de Slido se responder\u00e1n en directo y por escrito durante la Junta General Anual, as\u00ed como mediante respuestas escritas con periodicidad trimestral. Hay que tener en cuenta que los requisitos legales y pr\u00e1cticos impiden responder a todas las preguntas publicadas, si bien se procurar\u00e1 atender todas aquellas que sean razonables y relevantes.<\/p>\n<p><strong>Sobre Air T, Inc.<\/strong><br \/>\nFundada en 1980, Air T Inc. es un holding de empresas y activos financieros s\u00f3lidos, independientes entre s\u00ed pero interrelacionados. Sus principales segmentos incluyen carga a\u00e9rea nocturna, venta de equipos de apoyo en tierra, motores y piezas para reactores comerciales, as\u00ed como otras actividades corporativas. La compa\u00f1\u00eda busca ampliar, reforzar y diversificar el flujo de caja por acci\u00f3n despu\u00e9s de impuestos. Su objetivo es desarrollar sus negocios principales y, cuando resulta oportuno, expandirse hacia sectores adyacentes u otros \u00e1mbitos, generando crecimiento y superando desaf\u00edos mientras aporta valor significativo a todos sus grupos de inter\u00e9s. Para m\u00e1s informaci\u00f3n, visitar <a href=\"http:\/\/www.airt.com\/\" rel=\"nofollow\">www.airt.com<\/a>.<\/p>\n<p><strong>Sobre Rex<\/strong><br \/>\nFundada en 2002, Rex es la mayor aerol\u00ednea regional independiente de Australia y presta servicio a comunidades regionales y remotas en todos los estados del pa\u00eds. Rex opera la mayor flota mundial de aeronaves Saab 340, con m\u00e1s de 1.000 vuelos semanales.<\/p>\n<p>Adem\u00e1s de la aerol\u00ednea, el Grupo Rex incluye dos centros profesionales de formaci\u00f3n de pilotos \u2014la Australian Airline Pilot Academy (AAPA) en Wagga Wagga (Nueva Gales del Sur) y Ballarat (Victoria)\u2014, as\u00ed como la instalaci\u00f3n de mantenimiento y revisi\u00f3n de h\u00e9lices Australian Aerospace Propeller Maintenance (AAPM), con sede en Dingley, Victoria.<\/p>\n<\/div>\n","protected":false},"featured_media":25056,"template":"","meta":{"_acf_changed":false},"acf":[],"yoast_head":"<!-- This site is optimized with the Yoast SEO plugin v22.7 - https:\/\/yoast.com\/wordpress\/plugins\/seo\/ -->\n<title>Air T, Inc. anuncia el cierre de la adquisici\u00f3n de Regional Express - Blog Club del Emprendimiento<\/title>\n<meta name=\"robots\" content=\"index, follow, max-snippet:-1, max-image-preview:large, max-video-preview:-1\" \/>\n<link rel=\"canonical\" href=\"https:\/\/www.clubdelemprendimiento.com\/blog\/noticia-corporativa\/air-t-inc-anuncia-el-cierre-de-la-adquisicion-de-regional-express\/\" \/>\n<meta property=\"og:locale\" content=\"es_ES\" \/>\n<meta property=\"og:type\" content=\"article\" \/>\n<meta property=\"og:title\" content=\"Air T, Inc. anuncia el cierre de la adquisici\u00f3n de Regional Express - Blog Club del Emprendimiento\" \/>\n<meta property=\"og:description\" content=\"La operaci\u00f3n consolida una nueva etapa para la aerol\u00ednea regional australiana, respaldada por un&hellip;\" \/>\n<meta property=\"og:url\" content=\"https:\/\/www.clubdelemprendimiento.com\/blog\/noticia-corporativa\/air-t-inc-anuncia-el-cierre-de-la-adquisicion-de-regional-express\/\" \/>\n<meta property=\"og:site_name\" content=\"Blog Club del Emprendimiento\" \/>\n<meta property=\"og:image\" content=\"https:\/\/www.clubdelemprendimiento.com\/blog\/wp-content\/uploads\/2025\/12\/logoimage4.png\" \/>\n<meta name=\"twitter:card\" content=\"summary_large_image\" \/>\n<meta name=\"twitter:label1\" content=\"Tiempo de lectura\" \/>\n\t<meta name=\"twitter:data1\" content=\"5 minutos\" \/>\n<script type=\"application\/ld+json\" class=\"yoast-schema-graph\">{\"@context\":\"https:\/\/schema.org\",\"@graph\":[{\"@type\":\"WebPage\",\"@id\":\"https:\/\/www.clubdelemprendimiento.com\/blog\/noticia-corporativa\/air-t-inc-anuncia-el-cierre-de-la-adquisicion-de-regional-express\/\",\"url\":\"https:\/\/www.clubdelemprendimiento.com\/blog\/noticia-corporativa\/air-t-inc-anuncia-el-cierre-de-la-adquisicion-de-regional-express\/\",\"name\":\"Air T, Inc. anuncia el cierre de la adquisici\u00f3n de Regional Express - Blog Club del Emprendimiento\",\"isPartOf\":{\"@id\":\"https:\/\/www.clubdelemprendimiento.com\/blog\/#website\"},\"primaryImageOfPage\":{\"@id\":\"https:\/\/www.clubdelemprendimiento.com\/blog\/noticia-corporativa\/air-t-inc-anuncia-el-cierre-de-la-adquisicion-de-regional-express\/#primaryimage\"},\"image\":{\"@id\":\"https:\/\/www.clubdelemprendimiento.com\/blog\/noticia-corporativa\/air-t-inc-anuncia-el-cierre-de-la-adquisicion-de-regional-express\/#primaryimage\"},\"thumbnailUrl\":\"https:\/\/www.clubdelemprendimiento.com\/blog\/wp-content\/uploads\/2025\/12\/logoimage4.png\",\"datePublished\":\"2025-12-19T11:04:34+00:00\",\"dateModified\":\"2025-12-19T11:04:34+00:00\",\"breadcrumb\":{\"@id\":\"https:\/\/www.clubdelemprendimiento.com\/blog\/noticia-corporativa\/air-t-inc-anuncia-el-cierre-de-la-adquisicion-de-regional-express\/#breadcrumb\"},\"inLanguage\":\"es\",\"potentialAction\":[{\"@type\":\"ReadAction\",\"target\":[\"https:\/\/www.clubdelemprendimiento.com\/blog\/noticia-corporativa\/air-t-inc-anuncia-el-cierre-de-la-adquisicion-de-regional-express\/\"]}]},{\"@type\":\"ImageObject\",\"inLanguage\":\"es\",\"@id\":\"https:\/\/www.clubdelemprendimiento.com\/blog\/noticia-corporativa\/air-t-inc-anuncia-el-cierre-de-la-adquisicion-de-regional-express\/#primaryimage\",\"url\":\"https:\/\/www.clubdelemprendimiento.com\/blog\/wp-content\/uploads\/2025\/12\/logoimage4.png\",\"contentUrl\":\"https:\/\/www.clubdelemprendimiento.com\/blog\/wp-content\/uploads\/2025\/12\/logoimage4.png\",\"width\":760,\"height\":246},{\"@type\":\"BreadcrumbList\",\"@id\":\"https:\/\/www.clubdelemprendimiento.com\/blog\/noticia-corporativa\/air-t-inc-anuncia-el-cierre-de-la-adquisicion-de-regional-express\/#breadcrumb\",\"itemListElement\":[{\"@type\":\"ListItem\",\"position\":1,\"name\":\"Home\",\"item\":\"https:\/\/www.clubdelemprendimiento.com\/blog\/\"},{\"@type\":\"ListItem\",\"position\":2,\"name\":\"Noticias Corporativas\",\"item\":\"https:\/\/www.clubdelemprendimiento.com\/blog\/noticias-corporativas\/\"},{\"@type\":\"ListItem\",\"position\":3,\"name\":\"Air T, Inc. anuncia el cierre de la adquisici\u00f3n de Regional Express\"}]},{\"@type\":\"WebSite\",\"@id\":\"https:\/\/www.clubdelemprendimiento.com\/blog\/#website\",\"url\":\"https:\/\/www.clubdelemprendimiento.com\/blog\/\",\"name\":\"Blog Club del Emprendimiento\",\"description\":\"\",\"potentialAction\":[{\"@type\":\"SearchAction\",\"target\":{\"@type\":\"EntryPoint\",\"urlTemplate\":\"https:\/\/www.clubdelemprendimiento.com\/blog\/?s={search_term_string}\"},\"query-input\":\"required name=search_term_string\"}],\"inLanguage\":\"es\"}]}<\/script>\n<!-- \/ Yoast SEO plugin. -->","yoast_head_json":{"title":"Air T, Inc. anuncia el cierre de la adquisici\u00f3n de Regional Express - Blog Club del Emprendimiento","robots":{"index":"index","follow":"follow","max-snippet":"max-snippet:-1","max-image-preview":"max-image-preview:large","max-video-preview":"max-video-preview:-1"},"canonical":"https:\/\/www.clubdelemprendimiento.com\/blog\/noticia-corporativa\/air-t-inc-anuncia-el-cierre-de-la-adquisicion-de-regional-express\/","og_locale":"es_ES","og_type":"article","og_title":"Air T, Inc. anuncia el cierre de la adquisici\u00f3n de Regional Express - Blog Club del Emprendimiento","og_description":"La operaci\u00f3n consolida una nueva etapa para la aerol\u00ednea regional australiana, respaldada por un&hellip;","og_url":"https:\/\/www.clubdelemprendimiento.com\/blog\/noticia-corporativa\/air-t-inc-anuncia-el-cierre-de-la-adquisicion-de-regional-express\/","og_site_name":"Blog Club del Emprendimiento","og_image":[{"url":"https:\/\/www.clubdelemprendimiento.com\/blog\/wp-content\/uploads\/2025\/12\/logoimage4.png"}],"twitter_card":"summary_large_image","twitter_misc":{"Tiempo de lectura":"5 minutos"},"schema":{"@context":"https:\/\/schema.org","@graph":[{"@type":"WebPage","@id":"https:\/\/www.clubdelemprendimiento.com\/blog\/noticia-corporativa\/air-t-inc-anuncia-el-cierre-de-la-adquisicion-de-regional-express\/","url":"https:\/\/www.clubdelemprendimiento.com\/blog\/noticia-corporativa\/air-t-inc-anuncia-el-cierre-de-la-adquisicion-de-regional-express\/","name":"Air T, Inc. anuncia el cierre de la adquisici\u00f3n de Regional Express - Blog Club del Emprendimiento","isPartOf":{"@id":"https:\/\/www.clubdelemprendimiento.com\/blog\/#website"},"primaryImageOfPage":{"@id":"https:\/\/www.clubdelemprendimiento.com\/blog\/noticia-corporativa\/air-t-inc-anuncia-el-cierre-de-la-adquisicion-de-regional-express\/#primaryimage"},"image":{"@id":"https:\/\/www.clubdelemprendimiento.com\/blog\/noticia-corporativa\/air-t-inc-anuncia-el-cierre-de-la-adquisicion-de-regional-express\/#primaryimage"},"thumbnailUrl":"https:\/\/www.clubdelemprendimiento.com\/blog\/wp-content\/uploads\/2025\/12\/logoimage4.png","datePublished":"2025-12-19T11:04:34+00:00","dateModified":"2025-12-19T11:04:34+00:00","breadcrumb":{"@id":"https:\/\/www.clubdelemprendimiento.com\/blog\/noticia-corporativa\/air-t-inc-anuncia-el-cierre-de-la-adquisicion-de-regional-express\/#breadcrumb"},"inLanguage":"es","potentialAction":[{"@type":"ReadAction","target":["https:\/\/www.clubdelemprendimiento.com\/blog\/noticia-corporativa\/air-t-inc-anuncia-el-cierre-de-la-adquisicion-de-regional-express\/"]}]},{"@type":"ImageObject","inLanguage":"es","@id":"https:\/\/www.clubdelemprendimiento.com\/blog\/noticia-corporativa\/air-t-inc-anuncia-el-cierre-de-la-adquisicion-de-regional-express\/#primaryimage","url":"https:\/\/www.clubdelemprendimiento.com\/blog\/wp-content\/uploads\/2025\/12\/logoimage4.png","contentUrl":"https:\/\/www.clubdelemprendimiento.com\/blog\/wp-content\/uploads\/2025\/12\/logoimage4.png","width":760,"height":246},{"@type":"BreadcrumbList","@id":"https:\/\/www.clubdelemprendimiento.com\/blog\/noticia-corporativa\/air-t-inc-anuncia-el-cierre-de-la-adquisicion-de-regional-express\/#breadcrumb","itemListElement":[{"@type":"ListItem","position":1,"name":"Home","item":"https:\/\/www.clubdelemprendimiento.com\/blog\/"},{"@type":"ListItem","position":2,"name":"Noticias Corporativas","item":"https:\/\/www.clubdelemprendimiento.com\/blog\/noticias-corporativas\/"},{"@type":"ListItem","position":3,"name":"Air T, Inc. anuncia el cierre de la adquisici\u00f3n de Regional Express"}]},{"@type":"WebSite","@id":"https:\/\/www.clubdelemprendimiento.com\/blog\/#website","url":"https:\/\/www.clubdelemprendimiento.com\/blog\/","name":"Blog Club del Emprendimiento","description":"","potentialAction":[{"@type":"SearchAction","target":{"@type":"EntryPoint","urlTemplate":"https:\/\/www.clubdelemprendimiento.com\/blog\/?s={search_term_string}"},"query-input":"required name=search_term_string"}],"inLanguage":"es"}]}},"_links":{"self":[{"href":"https:\/\/www.clubdelemprendimiento.com\/blog\/wp-json\/wp\/v2\/noticia-corporativa\/25055"}],"collection":[{"href":"https:\/\/www.clubdelemprendimiento.com\/blog\/wp-json\/wp\/v2\/noticia-corporativa"}],"about":[{"href":"https:\/\/www.clubdelemprendimiento.com\/blog\/wp-json\/wp\/v2\/types\/noticia-corporativa"}],"wp:featuredmedia":[{"embeddable":true,"href":"https:\/\/www.clubdelemprendimiento.com\/blog\/wp-json\/wp\/v2\/media\/25056"}],"wp:attachment":[{"href":"https:\/\/www.clubdelemprendimiento.com\/blog\/wp-json\/wp\/v2\/media?parent=25055"}],"curies":[{"name":"wp","href":"https:\/\/api.w.org\/{rel}","templated":true}]}}