{"id":25051,"date":"2025-12-19T11:04:33","date_gmt":"2025-12-19T11:04:33","guid":{"rendered":"https:\/\/www.clubdelemprendimiento.com\/blog\/noticia-corporativa\/vertiv-y-greenscale-anuncian-una-colaboracion-estrategica-para-desplegar-plataformas-de-centros-de-datos-preparadas-para-ia-en-toda-europa\/"},"modified":"2025-12-19T11:04:33","modified_gmt":"2025-12-19T11:04:33","slug":"vertiv-y-greenscale-anuncian-una-colaboracion-estrategica-para-desplegar-plataformas-de-centros-de-datos-preparadas-para-ia-en-toda-europa","status":"publish","type":"noticia-corporativa","link":"https:\/\/www.clubdelemprendimiento.com\/blog\/noticia-corporativa\/vertiv-y-greenscale-anuncian-una-colaboracion-estrategica-para-desplegar-plataformas-de-centros-de-datos-preparadas-para-ia-en-toda-europa\/","title":{"rendered":"Vertiv y GreenScale anuncian una colaboraci\u00f3n estrat\u00e9gica para desplegar plataformas de centros de datos preparadas para IA en toda Europa"},"content":{"rendered":"<div>\n<p><a href=\"https:\/\/www.clubdelemprendimiento.com\/blog\/wp-content\/uploads\/2025\/12\/GreenScale_Release_banner_800_x_450_px.png\" target=\"_blank\" class=\"fotonota\" rel=\"noopener\"> <img decoding=\"async\" src=\"https:\/\/www.clubdelemprendimiento.com\/blog\/wp-content\/uploads\/2025\/12\/GreenScale_Release_banner_800_x_450_px.png\" style=\"max-width:600px;\" border=\"0\" class=\"postImage\" alt=\"\"><\/a><\/p>\n<p>Esta colaboraci\u00f3n desplegar\u00e1 plataformas de centros de datos preparadas para IA en toda Europa<\/p>\n<p><\/p>\n<p>Vertiv\u00a0(NYSE: VRT), l\u00edder mundial en soluciones de infraestructura digital cr\u00edtica, y\u00a0<a href=\"https:\/\/urldefense.com\/v3\/__https:\/\/services.hosting.augure.com\/Response\/c5B3Q\/*7B74dc227b-48ee-4313-abae-b9fa94b31ac4*7D__;JSU!!IfJP2Nwhk5Z0yJ43lA!IP6qiZFQIvNLjNx-zxm5_136bmGNNqdFOpYcqocjeYJvbUvch5zGOWt_hTAeZLwNS-MDGFkvEnbYw7-MKHYq7K-xJqcC2p__RMgB6PAsxjst%24\" title=\"https:\/\/urldefense.com\/v3\/__https:\/\/services.hosting.augure.com\/Response\/c5B3Q\/*7B74dc227b-48ee-4313-abae-b9fa94b31ac4*7D__;JSU!!IfJP2Nwhk5Z0yJ43lA!IP6qiZFQIvNLjNx-zxm5_136bmGNNqdFOpYcqocjeYJvbUvch5zGOWt_hTAeZLwNS-MDGFkvEnbYw7-MKHYq7K-xJqcC2p__RMgB6PAsxjst$\" rel=\"nofollow\">GreenScale<\/a>, desarrollador de campus de centros de datos a hiperescala, han anunciado hoy una colaboraci\u00f3n estrat\u00e9gica para ofrecer plataformas de centros de datos integradas en f\u00e1brica, dise\u00f1adas para soportar cargas de trabajo de inteligencia artificial de pr\u00f3xima generaci\u00f3n en Europa.<\/p>\n<p>Tras un proceso competitivo basado en un cuestionario de precalificaci\u00f3n (PQQ), GreenScale ha seleccionado a Vertiv como su proveedor preferente de centros de datos h\u00edbridos\u00a0<a href=\"https:\/\/urldefense.com\/v3\/__https:\/\/services.hosting.augure.com\/Response\/c5B3R\/*7B74dc227b-48ee-4313-abae-b9fa94b31ac4*7D__;JSU!!IfJP2Nwhk5Z0yJ43lA!IP6qiZFQIvNLjNx-zxm5_136bmGNNqdFOpYcqocjeYJvbUvch5zGOWt_hTAeZLwNS-MDGFkvEnbYw7-MKHYq7K-xJqcC2p__RMgB6CKsPA0p%24\" title=\"https:\/\/urldefense.com\/v3\/__https:\/\/services.hosting.augure.com\/Response\/c5B3R\/*7B74dc227b-48ee-4313-abae-b9fa94b31ac4*7D__;JSU!!IfJP2Nwhk5Z0yJ43lA!IP6qiZFQIvNLjNx-zxm5_136bmGNNqdFOpYcqocjeYJvbUvch5zGOWt_hTAeZLwNS-MDGFkvEnbYw7-MKHYq7K-xJqcC2p__RMgB6CKsPA0p$\" rel=\"nofollow\">Vertiv\u2122 OneCore estandarizados y prefabricados<\/a>. Mientras que GreenScale se encargar\u00e1 de la construcci\u00f3n de la cimentaci\u00f3n y de la infraestructura del emplazamiento, Vertiv suministrar\u00e1 m\u00f3dulos de centros de datos preparados para IA, dise\u00f1ados para soportar despliegues con refrigeraci\u00f3n l\u00edquida de unidades de procesamiento gr\u00e1fico (GPU) NVIDIA Grace Blackwell GB200\/300, incluidas las GPU de pr\u00f3xima generaci\u00f3n Vera Rubin.<\/p>\n<p>\u00abLas cargas de trabajo de IA exigen densidad y velocidad\u00bb, afirm\u00f3 Vedran Brzic, vicepresidente del negocio de soluciones de infraestructura para EMEA en Vertiv. \u00abAl integrar la plataforma Vertiv OneCore en el dise\u00f1o est\u00e1ndar de GreenScale, se\u00a0contribuye a acelerar el despliegue de infraestructuras escalables para IA, computaci\u00f3n de alto rendimiento (HPC) y entornos de alta densidad. Esta\u00a0soluci\u00f3n prefabricada y escalable integra las\u00a0tecnolog\u00edas de alimentaci\u00f3n el\u00e9ctrica, gesti\u00f3n t\u00e9rmica e infraestructura TI en un \u00fanico sistema ensamblado en f\u00e1brica, lo que permite a los clientes desplegar capacidad de alta densidad de forma m\u00e1s eficiente, incrementando al mismo tiempo la fiabilidad y el rendimiento\u00bb.<\/p>\n<p>La plataforma\u00a0<a href=\"https:\/\/urldefense.com\/v3\/__https:\/\/services.hosting.augure.com\/Response\/c5B3R\/*7B74dc227b-48ee-4313-abae-b9fa94b31ac4*7D__;JSU!!IfJP2Nwhk5Z0yJ43lA!IP6qiZFQIvNLjNx-zxm5_136bmGNNqdFOpYcqocjeYJvbUvch5zGOWt_hTAeZLwNS-MDGFkvEnbYw7-MKHYq7K-xJqcC2p__RMgB6CKsPA0p%24\" title=\"https:\/\/urldefense.com\/v3\/__https:\/\/services.hosting.augure.com\/Response\/c5B3R\/*7B74dc227b-48ee-4313-abae-b9fa94b31ac4*7D__;JSU!!IfJP2Nwhk5Z0yJ43lA!IP6qiZFQIvNLjNx-zxm5_136bmGNNqdFOpYcqocjeYJvbUvch5zGOWt_hTAeZLwNS-MDGFkvEnbYw7-MKHYq7K-xJqcC2p__RMgB6CKsPA0p$\" rel=\"nofollow\">Vertiv OneCore<\/a>\u00a0admite m\u00e1s de 200 kW por rack e incorpora unidades de distribuci\u00f3n de refrigerante (CDU) con un sistema de refrigeraci\u00f3n l\u00edquida de doble circuito. La plataforma se complementa con la infraestructura prefabricada a\u00e9rea\u00a0Vertiv\u2122 SmartRun, que incluye una red secundaria de fluidos (SFN) integrada para la gesti\u00f3n t\u00e9rmica con refrigeraci\u00f3n l\u00edquida, optimizada para arquitecturas intensivas en GPU, as\u00ed como la distribuci\u00f3n de energ\u00eda. Los m\u00f3dulos se entregan ensamblados y probados en f\u00e1brica, mientras que GreenScale proporcionar\u00e1 servicios integrales en el emplazamiento, que incluyen la integraci\u00f3n a la red el\u00e9ctrica, la obtenci\u00f3n de permisos, los sistemas de monitorizaci\u00f3n de bater\u00edas (BMS) y seguridad, y la construcci\u00f3n de la cimentaci\u00f3n.<\/p>\n<p>\u00abLa\u00a0colaboraci\u00f3n con Vertiv encaja plenamente con la misi\u00f3n de GreenScale de desplegar r\u00e1pidamente infraestructuras altamente eficientes y preparadas para IA en toda Europa\u00bb, se\u00f1al\u00f3 Dan Thomas, consejero delegado de GreenScale. \u00abAl estandarizar usando las plataformas prefabricadas de Vertiv, obtenemos ventajas significativas en t\u00e9rminos de rapidez de comercializaci\u00f3n, control de calidad y eficiencia operativa. Su contrastada experiencia en soluciones de refrigeraci\u00f3n de alta densidad y su enfoque de integraci\u00f3n en f\u00e1brica permite minimizar la complejidad en obra, al tiempo que se optimizan las\u00a0instalaciones para las cargas de trabajo de IA m\u00e1s exigentes. Este enfoque de plataforma estandarizada ser\u00e1 clave para ejecutar los\u00a0ambiciosos planes de expansi\u00f3n en Irlanda del Norte y los pa\u00edses n\u00f3rdicos\u00bb.<\/p>\n<p>GreenScale prev\u00e9 expandirse con aproximadamente 120 MW en Irlanda del Norte y m\u00e1s de 300 MW en los pa\u00edses n\u00f3rdicos, con una visi\u00f3n a largo plazo de desplegar cerca de 1 GW en toda Europa. La compa\u00f1\u00eda aspira a implantar un modelo innovador de computaci\u00f3n de alto rendimiento que alinee sus objetivos y plazos con proveedores tecnol\u00f3gicos capaces de ofrecer de forma eficiente soluciones escalables y preparadas para IA.<\/p>\n<p>Para obtener m\u00e1s informaci\u00f3n sobre las soluciones de centros de datos de Vertiv, visitar\u00a0Vertiv.com.<\/p>\n<\/div>\n","protected":false},"featured_media":25052,"template":"","meta":{"_acf_changed":false},"acf":[],"yoast_head":"<!-- This site is optimized with the Yoast SEO plugin v22.7 - https:\/\/yoast.com\/wordpress\/plugins\/seo\/ -->\n<title>Vertiv y GreenScale anuncian una colaboraci\u00f3n estrat\u00e9gica para desplegar plataformas de centros de datos preparadas para IA en toda Europa - Blog Club del Emprendimiento<\/title>\n<meta name=\"robots\" content=\"index, follow, max-snippet:-1, max-image-preview:large, max-video-preview:-1\" \/>\n<link rel=\"canonical\" href=\"https:\/\/www.clubdelemprendimiento.com\/blog\/noticia-corporativa\/vertiv-y-greenscale-anuncian-una-colaboracion-estrategica-para-desplegar-plataformas-de-centros-de-datos-preparadas-para-ia-en-toda-europa\/\" \/>\n<meta property=\"og:locale\" content=\"es_ES\" \/>\n<meta property=\"og:type\" content=\"article\" \/>\n<meta property=\"og:title\" content=\"Vertiv y GreenScale anuncian una colaboraci\u00f3n estrat\u00e9gica para desplegar plataformas de centros de datos preparadas para IA en toda Europa - Blog Club del Emprendimiento\" \/>\n<meta property=\"og:description\" content=\"Esta colaboraci\u00f3n desplegar\u00e1 plataformas de centros de datos preparadas para IA en toda Europa&hellip;\" \/>\n<meta property=\"og:url\" content=\"https:\/\/www.clubdelemprendimiento.com\/blog\/noticia-corporativa\/vertiv-y-greenscale-anuncian-una-colaboracion-estrategica-para-desplegar-plataformas-de-centros-de-datos-preparadas-para-ia-en-toda-europa\/\" \/>\n<meta property=\"og:site_name\" content=\"Blog Club del Emprendimiento\" \/>\n<meta property=\"og:image\" content=\"https:\/\/www.clubdelemprendimiento.com\/blog\/wp-content\/uploads\/2025\/12\/GreenScale_Release_banner_800_x_450_px.png\" \/>\n<meta name=\"twitter:card\" content=\"summary_large_image\" \/>\n<meta name=\"twitter:label1\" content=\"Tiempo de lectura\" \/>\n\t<meta name=\"twitter:data1\" content=\"3 minutos\" \/>\n<script type=\"application\/ld+json\" class=\"yoast-schema-graph\">{\"@context\":\"https:\/\/schema.org\",\"@graph\":[{\"@type\":\"WebPage\",\"@id\":\"https:\/\/www.clubdelemprendimiento.com\/blog\/noticia-corporativa\/vertiv-y-greenscale-anuncian-una-colaboracion-estrategica-para-desplegar-plataformas-de-centros-de-datos-preparadas-para-ia-en-toda-europa\/\",\"url\":\"https:\/\/www.clubdelemprendimiento.com\/blog\/noticia-corporativa\/vertiv-y-greenscale-anuncian-una-colaboracion-estrategica-para-desplegar-plataformas-de-centros-de-datos-preparadas-para-ia-en-toda-europa\/\",\"name\":\"Vertiv y GreenScale anuncian una colaboraci\u00f3n estrat\u00e9gica para desplegar plataformas de centros de datos preparadas para IA en toda Europa - Blog Club del Emprendimiento\",\"isPartOf\":{\"@id\":\"https:\/\/www.clubdelemprendimiento.com\/blog\/#website\"},\"primaryImageOfPage\":{\"@id\":\"https:\/\/www.clubdelemprendimiento.com\/blog\/noticia-corporativa\/vertiv-y-greenscale-anuncian-una-colaboracion-estrategica-para-desplegar-plataformas-de-centros-de-datos-preparadas-para-ia-en-toda-europa\/#primaryimage\"},\"image\":{\"@id\":\"https:\/\/www.clubdelemprendimiento.com\/blog\/noticia-corporativa\/vertiv-y-greenscale-anuncian-una-colaboracion-estrategica-para-desplegar-plataformas-de-centros-de-datos-preparadas-para-ia-en-toda-europa\/#primaryimage\"},\"thumbnailUrl\":\"https:\/\/www.clubdelemprendimiento.com\/blog\/wp-content\/uploads\/2025\/12\/GreenScale_Release_banner_800_x_450_px.png\",\"datePublished\":\"2025-12-19T11:04:33+00:00\",\"dateModified\":\"2025-12-19T11:04:33+00:00\",\"breadcrumb\":{\"@id\":\"https:\/\/www.clubdelemprendimiento.com\/blog\/noticia-corporativa\/vertiv-y-greenscale-anuncian-una-colaboracion-estrategica-para-desplegar-plataformas-de-centros-de-datos-preparadas-para-ia-en-toda-europa\/#breadcrumb\"},\"inLanguage\":\"es\",\"potentialAction\":[{\"@type\":\"ReadAction\",\"target\":[\"https:\/\/www.clubdelemprendimiento.com\/blog\/noticia-corporativa\/vertiv-y-greenscale-anuncian-una-colaboracion-estrategica-para-desplegar-plataformas-de-centros-de-datos-preparadas-para-ia-en-toda-europa\/\"]}]},{\"@type\":\"ImageObject\",\"inLanguage\":\"es\",\"@id\":\"https:\/\/www.clubdelemprendimiento.com\/blog\/noticia-corporativa\/vertiv-y-greenscale-anuncian-una-colaboracion-estrategica-para-desplegar-plataformas-de-centros-de-datos-preparadas-para-ia-en-toda-europa\/#primaryimage\",\"url\":\"https:\/\/www.clubdelemprendimiento.com\/blog\/wp-content\/uploads\/2025\/12\/GreenScale_Release_banner_800_x_450_px.png\",\"contentUrl\":\"https:\/\/www.clubdelemprendimiento.com\/blog\/wp-content\/uploads\/2025\/12\/GreenScale_Release_banner_800_x_450_px.png\",\"width\":800,\"height\":450},{\"@type\":\"BreadcrumbList\",\"@id\":\"https:\/\/www.clubdelemprendimiento.com\/blog\/noticia-corporativa\/vertiv-y-greenscale-anuncian-una-colaboracion-estrategica-para-desplegar-plataformas-de-centros-de-datos-preparadas-para-ia-en-toda-europa\/#breadcrumb\",\"itemListElement\":[{\"@type\":\"ListItem\",\"position\":1,\"name\":\"Home\",\"item\":\"https:\/\/www.clubdelemprendimiento.com\/blog\/\"},{\"@type\":\"ListItem\",\"position\":2,\"name\":\"Noticias Corporativas\",\"item\":\"https:\/\/www.clubdelemprendimiento.com\/blog\/noticias-corporativas\/\"},{\"@type\":\"ListItem\",\"position\":3,\"name\":\"Vertiv y GreenScale anuncian una colaboraci\u00f3n estrat\u00e9gica para desplegar plataformas de centros de datos preparadas para IA en toda Europa\"}]},{\"@type\":\"WebSite\",\"@id\":\"https:\/\/www.clubdelemprendimiento.com\/blog\/#website\",\"url\":\"https:\/\/www.clubdelemprendimiento.com\/blog\/\",\"name\":\"Blog Club del Emprendimiento\",\"description\":\"\",\"potentialAction\":[{\"@type\":\"SearchAction\",\"target\":{\"@type\":\"EntryPoint\",\"urlTemplate\":\"https:\/\/www.clubdelemprendimiento.com\/blog\/?s={search_term_string}\"},\"query-input\":\"required name=search_term_string\"}],\"inLanguage\":\"es\"}]}<\/script>\n<!-- \/ Yoast SEO plugin. -->","yoast_head_json":{"title":"Vertiv y GreenScale anuncian una colaboraci\u00f3n estrat\u00e9gica para desplegar plataformas de centros de datos preparadas para IA en toda Europa - Blog Club del Emprendimiento","robots":{"index":"index","follow":"follow","max-snippet":"max-snippet:-1","max-image-preview":"max-image-preview:large","max-video-preview":"max-video-preview:-1"},"canonical":"https:\/\/www.clubdelemprendimiento.com\/blog\/noticia-corporativa\/vertiv-y-greenscale-anuncian-una-colaboracion-estrategica-para-desplegar-plataformas-de-centros-de-datos-preparadas-para-ia-en-toda-europa\/","og_locale":"es_ES","og_type":"article","og_title":"Vertiv y GreenScale anuncian una colaboraci\u00f3n estrat\u00e9gica para desplegar plataformas de centros de datos preparadas para IA en toda Europa - Blog Club del Emprendimiento","og_description":"Esta colaboraci\u00f3n desplegar\u00e1 plataformas de centros de datos preparadas para IA en toda Europa&hellip;","og_url":"https:\/\/www.clubdelemprendimiento.com\/blog\/noticia-corporativa\/vertiv-y-greenscale-anuncian-una-colaboracion-estrategica-para-desplegar-plataformas-de-centros-de-datos-preparadas-para-ia-en-toda-europa\/","og_site_name":"Blog Club del Emprendimiento","og_image":[{"url":"https:\/\/www.clubdelemprendimiento.com\/blog\/wp-content\/uploads\/2025\/12\/GreenScale_Release_banner_800_x_450_px.png"}],"twitter_card":"summary_large_image","twitter_misc":{"Tiempo de lectura":"3 minutos"},"schema":{"@context":"https:\/\/schema.org","@graph":[{"@type":"WebPage","@id":"https:\/\/www.clubdelemprendimiento.com\/blog\/noticia-corporativa\/vertiv-y-greenscale-anuncian-una-colaboracion-estrategica-para-desplegar-plataformas-de-centros-de-datos-preparadas-para-ia-en-toda-europa\/","url":"https:\/\/www.clubdelemprendimiento.com\/blog\/noticia-corporativa\/vertiv-y-greenscale-anuncian-una-colaboracion-estrategica-para-desplegar-plataformas-de-centros-de-datos-preparadas-para-ia-en-toda-europa\/","name":"Vertiv y GreenScale anuncian una colaboraci\u00f3n estrat\u00e9gica para desplegar plataformas de centros de datos preparadas para IA en toda Europa - Blog Club del Emprendimiento","isPartOf":{"@id":"https:\/\/www.clubdelemprendimiento.com\/blog\/#website"},"primaryImageOfPage":{"@id":"https:\/\/www.clubdelemprendimiento.com\/blog\/noticia-corporativa\/vertiv-y-greenscale-anuncian-una-colaboracion-estrategica-para-desplegar-plataformas-de-centros-de-datos-preparadas-para-ia-en-toda-europa\/#primaryimage"},"image":{"@id":"https:\/\/www.clubdelemprendimiento.com\/blog\/noticia-corporativa\/vertiv-y-greenscale-anuncian-una-colaboracion-estrategica-para-desplegar-plataformas-de-centros-de-datos-preparadas-para-ia-en-toda-europa\/#primaryimage"},"thumbnailUrl":"https:\/\/www.clubdelemprendimiento.com\/blog\/wp-content\/uploads\/2025\/12\/GreenScale_Release_banner_800_x_450_px.png","datePublished":"2025-12-19T11:04:33+00:00","dateModified":"2025-12-19T11:04:33+00:00","breadcrumb":{"@id":"https:\/\/www.clubdelemprendimiento.com\/blog\/noticia-corporativa\/vertiv-y-greenscale-anuncian-una-colaboracion-estrategica-para-desplegar-plataformas-de-centros-de-datos-preparadas-para-ia-en-toda-europa\/#breadcrumb"},"inLanguage":"es","potentialAction":[{"@type":"ReadAction","target":["https:\/\/www.clubdelemprendimiento.com\/blog\/noticia-corporativa\/vertiv-y-greenscale-anuncian-una-colaboracion-estrategica-para-desplegar-plataformas-de-centros-de-datos-preparadas-para-ia-en-toda-europa\/"]}]},{"@type":"ImageObject","inLanguage":"es","@id":"https:\/\/www.clubdelemprendimiento.com\/blog\/noticia-corporativa\/vertiv-y-greenscale-anuncian-una-colaboracion-estrategica-para-desplegar-plataformas-de-centros-de-datos-preparadas-para-ia-en-toda-europa\/#primaryimage","url":"https:\/\/www.clubdelemprendimiento.com\/blog\/wp-content\/uploads\/2025\/12\/GreenScale_Release_banner_800_x_450_px.png","contentUrl":"https:\/\/www.clubdelemprendimiento.com\/blog\/wp-content\/uploads\/2025\/12\/GreenScale_Release_banner_800_x_450_px.png","width":800,"height":450},{"@type":"BreadcrumbList","@id":"https:\/\/www.clubdelemprendimiento.com\/blog\/noticia-corporativa\/vertiv-y-greenscale-anuncian-una-colaboracion-estrategica-para-desplegar-plataformas-de-centros-de-datos-preparadas-para-ia-en-toda-europa\/#breadcrumb","itemListElement":[{"@type":"ListItem","position":1,"name":"Home","item":"https:\/\/www.clubdelemprendimiento.com\/blog\/"},{"@type":"ListItem","position":2,"name":"Noticias Corporativas","item":"https:\/\/www.clubdelemprendimiento.com\/blog\/noticias-corporativas\/"},{"@type":"ListItem","position":3,"name":"Vertiv y GreenScale anuncian una colaboraci\u00f3n estrat\u00e9gica para desplegar plataformas de centros de datos preparadas para IA en toda Europa"}]},{"@type":"WebSite","@id":"https:\/\/www.clubdelemprendimiento.com\/blog\/#website","url":"https:\/\/www.clubdelemprendimiento.com\/blog\/","name":"Blog Club del Emprendimiento","description":"","potentialAction":[{"@type":"SearchAction","target":{"@type":"EntryPoint","urlTemplate":"https:\/\/www.clubdelemprendimiento.com\/blog\/?s={search_term_string}"},"query-input":"required name=search_term_string"}],"inLanguage":"es"}]}},"_links":{"self":[{"href":"https:\/\/www.clubdelemprendimiento.com\/blog\/wp-json\/wp\/v2\/noticia-corporativa\/25051"}],"collection":[{"href":"https:\/\/www.clubdelemprendimiento.com\/blog\/wp-json\/wp\/v2\/noticia-corporativa"}],"about":[{"href":"https:\/\/www.clubdelemprendimiento.com\/blog\/wp-json\/wp\/v2\/types\/noticia-corporativa"}],"wp:featuredmedia":[{"embeddable":true,"href":"https:\/\/www.clubdelemprendimiento.com\/blog\/wp-json\/wp\/v2\/media\/25052"}],"wp:attachment":[{"href":"https:\/\/www.clubdelemprendimiento.com\/blog\/wp-json\/wp\/v2\/media?parent=25051"}],"curies":[{"name":"wp","href":"https:\/\/api.w.org\/{rel}","templated":true}]}}