{"id":25044,"date":"2025-12-18T19:04:32","date_gmt":"2025-12-18T19:04:32","guid":{"rendered":"https:\/\/www.clubdelemprendimiento.com\/blog\/noticia-corporativa\/el-906-de-las-personas-con-discapacidad-situa-el-empleo-en-el-centro-de-sus-deseos-para-2026-segun-un-informe-de-la-fundacion-adecco\/"},"modified":"2025-12-18T19:04:32","modified_gmt":"2025-12-18T19:04:32","slug":"el-906-de-las-personas-con-discapacidad-situa-el-empleo-en-el-centro-de-sus-deseos-para-2026-segun-un-informe-de-la-fundacion-adecco","status":"publish","type":"noticia-corporativa","link":"https:\/\/www.clubdelemprendimiento.com\/blog\/noticia-corporativa\/el-906-de-las-personas-con-discapacidad-situa-el-empleo-en-el-centro-de-sus-deseos-para-2026-segun-un-informe-de-la-fundacion-adecco\/","title":{"rendered":"El 90,6% de las personas con discapacidad sit\u00faa el empleo en el centro de sus deseos para 2026, seg\u00fan un informe de la Fundaci\u00f3n Adecco"},"content":{"rendered":"<div>\n<p><a href=\"https:\/\/www.clubdelemprendimiento.com\/blog\/wp-content\/uploads\/2025\/12\/FUNDACIN_ADECCO_NUEVO.jpg\" target=\"_blank\" class=\"fotonota\" rel=\"noopener\"> <img decoding=\"async\" src=\"https:\/\/www.clubdelemprendimiento.com\/blog\/wp-content\/uploads\/2025\/12\/FUNDACIN_ADECCO_NUEVO.jpg\" style=\"max-width:600px;\" border=\"0\" class=\"postImage\" alt=\"\"><\/a><\/p>\n<p>Se trata del segundo gran deseo para 2026 despu\u00e9s de la salud (necesidad estructural). El empleo se consolida como la verdadera palanca que permite desarrollar autonom\u00eda econ\u00f3mica, construir redes de apoyo y ejercer una participaci\u00f3n social real<\/p>\n<p><\/p>\n<p>El final de a\u00f1o simboliza el cierre de una etapa y el inicio de otra nueva. Un momento que brinda la oportunidad de hacer balance para plantearse metas y desaf\u00edos de cara al pr\u00f3ximo ejercicio. En este contexto, el Observatorio de la Vulnerabilidad y el Empleo de la Fundaci\u00f3n Adecco, con el apoyo de <strong>Smurfit Westrock Nervi\u00f3n<\/strong>, ha encuestado a 650 personas con discapacidad y en edad laboral con el objetivo de darles voz y conocer sus deseos, reivindicaciones y expectativas.<\/p>\n<p>A partir de esta encuesta se ha realizado <strong><a href=\"https:\/\/fundacionadecco.org\/informes-y-estudios\/discapacidad-expectativas\/\" rel=\"nofollow\">el 6\u00ba informe Discapacidad y expectativas para el nuevo a\u00f1o<\/a><\/strong>, del que se desprende una clara conclusi\u00f3n: el empleo es su m\u00e1xima prioridad para el a\u00f1o 2026 y por ello desean encontrar una oportunidad laboral estable y sostenible en el tiempo.<\/p>\n<p>Sin embargo, persisten desaf\u00edos relevantes: una parte significativa de las personas encuestadas expresa temor ante el impacto de la inteligencia artificial y, cuando logran incorporarse al mercado laboral, muchos manifiestan desconfianza respecto a su futuro profesional, lo que evidencia que a\u00fan existen barreras en los entornos de trabajo que dificultan su plena inclusi\u00f3n y estabilidad.<\/p>\n<p><strong>Contexto: avances y retos en la empleabilidad de las personas con discapacidad<\/strong><br \/>\nEn los \u00faltimos a\u00f1os, el empleo de las personas con discapacidad ha experimentado importantes avances, motivados por la voluntad creciente de las empresas por apostar por equipos m\u00e1s diversos y competitivos. Esta tendencia se refleja, en buena medida, en la evoluci\u00f3n descendente de su tasa de paro: mientras en 2021 superaba el 22%, en 2023 \u2014\u00faltimo a\u00f1o con datos disponibles del INE\u2014 se situ\u00f3 por debajo del 20%. La reducci\u00f3n de la tasa de paro entre las personas con discapacidad se produce en un contexto en el que tambi\u00e9n desciende la tasa de paro general. Sin embargo, es especialmente relevante que este descenso alcance tambi\u00e9n a las personas con discapacidad, ya que parten de una situaci\u00f3n estructuralmente m\u00e1s compleja y que, hist\u00f3ricamente, ha tendido al estancamiento: mayores barreras de acceso, menor participaci\u00f3n laboral y una presencia a\u00fan limitada en la empresa ordinaria.<br \/>\nUna de las asignaturas pendientes es la escasa penetraci\u00f3n en la empresa ordinaria, ya que la mayor\u00eda de los contratos para personas con discapacidad siguen suscribi\u00e9ndose en el \u00e1mbito protegido (Centros Especiales de Empleo), una modalidad laboral necesaria, pero que no deber\u00eda ser finalista, sino transitoria hacia la empresa ordinaria. En concreto, seg\u00fan datos del SEPE y a fecha de octubre de 2025, <strong>un 74,5% de los trabajadores con discapacidad son contratados en el \u00e1mbito protegido y tan solo uno de cada cuatro (25,5%) encuentran un empleo en la empresa ordinaria.<\/strong><\/p>\n<p>Otro indicador que demuestra el largo camino por recorrer es la escasa participaci\u00f3n laboral de las personas con discapacidad. As\u00ed, su tasa de actividade se situaba en 2023 en el 35,5% \u2014es decir, un 65,7% de las personas con discapacidad en edad laboral no tiene empleo ni lo busca\u2014, frente al 78,5% de las personas sin discapacidad.<strong>s<\/strong><\/p>\n<p>Las estad\u00edsticas tambi\u00e9n evidencian una menor participaci\u00f3n y nivel educativo de las personas con discapacidad en comparaci\u00f3n con la poblaci\u00f3n general. Segun el Oblservatorio Estatal de la Discapacidad, el porcentaje de poblaci\u00f3n con discapacidad con estuidos primarios o menos (19%) es significativamente mayor que el de la poblaci\u00f3n general (6%) y solo el 19% de las personas con discapacidad logra completar estudios superiores, frente al 39% de la poblaci\u00f3n sin discapacidad.<\/p>\n<p><strong>Bienestar y empleo, grandes deseos para las personas con discapacidad en 2026<\/strong><br \/>\nEl ranking de deseos de las personas con discapacidad para 2026 muestra que priorizan <strong>la<\/strong>s condiciones b\u00e1sicas que hacen posible una vida aut\u00f3noma y plena: bienestar y salud, empleo, conciliaci\u00f3n\u2026 A medida que estas necesidades esenciales se cubren, emergen deseos vinculados a la participaci\u00f3n plena en la sociedad.<\/p>\n<p>As\u00ed en una escala de 1 al 5 (de nada importante a muy importante), un 95% escoge las valoraciones 4 y 5 cuando se trata de elegir el bienestar y la salud, mientras casi el 91% opina que el empleo con el mismo objetivo de lograr una vida lo m\u00e1s normalizada prosible.<\/p>\n<p><strong>El empleo, m\u00e1xima prioridad<\/strong><br \/>\nEl bienestar y la salud ocupan el lugar m\u00e1s destacado en el ranking de deseos de las personas con discapacidad. Un buen estado de salud y bienestar es la base que les permite desarrollar el resto de sus proyectos vitales: trabajar, relacionarse, independizarse o participar plenamente en la sociedad. La puntuaci\u00f3n extraordinariamente alta (87,2% en nivel 5) indica que la <strong>s<\/strong>alud no es un deseo, sino una necesidad estructural. A continuaci\u00f3n, el empleo emerge como el segundo gran deseo para las personas con discapacidad en 2026,<strong> <\/strong>ya que trabajar representa una de las principales palancas de autonom\u00eda, estabilidad y participaci\u00f3n social. Contar con un empleo no solo garantiza ingresos y seguridad econ\u00f3mica, sino que tambi\u00e9n refuerza la autoestima, permite desarrollar un proyecto de vida independiente y favorece el reconocimiento social.<\/p>\n<p>\u00abAunque la salud aparece como el principal deseo para 2026, en realidad constituye una necesidad estructural para las personas con discapacidad, una condici\u00f3n b\u00e1sica sin la cual no es posible desarrollar el resto de sus proyectos vitales. Por ello, el empleo emerge como el gran deseo transformador: es la palanca que permite fortalecer redes de contacto, ganar autonom\u00eda econ\u00f3mica, acceder a una vida m\u00e1s plena y disponer de los recursos necesarios para cuidarse y mantenerse en bienestar. Tener un empleo posibilita ejercer una participaci\u00f3n social real, consolidando as\u00ed muchos de los dem\u00e1s deseos expresados en este informe\u00bb, explica <strong>Bego\u00f1a Bravo, directora de Inclusi\u00f3n de la Fundaci\u00f3n Adecco.<\/strong><\/p>\n<p><strong>Confianza y anhelos laborales de cara al nuevo a\u00f1o<\/strong><br \/>\nAl preguntar a personas con discapacidad, tanto empleadas como en situaci\u00f3n de desempleo, por su confianza laboral, se\u00a0observa\u00a0que el rango de respuestas es muy similar. Cerca de un tercio de ambos grupos otorga la m\u00e1xima calificaci\u00f3n de confianza en su futuro laboral (5), lo que sugiere cierto optimismo compartido respecto a la evoluci\u00f3n del empleo en el corto plazo. Tambi\u00e9n en las valoraciones intermedias (4 y 3) se observa una distribuci\u00f3n pr\u00e1cticamente paralela.<\/p>\n<p>Sin embargo, el dato m\u00e1s llamativo es que<strong> l<\/strong>a desconfianza resulta m\u00e1s acusada entre las personas con empleo que entre aquellas que actualmente no lo tienen: un 14,6% de las personas empleadas opta por la m\u00ednima confianza, frente al 11,6% del grupo en sin trabajo. Este resultado puede interpretarse como un reflejo de la inestabilidad percibida dentro del propio puesto de trabajo<strong>, <\/strong>denotando la persistencia de barreras como el desconocimiento de la discapacidad por parte de los equipos, la falta de adaptaciones, las dificultades de promoci\u00f3n o la incertidumbre ante posibles cambios organizativos. En definitiva, para quienes ya est\u00e1n trabajando, la experiencia directa en el mercado laboral puede hacer m\u00e1s visibles estos riesgos y mermar el optimismo.<\/p>\n<p>En este contexto, cobra especial relevancia el<strong> <\/strong>seguimiento de las contrataciones y de la trayectoria laboral de las personas con discapacidad. \u00abLa inclusi\u00f3n no finaliza cuando la persona con discapacidad firma el contrato. Un acompa\u00f1amiento posterior y continuado permite no solo evaluar la adecuaci\u00f3n del puesto de trabajo y las necesidades formativas, sino tambi\u00e9n detectar a tiempo posibles desajustes. Este enfoque preventivo contribuye a generar entornos laborales m\u00e1s estables, inclusivos y sostenibles, reforzando as\u00ed la confianza de las personas con discapacidad en su futuro profesional, y tambi\u00e9n la de las empresas, que se sienten acompa\u00f1adas y escuchadas. Este es precisamente el prop\u00f3sito de la Unidad de Apoyo a la Inclusi\u00f3n de la Fundaci\u00f3n Adecco\u00bb, explica <strong>Bego\u00f1a Bravo.<\/strong><\/p>\n<p>Para las personas con discapacidad, la IA representa tanto una oportunidad para reducir barreras en su empleabilidad como un desaf\u00edo que exige adaptaci\u00f3n y plantea riesgos. Cuatro de cada diez entrevistados consideran que con la automatizaci\u00f3n de puestos de trabajo, las personas con discapacidad se van a quedar sin empleo.<\/p>\n<p>Adem\u00e1s, persiste la percepci\u00f3n de que las personas con discapacidad parten de una posici\u00f3n de desventaja en t\u00e9rminos de formaci\u00f3n digital y acceso a competencias tecnol\u00f3gicas. A ello se suma la incertidumbre sobre si las empresas invertir\u00e1n en adaptar los nuevos entornos digitales y automatizados a las necesidades de las personas con discapacidad. Por \u00faltimo, la experiencia previa de barreras en el empleo puede hacer que la irrupci\u00f3n de la IA se perciba m\u00e1s como una amenaza que como una oportunidad.<\/p>\n<p>Por tanto, aunque el empleo se consolida como el gran anhelo de las personas con discapacidad de cara a 2026, este deseo convive con la inquietud creciente de que la IA pueda poner en riesgo sus oportunidades laborales. Est temor, refleja m\u00e1s que un rechazo a la tecnolog\u00eda, la percepci\u00f3n de vulnerabilidad ante un mercado de trabajo que evoluciona rapidamente y para el que no siempre se sienten suficientemente preparados.<\/p>\n<p>En el lado contrario,<strong> c<\/strong>asi un 26% cree que, en general, la tecnolog\u00eda est\u00e1 a servicio de las personas con discapacidad y no supondr\u00e1 un perjuicio para su empleabilidad. Por \u00faltimo, para un 34% esta cuesti\u00f3n no es relevante y nunca se ha planteado c\u00f3mo la IA podr\u00eda afectar al empleo de las personas con discapacidad.<\/p>\n<p>\u00abEl deseo de encontrar un trabajo estable convive con la inquietud creciente de que la IA pueda poner en riesgo sus oportunidades laborales. Este temor refleja la percepci\u00f3n de vulnerabilidad ante un mercado de trabajo que evoluciona r\u00e1pidamente y para el que no siempre se sienten suficientemente preparados. Eliminar este temor pasa por la capacitaci\u00f3n, dotando a las personas con discapacidad de las competencias digitales necesarias para que puedan aprovechar todo su potencial y participar en igualdad de condiciones en un mercado laboral eminentemente digitalizado, en el que la IA, bien utilizada, tiene un inmenso potencial inclusivo y est\u00e1 a nuestro servicio\u00bb<strong>, asegura Mesonero.<\/strong><\/p>\n<p><strong>Discriminaci\u00f3n y otros frenos a la inclusi\u00f3n<\/strong><br \/>\nUno de los principales frenos a la inclusi\u00f3n laboral de las personas con discapacidad es la discriminaci\u00f3n que a menudo experimentan; una discriminaci\u00f3n que tiene su origen en prejuicios sociales que pueden trasladarse a las empresas. En este sentido, 8 de cada 10 personas participantes en la encuesta afirnam que su discapacidad ha influido en las oportunidades laborales que han tenido hasta la fecha: en concreto, un 40,4% afirma que ha sido un condicionante constante, mientras que un 43,2% asegura que en ciertas ocasiones s\u00ed ha influido. Es decir, tan solo un 16,4% manifiesta que la discapacidad no ha influido en este sentido.<\/p>\n<p>\u00abEl hecho de que el 83,6% de las personas con discapacidad considere que su discapacidad le ha perjudicado en los procesos de selecci\u00f3n y en el acceso al empleo debe impulsarnos a trabajar decididamente para que, de cara a 2026, podamos invertir esta tendencia y avanzar hacia procesos de selecci\u00f3n verdaderamente justos e inclusivos, donde ninguna persona sienta que sus oportunidades se ven limitadas por el hecho de tener un certificado de discapacidad\u00bb, explica <strong>Mesonero.<\/strong><\/p>\n<p>Al preguntar en qu\u00e9 fase de su trayectoria profesional han sentido mayor discriminaci\u00f3n, las personas en situaci\u00f3n de desempleo destacan, en primer lugar, el env\u00edo de curr\u00edculums. Casi cuatro de cada diez afirman que ni siquiera pasan ese primer filtro porque no reciben llamadas de empleadores como respuesta a su candidatura.<\/p>\n<p>Las situaciones de rechazo o discriminaci\u00f3n no se dan solo en la b\u00fasqueda de empleo, tambi\u00e9n una vez conseguido: m\u00e1s d ela mitad de las personas con discapacidad ocupadas (52%) han sentido, en alg\u00fan momento, discriminaci\u00f3n en el puesto de trabajo.<strong>\u00a0<\/strong>Lo que<strong>\u00a0<\/strong>demuestra que queda mucho camino por recorrer para que los entornos laborales est\u00e9n verdaderamente sensibilizados y abiertos hacia la discapacidad.<\/p>\n<p><strong>El empleo ideal: estable, bien remunerado y con buen clima<\/strong><br \/>\nEl empleo es, para las personas con discapacidad, el instrumento por excelencia para normalizar su vida. Tanto es as\u00ed, que las personas encuestadas no se conforman solo con encontrar un trabajo, sino que expresan el deseo de que este sea estable y sostenible en el tiempo.<\/p>\n<p>Por ello, lo primero que demandan de un empleo ideal es que sea sostenible y puedan conseguir un contrato indefinido (66,9%). En la misma proporci\u00f3n, reclaman un salario justo y competitivo, reflejo de su aspiraci\u00f3n a una estabilidad econ\u00f3mica real. En tercer lugar, un 34,4% destaca la importancia de contar con un buen clima laboral y sentido de pertenencia, as\u00ed como con flexibilidad horaria, elementos clave para garantizar su bienestar y sostenibilidad en el puesto de trabajo.<\/p>\n<p>Detr\u00e1s de la elecci\u00f3n de estas caracter\u00edsticas m\u00e1s demandadas subyace un anhelo profundo para las personas con discapacidad: el empleo sostenible y la estabilidad profesiona<strong>l<\/strong>, siendo esta la base esencial para su bienestar y autonom\u00eda.<\/p>\n<p>\u00abCon este prop\u00f3sito, la Fundaci\u00f3n Adecco cuenta con la Unidad de Apoyo a la Inclusi\u00f3n (UAI), que tiene como finalidad lograr una inclusi\u00f3n de calidad y estable en el tiempo. Se trabaja desde una doble vertiente, con las personas contratadas y con las empresas. Con las primeras, para proporcionarles las herramientas necesarias que posibiliten la duraci\u00f3n del contrato, m\u00e1s all\u00e1 del periodo de prueba, y con las segundas, para brindar el apoyo que se necesario para que la contrataci\u00f3n contin\u00fae despu\u00e9s de dicho periodo de prueba\u00bb, explica <strong>Bego\u00f1a Bravo.<\/strong><\/p>\n<p><strong>Empat\u00eda, humildad y justicia: las cualidades del jefe 10<\/strong><br \/>\nComo en ediciones anteriores, al preguntar a las personas con discapacidad c\u00f3mo ser\u00eda su m\u00e1nager o responsable ideal, la cualidad m\u00e1s repetida ha sido la <strong>empat\u00eda (86,6%),<\/strong> una caracter\u00edstica que permite a los l\u00edderes comunicar con claridad y respeto, ofreciendo apoyo sin paternalismo y promoviendo la autonom\u00eda. En segundo lugar, los encuestados se\u00f1alan <strong>la humildad (62%). <\/strong>A bastante distancia, un <strong>44% se\u00f1ala la justicia<\/strong> como caracter\u00edstica deseable para un m\u00e1nager. Un jefe justo aplica criterios claros y equitativos para todo el equipo, evitando favoritismos.<\/p>\n<p>En esta encuesta tambi\u00e9n se ha querido conocer qui\u00e9nes ser\u00edan, concretamente, los jefes o jefas ideales para las personas con discapacidad. La gran mayor\u00eda escoge a personas cercanas como <strong>familiares, tutores, profesores, amigos, orientadores laborales <\/strong>o, incluso, a alguno de sus <strong>compa\u00f1eros de trabajo actuales.\u00a0 <\/strong><\/p>\n<p>Entre las respuestas tambi\u00e9n ha habido espacio para menciones m\u00e1s anecd\u00f3ticas, que ofrecen una lectura interesante sobre los referentes sociales para las personas con discapacidad. Algunas personas encuestadas se\u00f1alan a deportistas como <strong>Messi, Marc M\u00e1rquez, Carles Puyol <\/strong>o<strong> Carlos Alcaraz; <\/strong>y, un a\u00f1o m\u00e1s<strong>, Rafael Nadal vuelve a ser la figura m\u00e1s citada, <\/strong>en concreto, por un 5% de los encuestados. Este porcentaje, aunque puede parecer bajo, adquiere una relevancia notable: que una \u00fanica figura concentre las respuestas de uno de cada veinte participantes refleja un grado de consenso inusualmente elevado, dibujando una cierta tendencia.<\/p>\n<p>Otros participantes mencionan a cantantes como <strong>Aitana, a personalidades del \u00e1mbito empresarial o pol\u00edtico como Bill Gates, Barack Obama o Amancio Ortega<\/strong>, as\u00ed como a referentes de la discapacidad, entre ellos el <strong>deportista \u00c1lex Roca o el exfutbolista y exentrenador Juan Carlos Unzu\u00e9<\/strong>. Estas respuestas, aunque m\u00e1s anecd\u00f3ticas, evidencian la diversidad de modelos aspiracionales que inspiran confianza y liderazgo entre las personas con discapacidad.<\/p>\n<\/div>\n","protected":false},"featured_media":25045,"template":"","meta":{"_acf_changed":false},"acf":[],"yoast_head":"<!-- This site is optimized with the Yoast SEO plugin v22.7 - https:\/\/yoast.com\/wordpress\/plugins\/seo\/ -->\n<title>El 90,6% de las personas con discapacidad sit\u00faa el empleo en el centro de sus deseos para 2026, seg\u00fan un informe de la Fundaci\u00f3n Adecco - Blog Club del Emprendimiento<\/title>\n<meta name=\"robots\" content=\"index, follow, max-snippet:-1, max-image-preview:large, max-video-preview:-1\" \/>\n<link rel=\"canonical\" href=\"https:\/\/www.clubdelemprendimiento.com\/blog\/noticia-corporativa\/el-906-de-las-personas-con-discapacidad-situa-el-empleo-en-el-centro-de-sus-deseos-para-2026-segun-un-informe-de-la-fundacion-adecco\/\" \/>\n<meta property=\"og:locale\" content=\"es_ES\" \/>\n<meta property=\"og:type\" content=\"article\" \/>\n<meta property=\"og:title\" content=\"El 90,6% de las personas con discapacidad sit\u00faa el empleo en el centro de sus deseos para 2026, seg\u00fan un informe de la Fundaci\u00f3n Adecco - Blog Club del Emprendimiento\" \/>\n<meta property=\"og:description\" content=\"Se trata del segundo gran deseo para 2026 despu\u00e9s de la salud (necesidad estructural).&hellip;\" \/>\n<meta property=\"og:url\" content=\"https:\/\/www.clubdelemprendimiento.com\/blog\/noticia-corporativa\/el-906-de-las-personas-con-discapacidad-situa-el-empleo-en-el-centro-de-sus-deseos-para-2026-segun-un-informe-de-la-fundacion-adecco\/\" \/>\n<meta property=\"og:site_name\" content=\"Blog Club del Emprendimiento\" \/>\n<meta property=\"og:image\" content=\"https:\/\/www.clubdelemprendimiento.com\/blog\/wp-content\/uploads\/2025\/12\/FUNDACIN_ADECCO_NUEVO.jpg\" \/>\n<meta name=\"twitter:card\" content=\"summary_large_image\" \/>\n<meta name=\"twitter:label1\" content=\"Tiempo de lectura\" \/>\n\t<meta name=\"twitter:data1\" content=\"13 minutos\" \/>\n<script type=\"application\/ld+json\" class=\"yoast-schema-graph\">{\"@context\":\"https:\/\/schema.org\",\"@graph\":[{\"@type\":\"WebPage\",\"@id\":\"https:\/\/www.clubdelemprendimiento.com\/blog\/noticia-corporativa\/el-906-de-las-personas-con-discapacidad-situa-el-empleo-en-el-centro-de-sus-deseos-para-2026-segun-un-informe-de-la-fundacion-adecco\/\",\"url\":\"https:\/\/www.clubdelemprendimiento.com\/blog\/noticia-corporativa\/el-906-de-las-personas-con-discapacidad-situa-el-empleo-en-el-centro-de-sus-deseos-para-2026-segun-un-informe-de-la-fundacion-adecco\/\",\"name\":\"El 90,6% de las personas con discapacidad sit\u00faa el empleo en el centro de sus deseos para 2026, seg\u00fan un informe de la Fundaci\u00f3n Adecco - Blog Club del Emprendimiento\",\"isPartOf\":{\"@id\":\"https:\/\/www.clubdelemprendimiento.com\/blog\/#website\"},\"primaryImageOfPage\":{\"@id\":\"https:\/\/www.clubdelemprendimiento.com\/blog\/noticia-corporativa\/el-906-de-las-personas-con-discapacidad-situa-el-empleo-en-el-centro-de-sus-deseos-para-2026-segun-un-informe-de-la-fundacion-adecco\/#primaryimage\"},\"image\":{\"@id\":\"https:\/\/www.clubdelemprendimiento.com\/blog\/noticia-corporativa\/el-906-de-las-personas-con-discapacidad-situa-el-empleo-en-el-centro-de-sus-deseos-para-2026-segun-un-informe-de-la-fundacion-adecco\/#primaryimage\"},\"thumbnailUrl\":\"https:\/\/www.clubdelemprendimiento.com\/blog\/wp-content\/uploads\/2025\/12\/FUNDACIN_ADECCO_NUEVO.jpg\",\"datePublished\":\"2025-12-18T19:04:32+00:00\",\"dateModified\":\"2025-12-18T19:04:32+00:00\",\"breadcrumb\":{\"@id\":\"https:\/\/www.clubdelemprendimiento.com\/blog\/noticia-corporativa\/el-906-de-las-personas-con-discapacidad-situa-el-empleo-en-el-centro-de-sus-deseos-para-2026-segun-un-informe-de-la-fundacion-adecco\/#breadcrumb\"},\"inLanguage\":\"es\",\"potentialAction\":[{\"@type\":\"ReadAction\",\"target\":[\"https:\/\/www.clubdelemprendimiento.com\/blog\/noticia-corporativa\/el-906-de-las-personas-con-discapacidad-situa-el-empleo-en-el-centro-de-sus-deseos-para-2026-segun-un-informe-de-la-fundacion-adecco\/\"]}]},{\"@type\":\"ImageObject\",\"inLanguage\":\"es\",\"@id\":\"https:\/\/www.clubdelemprendimiento.com\/blog\/noticia-corporativa\/el-906-de-las-personas-con-discapacidad-situa-el-empleo-en-el-centro-de-sus-deseos-para-2026-segun-un-informe-de-la-fundacion-adecco\/#primaryimage\",\"url\":\"https:\/\/www.clubdelemprendimiento.com\/blog\/wp-content\/uploads\/2025\/12\/FUNDACIN_ADECCO_NUEVO.jpg\",\"contentUrl\":\"https:\/\/www.clubdelemprendimiento.com\/blog\/wp-content\/uploads\/2025\/12\/FUNDACIN_ADECCO_NUEVO.jpg\",\"width\":1280,\"height\":905},{\"@type\":\"BreadcrumbList\",\"@id\":\"https:\/\/www.clubdelemprendimiento.com\/blog\/noticia-corporativa\/el-906-de-las-personas-con-discapacidad-situa-el-empleo-en-el-centro-de-sus-deseos-para-2026-segun-un-informe-de-la-fundacion-adecco\/#breadcrumb\",\"itemListElement\":[{\"@type\":\"ListItem\",\"position\":1,\"name\":\"Home\",\"item\":\"https:\/\/www.clubdelemprendimiento.com\/blog\/\"},{\"@type\":\"ListItem\",\"position\":2,\"name\":\"Noticias Corporativas\",\"item\":\"https:\/\/www.clubdelemprendimiento.com\/blog\/noticias-corporativas\/\"},{\"@type\":\"ListItem\",\"position\":3,\"name\":\"El 90,6% de las personas con discapacidad sit\u00faa el empleo en el centro de sus deseos para 2026, seg\u00fan un informe de la Fundaci\u00f3n Adecco\"}]},{\"@type\":\"WebSite\",\"@id\":\"https:\/\/www.clubdelemprendimiento.com\/blog\/#website\",\"url\":\"https:\/\/www.clubdelemprendimiento.com\/blog\/\",\"name\":\"Blog Club del Emprendimiento\",\"description\":\"\",\"potentialAction\":[{\"@type\":\"SearchAction\",\"target\":{\"@type\":\"EntryPoint\",\"urlTemplate\":\"https:\/\/www.clubdelemprendimiento.com\/blog\/?s={search_term_string}\"},\"query-input\":\"required name=search_term_string\"}],\"inLanguage\":\"es\"}]}<\/script>\n<!-- \/ Yoast SEO plugin. -->","yoast_head_json":{"title":"El 90,6% de las personas con discapacidad sit\u00faa el empleo en el centro de sus deseos para 2026, seg\u00fan un informe de la Fundaci\u00f3n Adecco - Blog Club del Emprendimiento","robots":{"index":"index","follow":"follow","max-snippet":"max-snippet:-1","max-image-preview":"max-image-preview:large","max-video-preview":"max-video-preview:-1"},"canonical":"https:\/\/www.clubdelemprendimiento.com\/blog\/noticia-corporativa\/el-906-de-las-personas-con-discapacidad-situa-el-empleo-en-el-centro-de-sus-deseos-para-2026-segun-un-informe-de-la-fundacion-adecco\/","og_locale":"es_ES","og_type":"article","og_title":"El 90,6% de las personas con discapacidad sit\u00faa el empleo en el centro de sus deseos para 2026, seg\u00fan un informe de la Fundaci\u00f3n Adecco - Blog Club del Emprendimiento","og_description":"Se trata del segundo gran deseo para 2026 despu\u00e9s de la salud (necesidad estructural).&hellip;","og_url":"https:\/\/www.clubdelemprendimiento.com\/blog\/noticia-corporativa\/el-906-de-las-personas-con-discapacidad-situa-el-empleo-en-el-centro-de-sus-deseos-para-2026-segun-un-informe-de-la-fundacion-adecco\/","og_site_name":"Blog Club del Emprendimiento","og_image":[{"url":"https:\/\/www.clubdelemprendimiento.com\/blog\/wp-content\/uploads\/2025\/12\/FUNDACIN_ADECCO_NUEVO.jpg"}],"twitter_card":"summary_large_image","twitter_misc":{"Tiempo de lectura":"13 minutos"},"schema":{"@context":"https:\/\/schema.org","@graph":[{"@type":"WebPage","@id":"https:\/\/www.clubdelemprendimiento.com\/blog\/noticia-corporativa\/el-906-de-las-personas-con-discapacidad-situa-el-empleo-en-el-centro-de-sus-deseos-para-2026-segun-un-informe-de-la-fundacion-adecco\/","url":"https:\/\/www.clubdelemprendimiento.com\/blog\/noticia-corporativa\/el-906-de-las-personas-con-discapacidad-situa-el-empleo-en-el-centro-de-sus-deseos-para-2026-segun-un-informe-de-la-fundacion-adecco\/","name":"El 90,6% de las personas con discapacidad sit\u00faa el empleo en el centro de sus deseos para 2026, seg\u00fan un informe de la Fundaci\u00f3n Adecco - Blog Club del Emprendimiento","isPartOf":{"@id":"https:\/\/www.clubdelemprendimiento.com\/blog\/#website"},"primaryImageOfPage":{"@id":"https:\/\/www.clubdelemprendimiento.com\/blog\/noticia-corporativa\/el-906-de-las-personas-con-discapacidad-situa-el-empleo-en-el-centro-de-sus-deseos-para-2026-segun-un-informe-de-la-fundacion-adecco\/#primaryimage"},"image":{"@id":"https:\/\/www.clubdelemprendimiento.com\/blog\/noticia-corporativa\/el-906-de-las-personas-con-discapacidad-situa-el-empleo-en-el-centro-de-sus-deseos-para-2026-segun-un-informe-de-la-fundacion-adecco\/#primaryimage"},"thumbnailUrl":"https:\/\/www.clubdelemprendimiento.com\/blog\/wp-content\/uploads\/2025\/12\/FUNDACIN_ADECCO_NUEVO.jpg","datePublished":"2025-12-18T19:04:32+00:00","dateModified":"2025-12-18T19:04:32+00:00","breadcrumb":{"@id":"https:\/\/www.clubdelemprendimiento.com\/blog\/noticia-corporativa\/el-906-de-las-personas-con-discapacidad-situa-el-empleo-en-el-centro-de-sus-deseos-para-2026-segun-un-informe-de-la-fundacion-adecco\/#breadcrumb"},"inLanguage":"es","potentialAction":[{"@type":"ReadAction","target":["https:\/\/www.clubdelemprendimiento.com\/blog\/noticia-corporativa\/el-906-de-las-personas-con-discapacidad-situa-el-empleo-en-el-centro-de-sus-deseos-para-2026-segun-un-informe-de-la-fundacion-adecco\/"]}]},{"@type":"ImageObject","inLanguage":"es","@id":"https:\/\/www.clubdelemprendimiento.com\/blog\/noticia-corporativa\/el-906-de-las-personas-con-discapacidad-situa-el-empleo-en-el-centro-de-sus-deseos-para-2026-segun-un-informe-de-la-fundacion-adecco\/#primaryimage","url":"https:\/\/www.clubdelemprendimiento.com\/blog\/wp-content\/uploads\/2025\/12\/FUNDACIN_ADECCO_NUEVO.jpg","contentUrl":"https:\/\/www.clubdelemprendimiento.com\/blog\/wp-content\/uploads\/2025\/12\/FUNDACIN_ADECCO_NUEVO.jpg","width":1280,"height":905},{"@type":"BreadcrumbList","@id":"https:\/\/www.clubdelemprendimiento.com\/blog\/noticia-corporativa\/el-906-de-las-personas-con-discapacidad-situa-el-empleo-en-el-centro-de-sus-deseos-para-2026-segun-un-informe-de-la-fundacion-adecco\/#breadcrumb","itemListElement":[{"@type":"ListItem","position":1,"name":"Home","item":"https:\/\/www.clubdelemprendimiento.com\/blog\/"},{"@type":"ListItem","position":2,"name":"Noticias Corporativas","item":"https:\/\/www.clubdelemprendimiento.com\/blog\/noticias-corporativas\/"},{"@type":"ListItem","position":3,"name":"El 90,6% de las personas con discapacidad sit\u00faa el empleo en el centro de sus deseos para 2026, seg\u00fan un informe de la Fundaci\u00f3n Adecco"}]},{"@type":"WebSite","@id":"https:\/\/www.clubdelemprendimiento.com\/blog\/#website","url":"https:\/\/www.clubdelemprendimiento.com\/blog\/","name":"Blog Club del Emprendimiento","description":"","potentialAction":[{"@type":"SearchAction","target":{"@type":"EntryPoint","urlTemplate":"https:\/\/www.clubdelemprendimiento.com\/blog\/?s={search_term_string}"},"query-input":"required name=search_term_string"}],"inLanguage":"es"}]}},"_links":{"self":[{"href":"https:\/\/www.clubdelemprendimiento.com\/blog\/wp-json\/wp\/v2\/noticia-corporativa\/25044"}],"collection":[{"href":"https:\/\/www.clubdelemprendimiento.com\/blog\/wp-json\/wp\/v2\/noticia-corporativa"}],"about":[{"href":"https:\/\/www.clubdelemprendimiento.com\/blog\/wp-json\/wp\/v2\/types\/noticia-corporativa"}],"wp:featuredmedia":[{"embeddable":true,"href":"https:\/\/www.clubdelemprendimiento.com\/blog\/wp-json\/wp\/v2\/media\/25045"}],"wp:attachment":[{"href":"https:\/\/www.clubdelemprendimiento.com\/blog\/wp-json\/wp\/v2\/media?parent=25044"}],"curies":[{"name":"wp","href":"https:\/\/api.w.org\/{rel}","templated":true}]}}