{"id":25042,"date":"2025-12-18T18:04:37","date_gmt":"2025-12-18T18:04:37","guid":{"rendered":"https:\/\/www.clubdelemprendimiento.com\/blog\/noticia-corporativa\/seis-sentidos-nace-un-marketplace-de-economia-social-para-impulsar-la-venta-responsable-en-espana\/"},"modified":"2025-12-18T18:04:37","modified_gmt":"2025-12-18T18:04:37","slug":"seis-sentidos-nace-un-marketplace-de-economia-social-para-impulsar-la-venta-responsable-en-espana","status":"publish","type":"noticia-corporativa","link":"https:\/\/www.clubdelemprendimiento.com\/blog\/noticia-corporativa\/seis-sentidos-nace-un-marketplace-de-economia-social-para-impulsar-la-venta-responsable-en-espana\/","title":{"rendered":"\u2018Seis Sentidos\u2019: nace un marketplace de econom\u00eda social para impulsar la venta responsable en Espa\u00f1a"},"content":{"rendered":"<div>\n<p><a href=\"https:\/\/www.clubdelemprendimiento.com\/blog\/wp-content\/uploads\/2025\/12\/SEIS_SENTIDOS_LOGO.jpg\" target=\"_blank\" class=\"fotonota\" rel=\"noopener\"> <img decoding=\"async\" src=\"https:\/\/www.clubdelemprendimiento.com\/blog\/wp-content\/uploads\/2025\/12\/SEIS_SENTIDOS_LOGO.jpg\" style=\"max-width:600px;\" border=\"0\" class=\"postImage\" alt=\"\"><\/a><\/p>\n<p>La Econom\u00eda Social acaba de estrenar su propio mercado online en consonancia con los valores que la animan<\/p>\n<p><\/p>\n<p>Este mes de diciembre ha comenzado su actividad un nuevo marketplace nacional orientado a facilitar el acceso al mercado y la comercializaci\u00f3n de productos y servicios con valores. La promotora ha sido la <a href=\"https:\/\/nexoempleo.es\/\" rel=\"nofollow\">Fundaci\u00f3n Nexo<\/a>, que ha podido ponerlo en marcha gracias a las ayudas PERTE del Ministerio de Trabajo y Econom\u00eda Social.<\/p>\n<p><a href=\"https:\/\/seissentidos.es\/\" rel=\"nofollow\">Seis Sentidos<\/a> re\u00fane en una \u00fanica plataforma a empresas sociales con dificultades para abrir canales de comercializaci\u00f3n y las acompa\u00f1a en el proceso de venta. Inspirado en el Mercado Social de REAS y en el marketplace catal\u00e1n La Zona, nace con vocaci\u00f3n de facilitar coherencia social en toda la cadena de valor.<\/p>\n<p>\u00abEn estas fechas navide\u00f1as en que los valores pasan a un primer plano, los consumidores han de ser conscientes de que hay productos y servicios que los respetan en todos los sectores\u00bb, cuenta su directora Julia Czutta Mu\u00f1oz.<\/p>\n<p>Este lanzamiento llega en un momento en el que la reforma de la Ley de Econom\u00eda Social ha reforzado el reconocimiento econ\u00f3mico del sector, que en 2024 contaba con 70.010 empresas en Espa\u00f1a. \u00abA la econom\u00eda social le cuesta mucho escalar sus mercados m\u00e1s all\u00e1 de la proximidad, por lo que crecer para estas empresas no es sencillo. A lo largo de su trayectoria han observado como \u2018vender\u2019 productos y servicios desde la coherencia con una econom\u00eda que ponga a la persona y el planeta en el centro es una de las barreras para la Econom\u00eda Social\u00bb.<\/p>\n<p>Se trata de trasladar a la empresa el concepto \u2018consumo responsable\u2019 y convertirlo en \u2018venta responsable\u2019. Concienciar de que para que la Econom\u00eda cambie tambi\u00e9n ha de hacerlo la forma en que se vende minimizando los impactos al medio ambiente y extendiendo el consumo responsable all\u00e1 donde no llegan las empresas sociales \u00aby para ello lo mejor es mutualizar los esfuerzos, trabajar en red y, por supuesto, comenzar porque las propias empresarias y trabajadoras de la econom\u00eda social consuman social tambi\u00e9n\u00bb.<\/p>\n<p>\u00abHasta ahora era muy complicado mantener la coherencia social en toda la cadena de valor, pero\u00a0cada vez hay m\u00e1s iniciativas sociales, por ejemplo, de log\u00edstica y distribuci\u00f3n o de estrategia y comunicaci\u00f3n empresarial. Los\u00a0proveedores han de ser sociales tambi\u00e9n\u00bb, insisten desde la Fundaci\u00f3n Nexo.<\/p>\n<p>Fundaci\u00f3n Nexo acompa\u00f1a el marketplace Seis Sentidos con su \u00e1rea de formaci\u00f3n a empresas en gesti\u00f3n econ\u00f3mica, venta social, comunicaci\u00f3n solidaria y gesti\u00f3n de las relaciones con las personas.<\/p>\n<p><strong>SEIS SENTIDOS EN DATOS<\/strong><br \/>\nEl marketplace ofrece productos y servicios en categor\u00edas como moda, libros, decoraci\u00f3n, cosm\u00e9tica, bebidas, alimentaci\u00f3n, limpieza, gourmet y servicios profesionales. En su lanzamiento cuenta con 16 tiendas activas y servicio de seguimiento de pedidos.<\/p>\n<p>Entre sus proveedores hay empresas de inserci\u00f3n, cooperativas de cuidados, proyectos ecol\u00f3gicos, artesan\u00eda y distribuci\u00f3n social.<\/p>\n<p><strong>V\u00eddeo de campa\u00f1a:<\/strong><\/p>\n<p><em><a href=\"https:\/\/www.instagram.com\/reel\/DSW9th_jMrA\/?igsh=dmNqeHl1aG9zY3N2\" rel=\"nofollow\">https:\/\/www.instagram.com\/reel\/DSaGdRkAqOs\/?igsh=MWs4aGs2dGxvaGtvOQ==<\/a><\/em><\/p>\n<\/div>\n","protected":false},"featured_media":25043,"template":"","meta":{"_acf_changed":false},"acf":[],"yoast_head":"<!-- This site is optimized with the Yoast SEO plugin v22.7 - https:\/\/yoast.com\/wordpress\/plugins\/seo\/ -->\n<title>\u2018Seis Sentidos\u2019: nace un marketplace de econom\u00eda social para impulsar la venta responsable en Espa\u00f1a - Blog Club del Emprendimiento<\/title>\n<meta name=\"robots\" content=\"index, follow, max-snippet:-1, max-image-preview:large, max-video-preview:-1\" \/>\n<link rel=\"canonical\" href=\"https:\/\/www.clubdelemprendimiento.com\/blog\/noticia-corporativa\/seis-sentidos-nace-un-marketplace-de-economia-social-para-impulsar-la-venta-responsable-en-espana\/\" \/>\n<meta property=\"og:locale\" content=\"es_ES\" \/>\n<meta property=\"og:type\" content=\"article\" \/>\n<meta property=\"og:title\" content=\"\u2018Seis Sentidos\u2019: nace un marketplace de econom\u00eda social para impulsar la venta responsable en Espa\u00f1a - Blog Club del Emprendimiento\" \/>\n<meta property=\"og:description\" content=\"La Econom\u00eda Social acaba de estrenar su propio mercado online en consonancia con los&hellip;\" \/>\n<meta property=\"og:url\" content=\"https:\/\/www.clubdelemprendimiento.com\/blog\/noticia-corporativa\/seis-sentidos-nace-un-marketplace-de-economia-social-para-impulsar-la-venta-responsable-en-espana\/\" \/>\n<meta property=\"og:site_name\" content=\"Blog Club del Emprendimiento\" \/>\n<meta property=\"og:image\" content=\"https:\/\/www.clubdelemprendimiento.com\/blog\/wp-content\/uploads\/2025\/12\/SEIS_SENTIDOS_LOGO.jpg\" \/>\n<meta name=\"twitter:card\" content=\"summary_large_image\" \/>\n<meta name=\"twitter:label1\" content=\"Tiempo de lectura\" \/>\n\t<meta name=\"twitter:data1\" content=\"3 minutos\" \/>\n<script type=\"application\/ld+json\" class=\"yoast-schema-graph\">{\"@context\":\"https:\/\/schema.org\",\"@graph\":[{\"@type\":\"WebPage\",\"@id\":\"https:\/\/www.clubdelemprendimiento.com\/blog\/noticia-corporativa\/seis-sentidos-nace-un-marketplace-de-economia-social-para-impulsar-la-venta-responsable-en-espana\/\",\"url\":\"https:\/\/www.clubdelemprendimiento.com\/blog\/noticia-corporativa\/seis-sentidos-nace-un-marketplace-de-economia-social-para-impulsar-la-venta-responsable-en-espana\/\",\"name\":\"\u2018Seis Sentidos\u2019: nace un marketplace de econom\u00eda social para impulsar la venta responsable en Espa\u00f1a - Blog Club del Emprendimiento\",\"isPartOf\":{\"@id\":\"https:\/\/www.clubdelemprendimiento.com\/blog\/#website\"},\"primaryImageOfPage\":{\"@id\":\"https:\/\/www.clubdelemprendimiento.com\/blog\/noticia-corporativa\/seis-sentidos-nace-un-marketplace-de-economia-social-para-impulsar-la-venta-responsable-en-espana\/#primaryimage\"},\"image\":{\"@id\":\"https:\/\/www.clubdelemprendimiento.com\/blog\/noticia-corporativa\/seis-sentidos-nace-un-marketplace-de-economia-social-para-impulsar-la-venta-responsable-en-espana\/#primaryimage\"},\"thumbnailUrl\":\"https:\/\/www.clubdelemprendimiento.com\/blog\/wp-content\/uploads\/2025\/12\/SEIS_SENTIDOS_LOGO.jpg\",\"datePublished\":\"2025-12-18T18:04:37+00:00\",\"dateModified\":\"2025-12-18T18:04:37+00:00\",\"breadcrumb\":{\"@id\":\"https:\/\/www.clubdelemprendimiento.com\/blog\/noticia-corporativa\/seis-sentidos-nace-un-marketplace-de-economia-social-para-impulsar-la-venta-responsable-en-espana\/#breadcrumb\"},\"inLanguage\":\"es\",\"potentialAction\":[{\"@type\":\"ReadAction\",\"target\":[\"https:\/\/www.clubdelemprendimiento.com\/blog\/noticia-corporativa\/seis-sentidos-nace-un-marketplace-de-economia-social-para-impulsar-la-venta-responsable-en-espana\/\"]}]},{\"@type\":\"ImageObject\",\"inLanguage\":\"es\",\"@id\":\"https:\/\/www.clubdelemprendimiento.com\/blog\/noticia-corporativa\/seis-sentidos-nace-un-marketplace-de-economia-social-para-impulsar-la-venta-responsable-en-espana\/#primaryimage\",\"url\":\"https:\/\/www.clubdelemprendimiento.com\/blog\/wp-content\/uploads\/2025\/12\/SEIS_SENTIDOS_LOGO.jpg\",\"contentUrl\":\"https:\/\/www.clubdelemprendimiento.com\/blog\/wp-content\/uploads\/2025\/12\/SEIS_SENTIDOS_LOGO.jpg\",\"width\":1820,\"height\":803},{\"@type\":\"BreadcrumbList\",\"@id\":\"https:\/\/www.clubdelemprendimiento.com\/blog\/noticia-corporativa\/seis-sentidos-nace-un-marketplace-de-economia-social-para-impulsar-la-venta-responsable-en-espana\/#breadcrumb\",\"itemListElement\":[{\"@type\":\"ListItem\",\"position\":1,\"name\":\"Home\",\"item\":\"https:\/\/www.clubdelemprendimiento.com\/blog\/\"},{\"@type\":\"ListItem\",\"position\":2,\"name\":\"Noticias Corporativas\",\"item\":\"https:\/\/www.clubdelemprendimiento.com\/blog\/noticias-corporativas\/\"},{\"@type\":\"ListItem\",\"position\":3,\"name\":\"\u2018Seis Sentidos\u2019: nace un marketplace de econom\u00eda social para impulsar la venta responsable en Espa\u00f1a\"}]},{\"@type\":\"WebSite\",\"@id\":\"https:\/\/www.clubdelemprendimiento.com\/blog\/#website\",\"url\":\"https:\/\/www.clubdelemprendimiento.com\/blog\/\",\"name\":\"Blog Club del Emprendimiento\",\"description\":\"\",\"potentialAction\":[{\"@type\":\"SearchAction\",\"target\":{\"@type\":\"EntryPoint\",\"urlTemplate\":\"https:\/\/www.clubdelemprendimiento.com\/blog\/?s={search_term_string}\"},\"query-input\":\"required name=search_term_string\"}],\"inLanguage\":\"es\"}]}<\/script>\n<!-- \/ Yoast SEO plugin. -->","yoast_head_json":{"title":"\u2018Seis Sentidos\u2019: nace un marketplace de econom\u00eda social para impulsar la venta responsable en Espa\u00f1a - Blog Club del Emprendimiento","robots":{"index":"index","follow":"follow","max-snippet":"max-snippet:-1","max-image-preview":"max-image-preview:large","max-video-preview":"max-video-preview:-1"},"canonical":"https:\/\/www.clubdelemprendimiento.com\/blog\/noticia-corporativa\/seis-sentidos-nace-un-marketplace-de-economia-social-para-impulsar-la-venta-responsable-en-espana\/","og_locale":"es_ES","og_type":"article","og_title":"\u2018Seis Sentidos\u2019: nace un marketplace de econom\u00eda social para impulsar la venta responsable en Espa\u00f1a - Blog Club del Emprendimiento","og_description":"La Econom\u00eda Social acaba de estrenar su propio mercado online en consonancia con los&hellip;","og_url":"https:\/\/www.clubdelemprendimiento.com\/blog\/noticia-corporativa\/seis-sentidos-nace-un-marketplace-de-economia-social-para-impulsar-la-venta-responsable-en-espana\/","og_site_name":"Blog Club del Emprendimiento","og_image":[{"url":"https:\/\/www.clubdelemprendimiento.com\/blog\/wp-content\/uploads\/2025\/12\/SEIS_SENTIDOS_LOGO.jpg"}],"twitter_card":"summary_large_image","twitter_misc":{"Tiempo de lectura":"3 minutos"},"schema":{"@context":"https:\/\/schema.org","@graph":[{"@type":"WebPage","@id":"https:\/\/www.clubdelemprendimiento.com\/blog\/noticia-corporativa\/seis-sentidos-nace-un-marketplace-de-economia-social-para-impulsar-la-venta-responsable-en-espana\/","url":"https:\/\/www.clubdelemprendimiento.com\/blog\/noticia-corporativa\/seis-sentidos-nace-un-marketplace-de-economia-social-para-impulsar-la-venta-responsable-en-espana\/","name":"\u2018Seis Sentidos\u2019: nace un marketplace de econom\u00eda social para impulsar la venta responsable en Espa\u00f1a - Blog Club del Emprendimiento","isPartOf":{"@id":"https:\/\/www.clubdelemprendimiento.com\/blog\/#website"},"primaryImageOfPage":{"@id":"https:\/\/www.clubdelemprendimiento.com\/blog\/noticia-corporativa\/seis-sentidos-nace-un-marketplace-de-economia-social-para-impulsar-la-venta-responsable-en-espana\/#primaryimage"},"image":{"@id":"https:\/\/www.clubdelemprendimiento.com\/blog\/noticia-corporativa\/seis-sentidos-nace-un-marketplace-de-economia-social-para-impulsar-la-venta-responsable-en-espana\/#primaryimage"},"thumbnailUrl":"https:\/\/www.clubdelemprendimiento.com\/blog\/wp-content\/uploads\/2025\/12\/SEIS_SENTIDOS_LOGO.jpg","datePublished":"2025-12-18T18:04:37+00:00","dateModified":"2025-12-18T18:04:37+00:00","breadcrumb":{"@id":"https:\/\/www.clubdelemprendimiento.com\/blog\/noticia-corporativa\/seis-sentidos-nace-un-marketplace-de-economia-social-para-impulsar-la-venta-responsable-en-espana\/#breadcrumb"},"inLanguage":"es","potentialAction":[{"@type":"ReadAction","target":["https:\/\/www.clubdelemprendimiento.com\/blog\/noticia-corporativa\/seis-sentidos-nace-un-marketplace-de-economia-social-para-impulsar-la-venta-responsable-en-espana\/"]}]},{"@type":"ImageObject","inLanguage":"es","@id":"https:\/\/www.clubdelemprendimiento.com\/blog\/noticia-corporativa\/seis-sentidos-nace-un-marketplace-de-economia-social-para-impulsar-la-venta-responsable-en-espana\/#primaryimage","url":"https:\/\/www.clubdelemprendimiento.com\/blog\/wp-content\/uploads\/2025\/12\/SEIS_SENTIDOS_LOGO.jpg","contentUrl":"https:\/\/www.clubdelemprendimiento.com\/blog\/wp-content\/uploads\/2025\/12\/SEIS_SENTIDOS_LOGO.jpg","width":1820,"height":803},{"@type":"BreadcrumbList","@id":"https:\/\/www.clubdelemprendimiento.com\/blog\/noticia-corporativa\/seis-sentidos-nace-un-marketplace-de-economia-social-para-impulsar-la-venta-responsable-en-espana\/#breadcrumb","itemListElement":[{"@type":"ListItem","position":1,"name":"Home","item":"https:\/\/www.clubdelemprendimiento.com\/blog\/"},{"@type":"ListItem","position":2,"name":"Noticias Corporativas","item":"https:\/\/www.clubdelemprendimiento.com\/blog\/noticias-corporativas\/"},{"@type":"ListItem","position":3,"name":"\u2018Seis Sentidos\u2019: nace un marketplace de econom\u00eda social para impulsar la venta responsable en Espa\u00f1a"}]},{"@type":"WebSite","@id":"https:\/\/www.clubdelemprendimiento.com\/blog\/#website","url":"https:\/\/www.clubdelemprendimiento.com\/blog\/","name":"Blog Club del Emprendimiento","description":"","potentialAction":[{"@type":"SearchAction","target":{"@type":"EntryPoint","urlTemplate":"https:\/\/www.clubdelemprendimiento.com\/blog\/?s={search_term_string}"},"query-input":"required name=search_term_string"}],"inLanguage":"es"}]}},"_links":{"self":[{"href":"https:\/\/www.clubdelemprendimiento.com\/blog\/wp-json\/wp\/v2\/noticia-corporativa\/25042"}],"collection":[{"href":"https:\/\/www.clubdelemprendimiento.com\/blog\/wp-json\/wp\/v2\/noticia-corporativa"}],"about":[{"href":"https:\/\/www.clubdelemprendimiento.com\/blog\/wp-json\/wp\/v2\/types\/noticia-corporativa"}],"wp:featuredmedia":[{"embeddable":true,"href":"https:\/\/www.clubdelemprendimiento.com\/blog\/wp-json\/wp\/v2\/media\/25043"}],"wp:attachment":[{"href":"https:\/\/www.clubdelemprendimiento.com\/blog\/wp-json\/wp\/v2\/media?parent=25042"}],"curies":[{"name":"wp","href":"https:\/\/api.w.org\/{rel}","templated":true}]}}