{"id":25033,"date":"2025-12-18T17:04:30","date_gmt":"2025-12-18T17:04:30","guid":{"rendered":"https:\/\/www.clubdelemprendimiento.com\/blog\/noticia-corporativa\/el-ano-en-viajes-a-donde-viajaron-los-espanoles-en-2025-y-las-tendencias-que-mas-sorprendieron\/"},"modified":"2025-12-18T17:04:30","modified_gmt":"2025-12-18T17:04:30","slug":"el-ano-en-viajes-a-donde-viajaron-los-espanoles-en-2025-y-las-tendencias-que-mas-sorprendieron","status":"publish","type":"noticia-corporativa","link":"https:\/\/www.clubdelemprendimiento.com\/blog\/noticia-corporativa\/el-ano-en-viajes-a-donde-viajaron-los-espanoles-en-2025-y-las-tendencias-que-mas-sorprendieron\/","title":{"rendered":"El a\u00f1o en viajes: a d\u00f3nde viajaron los espa\u00f1oles en 2025 y las tendencias que m\u00e1s sorprendieron"},"content":{"rendered":"<div>\n<p><a href=\"https:\/\/www.clubdelemprendimiento.com\/blog\/wp-content\/uploads\/2025\/12\/DEST-TAHITI-PAPEETE-GettyImages-941013636_Universal_Within_usage_period_27607.jpg\" target=\"_blank\" class=\"fotonota\" rel=\"noopener\"> <img decoding=\"async\" src=\"https:\/\/www.clubdelemprendimiento.com\/blog\/wp-content\/uploads\/2025\/12\/DEST-TAHITI-PAPEETE-GettyImages-941013636_Universal_Within_usage_period_27607.jpg\" style=\"max-width:600px;\" border=\"0\" class=\"postImage\" alt=\"\"><\/a><\/p>\n<p>En 2025, y seg\u00fan las b\u00fasquedas de vuelos, Par\u00eds fue el destino m\u00e1s buscado en vuelos por los espa\u00f1oles, mientras que Fukuoka, Jap\u00f3n, registr\u00f3 el mayor aumento en volumen de b\u00fasquedas con un +150%. Los espa\u00f1oles apostaron por los viajes en grupo, con un aumento del 30 % en las b\u00fasquedas de vuelos para este tipo de escapadas. Las experiencias premium ganaron terreno con un aumento del 23 % en las b\u00fasquedas de vuelos en clase business y  de un 105% en las b\u00fasquedas de alojamientos 5 estrellas respecto a 2024<\/p>\n<p><\/p>\n<p>Este a\u00f1o, los espa\u00f1oles viajaron y, en <a href=\"https:\/\/www.kayak.es\/\" rel=\"nofollow\"><strong>KAYAK<\/strong><\/a>, el buscador de viajes l\u00edder en el mundo, llevamos la cuenta. <strong>Echando un vistazo al a\u00f1o que est\u00e1 a punto de terminar, revelamos\u00a0cu\u00e1les fueron sus destinos de vuelo y hotel m\u00e1s buscados, en qu\u00e9 gastaron y d\u00f3nde ahorraron. <\/strong>Y una pista adicional: <strong>2025 fue el a\u00f1o en el que los planes del chat de grupo por fin se materializaron.\u00a0<\/strong><\/p>\n<p><strong>Natalia Diez\u2011Rivas, directora comercial de KAYAK para Europa<\/strong>, a\u00f1ade: \u00ab<strong>En 2025 los viajeros espa\u00f1oles ampliaron el mapa, y el confort gan\u00f3 terreno\u00a0 a la hora de viajar. <\/strong>Destinos poco convencionales como Fukuoka en Jap\u00f3n, lideraron el ranking de los destinos de mayor tendencia y las b\u00fasquedas de opciones premium, tanto en vuelos como en hoteles, registraron las mayores subidas\u00bb.<\/p>\n<p><strong>De los cl\u00e1sicos a los joyas ocultas: los destinos m\u00e1s buscados por los espa\u00f1oles en 2025<\/strong><br \/>\n<strong>Si en 2025 los espa\u00f1oles tuvieran que elegir un \u00fanico lugar para viajar, este ser\u00eda Par\u00eds.<\/strong> La ciudad del amor sigue siendo la favorita de culto, con tarifas medias de 132\u202f\u20ac. A nivel nacional, <strong>Palma de Mallorca fue el destino m\u00e1s popular entre los espa\u00f1oles este a\u00f1o, liderando las b\u00fasquedas de vuelo a destinos dom\u00e9sticos <\/strong>con un incremento del 9% frente a 2024 y vuelos por un precio medio\u00a0 de 70\u202f\u20ac.<\/p>\n<p><strong>En cuanto a la hora de hacer <\/strong><strong><em>check-in <\/em><\/strong><strong>en destino, Londres fue el destino hotelero m\u00e1s buscado de 2025<\/strong>, incluso con un incremento del 2 % de media en el precio (119\u202f\u20ac\/noche). <strong>En casa, Madrid logr\u00f3 el primer puesto<\/strong>, con tarifas por noche de 93\u202f\u20ac de media, un 6% m\u00e1s que en 2024.<\/p>\n<p>Para algunos, Par\u00eds y Londres es jugar a lo seguro. Sin embargo, el 2025 en viajes revela la pasi\u00f3n de los espa\u00f1oles por destinos lejanos: <strong>Fukuoka, Jap\u00f3n, registr\u00f3\u00a0 el mayor aumento interanual en b\u00fasquedas de vuelos (+150 %). <\/strong>Un tesoro oculto reconocido por su cultura <em>yatai<\/em>, sus templos milenarios y sus playas. M\u00e1s cerca de casa, <strong>San Bartolom\u00e9 de Tirajana fue el destino de 2025 con mayor crecimiento en b\u00fasquedas de hoteles respecto al a\u00f1o anterior (un aumento de 3x).<\/strong><\/p>\n<p><strong>De ofertas a caprichos: d\u00f3nde gastaron o ahorraron m\u00e1s los espa\u00f1oles<\/strong><br \/>\nA la hora de encontrar chollos en 2025, los destinos con los precios m\u00e1s bajos que se encontraron los espa\u00f1oles fueron, <strong>en cuanto a vuelos<\/strong>, <strong>Tetu\u00e1n (Marruecos), con tarifas a 62 \u202f\u20ac de media &#8211; un 37 % menos que en 2024 &#8211; y, en cuanto a hoteles, Medell\u00edn en Colombia, con precios de 34 \u20ac\/noche de media.\u00a0<\/strong><\/p>\n<p>En el extremo m\u00e1s alto del rango de precios se encontraban las escapadas de lujo. <strong>Papeete en la Polinesia Francesa fue el destino con los precios de vuelo m\u00e1s caros de 2025, 1.525\u202f\u20ac por billete de media<\/strong> y, aun as\u00ed, sus b\u00fasquedas de vuelo subieron un 28 % en comparaci\u00f3n con 2024. Por su parte, <strong>los hoteles m\u00e1s caros estuvieron en Mal\u00e9,<\/strong> con precios de 251 \u202f\u20ac\/noche de media. Suficientemente elevados para tener que estirar cualquier presupuesto, aun siendo un 12 % m\u00e1s econ\u00f3micos que el a\u00f1o pasado.\u00a0<\/p>\n<p>Seg\u00fan el calendario: <strong>marzo tuvo los mejores precios en vuelos (146\u202f\u20ac de media)<\/strong> y <strong>enero fue el mes m\u00e1s barato para alojarse en un hotel (71\u202f\u20ac\/noche de media<\/strong>). El pico del a\u00f1o en cuanto a precios fue en verano, siendo <strong>agosto el mes m\u00e1s caro para viajar, con vuelos a 267\u202f\u20ac y hoteles a 133\u202f\u20ac\/noche.<\/strong><\/p>\n<p><strong>De viajes en grupo a la b\u00fasqueda de experiencias <\/strong><strong><em>premium<\/em><\/strong><strong>: as\u00ed viajaron los espa\u00f1oles<\/strong><br \/>\n2025 fue el a\u00f1o en que ese viaje, por fin, sali\u00f3 del chat de grupo y se hizo realidad: <strong>las b\u00fasquedas de vuelos para viajes en grupo registraron un aumento del 30 %, el mayor incremento comparado a cualquier otro tipo de viaje respecto a 2024<\/strong>. Los <strong>viajes en solitario,<\/strong> en cambio, perdieron fuerza. Las escapadas inspiradas en <em>Come, reza, ama<\/em> dejaron de estar entre las favoritas de los espa\u00f1oles este a\u00f1o <strong>con una ca\u00edda del 7 % en las b\u00fasquedas para este tipo de vuelos frente al a\u00f1o anterior.<\/strong> <strong>Las escapadas en pareja y en familia tambi\u00e9n crecieron, con incrementos del 23 % y el 22 % respectivamente.<\/strong><\/p>\n<p>En cuanto al nivel de confort, las opciones <em>premium<\/em> ganaron terreno entre las preferencias de\u00a0 los viajeros espa\u00f1oles a lo largo del a\u00f1o: <strong>las b\u00fasquedas de vuelos en clase <\/strong><strong><em>business<\/em><\/strong><strong> aumentaron un 23 % (2.202\u202f\u20ac de media, un 4 % menos que el a\u00f1o pasado)<\/strong>, las de clase <strong><em>premium economy <\/em><\/strong><strong>subieron un 19 % (1.244\u202f\u20ac de media, un 2% m\u00e1s), y las de primera clase crecieron un 6 % (7.066\u202f\u20ac de media, un 2% menos)<\/strong>. Las b\u00fasquedas para <strong>clase turista se mantuvieron estables, aunque el precio medio registr\u00f3 un incremento del 6 % hasta los 196\u202f\u20ac.<\/strong><\/p>\n<p>En lo que a hoteles respecta, 2025 fue claramente un a\u00f1o de caprichos: <strong>las b\u00fasquedas de alojamientos 5 estrellas fueron las que m\u00e1s crecieron: un 105 % respecto a 2024, con tarifas medias de 180 \u202f\u20ac\/noche (un 3% m\u00e1s baratas)<\/strong>.\u00a0<\/p>\n<\/div>\n","protected":false},"featured_media":25034,"template":"","meta":{"_acf_changed":false},"acf":[],"yoast_head":"<!-- This site is optimized with the Yoast SEO plugin v22.7 - https:\/\/yoast.com\/wordpress\/plugins\/seo\/ -->\n<title>El a\u00f1o en viajes: a d\u00f3nde viajaron los espa\u00f1oles en 2025 y las tendencias que m\u00e1s sorprendieron - Blog Club del Emprendimiento<\/title>\n<meta name=\"robots\" content=\"index, follow, max-snippet:-1, max-image-preview:large, max-video-preview:-1\" \/>\n<link rel=\"canonical\" href=\"https:\/\/www.clubdelemprendimiento.com\/blog\/noticia-corporativa\/el-ano-en-viajes-a-donde-viajaron-los-espanoles-en-2025-y-las-tendencias-que-mas-sorprendieron\/\" \/>\n<meta property=\"og:locale\" content=\"es_ES\" \/>\n<meta property=\"og:type\" content=\"article\" \/>\n<meta property=\"og:title\" content=\"El a\u00f1o en viajes: a d\u00f3nde viajaron los espa\u00f1oles en 2025 y las tendencias que m\u00e1s sorprendieron - Blog Club del Emprendimiento\" \/>\n<meta property=\"og:description\" content=\"En 2025, y seg\u00fan las b\u00fasquedas de vuelos, Par\u00eds fue el destino m\u00e1s buscado&hellip;\" \/>\n<meta property=\"og:url\" content=\"https:\/\/www.clubdelemprendimiento.com\/blog\/noticia-corporativa\/el-ano-en-viajes-a-donde-viajaron-los-espanoles-en-2025-y-las-tendencias-que-mas-sorprendieron\/\" \/>\n<meta property=\"og:site_name\" content=\"Blog Club del Emprendimiento\" \/>\n<meta property=\"og:image\" content=\"https:\/\/www.clubdelemprendimiento.com\/blog\/wp-content\/uploads\/2025\/12\/DEST-TAHITI-PAPEETE-GettyImages-941013636_Universal_Within_usage_period_27607.jpg\" \/>\n<meta name=\"twitter:card\" content=\"summary_large_image\" \/>\n<meta name=\"twitter:label1\" content=\"Tiempo de lectura\" \/>\n\t<meta name=\"twitter:data1\" content=\"5 minutos\" \/>\n<script type=\"application\/ld+json\" class=\"yoast-schema-graph\">{\"@context\":\"https:\/\/schema.org\",\"@graph\":[{\"@type\":\"WebPage\",\"@id\":\"https:\/\/www.clubdelemprendimiento.com\/blog\/noticia-corporativa\/el-ano-en-viajes-a-donde-viajaron-los-espanoles-en-2025-y-las-tendencias-que-mas-sorprendieron\/\",\"url\":\"https:\/\/www.clubdelemprendimiento.com\/blog\/noticia-corporativa\/el-ano-en-viajes-a-donde-viajaron-los-espanoles-en-2025-y-las-tendencias-que-mas-sorprendieron\/\",\"name\":\"El a\u00f1o en viajes: a d\u00f3nde viajaron los espa\u00f1oles en 2025 y las tendencias que m\u00e1s sorprendieron - Blog Club del Emprendimiento\",\"isPartOf\":{\"@id\":\"https:\/\/www.clubdelemprendimiento.com\/blog\/#website\"},\"primaryImageOfPage\":{\"@id\":\"https:\/\/www.clubdelemprendimiento.com\/blog\/noticia-corporativa\/el-ano-en-viajes-a-donde-viajaron-los-espanoles-en-2025-y-las-tendencias-que-mas-sorprendieron\/#primaryimage\"},\"image\":{\"@id\":\"https:\/\/www.clubdelemprendimiento.com\/blog\/noticia-corporativa\/el-ano-en-viajes-a-donde-viajaron-los-espanoles-en-2025-y-las-tendencias-que-mas-sorprendieron\/#primaryimage\"},\"thumbnailUrl\":\"https:\/\/www.clubdelemprendimiento.com\/blog\/wp-content\/uploads\/2025\/12\/DEST-TAHITI-PAPEETE-GettyImages-941013636_Universal_Within_usage_period_27607.jpg\",\"datePublished\":\"2025-12-18T17:04:30+00:00\",\"dateModified\":\"2025-12-18T17:04:30+00:00\",\"breadcrumb\":{\"@id\":\"https:\/\/www.clubdelemprendimiento.com\/blog\/noticia-corporativa\/el-ano-en-viajes-a-donde-viajaron-los-espanoles-en-2025-y-las-tendencias-que-mas-sorprendieron\/#breadcrumb\"},\"inLanguage\":\"es\",\"potentialAction\":[{\"@type\":\"ReadAction\",\"target\":[\"https:\/\/www.clubdelemprendimiento.com\/blog\/noticia-corporativa\/el-ano-en-viajes-a-donde-viajaron-los-espanoles-en-2025-y-las-tendencias-que-mas-sorprendieron\/\"]}]},{\"@type\":\"ImageObject\",\"inLanguage\":\"es\",\"@id\":\"https:\/\/www.clubdelemprendimiento.com\/blog\/noticia-corporativa\/el-ano-en-viajes-a-donde-viajaron-los-espanoles-en-2025-y-las-tendencias-que-mas-sorprendieron\/#primaryimage\",\"url\":\"https:\/\/www.clubdelemprendimiento.com\/blog\/wp-content\/uploads\/2025\/12\/DEST-TAHITI-PAPEETE-GettyImages-941013636_Universal_Within_usage_period_27607.jpg\",\"contentUrl\":\"https:\/\/www.clubdelemprendimiento.com\/blog\/wp-content\/uploads\/2025\/12\/DEST-TAHITI-PAPEETE-GettyImages-941013636_Universal_Within_usage_period_27607.jpg\",\"width\":1200,\"height\":800},{\"@type\":\"BreadcrumbList\",\"@id\":\"https:\/\/www.clubdelemprendimiento.com\/blog\/noticia-corporativa\/el-ano-en-viajes-a-donde-viajaron-los-espanoles-en-2025-y-las-tendencias-que-mas-sorprendieron\/#breadcrumb\",\"itemListElement\":[{\"@type\":\"ListItem\",\"position\":1,\"name\":\"Home\",\"item\":\"https:\/\/www.clubdelemprendimiento.com\/blog\/\"},{\"@type\":\"ListItem\",\"position\":2,\"name\":\"Noticias Corporativas\",\"item\":\"https:\/\/www.clubdelemprendimiento.com\/blog\/noticias-corporativas\/\"},{\"@type\":\"ListItem\",\"position\":3,\"name\":\"El a\u00f1o en viajes: a d\u00f3nde viajaron los espa\u00f1oles en 2025 y las tendencias que m\u00e1s sorprendieron\"}]},{\"@type\":\"WebSite\",\"@id\":\"https:\/\/www.clubdelemprendimiento.com\/blog\/#website\",\"url\":\"https:\/\/www.clubdelemprendimiento.com\/blog\/\",\"name\":\"Blog Club del Emprendimiento\",\"description\":\"\",\"potentialAction\":[{\"@type\":\"SearchAction\",\"target\":{\"@type\":\"EntryPoint\",\"urlTemplate\":\"https:\/\/www.clubdelemprendimiento.com\/blog\/?s={search_term_string}\"},\"query-input\":\"required name=search_term_string\"}],\"inLanguage\":\"es\"}]}<\/script>\n<!-- \/ Yoast SEO plugin. -->","yoast_head_json":{"title":"El a\u00f1o en viajes: a d\u00f3nde viajaron los espa\u00f1oles en 2025 y las tendencias que m\u00e1s sorprendieron - Blog Club del Emprendimiento","robots":{"index":"index","follow":"follow","max-snippet":"max-snippet:-1","max-image-preview":"max-image-preview:large","max-video-preview":"max-video-preview:-1"},"canonical":"https:\/\/www.clubdelemprendimiento.com\/blog\/noticia-corporativa\/el-ano-en-viajes-a-donde-viajaron-los-espanoles-en-2025-y-las-tendencias-que-mas-sorprendieron\/","og_locale":"es_ES","og_type":"article","og_title":"El a\u00f1o en viajes: a d\u00f3nde viajaron los espa\u00f1oles en 2025 y las tendencias que m\u00e1s sorprendieron - Blog Club del Emprendimiento","og_description":"En 2025, y seg\u00fan las b\u00fasquedas de vuelos, Par\u00eds fue el destino m\u00e1s buscado&hellip;","og_url":"https:\/\/www.clubdelemprendimiento.com\/blog\/noticia-corporativa\/el-ano-en-viajes-a-donde-viajaron-los-espanoles-en-2025-y-las-tendencias-que-mas-sorprendieron\/","og_site_name":"Blog Club del Emprendimiento","og_image":[{"url":"https:\/\/www.clubdelemprendimiento.com\/blog\/wp-content\/uploads\/2025\/12\/DEST-TAHITI-PAPEETE-GettyImages-941013636_Universal_Within_usage_period_27607.jpg"}],"twitter_card":"summary_large_image","twitter_misc":{"Tiempo de lectura":"5 minutos"},"schema":{"@context":"https:\/\/schema.org","@graph":[{"@type":"WebPage","@id":"https:\/\/www.clubdelemprendimiento.com\/blog\/noticia-corporativa\/el-ano-en-viajes-a-donde-viajaron-los-espanoles-en-2025-y-las-tendencias-que-mas-sorprendieron\/","url":"https:\/\/www.clubdelemprendimiento.com\/blog\/noticia-corporativa\/el-ano-en-viajes-a-donde-viajaron-los-espanoles-en-2025-y-las-tendencias-que-mas-sorprendieron\/","name":"El a\u00f1o en viajes: a d\u00f3nde viajaron los espa\u00f1oles en 2025 y las tendencias que m\u00e1s sorprendieron - Blog Club del Emprendimiento","isPartOf":{"@id":"https:\/\/www.clubdelemprendimiento.com\/blog\/#website"},"primaryImageOfPage":{"@id":"https:\/\/www.clubdelemprendimiento.com\/blog\/noticia-corporativa\/el-ano-en-viajes-a-donde-viajaron-los-espanoles-en-2025-y-las-tendencias-que-mas-sorprendieron\/#primaryimage"},"image":{"@id":"https:\/\/www.clubdelemprendimiento.com\/blog\/noticia-corporativa\/el-ano-en-viajes-a-donde-viajaron-los-espanoles-en-2025-y-las-tendencias-que-mas-sorprendieron\/#primaryimage"},"thumbnailUrl":"https:\/\/www.clubdelemprendimiento.com\/blog\/wp-content\/uploads\/2025\/12\/DEST-TAHITI-PAPEETE-GettyImages-941013636_Universal_Within_usage_period_27607.jpg","datePublished":"2025-12-18T17:04:30+00:00","dateModified":"2025-12-18T17:04:30+00:00","breadcrumb":{"@id":"https:\/\/www.clubdelemprendimiento.com\/blog\/noticia-corporativa\/el-ano-en-viajes-a-donde-viajaron-los-espanoles-en-2025-y-las-tendencias-que-mas-sorprendieron\/#breadcrumb"},"inLanguage":"es","potentialAction":[{"@type":"ReadAction","target":["https:\/\/www.clubdelemprendimiento.com\/blog\/noticia-corporativa\/el-ano-en-viajes-a-donde-viajaron-los-espanoles-en-2025-y-las-tendencias-que-mas-sorprendieron\/"]}]},{"@type":"ImageObject","inLanguage":"es","@id":"https:\/\/www.clubdelemprendimiento.com\/blog\/noticia-corporativa\/el-ano-en-viajes-a-donde-viajaron-los-espanoles-en-2025-y-las-tendencias-que-mas-sorprendieron\/#primaryimage","url":"https:\/\/www.clubdelemprendimiento.com\/blog\/wp-content\/uploads\/2025\/12\/DEST-TAHITI-PAPEETE-GettyImages-941013636_Universal_Within_usage_period_27607.jpg","contentUrl":"https:\/\/www.clubdelemprendimiento.com\/blog\/wp-content\/uploads\/2025\/12\/DEST-TAHITI-PAPEETE-GettyImages-941013636_Universal_Within_usage_period_27607.jpg","width":1200,"height":800},{"@type":"BreadcrumbList","@id":"https:\/\/www.clubdelemprendimiento.com\/blog\/noticia-corporativa\/el-ano-en-viajes-a-donde-viajaron-los-espanoles-en-2025-y-las-tendencias-que-mas-sorprendieron\/#breadcrumb","itemListElement":[{"@type":"ListItem","position":1,"name":"Home","item":"https:\/\/www.clubdelemprendimiento.com\/blog\/"},{"@type":"ListItem","position":2,"name":"Noticias Corporativas","item":"https:\/\/www.clubdelemprendimiento.com\/blog\/noticias-corporativas\/"},{"@type":"ListItem","position":3,"name":"El a\u00f1o en viajes: a d\u00f3nde viajaron los espa\u00f1oles en 2025 y las tendencias que m\u00e1s sorprendieron"}]},{"@type":"WebSite","@id":"https:\/\/www.clubdelemprendimiento.com\/blog\/#website","url":"https:\/\/www.clubdelemprendimiento.com\/blog\/","name":"Blog Club del Emprendimiento","description":"","potentialAction":[{"@type":"SearchAction","target":{"@type":"EntryPoint","urlTemplate":"https:\/\/www.clubdelemprendimiento.com\/blog\/?s={search_term_string}"},"query-input":"required name=search_term_string"}],"inLanguage":"es"}]}},"_links":{"self":[{"href":"https:\/\/www.clubdelemprendimiento.com\/blog\/wp-json\/wp\/v2\/noticia-corporativa\/25033"}],"collection":[{"href":"https:\/\/www.clubdelemprendimiento.com\/blog\/wp-json\/wp\/v2\/noticia-corporativa"}],"about":[{"href":"https:\/\/www.clubdelemprendimiento.com\/blog\/wp-json\/wp\/v2\/types\/noticia-corporativa"}],"wp:featuredmedia":[{"embeddable":true,"href":"https:\/\/www.clubdelemprendimiento.com\/blog\/wp-json\/wp\/v2\/media\/25034"}],"wp:attachment":[{"href":"https:\/\/www.clubdelemprendimiento.com\/blog\/wp-json\/wp\/v2\/media?parent=25033"}],"curies":[{"name":"wp","href":"https:\/\/api.w.org\/{rel}","templated":true}]}}