{"id":25023,"date":"2025-12-18T16:04:36","date_gmt":"2025-12-18T16:04:36","guid":{"rendered":"https:\/\/www.clubdelemprendimiento.com\/blog\/noticia-corporativa\/la-red-icex-alumni-consolida-50-anos-de-talento-que-cruza-fronteras-con-mas-de-9-000-profesionales\/"},"modified":"2025-12-18T16:04:36","modified_gmt":"2025-12-18T16:04:36","slug":"la-red-icex-alumni-consolida-50-anos-de-talento-que-cruza-fronteras-con-mas-de-9-000-profesionales","status":"publish","type":"noticia-corporativa","link":"https:\/\/www.clubdelemprendimiento.com\/blog\/noticia-corporativa\/la-red-icex-alumni-consolida-50-anos-de-talento-que-cruza-fronteras-con-mas-de-9-000-profesionales\/","title":{"rendered":"La red ICEX Alumni consolida 50 a\u00f1os de talento que cruza fronteras con m\u00e1s de 9.000 profesionales"},"content":{"rendered":"<div>\n<p><a href=\"https:\/\/www.clubdelemprendimiento.com\/blog\/wp-content\/uploads\/2025\/12\/MG_7576_1.jpg\" target=\"_blank\" class=\"fotonota\" rel=\"noopener\"> <img decoding=\"async\" src=\"https:\/\/www.clubdelemprendimiento.com\/blog\/wp-content\/uploads\/2025\/12\/MG_7576_1.jpg\" style=\"max-width:600px;\" border=\"0\" class=\"postImage\" alt=\"\"><\/a><\/p>\n<p>El acto de clausura del 50 aniversario de las Becas ICEX, con el patrocinio de ICEX, re\u00fane en Madrid a 150 asistentes entre exbecarios, representantes institucionales y directivos de empresas l\u00edderes en internacionalizaci\u00f3n<\/p>\n<p><\/p>\n<p>La comunidad ICEX\u00a0Alumni\u00a0ha celebrado en el Auditorio de ICEX Espa\u00f1a el\u00a0acto de clausura del 50 aniversario de las Becas ICEX, un encuentro que ha puesto en valor medio siglo de impulso al talento espa\u00f1ol en los mercados internacionales. Bajo el lema\u00a0\u00ab50 a\u00f1os de talento que cruza fronteras\u00bb, la jornada ha reunido a\u00a0150 personas\u00a0entre\u00a0exbecarios, representantes de la Administraci\u00f3n, del M\u00e1ster ICEX\u2013CECO y directivos de empresas l\u00edderes en internacionalizaci\u00f3n.\u00a0<\/p>\n<p>Desde 1975,\u00a0las Becas ICEX han formado a m\u00e1s de 9.000 j\u00f3venes especializados en internacionalizaci\u00f3n y comercio exterior, impulsando la proyecci\u00f3n exterior de la econom\u00eda espa\u00f1ola. El programa mantiene una alta empleabilidad: el 90 % de los\u00a0exbecarios\u00a0encuentra trabajo al finalizar la beca y el 86 % accede a contratos indefinidos.\u00a0<\/p>\n<p><strong>Del expediente al relato personal: \u00abEncuentros en la 3\u00aa Fase\u00bb\u00a0<\/strong><br \/>\nLa jornada arranc\u00f3 con la intervenci\u00f3n de\u00a0Joaqu\u00edn Fern\u00e1ndez de Pi\u00e9rola, Premio ICEX\u00a0Alumni, quien\u00a0dio paso a\u00a0Jos\u00e9\u00a0M\u00aa\u00a0Blasco, director ejecutivo de Crecimiento y Competitividad en ICEX\u00a0y encargado de la apertura del acto. A continuaci\u00f3n, comenzaron las\u00a0conexiones en directo con los clubs ICEX\u00a0Alumni\u00a0en Washington, Hong Kong y varios pa\u00edses europeos.\u00a0<\/p>\n<p>El eje central fue el panel\u00a0\u00abEncuentros en la 3\u00aa Fase \u2013 Historias que cruzan fronteras\u00bb, un di\u00e1logo entre\u00a0exbecarios\u00a0y representantes empresariales sobre c\u00f3mo la experiencia ICEX ha influido en sus carreras. Moderado por\u00a0Juan Luis\u00a0Manfredi, catedr\u00e1tico y\u00a0exbecario\u00a0ICEX, reuni\u00f3 a distintas generaciones para analizar la evoluci\u00f3n de las carreras internacionales, los cambios en la empresa espa\u00f1ola y el papel actual de la red\u00a0Alumni.\u00a0<\/p>\n<p>El panel comenz\u00f3 con la ponencia de\u00a0Gustavo Mata Fern\u00e1ndez-Balbuena\u00a0sobre\u00a0estrategias\u00a0de internacionalizaci\u00f3n en la era\u00a0postglobal\u00a0y la importancia del\u00a0networking\u00a0entre\u00a0exbecarios. A continuaci\u00f3n, se celebraron los encuentros entre\u00a0exbecarios, miembros del Consejo Asesor de ICEX\u00a0Alumni\u00a0y empresas, con la participaci\u00f3n de\u00a0Myriam Caro, Antonio Bonet, Marta Blanco, Maribel de Luis,\u00a0Mar\u00eda Jes\u00fas Gonz\u00e1lez Espejo, Carlota L\u00f3pez Cebri\u00e1n, F\u00e9lix Garc\u00eda-Giralda, Jos\u00e9 Mar\u00eda Cubillo y Felipe Ruano, quienes compartieron experiencias sobre innovaci\u00f3n, transformaci\u00f3n econ\u00f3mica, liderazgo y diplomacia econ\u00f3mica.\u00a0<\/p>\n<p><strong>Una comunidad que se ve y se escucha en tiempo real\u00a0<\/strong><br \/>\nEl encuentro incluy\u00f3\u00a0conexiones en directo con clubs ICEX\u00a0Alumni\u00a0en Washington, Hong Kong y Bruselas,\u00a0en las que\u00a0compartieron c\u00f3mo se organizan y acompa\u00f1an a las nuevas promociones. De este modo, el acto en Madrid se convirti\u00f3 en un punto de conexi\u00f3n entre voces y experiencias de distintos continentes, reflejando el\u00a0car\u00e1cter global de una red que ya agrupa a m\u00e1s de 9.000\u00a0exbecarios.\u00a0<\/p>\n<p>Durante la jornada\u00a0se proyectaron im\u00e1genes de los eventos conmemorativos del 50\u00ba aniversario y se entreg\u00f3 el Premio Anual ICEX\u00a0Alumni\u00a0(V edici\u00f3n).\u00a0Las intervenciones finales corrieron a cargo de Juan Luis\u00a0Gasc\u00f3, en representaci\u00f3n de ICEX\u00a0Alumni, y de\u00a0Elisa Carbonell,\u00a0Consejera Delegada\u00a0de ICEX.\u00a0<\/p>\n<p><strong>Un cierre con la vista puesta en los pr\u00f3ximos 50 a\u00f1os\u00a0<\/strong><br \/>\nLa clausura puso el foco en el futuro.\u00a0Juan Luis\u00a0Gasc\u00f3\u00a0destac\u00f3 que \u00abestos 50 a\u00f1os demuestran que las becas ICEX no solo impulsan carreras individuales, sino que han dado lugar a una comunidad que se ayuda y se abre puertas mutuamente en todo el mundo\u00bb.\u00a0<\/p>\n<p>Este medio siglo de programa demuestra que la internacionalizaci\u00f3n requiere\u00a0talento preparado y comunidades s\u00f3lidas\u00a0que lo acompa\u00f1en a lo largo del tiempo.\u00a0<\/p>\n<p>El acto finaliz\u00f3 con un\u00a0espacio de\u00a0networking\u00a0en el Auditorio, donde distintas promociones pudieron reencontrarse o iniciar nuevos contactos. Lejos de ser un punto final, este cierre confirma que la comunidad ICEX\u00a0Alumni\u00a0seguir\u00e1 creciendo y tejiendo conexiones entre personas, empresas e instituciones que\u00a0comparten una misma experiencia de origen: haber iniciado su carrera profesional cruzando fronteras.\u00a0<\/p>\n<\/div>\n","protected":false},"featured_media":25024,"template":"","meta":{"_acf_changed":false},"acf":[],"yoast_head":"<!-- This site is optimized with the Yoast SEO plugin v22.7 - https:\/\/yoast.com\/wordpress\/plugins\/seo\/ -->\n<title>La red ICEX Alumni consolida 50 a\u00f1os de talento que cruza fronteras con m\u00e1s de 9.000 profesionales - Blog Club del Emprendimiento<\/title>\n<meta name=\"robots\" content=\"index, follow, max-snippet:-1, max-image-preview:large, max-video-preview:-1\" \/>\n<link rel=\"canonical\" href=\"https:\/\/www.clubdelemprendimiento.com\/blog\/noticia-corporativa\/la-red-icex-alumni-consolida-50-anos-de-talento-que-cruza-fronteras-con-mas-de-9-000-profesionales\/\" \/>\n<meta property=\"og:locale\" content=\"es_ES\" \/>\n<meta property=\"og:type\" content=\"article\" \/>\n<meta property=\"og:title\" content=\"La red ICEX Alumni consolida 50 a\u00f1os de talento que cruza fronteras con m\u00e1s de 9.000 profesionales - Blog Club del Emprendimiento\" \/>\n<meta property=\"og:description\" content=\"El acto de clausura del 50 aniversario de las Becas ICEX, con el patrocinio&hellip;\" \/>\n<meta property=\"og:url\" content=\"https:\/\/www.clubdelemprendimiento.com\/blog\/noticia-corporativa\/la-red-icex-alumni-consolida-50-anos-de-talento-que-cruza-fronteras-con-mas-de-9-000-profesionales\/\" \/>\n<meta property=\"og:site_name\" content=\"Blog Club del Emprendimiento\" \/>\n<meta property=\"og:image\" content=\"https:\/\/www.clubdelemprendimiento.com\/blog\/wp-content\/uploads\/2025\/12\/MG_7576_1.jpg\" \/>\n<meta name=\"twitter:card\" content=\"summary_large_image\" \/>\n<meta name=\"twitter:label1\" content=\"Tiempo de lectura\" \/>\n\t<meta name=\"twitter:data1\" content=\"3 minutos\" \/>\n<script type=\"application\/ld+json\" class=\"yoast-schema-graph\">{\"@context\":\"https:\/\/schema.org\",\"@graph\":[{\"@type\":\"WebPage\",\"@id\":\"https:\/\/www.clubdelemprendimiento.com\/blog\/noticia-corporativa\/la-red-icex-alumni-consolida-50-anos-de-talento-que-cruza-fronteras-con-mas-de-9-000-profesionales\/\",\"url\":\"https:\/\/www.clubdelemprendimiento.com\/blog\/noticia-corporativa\/la-red-icex-alumni-consolida-50-anos-de-talento-que-cruza-fronteras-con-mas-de-9-000-profesionales\/\",\"name\":\"La red ICEX Alumni consolida 50 a\u00f1os de talento que cruza fronteras con m\u00e1s de 9.000 profesionales - Blog Club del Emprendimiento\",\"isPartOf\":{\"@id\":\"https:\/\/www.clubdelemprendimiento.com\/blog\/#website\"},\"primaryImageOfPage\":{\"@id\":\"https:\/\/www.clubdelemprendimiento.com\/blog\/noticia-corporativa\/la-red-icex-alumni-consolida-50-anos-de-talento-que-cruza-fronteras-con-mas-de-9-000-profesionales\/#primaryimage\"},\"image\":{\"@id\":\"https:\/\/www.clubdelemprendimiento.com\/blog\/noticia-corporativa\/la-red-icex-alumni-consolida-50-anos-de-talento-que-cruza-fronteras-con-mas-de-9-000-profesionales\/#primaryimage\"},\"thumbnailUrl\":\"https:\/\/www.clubdelemprendimiento.com\/blog\/wp-content\/uploads\/2025\/12\/MG_7576_1-scaled.jpg\",\"datePublished\":\"2025-12-18T16:04:36+00:00\",\"dateModified\":\"2025-12-18T16:04:36+00:00\",\"breadcrumb\":{\"@id\":\"https:\/\/www.clubdelemprendimiento.com\/blog\/noticia-corporativa\/la-red-icex-alumni-consolida-50-anos-de-talento-que-cruza-fronteras-con-mas-de-9-000-profesionales\/#breadcrumb\"},\"inLanguage\":\"es\",\"potentialAction\":[{\"@type\":\"ReadAction\",\"target\":[\"https:\/\/www.clubdelemprendimiento.com\/blog\/noticia-corporativa\/la-red-icex-alumni-consolida-50-anos-de-talento-que-cruza-fronteras-con-mas-de-9-000-profesionales\/\"]}]},{\"@type\":\"ImageObject\",\"inLanguage\":\"es\",\"@id\":\"https:\/\/www.clubdelemprendimiento.com\/blog\/noticia-corporativa\/la-red-icex-alumni-consolida-50-anos-de-talento-que-cruza-fronteras-con-mas-de-9-000-profesionales\/#primaryimage\",\"url\":\"https:\/\/www.clubdelemprendimiento.com\/blog\/wp-content\/uploads\/2025\/12\/MG_7576_1-scaled.jpg\",\"contentUrl\":\"https:\/\/www.clubdelemprendimiento.com\/blog\/wp-content\/uploads\/2025\/12\/MG_7576_1-scaled.jpg\",\"width\":2560,\"height\":1707},{\"@type\":\"BreadcrumbList\",\"@id\":\"https:\/\/www.clubdelemprendimiento.com\/blog\/noticia-corporativa\/la-red-icex-alumni-consolida-50-anos-de-talento-que-cruza-fronteras-con-mas-de-9-000-profesionales\/#breadcrumb\",\"itemListElement\":[{\"@type\":\"ListItem\",\"position\":1,\"name\":\"Home\",\"item\":\"https:\/\/www.clubdelemprendimiento.com\/blog\/\"},{\"@type\":\"ListItem\",\"position\":2,\"name\":\"Noticias Corporativas\",\"item\":\"https:\/\/www.clubdelemprendimiento.com\/blog\/noticias-corporativas\/\"},{\"@type\":\"ListItem\",\"position\":3,\"name\":\"La red ICEX Alumni consolida 50 a\u00f1os de talento que cruza fronteras con m\u00e1s de 9.000 profesionales\"}]},{\"@type\":\"WebSite\",\"@id\":\"https:\/\/www.clubdelemprendimiento.com\/blog\/#website\",\"url\":\"https:\/\/www.clubdelemprendimiento.com\/blog\/\",\"name\":\"Blog Club del Emprendimiento\",\"description\":\"\",\"potentialAction\":[{\"@type\":\"SearchAction\",\"target\":{\"@type\":\"EntryPoint\",\"urlTemplate\":\"https:\/\/www.clubdelemprendimiento.com\/blog\/?s={search_term_string}\"},\"query-input\":\"required name=search_term_string\"}],\"inLanguage\":\"es\"}]}<\/script>\n<!-- \/ Yoast SEO plugin. -->","yoast_head_json":{"title":"La red ICEX Alumni consolida 50 a\u00f1os de talento que cruza fronteras con m\u00e1s de 9.000 profesionales - Blog Club del Emprendimiento","robots":{"index":"index","follow":"follow","max-snippet":"max-snippet:-1","max-image-preview":"max-image-preview:large","max-video-preview":"max-video-preview:-1"},"canonical":"https:\/\/www.clubdelemprendimiento.com\/blog\/noticia-corporativa\/la-red-icex-alumni-consolida-50-anos-de-talento-que-cruza-fronteras-con-mas-de-9-000-profesionales\/","og_locale":"es_ES","og_type":"article","og_title":"La red ICEX Alumni consolida 50 a\u00f1os de talento que cruza fronteras con m\u00e1s de 9.000 profesionales - Blog Club del Emprendimiento","og_description":"El acto de clausura del 50 aniversario de las Becas ICEX, con el patrocinio&hellip;","og_url":"https:\/\/www.clubdelemprendimiento.com\/blog\/noticia-corporativa\/la-red-icex-alumni-consolida-50-anos-de-talento-que-cruza-fronteras-con-mas-de-9-000-profesionales\/","og_site_name":"Blog Club del Emprendimiento","og_image":[{"url":"https:\/\/www.clubdelemprendimiento.com\/blog\/wp-content\/uploads\/2025\/12\/MG_7576_1.jpg"}],"twitter_card":"summary_large_image","twitter_misc":{"Tiempo de lectura":"3 minutos"},"schema":{"@context":"https:\/\/schema.org","@graph":[{"@type":"WebPage","@id":"https:\/\/www.clubdelemprendimiento.com\/blog\/noticia-corporativa\/la-red-icex-alumni-consolida-50-anos-de-talento-que-cruza-fronteras-con-mas-de-9-000-profesionales\/","url":"https:\/\/www.clubdelemprendimiento.com\/blog\/noticia-corporativa\/la-red-icex-alumni-consolida-50-anos-de-talento-que-cruza-fronteras-con-mas-de-9-000-profesionales\/","name":"La red ICEX Alumni consolida 50 a\u00f1os de talento que cruza fronteras con m\u00e1s de 9.000 profesionales - Blog Club del Emprendimiento","isPartOf":{"@id":"https:\/\/www.clubdelemprendimiento.com\/blog\/#website"},"primaryImageOfPage":{"@id":"https:\/\/www.clubdelemprendimiento.com\/blog\/noticia-corporativa\/la-red-icex-alumni-consolida-50-anos-de-talento-que-cruza-fronteras-con-mas-de-9-000-profesionales\/#primaryimage"},"image":{"@id":"https:\/\/www.clubdelemprendimiento.com\/blog\/noticia-corporativa\/la-red-icex-alumni-consolida-50-anos-de-talento-que-cruza-fronteras-con-mas-de-9-000-profesionales\/#primaryimage"},"thumbnailUrl":"https:\/\/www.clubdelemprendimiento.com\/blog\/wp-content\/uploads\/2025\/12\/MG_7576_1-scaled.jpg","datePublished":"2025-12-18T16:04:36+00:00","dateModified":"2025-12-18T16:04:36+00:00","breadcrumb":{"@id":"https:\/\/www.clubdelemprendimiento.com\/blog\/noticia-corporativa\/la-red-icex-alumni-consolida-50-anos-de-talento-que-cruza-fronteras-con-mas-de-9-000-profesionales\/#breadcrumb"},"inLanguage":"es","potentialAction":[{"@type":"ReadAction","target":["https:\/\/www.clubdelemprendimiento.com\/blog\/noticia-corporativa\/la-red-icex-alumni-consolida-50-anos-de-talento-que-cruza-fronteras-con-mas-de-9-000-profesionales\/"]}]},{"@type":"ImageObject","inLanguage":"es","@id":"https:\/\/www.clubdelemprendimiento.com\/blog\/noticia-corporativa\/la-red-icex-alumni-consolida-50-anos-de-talento-que-cruza-fronteras-con-mas-de-9-000-profesionales\/#primaryimage","url":"https:\/\/www.clubdelemprendimiento.com\/blog\/wp-content\/uploads\/2025\/12\/MG_7576_1-scaled.jpg","contentUrl":"https:\/\/www.clubdelemprendimiento.com\/blog\/wp-content\/uploads\/2025\/12\/MG_7576_1-scaled.jpg","width":2560,"height":1707},{"@type":"BreadcrumbList","@id":"https:\/\/www.clubdelemprendimiento.com\/blog\/noticia-corporativa\/la-red-icex-alumni-consolida-50-anos-de-talento-que-cruza-fronteras-con-mas-de-9-000-profesionales\/#breadcrumb","itemListElement":[{"@type":"ListItem","position":1,"name":"Home","item":"https:\/\/www.clubdelemprendimiento.com\/blog\/"},{"@type":"ListItem","position":2,"name":"Noticias Corporativas","item":"https:\/\/www.clubdelemprendimiento.com\/blog\/noticias-corporativas\/"},{"@type":"ListItem","position":3,"name":"La red ICEX Alumni consolida 50 a\u00f1os de talento que cruza fronteras con m\u00e1s de 9.000 profesionales"}]},{"@type":"WebSite","@id":"https:\/\/www.clubdelemprendimiento.com\/blog\/#website","url":"https:\/\/www.clubdelemprendimiento.com\/blog\/","name":"Blog Club del Emprendimiento","description":"","potentialAction":[{"@type":"SearchAction","target":{"@type":"EntryPoint","urlTemplate":"https:\/\/www.clubdelemprendimiento.com\/blog\/?s={search_term_string}"},"query-input":"required name=search_term_string"}],"inLanguage":"es"}]}},"_links":{"self":[{"href":"https:\/\/www.clubdelemprendimiento.com\/blog\/wp-json\/wp\/v2\/noticia-corporativa\/25023"}],"collection":[{"href":"https:\/\/www.clubdelemprendimiento.com\/blog\/wp-json\/wp\/v2\/noticia-corporativa"}],"about":[{"href":"https:\/\/www.clubdelemprendimiento.com\/blog\/wp-json\/wp\/v2\/types\/noticia-corporativa"}],"wp:featuredmedia":[{"embeddable":true,"href":"https:\/\/www.clubdelemprendimiento.com\/blog\/wp-json\/wp\/v2\/media\/25024"}],"wp:attachment":[{"href":"https:\/\/www.clubdelemprendimiento.com\/blog\/wp-json\/wp\/v2\/media?parent=25023"}],"curies":[{"name":"wp","href":"https:\/\/api.w.org\/{rel}","templated":true}]}}