{"id":24104,"date":"2025-11-24T17:04:48","date_gmt":"2025-11-24T17:04:48","guid":{"rendered":"https:\/\/www.clubdelemprendimiento.com\/blog\/noticia-corporativa\/patricia-sanchez-representa-a-espana-en-el-evento-internacional-forbes-dgems-2025-en-india\/"},"modified":"2025-11-24T17:04:48","modified_gmt":"2025-11-24T17:04:48","slug":"patricia-sanchez-representa-a-espana-en-el-evento-internacional-forbes-dgems-2025-en-india","status":"publish","type":"noticia-corporativa","link":"https:\/\/www.clubdelemprendimiento.com\/blog\/noticia-corporativa\/patricia-sanchez-representa-a-espana-en-el-evento-internacional-forbes-dgems-2025-en-india\/","title":{"rendered":"Patricia S\u00e1nchez representa a Espa\u00f1a en el evento internacional FORBES DGEMS 2025 en India"},"content":{"rendered":"<div>\n<p><a href=\"https:\/\/www.clubdelemprendimiento.com\/blog\/wp-content\/uploads\/2025\/11\/63a96566-9391-497b-9a4a-b6f4155f726e.jpg\" target=\"_blank\" class=\"fotonota\" rel=\"noopener\"> <img decoding=\"async\" src=\"https:\/\/www.clubdelemprendimiento.com\/blog\/wp-content\/uploads\/2025\/11\/63a96566-9391-497b-9a4a-b6f4155f726e.jpg\" style=\"max-width:600px;\" border=\"0\" class=\"postImage\" alt=\"\"><\/a><\/p>\n<p>La consultora estrat\u00e9gica Patricia S\u00e1nchez, experta en marketing digital y fashion law, natural de Utrera, Sevilla, Andaluc\u00eda, ha representado a Espa\u00f1a en el prestigioso evento Forbes \u2013 DGEMS 2025 (D Globalist Entrepreneur Mobility Summit), celebrado el 21 de noviembre en el Taj Palace de Nueva Delhi<\/p>\n<p><\/p>\n<p>Seleccionada como Fashion Tech &amp; Brand Positioning Expert \u2013 Spain, Patricia form\u00f3 parte del Global Expansion Pavilion, un espacio reservado a l\u00edderes internacionales invitados para impulsar alianzas, asesorar a empresas tecnol\u00f3gicas y creativas, y explorar oportunidades de expansi\u00f3n entre Asia y Europa.<\/p>\n<p>Durante su participaci\u00f3n, mantuvo reuniones estrat\u00e9gicas con compa\u00f1\u00edas del Select 200 Cohort 2025, compartiendo su visi\u00f3n sobre el futuro del retail, el impacto de la propiedad intelectual en marcas globales y el papel de la tecnolog\u00eda en la expansi\u00f3n de negocios creativos.<\/p>\n<p><strong>\u00abLas marcas que piensan en digital tienen un alcance global, aunque nazcan en lo local\u00bb, <\/strong>destac\u00f3 S\u00e1nchez durante su intervenci\u00f3n.<\/p>\n<p>Su presencia en India marca un nuevo hito en su trayectoria profesional, consolid\u00e1ndola como una de las voces espa\u00f1olas m\u00e1s activas en la intersecci\u00f3n entre moda, derecho, tecnolog\u00eda y negocio digital.\u00a0<\/p>\n<p>S\u00e1nchez describe la experiencia en India como \u00abun honor y una responsabilidad enorme\u00bb<em>, <\/em>subrayando el valor de crear puentes entre emprendedores de distintos pa\u00edses. \u00abIndia ha sido un descubrimiento: su energ\u00eda, su hospitalidad y su visi\u00f3n de futuro. Volveremos para seguir creando alianzas que sumen\u00bb.<\/p>\n<p>El encuentro fue organizado por Forbes India y D Globalist, reuniendo a fundadores, inversores, instituciones y expertos de 25 pa\u00edses.<\/p>\n<p><strong>Sobre <a href=\"http:\/\/www.instagram.com\/patriciasanchezoficial\" rel=\"nofollow\">Patricia S\u00e1nchez<\/a><\/strong><br \/>\nConsultora estrat\u00e9gica en marketing digital y Fashion Law, fundadora de <a href=\"http:\/\/www.fashiondigitallaw.com\/\" rel=\"nofollow\">Fashion Digital Law<\/a>,\u00a0cofundadora de LaCaraV (Emprendedoras y Empresarias Digitales) y\u00a0creadora del programa <a href=\"http:\/\/www.programakrece.com\/\" rel=\"nofollow\">KRECE<\/a>, un m\u00e9todo de crecimiento para empresas y emprendedores creativos. Reconocida por su enfoque innovador y su capacidad para conectar creatividad y negocio, su trayectoria ha sido distinguida recientemente con el Premio Liderazgo Femenino Sevilla 2025 en la categor\u00eda \u00abProyecto Innovador\u00bb, otorgado por el Ayuntamiento de Sevilla, la Junta de Andaluc\u00eda (IAM) y la Universidad de Sevilla.<\/p>\n<\/div>\n","protected":false},"featured_media":24105,"template":"","meta":{"_acf_changed":false},"acf":[],"yoast_head":"<!-- This site is optimized with the Yoast SEO plugin v22.7 - https:\/\/yoast.com\/wordpress\/plugins\/seo\/ -->\n<title>Patricia S\u00e1nchez representa a Espa\u00f1a en el evento internacional FORBES DGEMS 2025 en India - Blog Club del Emprendimiento<\/title>\n<meta name=\"robots\" content=\"index, follow, max-snippet:-1, max-image-preview:large, max-video-preview:-1\" \/>\n<link rel=\"canonical\" href=\"https:\/\/www.clubdelemprendimiento.com\/blog\/noticia-corporativa\/patricia-sanchez-representa-a-espana-en-el-evento-internacional-forbes-dgems-2025-en-india\/\" \/>\n<meta property=\"og:locale\" content=\"es_ES\" \/>\n<meta property=\"og:type\" content=\"article\" \/>\n<meta property=\"og:title\" content=\"Patricia S\u00e1nchez representa a Espa\u00f1a en el evento internacional FORBES DGEMS 2025 en India - Blog Club del Emprendimiento\" \/>\n<meta property=\"og:description\" content=\"La consultora estrat\u00e9gica Patricia S\u00e1nchez, experta en marketing digital y fashion law, natural de&hellip;\" \/>\n<meta property=\"og:url\" content=\"https:\/\/www.clubdelemprendimiento.com\/blog\/noticia-corporativa\/patricia-sanchez-representa-a-espana-en-el-evento-internacional-forbes-dgems-2025-en-india\/\" \/>\n<meta property=\"og:site_name\" content=\"Blog Club del Emprendimiento\" \/>\n<meta property=\"og:image\" content=\"https:\/\/www.clubdelemprendimiento.com\/blog\/wp-content\/uploads\/2025\/11\/63a96566-9391-497b-9a4a-b6f4155f726e.jpg\" \/>\n<meta name=\"twitter:card\" content=\"summary_large_image\" \/>\n<meta name=\"twitter:label1\" content=\"Tiempo de lectura\" \/>\n\t<meta name=\"twitter:data1\" content=\"2 minutos\" \/>\n<script type=\"application\/ld+json\" class=\"yoast-schema-graph\">{\"@context\":\"https:\/\/schema.org\",\"@graph\":[{\"@type\":\"WebPage\",\"@id\":\"https:\/\/www.clubdelemprendimiento.com\/blog\/noticia-corporativa\/patricia-sanchez-representa-a-espana-en-el-evento-internacional-forbes-dgems-2025-en-india\/\",\"url\":\"https:\/\/www.clubdelemprendimiento.com\/blog\/noticia-corporativa\/patricia-sanchez-representa-a-espana-en-el-evento-internacional-forbes-dgems-2025-en-india\/\",\"name\":\"Patricia S\u00e1nchez representa a Espa\u00f1a en el evento internacional FORBES DGEMS 2025 en India - Blog Club del Emprendimiento\",\"isPartOf\":{\"@id\":\"https:\/\/www.clubdelemprendimiento.com\/blog\/#website\"},\"primaryImageOfPage\":{\"@id\":\"https:\/\/www.clubdelemprendimiento.com\/blog\/noticia-corporativa\/patricia-sanchez-representa-a-espana-en-el-evento-internacional-forbes-dgems-2025-en-india\/#primaryimage\"},\"image\":{\"@id\":\"https:\/\/www.clubdelemprendimiento.com\/blog\/noticia-corporativa\/patricia-sanchez-representa-a-espana-en-el-evento-internacional-forbes-dgems-2025-en-india\/#primaryimage\"},\"thumbnailUrl\":\"https:\/\/www.clubdelemprendimiento.com\/blog\/wp-content\/uploads\/2025\/11\/63a96566-9391-497b-9a4a-b6f4155f726e.jpg\",\"datePublished\":\"2025-11-24T17:04:48+00:00\",\"dateModified\":\"2025-11-24T17:04:48+00:00\",\"breadcrumb\":{\"@id\":\"https:\/\/www.clubdelemprendimiento.com\/blog\/noticia-corporativa\/patricia-sanchez-representa-a-espana-en-el-evento-internacional-forbes-dgems-2025-en-india\/#breadcrumb\"},\"inLanguage\":\"es\",\"potentialAction\":[{\"@type\":\"ReadAction\",\"target\":[\"https:\/\/www.clubdelemprendimiento.com\/blog\/noticia-corporativa\/patricia-sanchez-representa-a-espana-en-el-evento-internacional-forbes-dgems-2025-en-india\/\"]}]},{\"@type\":\"ImageObject\",\"inLanguage\":\"es\",\"@id\":\"https:\/\/www.clubdelemprendimiento.com\/blog\/noticia-corporativa\/patricia-sanchez-representa-a-espana-en-el-evento-internacional-forbes-dgems-2025-en-india\/#primaryimage\",\"url\":\"https:\/\/www.clubdelemprendimiento.com\/blog\/wp-content\/uploads\/2025\/11\/63a96566-9391-497b-9a4a-b6f4155f726e.jpg\",\"contentUrl\":\"https:\/\/www.clubdelemprendimiento.com\/blog\/wp-content\/uploads\/2025\/11\/63a96566-9391-497b-9a4a-b6f4155f726e.jpg\",\"width\":1200,\"height\":1600},{\"@type\":\"BreadcrumbList\",\"@id\":\"https:\/\/www.clubdelemprendimiento.com\/blog\/noticia-corporativa\/patricia-sanchez-representa-a-espana-en-el-evento-internacional-forbes-dgems-2025-en-india\/#breadcrumb\",\"itemListElement\":[{\"@type\":\"ListItem\",\"position\":1,\"name\":\"Home\",\"item\":\"https:\/\/www.clubdelemprendimiento.com\/blog\/\"},{\"@type\":\"ListItem\",\"position\":2,\"name\":\"Noticias Corporativas\",\"item\":\"https:\/\/www.clubdelemprendimiento.com\/blog\/noticias-corporativas\/\"},{\"@type\":\"ListItem\",\"position\":3,\"name\":\"Patricia S\u00e1nchez representa a Espa\u00f1a en el evento internacional FORBES DGEMS 2025 en India\"}]},{\"@type\":\"WebSite\",\"@id\":\"https:\/\/www.clubdelemprendimiento.com\/blog\/#website\",\"url\":\"https:\/\/www.clubdelemprendimiento.com\/blog\/\",\"name\":\"Blog Club del Emprendimiento\",\"description\":\"\",\"potentialAction\":[{\"@type\":\"SearchAction\",\"target\":{\"@type\":\"EntryPoint\",\"urlTemplate\":\"https:\/\/www.clubdelemprendimiento.com\/blog\/?s={search_term_string}\"},\"query-input\":\"required name=search_term_string\"}],\"inLanguage\":\"es\"}]}<\/script>\n<!-- \/ Yoast SEO plugin. -->","yoast_head_json":{"title":"Patricia S\u00e1nchez representa a Espa\u00f1a en el evento internacional FORBES DGEMS 2025 en India - Blog Club del Emprendimiento","robots":{"index":"index","follow":"follow","max-snippet":"max-snippet:-1","max-image-preview":"max-image-preview:large","max-video-preview":"max-video-preview:-1"},"canonical":"https:\/\/www.clubdelemprendimiento.com\/blog\/noticia-corporativa\/patricia-sanchez-representa-a-espana-en-el-evento-internacional-forbes-dgems-2025-en-india\/","og_locale":"es_ES","og_type":"article","og_title":"Patricia S\u00e1nchez representa a Espa\u00f1a en el evento internacional FORBES DGEMS 2025 en India - Blog Club del Emprendimiento","og_description":"La consultora estrat\u00e9gica Patricia S\u00e1nchez, experta en marketing digital y fashion law, natural de&hellip;","og_url":"https:\/\/www.clubdelemprendimiento.com\/blog\/noticia-corporativa\/patricia-sanchez-representa-a-espana-en-el-evento-internacional-forbes-dgems-2025-en-india\/","og_site_name":"Blog Club del Emprendimiento","og_image":[{"url":"https:\/\/www.clubdelemprendimiento.com\/blog\/wp-content\/uploads\/2025\/11\/63a96566-9391-497b-9a4a-b6f4155f726e.jpg"}],"twitter_card":"summary_large_image","twitter_misc":{"Tiempo de lectura":"2 minutos"},"schema":{"@context":"https:\/\/schema.org","@graph":[{"@type":"WebPage","@id":"https:\/\/www.clubdelemprendimiento.com\/blog\/noticia-corporativa\/patricia-sanchez-representa-a-espana-en-el-evento-internacional-forbes-dgems-2025-en-india\/","url":"https:\/\/www.clubdelemprendimiento.com\/blog\/noticia-corporativa\/patricia-sanchez-representa-a-espana-en-el-evento-internacional-forbes-dgems-2025-en-india\/","name":"Patricia S\u00e1nchez representa a Espa\u00f1a en el evento internacional FORBES DGEMS 2025 en India - Blog Club del Emprendimiento","isPartOf":{"@id":"https:\/\/www.clubdelemprendimiento.com\/blog\/#website"},"primaryImageOfPage":{"@id":"https:\/\/www.clubdelemprendimiento.com\/blog\/noticia-corporativa\/patricia-sanchez-representa-a-espana-en-el-evento-internacional-forbes-dgems-2025-en-india\/#primaryimage"},"image":{"@id":"https:\/\/www.clubdelemprendimiento.com\/blog\/noticia-corporativa\/patricia-sanchez-representa-a-espana-en-el-evento-internacional-forbes-dgems-2025-en-india\/#primaryimage"},"thumbnailUrl":"https:\/\/www.clubdelemprendimiento.com\/blog\/wp-content\/uploads\/2025\/11\/63a96566-9391-497b-9a4a-b6f4155f726e.jpg","datePublished":"2025-11-24T17:04:48+00:00","dateModified":"2025-11-24T17:04:48+00:00","breadcrumb":{"@id":"https:\/\/www.clubdelemprendimiento.com\/blog\/noticia-corporativa\/patricia-sanchez-representa-a-espana-en-el-evento-internacional-forbes-dgems-2025-en-india\/#breadcrumb"},"inLanguage":"es","potentialAction":[{"@type":"ReadAction","target":["https:\/\/www.clubdelemprendimiento.com\/blog\/noticia-corporativa\/patricia-sanchez-representa-a-espana-en-el-evento-internacional-forbes-dgems-2025-en-india\/"]}]},{"@type":"ImageObject","inLanguage":"es","@id":"https:\/\/www.clubdelemprendimiento.com\/blog\/noticia-corporativa\/patricia-sanchez-representa-a-espana-en-el-evento-internacional-forbes-dgems-2025-en-india\/#primaryimage","url":"https:\/\/www.clubdelemprendimiento.com\/blog\/wp-content\/uploads\/2025\/11\/63a96566-9391-497b-9a4a-b6f4155f726e.jpg","contentUrl":"https:\/\/www.clubdelemprendimiento.com\/blog\/wp-content\/uploads\/2025\/11\/63a96566-9391-497b-9a4a-b6f4155f726e.jpg","width":1200,"height":1600},{"@type":"BreadcrumbList","@id":"https:\/\/www.clubdelemprendimiento.com\/blog\/noticia-corporativa\/patricia-sanchez-representa-a-espana-en-el-evento-internacional-forbes-dgems-2025-en-india\/#breadcrumb","itemListElement":[{"@type":"ListItem","position":1,"name":"Home","item":"https:\/\/www.clubdelemprendimiento.com\/blog\/"},{"@type":"ListItem","position":2,"name":"Noticias Corporativas","item":"https:\/\/www.clubdelemprendimiento.com\/blog\/noticias-corporativas\/"},{"@type":"ListItem","position":3,"name":"Patricia S\u00e1nchez representa a Espa\u00f1a en el evento internacional FORBES DGEMS 2025 en India"}]},{"@type":"WebSite","@id":"https:\/\/www.clubdelemprendimiento.com\/blog\/#website","url":"https:\/\/www.clubdelemprendimiento.com\/blog\/","name":"Blog Club del Emprendimiento","description":"","potentialAction":[{"@type":"SearchAction","target":{"@type":"EntryPoint","urlTemplate":"https:\/\/www.clubdelemprendimiento.com\/blog\/?s={search_term_string}"},"query-input":"required name=search_term_string"}],"inLanguage":"es"}]}},"_links":{"self":[{"href":"https:\/\/www.clubdelemprendimiento.com\/blog\/wp-json\/wp\/v2\/noticia-corporativa\/24104"}],"collection":[{"href":"https:\/\/www.clubdelemprendimiento.com\/blog\/wp-json\/wp\/v2\/noticia-corporativa"}],"about":[{"href":"https:\/\/www.clubdelemprendimiento.com\/blog\/wp-json\/wp\/v2\/types\/noticia-corporativa"}],"wp:featuredmedia":[{"embeddable":true,"href":"https:\/\/www.clubdelemprendimiento.com\/blog\/wp-json\/wp\/v2\/media\/24105"}],"wp:attachment":[{"href":"https:\/\/www.clubdelemprendimiento.com\/blog\/wp-json\/wp\/v2\/media?parent=24104"}],"curies":[{"name":"wp","href":"https:\/\/api.w.org\/{rel}","templated":true}]}}