{"id":24102,"date":"2025-11-24T17:04:47","date_gmt":"2025-11-24T17:04:47","guid":{"rendered":"https:\/\/www.clubdelemprendimiento.com\/blog\/noticia-corporativa\/emcesa-incrementa-un-15-su-plantilla-para-afrontar-la-campana-de-navidad\/"},"modified":"2025-11-24T17:04:47","modified_gmt":"2025-11-24T17:04:47","slug":"emcesa-incrementa-un-15-su-plantilla-para-afrontar-la-campana-de-navidad","status":"publish","type":"noticia-corporativa","link":"https:\/\/www.clubdelemprendimiento.com\/blog\/noticia-corporativa\/emcesa-incrementa-un-15-su-plantilla-para-afrontar-la-campana-de-navidad\/","title":{"rendered":"Emcesa incrementa un 15% su plantilla para afrontar la campa\u00f1a de Navidad"},"content":{"rendered":"<div>\n<p><a href=\"https:\/\/www.clubdelemprendimiento.com\/blog\/wp-content\/uploads\/2025\/11\/1646671023-foto-mujer-emcesa-1.jpg\" target=\"_blank\" class=\"fotonota\" rel=\"noopener\"> <img decoding=\"async\" src=\"https:\/\/www.clubdelemprendimiento.com\/blog\/wp-content\/uploads\/2025\/11\/1646671023-foto-mujer-emcesa-1.jpg\" style=\"max-width:600px;\" border=\"0\" class=\"postImage\" alt=\"\"><\/a><\/p>\n<p>La compa\u00f1\u00eda toledana refuerza su equipo con nuevas incorporaciones en las \u00e1reas clave de producci\u00f3n y calidad para garantizar servicio y abastecimiento durante las semanas de mayor consumo. El 36% de las nuevas contrataciones corresponde a mujeres, en l\u00ednea con el compromiso de la empresa con la igualdad de oportunidades<\/p>\n<p><\/p>\n<p><a href=\"https:\/\/emcesa.com\/productos\/\" rel=\"nofollow\"><strong>Emcesa<\/strong><\/a>, empresa especializada en la elaboraci\u00f3n de productos c\u00e1rnicos, ha puesto en marcha un <strong>refuerzo del 15% de su plantilla<\/strong> de cara a la campa\u00f1a de Navidad, un periodo tradicionalmente clave para la compa\u00f1\u00eda por el incremento del consumo de elaborados c\u00e1rnicos y recetas especiales.<\/p>\n<p>Seg\u00fan explica <strong>Javier Mancebo, director general de Emcesa<\/strong>, este aumento de personal responde a la necesidad de anticiparse al crecimiento de la demanda:<br \/>\n\u00abQueremos asegurarnos de que los picos de producci\u00f3n propios de estas fechas no afecten ni a la calidad ni al servicio. Contar con un equipo reforzado es fundamental para mantener nuestros est\u00e1ndares y seguir ofreciendo a nuestros clientes la excelencia que esperan\u00bb.<\/p>\n<p>La mayor parte de las nuevas incorporaciones procede de <strong>Castilla-La Mancha<\/strong>, especialmente de la <strong>provincia de Toledo<\/strong>, donde Emcesa tiene ubicada su planta. Con ello, la compa\u00f1\u00eda mantiene su compromiso de <strong>impulsar empleo en la regi\u00f3n<\/strong> y reforzar la actividad econ\u00f3mica del entorno.<\/p>\n<p>En l\u00ednea con su <strong>plan de igualdad<\/strong> y su apuesta por la diversidad, el <strong>36% de las nuevas contrataciones corresponde a mujeres<\/strong>, reforzando el peso del empleo femenino en la plantilla durante la campa\u00f1a navide\u00f1a y avanzando en el equilibrio entre hombres y mujeres en todos los niveles de la organizaci\u00f3n.<\/p>\n<p>Los nuevos trabajadores se suman principalmente a las secciones de <strong>despiece<\/strong> y <strong>fabricaci\u00f3n de rellenos de Navidad<\/strong>, adem\u00e1s de otras \u00e1reas de apoyo vinculadas a la preparaci\u00f3n de pedidos, control de calidad y procesos de producci\u00f3n. Estas unidades concentran buena parte del incremento estacional del volumen de trabajo.<\/p>\n<p>Antes de su integraci\u00f3n plena en los equipos, el personal de refuerzo recibe formaci\u00f3n espec\u00edfica en <strong>seguridad alimentaria, higiene, trazabilidad y protocolos internos<\/strong>, esenciales para garantizar la calidad de los productos en un periodo de alta actividad.<\/p>\n<p>Emcesa ya trabaja en la elaboraci\u00f3n de sus <strong>especialidades navide\u00f1as<\/strong>, combinando t\u00e9cnicas tradicionales con procesos innovadores para mantener el sabor y la calidad que caracterizan a la marca.<\/p>\n<p>Con este incremento, la compa\u00f1\u00eda se posiciona para responder con garant\u00edas a una de las campa\u00f1as m\u00e1s exigentes del a\u00f1o en el sector de la alimentaci\u00f3n, reforzando su liderazgo y su compromiso con el empleo local, la igualdad de oportunidades y la calidad del producto.<\/p>\n<\/div>\n","protected":false},"featured_media":24103,"template":"","meta":{"_acf_changed":false},"acf":[],"yoast_head":"<!-- This site is optimized with the Yoast SEO plugin v22.7 - https:\/\/yoast.com\/wordpress\/plugins\/seo\/ -->\n<title>Emcesa incrementa un 15% su plantilla para afrontar la campa\u00f1a de Navidad - Blog Club del Emprendimiento<\/title>\n<meta name=\"robots\" content=\"index, follow, max-snippet:-1, max-image-preview:large, max-video-preview:-1\" \/>\n<link rel=\"canonical\" href=\"https:\/\/www.clubdelemprendimiento.com\/blog\/noticia-corporativa\/emcesa-incrementa-un-15-su-plantilla-para-afrontar-la-campana-de-navidad\/\" \/>\n<meta property=\"og:locale\" content=\"es_ES\" \/>\n<meta property=\"og:type\" content=\"article\" \/>\n<meta property=\"og:title\" content=\"Emcesa incrementa un 15% su plantilla para afrontar la campa\u00f1a de Navidad - Blog Club del Emprendimiento\" \/>\n<meta property=\"og:description\" content=\"La compa\u00f1\u00eda toledana refuerza su equipo con nuevas incorporaciones en las \u00e1reas clave de&hellip;\" \/>\n<meta property=\"og:url\" content=\"https:\/\/www.clubdelemprendimiento.com\/blog\/noticia-corporativa\/emcesa-incrementa-un-15-su-plantilla-para-afrontar-la-campana-de-navidad\/\" \/>\n<meta property=\"og:site_name\" content=\"Blog Club del Emprendimiento\" \/>\n<meta property=\"og:image\" content=\"https:\/\/www.clubdelemprendimiento.com\/blog\/wp-content\/uploads\/2025\/11\/1646671023-foto-mujer-emcesa-1.jpg\" \/>\n<meta name=\"twitter:card\" content=\"summary_large_image\" \/>\n<meta name=\"twitter:label1\" content=\"Tiempo de lectura\" \/>\n\t<meta name=\"twitter:data1\" content=\"2 minutos\" \/>\n<script type=\"application\/ld+json\" class=\"yoast-schema-graph\">{\"@context\":\"https:\/\/schema.org\",\"@graph\":[{\"@type\":\"WebPage\",\"@id\":\"https:\/\/www.clubdelemprendimiento.com\/blog\/noticia-corporativa\/emcesa-incrementa-un-15-su-plantilla-para-afrontar-la-campana-de-navidad\/\",\"url\":\"https:\/\/www.clubdelemprendimiento.com\/blog\/noticia-corporativa\/emcesa-incrementa-un-15-su-plantilla-para-afrontar-la-campana-de-navidad\/\",\"name\":\"Emcesa incrementa un 15% su plantilla para afrontar la campa\u00f1a de Navidad - Blog Club del Emprendimiento\",\"isPartOf\":{\"@id\":\"https:\/\/www.clubdelemprendimiento.com\/blog\/#website\"},\"primaryImageOfPage\":{\"@id\":\"https:\/\/www.clubdelemprendimiento.com\/blog\/noticia-corporativa\/emcesa-incrementa-un-15-su-plantilla-para-afrontar-la-campana-de-navidad\/#primaryimage\"},\"image\":{\"@id\":\"https:\/\/www.clubdelemprendimiento.com\/blog\/noticia-corporativa\/emcesa-incrementa-un-15-su-plantilla-para-afrontar-la-campana-de-navidad\/#primaryimage\"},\"thumbnailUrl\":\"https:\/\/www.clubdelemprendimiento.com\/blog\/wp-content\/uploads\/2025\/11\/1646671023-foto-mujer-emcesa-1.jpg\",\"datePublished\":\"2025-11-24T17:04:47+00:00\",\"dateModified\":\"2025-11-24T17:04:47+00:00\",\"breadcrumb\":{\"@id\":\"https:\/\/www.clubdelemprendimiento.com\/blog\/noticia-corporativa\/emcesa-incrementa-un-15-su-plantilla-para-afrontar-la-campana-de-navidad\/#breadcrumb\"},\"inLanguage\":\"es\",\"potentialAction\":[{\"@type\":\"ReadAction\",\"target\":[\"https:\/\/www.clubdelemprendimiento.com\/blog\/noticia-corporativa\/emcesa-incrementa-un-15-su-plantilla-para-afrontar-la-campana-de-navidad\/\"]}]},{\"@type\":\"ImageObject\",\"inLanguage\":\"es\",\"@id\":\"https:\/\/www.clubdelemprendimiento.com\/blog\/noticia-corporativa\/emcesa-incrementa-un-15-su-plantilla-para-afrontar-la-campana-de-navidad\/#primaryimage\",\"url\":\"https:\/\/www.clubdelemprendimiento.com\/blog\/wp-content\/uploads\/2025\/11\/1646671023-foto-mujer-emcesa-1.jpg\",\"contentUrl\":\"https:\/\/www.clubdelemprendimiento.com\/blog\/wp-content\/uploads\/2025\/11\/1646671023-foto-mujer-emcesa-1.jpg\",\"width\":1170,\"height\":900},{\"@type\":\"BreadcrumbList\",\"@id\":\"https:\/\/www.clubdelemprendimiento.com\/blog\/noticia-corporativa\/emcesa-incrementa-un-15-su-plantilla-para-afrontar-la-campana-de-navidad\/#breadcrumb\",\"itemListElement\":[{\"@type\":\"ListItem\",\"position\":1,\"name\":\"Home\",\"item\":\"https:\/\/www.clubdelemprendimiento.com\/blog\/\"},{\"@type\":\"ListItem\",\"position\":2,\"name\":\"Noticias Corporativas\",\"item\":\"https:\/\/www.clubdelemprendimiento.com\/blog\/noticias-corporativas\/\"},{\"@type\":\"ListItem\",\"position\":3,\"name\":\"Emcesa incrementa un 15% su plantilla para afrontar la campa\u00f1a de Navidad\"}]},{\"@type\":\"WebSite\",\"@id\":\"https:\/\/www.clubdelemprendimiento.com\/blog\/#website\",\"url\":\"https:\/\/www.clubdelemprendimiento.com\/blog\/\",\"name\":\"Blog Club del Emprendimiento\",\"description\":\"\",\"potentialAction\":[{\"@type\":\"SearchAction\",\"target\":{\"@type\":\"EntryPoint\",\"urlTemplate\":\"https:\/\/www.clubdelemprendimiento.com\/blog\/?s={search_term_string}\"},\"query-input\":\"required name=search_term_string\"}],\"inLanguage\":\"es\"}]}<\/script>\n<!-- \/ Yoast SEO plugin. -->","yoast_head_json":{"title":"Emcesa incrementa un 15% su plantilla para afrontar la campa\u00f1a de Navidad - Blog Club del Emprendimiento","robots":{"index":"index","follow":"follow","max-snippet":"max-snippet:-1","max-image-preview":"max-image-preview:large","max-video-preview":"max-video-preview:-1"},"canonical":"https:\/\/www.clubdelemprendimiento.com\/blog\/noticia-corporativa\/emcesa-incrementa-un-15-su-plantilla-para-afrontar-la-campana-de-navidad\/","og_locale":"es_ES","og_type":"article","og_title":"Emcesa incrementa un 15% su plantilla para afrontar la campa\u00f1a de Navidad - Blog Club del Emprendimiento","og_description":"La compa\u00f1\u00eda toledana refuerza su equipo con nuevas incorporaciones en las \u00e1reas clave de&hellip;","og_url":"https:\/\/www.clubdelemprendimiento.com\/blog\/noticia-corporativa\/emcesa-incrementa-un-15-su-plantilla-para-afrontar-la-campana-de-navidad\/","og_site_name":"Blog Club del Emprendimiento","og_image":[{"url":"https:\/\/www.clubdelemprendimiento.com\/blog\/wp-content\/uploads\/2025\/11\/1646671023-foto-mujer-emcesa-1.jpg"}],"twitter_card":"summary_large_image","twitter_misc":{"Tiempo de lectura":"2 minutos"},"schema":{"@context":"https:\/\/schema.org","@graph":[{"@type":"WebPage","@id":"https:\/\/www.clubdelemprendimiento.com\/blog\/noticia-corporativa\/emcesa-incrementa-un-15-su-plantilla-para-afrontar-la-campana-de-navidad\/","url":"https:\/\/www.clubdelemprendimiento.com\/blog\/noticia-corporativa\/emcesa-incrementa-un-15-su-plantilla-para-afrontar-la-campana-de-navidad\/","name":"Emcesa incrementa un 15% su plantilla para afrontar la campa\u00f1a de Navidad - Blog Club del Emprendimiento","isPartOf":{"@id":"https:\/\/www.clubdelemprendimiento.com\/blog\/#website"},"primaryImageOfPage":{"@id":"https:\/\/www.clubdelemprendimiento.com\/blog\/noticia-corporativa\/emcesa-incrementa-un-15-su-plantilla-para-afrontar-la-campana-de-navidad\/#primaryimage"},"image":{"@id":"https:\/\/www.clubdelemprendimiento.com\/blog\/noticia-corporativa\/emcesa-incrementa-un-15-su-plantilla-para-afrontar-la-campana-de-navidad\/#primaryimage"},"thumbnailUrl":"https:\/\/www.clubdelemprendimiento.com\/blog\/wp-content\/uploads\/2025\/11\/1646671023-foto-mujer-emcesa-1.jpg","datePublished":"2025-11-24T17:04:47+00:00","dateModified":"2025-11-24T17:04:47+00:00","breadcrumb":{"@id":"https:\/\/www.clubdelemprendimiento.com\/blog\/noticia-corporativa\/emcesa-incrementa-un-15-su-plantilla-para-afrontar-la-campana-de-navidad\/#breadcrumb"},"inLanguage":"es","potentialAction":[{"@type":"ReadAction","target":["https:\/\/www.clubdelemprendimiento.com\/blog\/noticia-corporativa\/emcesa-incrementa-un-15-su-plantilla-para-afrontar-la-campana-de-navidad\/"]}]},{"@type":"ImageObject","inLanguage":"es","@id":"https:\/\/www.clubdelemprendimiento.com\/blog\/noticia-corporativa\/emcesa-incrementa-un-15-su-plantilla-para-afrontar-la-campana-de-navidad\/#primaryimage","url":"https:\/\/www.clubdelemprendimiento.com\/blog\/wp-content\/uploads\/2025\/11\/1646671023-foto-mujer-emcesa-1.jpg","contentUrl":"https:\/\/www.clubdelemprendimiento.com\/blog\/wp-content\/uploads\/2025\/11\/1646671023-foto-mujer-emcesa-1.jpg","width":1170,"height":900},{"@type":"BreadcrumbList","@id":"https:\/\/www.clubdelemprendimiento.com\/blog\/noticia-corporativa\/emcesa-incrementa-un-15-su-plantilla-para-afrontar-la-campana-de-navidad\/#breadcrumb","itemListElement":[{"@type":"ListItem","position":1,"name":"Home","item":"https:\/\/www.clubdelemprendimiento.com\/blog\/"},{"@type":"ListItem","position":2,"name":"Noticias Corporativas","item":"https:\/\/www.clubdelemprendimiento.com\/blog\/noticias-corporativas\/"},{"@type":"ListItem","position":3,"name":"Emcesa incrementa un 15% su plantilla para afrontar la campa\u00f1a de Navidad"}]},{"@type":"WebSite","@id":"https:\/\/www.clubdelemprendimiento.com\/blog\/#website","url":"https:\/\/www.clubdelemprendimiento.com\/blog\/","name":"Blog Club del Emprendimiento","description":"","potentialAction":[{"@type":"SearchAction","target":{"@type":"EntryPoint","urlTemplate":"https:\/\/www.clubdelemprendimiento.com\/blog\/?s={search_term_string}"},"query-input":"required name=search_term_string"}],"inLanguage":"es"}]}},"_links":{"self":[{"href":"https:\/\/www.clubdelemprendimiento.com\/blog\/wp-json\/wp\/v2\/noticia-corporativa\/24102"}],"collection":[{"href":"https:\/\/www.clubdelemprendimiento.com\/blog\/wp-json\/wp\/v2\/noticia-corporativa"}],"about":[{"href":"https:\/\/www.clubdelemprendimiento.com\/blog\/wp-json\/wp\/v2\/types\/noticia-corporativa"}],"wp:featuredmedia":[{"embeddable":true,"href":"https:\/\/www.clubdelemprendimiento.com\/blog\/wp-json\/wp\/v2\/media\/24103"}],"wp:attachment":[{"href":"https:\/\/www.clubdelemprendimiento.com\/blog\/wp-json\/wp\/v2\/media?parent=24102"}],"curies":[{"name":"wp","href":"https:\/\/api.w.org\/{rel}","templated":true}]}}