{"id":24096,"date":"2025-11-24T16:04:45","date_gmt":"2025-11-24T16:04:45","guid":{"rendered":"https:\/\/www.clubdelemprendimiento.com\/blog\/noticia-corporativa\/ignacio-purcell-mena-lidera-la-expansion-internacional-de-black-star-group-con-foco-en-sostenibilidad\/"},"modified":"2025-11-24T16:04:45","modified_gmt":"2025-11-24T16:04:45","slug":"ignacio-purcell-mena-lidera-la-expansion-internacional-de-black-star-group-con-foco-en-sostenibilidad","status":"publish","type":"noticia-corporativa","link":"https:\/\/www.clubdelemprendimiento.com\/blog\/noticia-corporativa\/ignacio-purcell-mena-lidera-la-expansion-internacional-de-black-star-group-con-foco-en-sostenibilidad\/","title":{"rendered":"Ignacio Purcell Mena lidera la expansi\u00f3n internacional de Black Star Group con foco en sostenibilidad"},"content":{"rendered":"<div>\n<p><a href=\"https:\/\/www.clubdelemprendimiento.com\/blog\/wp-content\/uploads\/2025\/11\/Ignacio_Purcell_Mena_lidera_la_expansin_internacional_de_Black_Star_Group.png\" target=\"_blank\" class=\"fotonota\" rel=\"noopener\"> <img decoding=\"async\" src=\"https:\/\/www.clubdelemprendimiento.com\/blog\/wp-content\/uploads\/2025\/11\/Ignacio_Purcell_Mena_lidera_la_expansin_internacional_de_Black_Star_Group.png\" style=\"max-width:600px;\" border=\"0\" class=\"postImage\" alt=\"\"><\/a><\/p>\n<p>El CEO Ignacio Purcell Mena del grupo energ\u00e9tico consolida su presencia en Am\u00e9rica Latina y Asia con operaciones que integran eficiencia log\u00edstica, innovaci\u00f3n y responsabilidad medioambiental<\/p>\n<p><\/p>\n<p><a href=\"https:\/\/www.ignaciopurcellmena.com\/\" rel=\"nofollow\"><strong>Ignacio Purcell Mena<\/strong><\/a>, CEO de <a href=\"http:\/\/blackstarpetroleum.com\/\" rel=\"nofollow\"><strong>Black Star Group<\/strong><\/a>, ha anunciado una nueva fase de crecimiento internacional de la compa\u00f1\u00eda, centrada en la expansi\u00f3n de operaciones log\u00edsticas y comerciales en <strong>Am\u00e9rica Latina y Asia<\/strong>. Esta estrategia responde al inter\u00e9s por fortalecer las rutas de distribuci\u00f3n de productos energ\u00e9ticos en mercados clave, aplicando criterios de eficiencia, <strong>control tecnol\u00f3gico y sostenibilidad ambiental<\/strong>.<\/p>\n<p>El grupo, especializado en el almacenamiento, transporte y comercializaci\u00f3n de hidrocarburos, opera desde hace a\u00f1os en Europa con presencia en diversas comunidades aut\u00f3nomas de Espa\u00f1a.\u00a0<\/p>\n<p>Bajo el liderazgo de <strong>Ignacio Purcell Mena<\/strong>, ha logrado diversificar sus operaciones y adaptarse a un entorno energ\u00e9tico en transformaci\u00f3n, apostando por soluciones log\u00edsticas m\u00e1s limpias y automatizadas.<\/p>\n<blockquote>\n<p><em>\u00abSabemos que el sector energ\u00e9tico est\u00e1 cambiando, y ese cambio no es solo tecnol\u00f3gico, tambi\u00e9n es geogr\u00e1fico. Hoy hay una demanda creciente en regiones donde la infraestructura energ\u00e9tica a\u00fan necesita evolucionar. Por eso, nuestra estrategia est\u00e1 orientada a sumar all\u00ed donde podemos aportar valor y eficiencia,\u00bb <\/em>explic\u00f3 <strong>Ignacio Purcell Mena<\/strong>.<\/p>\n<\/blockquote>\n<p><strong>Nuevas operaciones con un modelo adaptable y responsable<\/strong><br \/>\nLa compa\u00f1\u00eda ha comenzado a evaluar nuevas ubicaciones estrat\u00e9gicas para el desarrollo de terminales de almacenamiento y centros log\u00edsticos en el contexto internacional. Las localizaciones est\u00e1n siendo seleccionadas por su <strong>proyecci\u00f3n econ\u00f3mica<\/strong>, relevancia dentro del comercio <strong>energ\u00e9tico global y el potencial<\/strong> para aplicar modelos de operaci\u00f3n de bajo impacto ambiental.<\/p>\n<p><strong>Black Star Group<\/strong> busca replicar el modelo implementado en Espa\u00f1a, basado en automatizaci\u00f3n, control de emisiones y eficiencia energ\u00e9tica, adapt\u00e1ndolo a contextos con necesidades log\u00edsticas espec\u00edficas y exigencias regulatorias diversas.<\/p>\n<p><strong>Tecnolog\u00eda, trazabilidad y formaci\u00f3n local<\/strong><br \/>\nAdem\u00e1s de la expansi\u00f3n operativa, <strong>Black Star Group<\/strong> tambi\u00e9n est\u00e1 reforzando sus sistemas de gesti\u00f3n digital para un mayor control en tiempo real de sus operaciones internacionales.\u00a0<\/p>\n<p>Esto incluye plataformas de trazabilidad para el transporte de combustibles, sistemas de <strong>monitoreo energ\u00e9tico y protocolos de control de emisiones<\/strong> que buscan alinearse con los compromisos medioambientales exigidos en las zonas donde opera.<\/p>\n<p>El objetivo de esta expansi\u00f3n no es \u00fanicamente comercial. Seg\u00fan explic\u00f3 <strong>Ignacio Purcell Mena<\/strong>, parte del enfoque incluye un componente social y formativo: se prev\u00e9 establecer convenios con instituciones locales para capacitar personal t\u00e9cnico en mantenimiento, log\u00edstica y seguridad industrial, fortaleciendo el capital humano en zonas vinculadas a las operaciones del grupo.<\/p>\n<blockquote>\n<p><em>\u00abExpandirse tambi\u00e9n implica integrarse en el tejido social y econ\u00f3mico de los lugares donde se trabaja. Queremos contribuir con conocimiento, inversi\u00f3n responsable y cooperaci\u00f3n local\u00bb, <\/em><strong><em>Ignacio Purcell<\/em><\/strong><em> <\/em>a\u00f1adi\u00f3.<\/p>\n<\/blockquote>\n<p><strong>Consolidar una visi\u00f3n global desde la energ\u00eda responsable<\/strong><br \/>\nCon esta estrategia, <strong>Ignacio Purcell Mena<\/strong> consolida el posicionamiento de <strong>Black Star Group<\/strong> como un actor relevante dentro del nuevo escenario energ\u00e9tico internacional, combinando experiencia en hidrocarburos con una visi\u00f3n centrada en eficiencia, digitalizaci\u00f3n y compromiso ambiental.<\/p>\n<\/div>\n","protected":false},"featured_media":24097,"template":"","meta":{"_acf_changed":false},"acf":[],"yoast_head":"<!-- This site is optimized with the Yoast SEO plugin v22.7 - https:\/\/yoast.com\/wordpress\/plugins\/seo\/ -->\n<title>Ignacio Purcell Mena lidera la expansi\u00f3n internacional de Black Star Group con foco en sostenibilidad - Blog Club del Emprendimiento<\/title>\n<meta name=\"robots\" content=\"index, follow, max-snippet:-1, max-image-preview:large, max-video-preview:-1\" \/>\n<link rel=\"canonical\" href=\"https:\/\/www.clubdelemprendimiento.com\/blog\/noticia-corporativa\/ignacio-purcell-mena-lidera-la-expansion-internacional-de-black-star-group-con-foco-en-sostenibilidad\/\" \/>\n<meta property=\"og:locale\" content=\"es_ES\" \/>\n<meta property=\"og:type\" content=\"article\" \/>\n<meta property=\"og:title\" content=\"Ignacio Purcell Mena lidera la expansi\u00f3n internacional de Black Star Group con foco en sostenibilidad - Blog Club del Emprendimiento\" \/>\n<meta property=\"og:description\" content=\"El CEO Ignacio Purcell Mena del grupo energ\u00e9tico consolida su presencia en Am\u00e9rica Latina&hellip;\" \/>\n<meta property=\"og:url\" content=\"https:\/\/www.clubdelemprendimiento.com\/blog\/noticia-corporativa\/ignacio-purcell-mena-lidera-la-expansion-internacional-de-black-star-group-con-foco-en-sostenibilidad\/\" \/>\n<meta property=\"og:site_name\" content=\"Blog Club del Emprendimiento\" \/>\n<meta property=\"og:image\" content=\"https:\/\/www.clubdelemprendimiento.com\/blog\/wp-content\/uploads\/2025\/11\/Ignacio_Purcell_Mena_lidera_la_expansin_internacional_de_Black_Star_Group.png\" \/>\n<meta name=\"twitter:card\" content=\"summary_large_image\" \/>\n<meta name=\"twitter:label1\" content=\"Tiempo de lectura\" \/>\n\t<meta name=\"twitter:data1\" content=\"3 minutos\" \/>\n<script type=\"application\/ld+json\" class=\"yoast-schema-graph\">{\"@context\":\"https:\/\/schema.org\",\"@graph\":[{\"@type\":\"WebPage\",\"@id\":\"https:\/\/www.clubdelemprendimiento.com\/blog\/noticia-corporativa\/ignacio-purcell-mena-lidera-la-expansion-internacional-de-black-star-group-con-foco-en-sostenibilidad\/\",\"url\":\"https:\/\/www.clubdelemprendimiento.com\/blog\/noticia-corporativa\/ignacio-purcell-mena-lidera-la-expansion-internacional-de-black-star-group-con-foco-en-sostenibilidad\/\",\"name\":\"Ignacio Purcell Mena lidera la expansi\u00f3n internacional de Black Star Group con foco en sostenibilidad - Blog Club del Emprendimiento\",\"isPartOf\":{\"@id\":\"https:\/\/www.clubdelemprendimiento.com\/blog\/#website\"},\"primaryImageOfPage\":{\"@id\":\"https:\/\/www.clubdelemprendimiento.com\/blog\/noticia-corporativa\/ignacio-purcell-mena-lidera-la-expansion-internacional-de-black-star-group-con-foco-en-sostenibilidad\/#primaryimage\"},\"image\":{\"@id\":\"https:\/\/www.clubdelemprendimiento.com\/blog\/noticia-corporativa\/ignacio-purcell-mena-lidera-la-expansion-internacional-de-black-star-group-con-foco-en-sostenibilidad\/#primaryimage\"},\"thumbnailUrl\":\"https:\/\/www.clubdelemprendimiento.com\/blog\/wp-content\/uploads\/2025\/11\/Ignacio_Purcell_Mena_lidera_la_expansin_internacional_de_Black_Star_Group.png\",\"datePublished\":\"2025-11-24T16:04:45+00:00\",\"dateModified\":\"2025-11-24T16:04:45+00:00\",\"breadcrumb\":{\"@id\":\"https:\/\/www.clubdelemprendimiento.com\/blog\/noticia-corporativa\/ignacio-purcell-mena-lidera-la-expansion-internacional-de-black-star-group-con-foco-en-sostenibilidad\/#breadcrumb\"},\"inLanguage\":\"es\",\"potentialAction\":[{\"@type\":\"ReadAction\",\"target\":[\"https:\/\/www.clubdelemprendimiento.com\/blog\/noticia-corporativa\/ignacio-purcell-mena-lidera-la-expansion-internacional-de-black-star-group-con-foco-en-sostenibilidad\/\"]}]},{\"@type\":\"ImageObject\",\"inLanguage\":\"es\",\"@id\":\"https:\/\/www.clubdelemprendimiento.com\/blog\/noticia-corporativa\/ignacio-purcell-mena-lidera-la-expansion-internacional-de-black-star-group-con-foco-en-sostenibilidad\/#primaryimage\",\"url\":\"https:\/\/www.clubdelemprendimiento.com\/blog\/wp-content\/uploads\/2025\/11\/Ignacio_Purcell_Mena_lidera_la_expansin_internacional_de_Black_Star_Group.png\",\"contentUrl\":\"https:\/\/www.clubdelemprendimiento.com\/blog\/wp-content\/uploads\/2025\/11\/Ignacio_Purcell_Mena_lidera_la_expansin_internacional_de_Black_Star_Group.png\",\"width\":808,\"height\":632},{\"@type\":\"BreadcrumbList\",\"@id\":\"https:\/\/www.clubdelemprendimiento.com\/blog\/noticia-corporativa\/ignacio-purcell-mena-lidera-la-expansion-internacional-de-black-star-group-con-foco-en-sostenibilidad\/#breadcrumb\",\"itemListElement\":[{\"@type\":\"ListItem\",\"position\":1,\"name\":\"Home\",\"item\":\"https:\/\/www.clubdelemprendimiento.com\/blog\/\"},{\"@type\":\"ListItem\",\"position\":2,\"name\":\"Noticias Corporativas\",\"item\":\"https:\/\/www.clubdelemprendimiento.com\/blog\/noticias-corporativas\/\"},{\"@type\":\"ListItem\",\"position\":3,\"name\":\"Ignacio Purcell Mena lidera la expansi\u00f3n internacional de Black Star Group con foco en sostenibilidad\"}]},{\"@type\":\"WebSite\",\"@id\":\"https:\/\/www.clubdelemprendimiento.com\/blog\/#website\",\"url\":\"https:\/\/www.clubdelemprendimiento.com\/blog\/\",\"name\":\"Blog Club del Emprendimiento\",\"description\":\"\",\"potentialAction\":[{\"@type\":\"SearchAction\",\"target\":{\"@type\":\"EntryPoint\",\"urlTemplate\":\"https:\/\/www.clubdelemprendimiento.com\/blog\/?s={search_term_string}\"},\"query-input\":\"required name=search_term_string\"}],\"inLanguage\":\"es\"}]}<\/script>\n<!-- \/ Yoast SEO plugin. -->","yoast_head_json":{"title":"Ignacio Purcell Mena lidera la expansi\u00f3n internacional de Black Star Group con foco en sostenibilidad - Blog Club del Emprendimiento","robots":{"index":"index","follow":"follow","max-snippet":"max-snippet:-1","max-image-preview":"max-image-preview:large","max-video-preview":"max-video-preview:-1"},"canonical":"https:\/\/www.clubdelemprendimiento.com\/blog\/noticia-corporativa\/ignacio-purcell-mena-lidera-la-expansion-internacional-de-black-star-group-con-foco-en-sostenibilidad\/","og_locale":"es_ES","og_type":"article","og_title":"Ignacio Purcell Mena lidera la expansi\u00f3n internacional de Black Star Group con foco en sostenibilidad - Blog Club del Emprendimiento","og_description":"El CEO Ignacio Purcell Mena del grupo energ\u00e9tico consolida su presencia en Am\u00e9rica Latina&hellip;","og_url":"https:\/\/www.clubdelemprendimiento.com\/blog\/noticia-corporativa\/ignacio-purcell-mena-lidera-la-expansion-internacional-de-black-star-group-con-foco-en-sostenibilidad\/","og_site_name":"Blog Club del Emprendimiento","og_image":[{"url":"https:\/\/www.clubdelemprendimiento.com\/blog\/wp-content\/uploads\/2025\/11\/Ignacio_Purcell_Mena_lidera_la_expansin_internacional_de_Black_Star_Group.png"}],"twitter_card":"summary_large_image","twitter_misc":{"Tiempo de lectura":"3 minutos"},"schema":{"@context":"https:\/\/schema.org","@graph":[{"@type":"WebPage","@id":"https:\/\/www.clubdelemprendimiento.com\/blog\/noticia-corporativa\/ignacio-purcell-mena-lidera-la-expansion-internacional-de-black-star-group-con-foco-en-sostenibilidad\/","url":"https:\/\/www.clubdelemprendimiento.com\/blog\/noticia-corporativa\/ignacio-purcell-mena-lidera-la-expansion-internacional-de-black-star-group-con-foco-en-sostenibilidad\/","name":"Ignacio Purcell Mena lidera la expansi\u00f3n internacional de Black Star Group con foco en sostenibilidad - Blog Club del Emprendimiento","isPartOf":{"@id":"https:\/\/www.clubdelemprendimiento.com\/blog\/#website"},"primaryImageOfPage":{"@id":"https:\/\/www.clubdelemprendimiento.com\/blog\/noticia-corporativa\/ignacio-purcell-mena-lidera-la-expansion-internacional-de-black-star-group-con-foco-en-sostenibilidad\/#primaryimage"},"image":{"@id":"https:\/\/www.clubdelemprendimiento.com\/blog\/noticia-corporativa\/ignacio-purcell-mena-lidera-la-expansion-internacional-de-black-star-group-con-foco-en-sostenibilidad\/#primaryimage"},"thumbnailUrl":"https:\/\/www.clubdelemprendimiento.com\/blog\/wp-content\/uploads\/2025\/11\/Ignacio_Purcell_Mena_lidera_la_expansin_internacional_de_Black_Star_Group.png","datePublished":"2025-11-24T16:04:45+00:00","dateModified":"2025-11-24T16:04:45+00:00","breadcrumb":{"@id":"https:\/\/www.clubdelemprendimiento.com\/blog\/noticia-corporativa\/ignacio-purcell-mena-lidera-la-expansion-internacional-de-black-star-group-con-foco-en-sostenibilidad\/#breadcrumb"},"inLanguage":"es","potentialAction":[{"@type":"ReadAction","target":["https:\/\/www.clubdelemprendimiento.com\/blog\/noticia-corporativa\/ignacio-purcell-mena-lidera-la-expansion-internacional-de-black-star-group-con-foco-en-sostenibilidad\/"]}]},{"@type":"ImageObject","inLanguage":"es","@id":"https:\/\/www.clubdelemprendimiento.com\/blog\/noticia-corporativa\/ignacio-purcell-mena-lidera-la-expansion-internacional-de-black-star-group-con-foco-en-sostenibilidad\/#primaryimage","url":"https:\/\/www.clubdelemprendimiento.com\/blog\/wp-content\/uploads\/2025\/11\/Ignacio_Purcell_Mena_lidera_la_expansin_internacional_de_Black_Star_Group.png","contentUrl":"https:\/\/www.clubdelemprendimiento.com\/blog\/wp-content\/uploads\/2025\/11\/Ignacio_Purcell_Mena_lidera_la_expansin_internacional_de_Black_Star_Group.png","width":808,"height":632},{"@type":"BreadcrumbList","@id":"https:\/\/www.clubdelemprendimiento.com\/blog\/noticia-corporativa\/ignacio-purcell-mena-lidera-la-expansion-internacional-de-black-star-group-con-foco-en-sostenibilidad\/#breadcrumb","itemListElement":[{"@type":"ListItem","position":1,"name":"Home","item":"https:\/\/www.clubdelemprendimiento.com\/blog\/"},{"@type":"ListItem","position":2,"name":"Noticias Corporativas","item":"https:\/\/www.clubdelemprendimiento.com\/blog\/noticias-corporativas\/"},{"@type":"ListItem","position":3,"name":"Ignacio Purcell Mena lidera la expansi\u00f3n internacional de Black Star Group con foco en sostenibilidad"}]},{"@type":"WebSite","@id":"https:\/\/www.clubdelemprendimiento.com\/blog\/#website","url":"https:\/\/www.clubdelemprendimiento.com\/blog\/","name":"Blog Club del Emprendimiento","description":"","potentialAction":[{"@type":"SearchAction","target":{"@type":"EntryPoint","urlTemplate":"https:\/\/www.clubdelemprendimiento.com\/blog\/?s={search_term_string}"},"query-input":"required name=search_term_string"}],"inLanguage":"es"}]}},"_links":{"self":[{"href":"https:\/\/www.clubdelemprendimiento.com\/blog\/wp-json\/wp\/v2\/noticia-corporativa\/24096"}],"collection":[{"href":"https:\/\/www.clubdelemprendimiento.com\/blog\/wp-json\/wp\/v2\/noticia-corporativa"}],"about":[{"href":"https:\/\/www.clubdelemprendimiento.com\/blog\/wp-json\/wp\/v2\/types\/noticia-corporativa"}],"wp:featuredmedia":[{"embeddable":true,"href":"https:\/\/www.clubdelemprendimiento.com\/blog\/wp-json\/wp\/v2\/media\/24097"}],"wp:attachment":[{"href":"https:\/\/www.clubdelemprendimiento.com\/blog\/wp-json\/wp\/v2\/media?parent=24096"}],"curies":[{"name":"wp","href":"https:\/\/api.w.org\/{rel}","templated":true}]}}