{"id":24077,"date":"2025-11-24T14:04:34","date_gmt":"2025-11-24T14:04:34","guid":{"rendered":"https:\/\/www.clubdelemprendimiento.com\/blog\/noticia-corporativa\/optica2ooo-celebra-el-black-friday-con-descuentos-de-hasta-el-25-en-gafas-lentillas-y-audifonos\/"},"modified":"2025-11-24T14:04:34","modified_gmt":"2025-11-24T14:04:34","slug":"optica2ooo-celebra-el-black-friday-con-descuentos-de-hasta-el-25-en-gafas-lentillas-y-audifonos","status":"publish","type":"noticia-corporativa","link":"https:\/\/www.clubdelemprendimiento.com\/blog\/noticia-corporativa\/optica2ooo-celebra-el-black-friday-con-descuentos-de-hasta-el-25-en-gafas-lentillas-y-audifonos\/","title":{"rendered":"OPTICA2OOO celebra el Black Friday con descuentos de hasta el 25% en gafas, lentillas y aud\u00edfonos"},"content":{"rendered":"<div>\n<p><a href=\"https:\/\/www.clubdelemprendimiento.com\/blog\/wp-content\/uploads\/2025\/11\/OPTICA2OOO_Black_Friday.png\" target=\"_blank\" class=\"fotonota\" rel=\"noopener\"> <img decoding=\"async\" src=\"https:\/\/www.clubdelemprendimiento.com\/blog\/wp-content\/uploads\/2025\/11\/OPTICA2OOO_Black_Friday.png\" style=\"max-width:600px;\" border=\"0\" class=\"postImage\" alt=\"\"><\/a><\/p>\n<p>Este a\u00f1o, OPTICA 2OOO celebra el Black Friday con atractivos descuentos en gafas graduadas, gafas de sol y soluciones auditivas para facilitar el acceso a productos de alta calidad en \u00f3ptica y audiolog\u00eda. Hasta el 1 de diciembre, ponen a disposici\u00f3n de sus clientes una selecci\u00f3n de descuentos exclusivos de hasta el 25% tanto en tienda f\u00edsica como online<\/p>\n<p><\/p>\n<p>Durante estos d\u00edas, los clientes podr\u00e1n disfrutar de un <strong>20% de descuento en monturas y gafas de sol<\/strong>, adem\u00e1s de la posibilidad de <strong>acumularlo con la promoci\u00f3n 2&#215;1 en cristales<\/strong>, una oportunidad ideal para renovar gafas graduadas o regalar estilo por adelantado. Las <strong>lentillas<\/strong> tambi\u00e9n contar\u00e1n con un <strong>25% de descuento<\/strong>, y quienes busquen mejorar su audici\u00f3n podr\u00e1n beneficiarse de un <strong>25% de descuento en aud\u00edfonos<\/strong>, reforzando as\u00ed la apuesta de OPTICA2OOO por el bienestar visual y auditivo integral.<\/p>\n<p>Las gafas de sol se presentan como un imprescindible de moda y protecci\u00f3n visual: desde modelos retro con montura met\u00e1lica hasta dise\u00f1os XL o de aire futurista, todos ellos con la posibilidad de graduarse para quienes buscan combinar comodidad y estilo en una sola pieza. Con un cat\u00e1logo que re\u00fane las marcas m\u00e1s reconocidas del sector, OPTICA2OOO invita a aprovechar este d\u00eda para estrenar gafas, renovar la graduaci\u00f3n o adelantarse a los regalos de Navidad.<\/p>\n<p>Adem\u00e1s de las promociones exclusivas, este Black Friday ser\u00e1 la ocasi\u00f3n perfecta para descubrir las <strong>tendencias que marcan la moda<\/strong> en el mundo de las gafas. Los nuevos dise\u00f1os apuestan por materiales innovadores, formas atrevidas y una clara influencia futurista, sin renunciar a la comodidad y a la calidad que caracteriza a OPTICA 2OOO:<\/p>\n<ul>\n<li><strong>Experimental metals<\/strong><\/li>\n<\/ul>\n<p>El metal vuelve con fuerza en versiones ligeras y sofisticadas. Titanio, aluminio y acabados espejo protagonizan monturas que combinan precisi\u00f3n t\u00e9cnica y elegancia minimalista. Una tendencia que conquista a quienes valoran el dise\u00f1o, la durabilidad y el brillo sutil de los materiales nobles.<\/p>\n<ul>\n<li><strong>Alien eyes<\/strong><\/li>\n<\/ul>\n<p>Inspiradas en la est\u00e9tica <em>alien-core<\/em>, estas gafas juegan con formas envolventes, curvas ascendentes y monturas que envuelven el rostro y evocan una mirada de otro mundo. Reflejan una actitud audaz y futurista, pensada para quienes buscan destacar y convertir el <em>eyewear<\/em> en una declaraci\u00f3n de estilo.<\/p>\n<ul>\n<li><strong>Need for speed<\/strong><\/li>\n<\/ul>\n<p>La influencia del deporte sigue marcando estilo. Las gafas deportivas se reinventan con l\u00edneas aerodin\u00e1micas y un toque urbano. Inspiradas en el mundo del motor y la velocidad, aportan energ\u00eda y movimiento a cualquier <em>look<\/em>. Ideales para un p\u00fablico joven y activo que busca funcionalidad sin renunciar al estilo.<\/p>\n<p>Todas estas tendencias en <em>eyewear<\/em> pueden encontrarse hasta el 1 de diciembre en los puntos de venta de OPTICA 2OOO, que ofrece una amplia selecci\u00f3n de marcas de prestigio y firmas reconocidas con descuentos de hasta el 25%. La compa\u00f1\u00eda mantiene su apuesta por la calidad y el dise\u00f1o, con una oferta variada de estilos y precios que se adaptan a las preferencias y necesidades de cada cliente.<\/p>\n<\/div>\n","protected":false},"featured_media":24078,"template":"","meta":{"_acf_changed":false},"acf":[],"yoast_head":"<!-- This site is optimized with the Yoast SEO plugin v22.7 - https:\/\/yoast.com\/wordpress\/plugins\/seo\/ -->\n<title>OPTICA2OOO celebra el Black Friday con descuentos de hasta el 25% en gafas, lentillas y aud\u00edfonos - Blog Club del Emprendimiento<\/title>\n<meta name=\"robots\" content=\"index, follow, max-snippet:-1, max-image-preview:large, max-video-preview:-1\" \/>\n<link rel=\"canonical\" href=\"https:\/\/www.clubdelemprendimiento.com\/blog\/noticia-corporativa\/optica2ooo-celebra-el-black-friday-con-descuentos-de-hasta-el-25-en-gafas-lentillas-y-audifonos\/\" \/>\n<meta property=\"og:locale\" content=\"es_ES\" \/>\n<meta property=\"og:type\" content=\"article\" \/>\n<meta property=\"og:title\" content=\"OPTICA2OOO celebra el Black Friday con descuentos de hasta el 25% en gafas, lentillas y aud\u00edfonos - Blog Club del Emprendimiento\" \/>\n<meta property=\"og:description\" content=\"Este a\u00f1o, OPTICA 2OOO celebra el Black Friday con atractivos descuentos en gafas graduadas,&hellip;\" \/>\n<meta property=\"og:url\" content=\"https:\/\/www.clubdelemprendimiento.com\/blog\/noticia-corporativa\/optica2ooo-celebra-el-black-friday-con-descuentos-de-hasta-el-25-en-gafas-lentillas-y-audifonos\/\" \/>\n<meta property=\"og:site_name\" content=\"Blog Club del Emprendimiento\" \/>\n<meta property=\"og:image\" content=\"https:\/\/www.clubdelemprendimiento.com\/blog\/wp-content\/uploads\/2025\/11\/OPTICA2OOO_Black_Friday.png\" \/>\n<meta name=\"twitter:card\" content=\"summary_large_image\" \/>\n<meta name=\"twitter:label1\" content=\"Tiempo de lectura\" \/>\n\t<meta name=\"twitter:data1\" content=\"3 minutos\" \/>\n<script type=\"application\/ld+json\" class=\"yoast-schema-graph\">{\"@context\":\"https:\/\/schema.org\",\"@graph\":[{\"@type\":\"WebPage\",\"@id\":\"https:\/\/www.clubdelemprendimiento.com\/blog\/noticia-corporativa\/optica2ooo-celebra-el-black-friday-con-descuentos-de-hasta-el-25-en-gafas-lentillas-y-audifonos\/\",\"url\":\"https:\/\/www.clubdelemprendimiento.com\/blog\/noticia-corporativa\/optica2ooo-celebra-el-black-friday-con-descuentos-de-hasta-el-25-en-gafas-lentillas-y-audifonos\/\",\"name\":\"OPTICA2OOO celebra el Black Friday con descuentos de hasta el 25% en gafas, lentillas y aud\u00edfonos - Blog Club del Emprendimiento\",\"isPartOf\":{\"@id\":\"https:\/\/www.clubdelemprendimiento.com\/blog\/#website\"},\"primaryImageOfPage\":{\"@id\":\"https:\/\/www.clubdelemprendimiento.com\/blog\/noticia-corporativa\/optica2ooo-celebra-el-black-friday-con-descuentos-de-hasta-el-25-en-gafas-lentillas-y-audifonos\/#primaryimage\"},\"image\":{\"@id\":\"https:\/\/www.clubdelemprendimiento.com\/blog\/noticia-corporativa\/optica2ooo-celebra-el-black-friday-con-descuentos-de-hasta-el-25-en-gafas-lentillas-y-audifonos\/#primaryimage\"},\"thumbnailUrl\":\"https:\/\/www.clubdelemprendimiento.com\/blog\/wp-content\/uploads\/2025\/11\/OPTICA2OOO_Black_Friday.png\",\"datePublished\":\"2025-11-24T14:04:34+00:00\",\"dateModified\":\"2025-11-24T14:04:34+00:00\",\"breadcrumb\":{\"@id\":\"https:\/\/www.clubdelemprendimiento.com\/blog\/noticia-corporativa\/optica2ooo-celebra-el-black-friday-con-descuentos-de-hasta-el-25-en-gafas-lentillas-y-audifonos\/#breadcrumb\"},\"inLanguage\":\"es\",\"potentialAction\":[{\"@type\":\"ReadAction\",\"target\":[\"https:\/\/www.clubdelemprendimiento.com\/blog\/noticia-corporativa\/optica2ooo-celebra-el-black-friday-con-descuentos-de-hasta-el-25-en-gafas-lentillas-y-audifonos\/\"]}]},{\"@type\":\"ImageObject\",\"inLanguage\":\"es\",\"@id\":\"https:\/\/www.clubdelemprendimiento.com\/blog\/noticia-corporativa\/optica2ooo-celebra-el-black-friday-con-descuentos-de-hasta-el-25-en-gafas-lentillas-y-audifonos\/#primaryimage\",\"url\":\"https:\/\/www.clubdelemprendimiento.com\/blog\/wp-content\/uploads\/2025\/11\/OPTICA2OOO_Black_Friday.png\",\"contentUrl\":\"https:\/\/www.clubdelemprendimiento.com\/blog\/wp-content\/uploads\/2025\/11\/OPTICA2OOO_Black_Friday.png\",\"width\":1920,\"height\":1080},{\"@type\":\"BreadcrumbList\",\"@id\":\"https:\/\/www.clubdelemprendimiento.com\/blog\/noticia-corporativa\/optica2ooo-celebra-el-black-friday-con-descuentos-de-hasta-el-25-en-gafas-lentillas-y-audifonos\/#breadcrumb\",\"itemListElement\":[{\"@type\":\"ListItem\",\"position\":1,\"name\":\"Home\",\"item\":\"https:\/\/www.clubdelemprendimiento.com\/blog\/\"},{\"@type\":\"ListItem\",\"position\":2,\"name\":\"Noticias Corporativas\",\"item\":\"https:\/\/www.clubdelemprendimiento.com\/blog\/noticias-corporativas\/\"},{\"@type\":\"ListItem\",\"position\":3,\"name\":\"OPTICA2OOO celebra el Black Friday con descuentos de hasta el 25% en gafas, lentillas y aud\u00edfonos\"}]},{\"@type\":\"WebSite\",\"@id\":\"https:\/\/www.clubdelemprendimiento.com\/blog\/#website\",\"url\":\"https:\/\/www.clubdelemprendimiento.com\/blog\/\",\"name\":\"Blog Club del Emprendimiento\",\"description\":\"\",\"potentialAction\":[{\"@type\":\"SearchAction\",\"target\":{\"@type\":\"EntryPoint\",\"urlTemplate\":\"https:\/\/www.clubdelemprendimiento.com\/blog\/?s={search_term_string}\"},\"query-input\":\"required name=search_term_string\"}],\"inLanguage\":\"es\"}]}<\/script>\n<!-- \/ Yoast SEO plugin. -->","yoast_head_json":{"title":"OPTICA2OOO celebra el Black Friday con descuentos de hasta el 25% en gafas, lentillas y aud\u00edfonos - Blog Club del Emprendimiento","robots":{"index":"index","follow":"follow","max-snippet":"max-snippet:-1","max-image-preview":"max-image-preview:large","max-video-preview":"max-video-preview:-1"},"canonical":"https:\/\/www.clubdelemprendimiento.com\/blog\/noticia-corporativa\/optica2ooo-celebra-el-black-friday-con-descuentos-de-hasta-el-25-en-gafas-lentillas-y-audifonos\/","og_locale":"es_ES","og_type":"article","og_title":"OPTICA2OOO celebra el Black Friday con descuentos de hasta el 25% en gafas, lentillas y aud\u00edfonos - Blog Club del Emprendimiento","og_description":"Este a\u00f1o, OPTICA 2OOO celebra el Black Friday con atractivos descuentos en gafas graduadas,&hellip;","og_url":"https:\/\/www.clubdelemprendimiento.com\/blog\/noticia-corporativa\/optica2ooo-celebra-el-black-friday-con-descuentos-de-hasta-el-25-en-gafas-lentillas-y-audifonos\/","og_site_name":"Blog Club del Emprendimiento","og_image":[{"url":"https:\/\/www.clubdelemprendimiento.com\/blog\/wp-content\/uploads\/2025\/11\/OPTICA2OOO_Black_Friday.png"}],"twitter_card":"summary_large_image","twitter_misc":{"Tiempo de lectura":"3 minutos"},"schema":{"@context":"https:\/\/schema.org","@graph":[{"@type":"WebPage","@id":"https:\/\/www.clubdelemprendimiento.com\/blog\/noticia-corporativa\/optica2ooo-celebra-el-black-friday-con-descuentos-de-hasta-el-25-en-gafas-lentillas-y-audifonos\/","url":"https:\/\/www.clubdelemprendimiento.com\/blog\/noticia-corporativa\/optica2ooo-celebra-el-black-friday-con-descuentos-de-hasta-el-25-en-gafas-lentillas-y-audifonos\/","name":"OPTICA2OOO celebra el Black Friday con descuentos de hasta el 25% en gafas, lentillas y aud\u00edfonos - Blog Club del Emprendimiento","isPartOf":{"@id":"https:\/\/www.clubdelemprendimiento.com\/blog\/#website"},"primaryImageOfPage":{"@id":"https:\/\/www.clubdelemprendimiento.com\/blog\/noticia-corporativa\/optica2ooo-celebra-el-black-friday-con-descuentos-de-hasta-el-25-en-gafas-lentillas-y-audifonos\/#primaryimage"},"image":{"@id":"https:\/\/www.clubdelemprendimiento.com\/blog\/noticia-corporativa\/optica2ooo-celebra-el-black-friday-con-descuentos-de-hasta-el-25-en-gafas-lentillas-y-audifonos\/#primaryimage"},"thumbnailUrl":"https:\/\/www.clubdelemprendimiento.com\/blog\/wp-content\/uploads\/2025\/11\/OPTICA2OOO_Black_Friday.png","datePublished":"2025-11-24T14:04:34+00:00","dateModified":"2025-11-24T14:04:34+00:00","breadcrumb":{"@id":"https:\/\/www.clubdelemprendimiento.com\/blog\/noticia-corporativa\/optica2ooo-celebra-el-black-friday-con-descuentos-de-hasta-el-25-en-gafas-lentillas-y-audifonos\/#breadcrumb"},"inLanguage":"es","potentialAction":[{"@type":"ReadAction","target":["https:\/\/www.clubdelemprendimiento.com\/blog\/noticia-corporativa\/optica2ooo-celebra-el-black-friday-con-descuentos-de-hasta-el-25-en-gafas-lentillas-y-audifonos\/"]}]},{"@type":"ImageObject","inLanguage":"es","@id":"https:\/\/www.clubdelemprendimiento.com\/blog\/noticia-corporativa\/optica2ooo-celebra-el-black-friday-con-descuentos-de-hasta-el-25-en-gafas-lentillas-y-audifonos\/#primaryimage","url":"https:\/\/www.clubdelemprendimiento.com\/blog\/wp-content\/uploads\/2025\/11\/OPTICA2OOO_Black_Friday.png","contentUrl":"https:\/\/www.clubdelemprendimiento.com\/blog\/wp-content\/uploads\/2025\/11\/OPTICA2OOO_Black_Friday.png","width":1920,"height":1080},{"@type":"BreadcrumbList","@id":"https:\/\/www.clubdelemprendimiento.com\/blog\/noticia-corporativa\/optica2ooo-celebra-el-black-friday-con-descuentos-de-hasta-el-25-en-gafas-lentillas-y-audifonos\/#breadcrumb","itemListElement":[{"@type":"ListItem","position":1,"name":"Home","item":"https:\/\/www.clubdelemprendimiento.com\/blog\/"},{"@type":"ListItem","position":2,"name":"Noticias Corporativas","item":"https:\/\/www.clubdelemprendimiento.com\/blog\/noticias-corporativas\/"},{"@type":"ListItem","position":3,"name":"OPTICA2OOO celebra el Black Friday con descuentos de hasta el 25% en gafas, lentillas y aud\u00edfonos"}]},{"@type":"WebSite","@id":"https:\/\/www.clubdelemprendimiento.com\/blog\/#website","url":"https:\/\/www.clubdelemprendimiento.com\/blog\/","name":"Blog Club del Emprendimiento","description":"","potentialAction":[{"@type":"SearchAction","target":{"@type":"EntryPoint","urlTemplate":"https:\/\/www.clubdelemprendimiento.com\/blog\/?s={search_term_string}"},"query-input":"required name=search_term_string"}],"inLanguage":"es"}]}},"_links":{"self":[{"href":"https:\/\/www.clubdelemprendimiento.com\/blog\/wp-json\/wp\/v2\/noticia-corporativa\/24077"}],"collection":[{"href":"https:\/\/www.clubdelemprendimiento.com\/blog\/wp-json\/wp\/v2\/noticia-corporativa"}],"about":[{"href":"https:\/\/www.clubdelemprendimiento.com\/blog\/wp-json\/wp\/v2\/types\/noticia-corporativa"}],"wp:featuredmedia":[{"embeddable":true,"href":"https:\/\/www.clubdelemprendimiento.com\/blog\/wp-json\/wp\/v2\/media\/24078"}],"wp:attachment":[{"href":"https:\/\/www.clubdelemprendimiento.com\/blog\/wp-json\/wp\/v2\/media?parent=24077"}],"curies":[{"name":"wp","href":"https:\/\/api.w.org\/{rel}","templated":true}]}}