{"id":24065,"date":"2025-11-24T13:05:00","date_gmt":"2025-11-24T13:05:00","guid":{"rendered":"https:\/\/www.clubdelemprendimiento.com\/blog\/noticia-corporativa\/fairway-cerro-su-decimo-aniversario-con-un-exito-de-asistencia-sin-precedentes\/"},"modified":"2025-11-24T13:05:00","modified_gmt":"2025-11-24T13:05:00","slug":"fairway-cerro-su-decimo-aniversario-con-un-exito-de-asistencia-sin-precedentes","status":"publish","type":"noticia-corporativa","link":"https:\/\/www.clubdelemprendimiento.com\/blog\/noticia-corporativa\/fairway-cerro-su-decimo-aniversario-con-un-exito-de-asistencia-sin-precedentes\/","title":{"rendered":"Fairway cerr\u00f3 su d\u00e9cimo aniversario con un \u00e9xito de asistencia sin precedentes"},"content":{"rendered":"<div>\n<p><a href=\"https:\/\/www.clubdelemprendimiento.com\/blog\/wp-content\/uploads\/2025\/11\/FeriaFairway25.jpg\" target=\"_blank\" class=\"fotonota\" rel=\"noopener\"> <img decoding=\"async\" src=\"https:\/\/www.clubdelemprendimiento.com\/blog\/wp-content\/uploads\/2025\/11\/FeriaFairway25.jpg\" style=\"max-width:600px;\" border=\"0\" class=\"postImage\" alt=\"\"><\/a><\/p>\n<p>El refuerzo de la programaci\u00f3n l\u00fadica afianz\u00f3 la asistencia de numeroso p\u00fablico durante las tres jornadas del evento celebrado en Santiago de Compostela, superando los 5.000 participantes. Tanto expositores de la Feria como Hosted Buyers y Sellers participantes en el Workshop, realizaron un balance satisfactorio de la cita, impulsada por Trevisani, Viajes Viloria y Mr Turismo Marketing en Acci\u00f3n, que registr\u00f3 cifras de negocio superiores a ediciones anteriores <\/p>\n<p><\/p>\n<p>La organizaci\u00f3n del VI Fairway -integrada por las empresas Trevisani, Viajes Viloria y Mr Turismo Marketing en Acci\u00f3n- ha realizado un positivo balance del evento, destacando que se ha registrado <strong>\u00abun \u00e9xito de asistencia sin precedentes\u00bb, acerc\u00e1ndose a las 5.000 personas participantes. <\/strong>Parte de este incremento de asistentes se debe al refuerzo de actividades de ocio organizadas tanto para el propio Open Day como para las jornadas de lunes y martes. El VI Foro del Camino de Santiago se celebr\u00f3 entre los pasados d\u00edas 9 y 11 de noviembre en las instalaciones del Museo de la Cidade da Cultura de Galicia.<\/p>\n<p>Las propuestas relacionadas con la gastronom\u00eda -destacando entre ellas el <strong>Gastroway Verm\u00fa&amp;Tapas <em>A provincia que sabe<\/em> de la Diputaci\u00f3n de A Coru\u00f1a<\/strong>, que se combin\u00f3 con la sesi\u00f3n de Se\u00f1ora DJ, los talleres y <em>showcookings<\/em>-, fueron, con diferencia, las m\u00e1s demandadas. No en vano, las plazas se agotaron r\u00e1pidamente, lo que indica su gran aceptaci\u00f3n entre el p\u00fablico.<\/p>\n<p>Otro de los grandes reclamos del VI Fairway fue la<strong> Feria de Turismo y Camino, en la que participaron m\u00e1s de 70 expositores nacionales e internacionales<\/strong>. Especial relevancia tuvo el espacio de Visit Portugal, que atrajo a numerosas personas con las distintas iniciativas desarrolladas en tres\u00a0jornadas del evento, destacando las relacionadas con la gastronom\u00eda portuguesa. \u00abLa amplia y variada oferta presentada llev\u00f3 a la generaci\u00f3n de un gran n\u00famero de contactos comerciales y que suscit\u00f3 tambi\u00e9n inter\u00e9s entre el p\u00fablico, que encontr\u00f3 en Fairway el espacio id\u00f3neo para su pr\u00f3xima escapada\u00bb, <strong>explica Ana Trevisani, codirectora del evento.<\/strong><\/p>\n<p>Adem\u00e1s de la feria y las actividades l\u00fadicas, el evento se convirti\u00f3 en el foco de las miradas por su<strong> Foro Turismo y Camino, al que acudieron m\u00e1s de 600 personas en sus diferentes sesiones.<\/strong> Tal y como indic\u00f3<strong> el codirector Tono Mugico<\/strong>, \u00ablos debates sobre turistificaci\u00f3n y tasa tur\u00edstica fueron los que llamaron m\u00e1s la atenci\u00f3n y en los que, siguiendo el esp\u00edritu de Fairway, facilitamos la puesta en com\u00fan de las diferentes partes implicadas en aquellas tem\u00e1ticas que preocupan al sector\u00bb.<\/p>\n<p>De esa puesta en com\u00fan surgieron aspectos como la necesidad de coordinar esfuerzos entre las administraciones para optimizar los flujos tur\u00edsticos en los Caminos de Santiago. Sobre la propia turistificaci\u00f3n, tanto instituciones como entidades privadas llegaron a la conclusi\u00f3n de que no existe como tal, pero s\u00ed que se deben tratar problem\u00e1ticas derivadas de saturaciones puntuales en momentos y espacios concretos, adoptando medidas que sirvan para descentralizar y desestacionalizar, en la medida de lo posible, esos flujos de visitantes.<\/p>\n<p>En el debate sobre la tasa tur\u00edstica, no se pudo finalmente concretar en d\u00f3nde se invertir\u00e1 exactamente el dinero ni si tampoco revertir\u00e1 directamente en el sector. Entre aquellos aspectos en los que se podr\u00eda invertir se mencionaron problem\u00e1ticas como <strong>la p\u00e9rdida de conexiones aeroportuarias en la capital gallega, que perjudican mucho al sector.<\/strong><\/p>\n<p>Tambi\u00e9n generaron gran inter\u00e9s tanto la conferencia inaugural -protagonizada por el director de la Agencia Turismo de Galicia, Xos\u00e9 Manuel Merelles, y por el vicepresidente de la Diputaci\u00f3n de A Coru\u00f1a, Xos\u00e9 Regueira-, como la mesa de debate sobre la democratizaci\u00f3n del Camino de Santiago y sobre los recientes cambios aplicados en la normativa para la obtenci\u00f3n de la Compostela. Sobre este \u00faltimo aspecto, no se pudo arrojar luz sobre cu\u00e1les son las motivaciones de la Iglesia que han llevado a dichas modificaciones ni tampoco a la elecci\u00f3n de ciertas rutas en detrimento de otras.<\/p>\n<p><strong>El Workshop<em> <\/em>m\u00e1s grande<\/strong><br \/>\nLas jornadas del pasado lunes y martes contaron con una actividad fren\u00e9tica durante todo el d\u00eda en la secci\u00f3n de Workshop. \u00abEste a\u00f1o <strong>hemos contado con 43 Hosted Buyers procedentes de 18 nacionalidades diferentes y m\u00e1s Sellers que nunca, 140<\/strong>, participando muchos de ellos por primera vez. Esto nos permiti\u00f3 desarrollar <strong>alrededor de 3.200 reuniones de trabajo\u00bb<\/strong>, explica Manuel Oreiro, codirector del evento.<\/p>\n<p>\u00abTanto Hosted Buyers como Sellers mostraron su satisfacci\u00f3n por el desarrollo de estas reuniones y por las oportunidades empresariales que abren\u00bb. As\u00ed, se puede hablar de unas cifras de negocio superiores a las de ediciones anteriores. Y es que \u00abFairway ya se considera como la plataforma de venta de productos y servicios de los Caminos, participando empresas de Asturias, Cantabria, Navarra, Lugo, Ourense, A Coru\u00f1a, Pontevedra y tambi\u00e9n del Norte de Portugal\u00bb, concluye Oreiro.<\/p>\n<p>Uno de los aspectos fundamentales que permite que los turoperadores tengan mayor inter\u00e9s si cabe en el Camino es<strong> la organizaci\u00f3n de los tres\u00a0Fam Trips previos a Fairway<\/strong>. En esta ocasi\u00f3n, <strong>cerca de una treintena de Hosted Buyers pudieron conocer y vivir en persona la experiencia en los Caminos Ingl\u00e9s, Portugu\u00e9s y V\u00eda de la Plata<\/strong>. Unas iniciativas que fueron posibles gracias al apoyo de la Diputaci\u00f3n de A Coru\u00f1a, de la Diputaci\u00f3n de Pontevedra y del INORDE, respectivamente.<\/p>\n<p>Finalmente, otro de los reclamos del p\u00fablico de Fairway fue <strong>la celebraci\u00f3n de los distintos sorteos del d\u00e9cimo aniversario del evento<\/strong>. Como condici\u00f3n para poder participar, se deb\u00eda cubrir la credencial <em>My Camino<\/em> y entregarla con 10 sellos de otros tantos expositores de la feria. Durante las tres jornadas de Fairway se repartieron m\u00e1s de 300 credenciales que optaron a alguno de los 7 grandes premios: un viaje a Ilha Terceira (Azores) -cortes\u00eda de YuTravel-; estancias y experiencias en Caravaca de la Cruz -del Turismo de Murcia-, las caba\u00f1as de Beche -Asociaci\u00f3n de Municipios del Camino Ingl\u00e9s- y en Caldaria Balnearios -INORDE-, as\u00ed como lotes de productos con calidad diferenciada (DOP, IGP, producci\u00f3n ecol\u00f3gica y Artesan\u00eda Alimentaria) -cortes\u00eda de AGACAL-.<\/p>\n<p><strong>Sobre Fairway<\/strong><br \/>\nFairway es el \u00fanico foro profesional sobre el Camino de Santiago que este a\u00f1o alcanz\u00f3 su sexta edici\u00f3n. Comenz\u00f3 su andadura en el 2015 y est\u00e1 promovido por las empresas Viloria, Trevisani y Mr. Turismo. La cita est\u00e1 consolidada como un evento de referencia para el sector tur\u00edstico en general, el de las Rutas Xacobeas en particular. Esta sexta edici\u00f3n, que se desarroll\u00f3 entre los d\u00edas 9 y 11 de noviembre en la Cidade da Cultura, cuenta con el apoyo de la Xunta de Galicia y de la Diputaci\u00f3n de A Coru\u00f1a. + info: <a href=\"http:\/\/www.fairwaysantiago.com\/\" rel=\"nofollow\">www.fairwaysantiago.com<\/a>.<\/p>\n<\/div>\n","protected":false},"featured_media":24066,"template":"","meta":{"_acf_changed":false},"acf":[],"yoast_head":"<!-- This site is optimized with the Yoast SEO plugin v22.7 - https:\/\/yoast.com\/wordpress\/plugins\/seo\/ -->\n<title>Fairway cerr\u00f3 su d\u00e9cimo aniversario con un \u00e9xito de asistencia sin precedentes - Blog Club del Emprendimiento<\/title>\n<meta name=\"robots\" content=\"index, follow, max-snippet:-1, max-image-preview:large, max-video-preview:-1\" \/>\n<link rel=\"canonical\" href=\"https:\/\/www.clubdelemprendimiento.com\/blog\/noticia-corporativa\/fairway-cerro-su-decimo-aniversario-con-un-exito-de-asistencia-sin-precedentes\/\" \/>\n<meta property=\"og:locale\" content=\"es_ES\" \/>\n<meta property=\"og:type\" content=\"article\" \/>\n<meta property=\"og:title\" content=\"Fairway cerr\u00f3 su d\u00e9cimo aniversario con un \u00e9xito de asistencia sin precedentes - Blog Club del Emprendimiento\" \/>\n<meta property=\"og:description\" content=\"El refuerzo de la programaci\u00f3n l\u00fadica afianz\u00f3 la asistencia de numeroso p\u00fablico durante las&hellip;\" \/>\n<meta property=\"og:url\" content=\"https:\/\/www.clubdelemprendimiento.com\/blog\/noticia-corporativa\/fairway-cerro-su-decimo-aniversario-con-un-exito-de-asistencia-sin-precedentes\/\" \/>\n<meta property=\"og:site_name\" content=\"Blog Club del Emprendimiento\" \/>\n<meta property=\"og:image\" content=\"https:\/\/www.clubdelemprendimiento.com\/blog\/wp-content\/uploads\/2025\/11\/FeriaFairway25.jpg\" \/>\n<meta name=\"twitter:card\" content=\"summary_large_image\" \/>\n<meta name=\"twitter:label1\" content=\"Tiempo de lectura\" \/>\n\t<meta name=\"twitter:data1\" content=\"6 minutos\" \/>\n<script type=\"application\/ld+json\" class=\"yoast-schema-graph\">{\"@context\":\"https:\/\/schema.org\",\"@graph\":[{\"@type\":\"WebPage\",\"@id\":\"https:\/\/www.clubdelemprendimiento.com\/blog\/noticia-corporativa\/fairway-cerro-su-decimo-aniversario-con-un-exito-de-asistencia-sin-precedentes\/\",\"url\":\"https:\/\/www.clubdelemprendimiento.com\/blog\/noticia-corporativa\/fairway-cerro-su-decimo-aniversario-con-un-exito-de-asistencia-sin-precedentes\/\",\"name\":\"Fairway cerr\u00f3 su d\u00e9cimo aniversario con un \u00e9xito de asistencia sin precedentes - Blog Club del Emprendimiento\",\"isPartOf\":{\"@id\":\"https:\/\/www.clubdelemprendimiento.com\/blog\/#website\"},\"primaryImageOfPage\":{\"@id\":\"https:\/\/www.clubdelemprendimiento.com\/blog\/noticia-corporativa\/fairway-cerro-su-decimo-aniversario-con-un-exito-de-asistencia-sin-precedentes\/#primaryimage\"},\"image\":{\"@id\":\"https:\/\/www.clubdelemprendimiento.com\/blog\/noticia-corporativa\/fairway-cerro-su-decimo-aniversario-con-un-exito-de-asistencia-sin-precedentes\/#primaryimage\"},\"thumbnailUrl\":\"https:\/\/www.clubdelemprendimiento.com\/blog\/wp-content\/uploads\/2025\/11\/FeriaFairway25.jpg\",\"datePublished\":\"2025-11-24T13:05:00+00:00\",\"dateModified\":\"2025-11-24T13:05:00+00:00\",\"breadcrumb\":{\"@id\":\"https:\/\/www.clubdelemprendimiento.com\/blog\/noticia-corporativa\/fairway-cerro-su-decimo-aniversario-con-un-exito-de-asistencia-sin-precedentes\/#breadcrumb\"},\"inLanguage\":\"es\",\"potentialAction\":[{\"@type\":\"ReadAction\",\"target\":[\"https:\/\/www.clubdelemprendimiento.com\/blog\/noticia-corporativa\/fairway-cerro-su-decimo-aniversario-con-un-exito-de-asistencia-sin-precedentes\/\"]}]},{\"@type\":\"ImageObject\",\"inLanguage\":\"es\",\"@id\":\"https:\/\/www.clubdelemprendimiento.com\/blog\/noticia-corporativa\/fairway-cerro-su-decimo-aniversario-con-un-exito-de-asistencia-sin-precedentes\/#primaryimage\",\"url\":\"https:\/\/www.clubdelemprendimiento.com\/blog\/wp-content\/uploads\/2025\/11\/FeriaFairway25.jpg\",\"contentUrl\":\"https:\/\/www.clubdelemprendimiento.com\/blog\/wp-content\/uploads\/2025\/11\/FeriaFairway25.jpg\",\"width\":1600,\"height\":1067},{\"@type\":\"BreadcrumbList\",\"@id\":\"https:\/\/www.clubdelemprendimiento.com\/blog\/noticia-corporativa\/fairway-cerro-su-decimo-aniversario-con-un-exito-de-asistencia-sin-precedentes\/#breadcrumb\",\"itemListElement\":[{\"@type\":\"ListItem\",\"position\":1,\"name\":\"Home\",\"item\":\"https:\/\/www.clubdelemprendimiento.com\/blog\/\"},{\"@type\":\"ListItem\",\"position\":2,\"name\":\"Noticias Corporativas\",\"item\":\"https:\/\/www.clubdelemprendimiento.com\/blog\/noticias-corporativas\/\"},{\"@type\":\"ListItem\",\"position\":3,\"name\":\"Fairway cerr\u00f3 su d\u00e9cimo aniversario con un \u00e9xito de asistencia sin precedentes\"}]},{\"@type\":\"WebSite\",\"@id\":\"https:\/\/www.clubdelemprendimiento.com\/blog\/#website\",\"url\":\"https:\/\/www.clubdelemprendimiento.com\/blog\/\",\"name\":\"Blog Club del Emprendimiento\",\"description\":\"\",\"potentialAction\":[{\"@type\":\"SearchAction\",\"target\":{\"@type\":\"EntryPoint\",\"urlTemplate\":\"https:\/\/www.clubdelemprendimiento.com\/blog\/?s={search_term_string}\"},\"query-input\":\"required name=search_term_string\"}],\"inLanguage\":\"es\"}]}<\/script>\n<!-- \/ Yoast SEO plugin. -->","yoast_head_json":{"title":"Fairway cerr\u00f3 su d\u00e9cimo aniversario con un \u00e9xito de asistencia sin precedentes - Blog Club del Emprendimiento","robots":{"index":"index","follow":"follow","max-snippet":"max-snippet:-1","max-image-preview":"max-image-preview:large","max-video-preview":"max-video-preview:-1"},"canonical":"https:\/\/www.clubdelemprendimiento.com\/blog\/noticia-corporativa\/fairway-cerro-su-decimo-aniversario-con-un-exito-de-asistencia-sin-precedentes\/","og_locale":"es_ES","og_type":"article","og_title":"Fairway cerr\u00f3 su d\u00e9cimo aniversario con un \u00e9xito de asistencia sin precedentes - Blog Club del Emprendimiento","og_description":"El refuerzo de la programaci\u00f3n l\u00fadica afianz\u00f3 la asistencia de numeroso p\u00fablico durante las&hellip;","og_url":"https:\/\/www.clubdelemprendimiento.com\/blog\/noticia-corporativa\/fairway-cerro-su-decimo-aniversario-con-un-exito-de-asistencia-sin-precedentes\/","og_site_name":"Blog Club del Emprendimiento","og_image":[{"url":"https:\/\/www.clubdelemprendimiento.com\/blog\/wp-content\/uploads\/2025\/11\/FeriaFairway25.jpg"}],"twitter_card":"summary_large_image","twitter_misc":{"Tiempo de lectura":"6 minutos"},"schema":{"@context":"https:\/\/schema.org","@graph":[{"@type":"WebPage","@id":"https:\/\/www.clubdelemprendimiento.com\/blog\/noticia-corporativa\/fairway-cerro-su-decimo-aniversario-con-un-exito-de-asistencia-sin-precedentes\/","url":"https:\/\/www.clubdelemprendimiento.com\/blog\/noticia-corporativa\/fairway-cerro-su-decimo-aniversario-con-un-exito-de-asistencia-sin-precedentes\/","name":"Fairway cerr\u00f3 su d\u00e9cimo aniversario con un \u00e9xito de asistencia sin precedentes - Blog Club del Emprendimiento","isPartOf":{"@id":"https:\/\/www.clubdelemprendimiento.com\/blog\/#website"},"primaryImageOfPage":{"@id":"https:\/\/www.clubdelemprendimiento.com\/blog\/noticia-corporativa\/fairway-cerro-su-decimo-aniversario-con-un-exito-de-asistencia-sin-precedentes\/#primaryimage"},"image":{"@id":"https:\/\/www.clubdelemprendimiento.com\/blog\/noticia-corporativa\/fairway-cerro-su-decimo-aniversario-con-un-exito-de-asistencia-sin-precedentes\/#primaryimage"},"thumbnailUrl":"https:\/\/www.clubdelemprendimiento.com\/blog\/wp-content\/uploads\/2025\/11\/FeriaFairway25.jpg","datePublished":"2025-11-24T13:05:00+00:00","dateModified":"2025-11-24T13:05:00+00:00","breadcrumb":{"@id":"https:\/\/www.clubdelemprendimiento.com\/blog\/noticia-corporativa\/fairway-cerro-su-decimo-aniversario-con-un-exito-de-asistencia-sin-precedentes\/#breadcrumb"},"inLanguage":"es","potentialAction":[{"@type":"ReadAction","target":["https:\/\/www.clubdelemprendimiento.com\/blog\/noticia-corporativa\/fairway-cerro-su-decimo-aniversario-con-un-exito-de-asistencia-sin-precedentes\/"]}]},{"@type":"ImageObject","inLanguage":"es","@id":"https:\/\/www.clubdelemprendimiento.com\/blog\/noticia-corporativa\/fairway-cerro-su-decimo-aniversario-con-un-exito-de-asistencia-sin-precedentes\/#primaryimage","url":"https:\/\/www.clubdelemprendimiento.com\/blog\/wp-content\/uploads\/2025\/11\/FeriaFairway25.jpg","contentUrl":"https:\/\/www.clubdelemprendimiento.com\/blog\/wp-content\/uploads\/2025\/11\/FeriaFairway25.jpg","width":1600,"height":1067},{"@type":"BreadcrumbList","@id":"https:\/\/www.clubdelemprendimiento.com\/blog\/noticia-corporativa\/fairway-cerro-su-decimo-aniversario-con-un-exito-de-asistencia-sin-precedentes\/#breadcrumb","itemListElement":[{"@type":"ListItem","position":1,"name":"Home","item":"https:\/\/www.clubdelemprendimiento.com\/blog\/"},{"@type":"ListItem","position":2,"name":"Noticias Corporativas","item":"https:\/\/www.clubdelemprendimiento.com\/blog\/noticias-corporativas\/"},{"@type":"ListItem","position":3,"name":"Fairway cerr\u00f3 su d\u00e9cimo aniversario con un \u00e9xito de asistencia sin precedentes"}]},{"@type":"WebSite","@id":"https:\/\/www.clubdelemprendimiento.com\/blog\/#website","url":"https:\/\/www.clubdelemprendimiento.com\/blog\/","name":"Blog Club del Emprendimiento","description":"","potentialAction":[{"@type":"SearchAction","target":{"@type":"EntryPoint","urlTemplate":"https:\/\/www.clubdelemprendimiento.com\/blog\/?s={search_term_string}"},"query-input":"required name=search_term_string"}],"inLanguage":"es"}]}},"_links":{"self":[{"href":"https:\/\/www.clubdelemprendimiento.com\/blog\/wp-json\/wp\/v2\/noticia-corporativa\/24065"}],"collection":[{"href":"https:\/\/www.clubdelemprendimiento.com\/blog\/wp-json\/wp\/v2\/noticia-corporativa"}],"about":[{"href":"https:\/\/www.clubdelemprendimiento.com\/blog\/wp-json\/wp\/v2\/types\/noticia-corporativa"}],"wp:featuredmedia":[{"embeddable":true,"href":"https:\/\/www.clubdelemprendimiento.com\/blog\/wp-json\/wp\/v2\/media\/24066"}],"wp:attachment":[{"href":"https:\/\/www.clubdelemprendimiento.com\/blog\/wp-json\/wp\/v2\/media?parent=24065"}],"curies":[{"name":"wp","href":"https:\/\/api.w.org\/{rel}","templated":true}]}}