{"id":24061,"date":"2025-11-24T13:04:57","date_gmt":"2025-11-24T13:04:57","guid":{"rendered":"https:\/\/www.clubdelemprendimiento.com\/blog\/noticia-corporativa\/el-black-friday-impulsa-el-gasto-navideno-los-espanoles-gastaran-casi-411e-de-media-en-regalos-segun-oney\/"},"modified":"2025-11-24T13:04:57","modified_gmt":"2025-11-24T13:04:57","slug":"el-black-friday-impulsa-el-gasto-navideno-los-espanoles-gastaran-casi-411e-de-media-en-regalos-segun-oney","status":"publish","type":"noticia-corporativa","link":"https:\/\/www.clubdelemprendimiento.com\/blog\/noticia-corporativa\/el-black-friday-impulsa-el-gasto-navideno-los-espanoles-gastaran-casi-411e-de-media-en-regalos-segun-oney\/","title":{"rendered":"El Black Friday impulsa el gasto navide\u00f1o: los espa\u00f1oles gastar\u00e1n casi 411\u20ac de media en regalos, seg\u00fan Oney"},"content":{"rendered":"<div>\n<p><a href=\"https:\/\/www.clubdelemprendimiento.com\/blog\/wp-content\/uploads\/2025\/11\/Infografa_Black_Friday_y_Navidad_Oney.jpg\" target=\"_blank\" class=\"fotonota\" rel=\"noopener\"> <img decoding=\"async\" src=\"https:\/\/www.clubdelemprendimiento.com\/blog\/wp-content\/uploads\/2025\/11\/Infografa_Black_Friday_y_Navidad_Oney.jpg\" style=\"max-width:600px;\" border=\"0\" class=\"postImage\" alt=\"\"><\/a><\/p>\n<p>8 de cada 10 espa\u00f1oles (81,9 %), aseguran que aprovechar\u00e1n las ofertas que les ofrece el Black Friday para comprar los regalos navide\u00f1os. Y su gasto es mayor: 140 \u20ac m\u00e1s de media que quienes no lo hacen. M\u00e1s de la mitad (53,4%) piensa desembolsar en regalos lo mismo que el a\u00f1o pasado, un 28,1 % afirma que pretende gastar menos y el 18,5 % asegura que invertir\u00e1 m\u00e1s<\/p>\n<p><\/p>\n<p>Las luces a\u00fan no se han encendido, pero el esp\u00edritu navide\u00f1o ya brilla en muchos carritos de compra. Y es que el Black Friday se consolida como el gran motor del consumo navide\u00f1o y se adelanta a la Navidad, disparando el gasto que los espa\u00f1oles hacen en regalos para estas fechas tan se\u00f1aladas. Tanto es as\u00ed que\u00a0<strong>8 de cada 10 espa\u00f1oles <\/strong>(81,9 %), <strong>aseguran aprovechar las ofertas que les ofrece el Black Friday para realizar sus compras navide\u00f1as<\/strong>. Esta es una de las principales conclusiones del estudio <strong><em>H\u00e1bitos de consumo de los espa\u00f1oles: Black Friday y Navidad\u00bb <\/em><\/strong>elaborado por <a href=\"https:\/\/www.oney.es\/\" rel=\"nofollow\"><strong>Oney<\/strong><\/a><strong>,<\/strong> entidad financiera especializada en soluciones de pago y servicios financieros, con el objetivo de conocer los h\u00e1bitos de consumo de los espa\u00f1oles en uno de los periodos m\u00e1s importantes del a\u00f1o para el sector del comercio y los medios de pago.<\/p>\n<p>Adelantar las compras no siempre significar ahorrar o recortar el presupuesto, ya que, seg\u00fan datos de este estudio, los espa\u00f1oles que aprovechan el Black Friday para realizar sus compras navide\u00f1as <strong>suelen gastar 140 \u20ac m\u00e1s <\/strong>(<strong>436,1 \u20ac de media<\/strong>) <strong>que quienes no lo hacen (295,8 \u20ac de media)<\/strong>.<\/p>\n<p><strong>Se invertir\u00e1 m\u00e1s que el a\u00f1o pasado<\/strong><br \/>\nEn la campa\u00f1a del Black Friday y Navidad de este 2025, los espa\u00f1oles aseguran que gastar\u00e1n <strong>casi 411 \u20ac de media en regalos<\/strong>, lo que supone un <strong>4,8 % m\u00e1s que en 2024<\/strong>. M\u00e1s de la mitad (53,4 %) piensa destinar lo mismo que el a\u00f1o pasado, un 28,1 % pretende gastar menos y el 18,5 % invertir\u00e1 m\u00e1s.<\/p>\n<p>En cuanto al presupuesto: un 33,4 % desembolsar\u00e1 entre 200 y 399 \u20ac; un 28,8 % gastar\u00e1 menos de 200 \u20ac; un 18,5% entre 400 y 599 \u20ac; un 6,4 % de 600 a 799 \u20ac, mientras que el 12,9 % destinar\u00e1 800 \u20ac o m\u00e1s. En este contexto, <strong>son los m\u00e1s j\u00f3venes (259,60 \u20ac) quienes menos gastar\u00e1n en regalos estas Navidades.<\/strong><\/p>\n<p>Por comunidades, <strong>canarios (546,1 \u20ac), extreme\u00f1os (545,5 \u20ac) y castellanomanchegos (505,1 \u20ac) son los que m\u00e1s gastar\u00e1n por persona <\/strong>en regalos estas navidades, mientras que<strong> <\/strong>los ciudadanos de las comunidades<strong> <\/strong>de <strong>Baleares (181,6 \u20ac), Arag\u00f3n (268,2 \u20ac) y Cantabria (305 \u20ac) ser\u00e1n los que menos.<\/strong><\/p>\n<p>E<strong>l<\/strong><strong> <\/strong><strong>41,6 % de los espa\u00f1oles <\/strong>reconoce tener en cuenta las<strong> estrategias de marketing que ofrecen descuentos a la hora de comprar sus regalos de Navidad<\/strong> y aunque un <strong>35 % dice no tenerlo en cuenta<\/strong>, <strong>el 23,4 % asegura que depende del producto<\/strong>.<\/p>\n<p><strong>La financiaci\u00f3n, clave para las compras navide\u00f1as entre los j\u00f3venes espa\u00f1oles<\/strong><br \/>\nEn un contexto marcado por el incremento del consumo y los gastos relacionados con las fiestas, <strong>1 de cada 4 espa\u00f1oles (25,8 %) se ha planteado alg\u00fan tipo de financiaci\u00f3n<\/strong> para sus compras navide\u00f1as. El <strong>6,4 % afirma que solicitar\u00e1 un pr\u00e9stamo personal y el 19,4 % aplazar\u00e1 pagos<\/strong> de las compras si el comercio se lo permite. Son <strong>los m\u00e1s j\u00f3venes<\/strong> (13,1 %), <strong>las personas con menos ingresos en sus hogares <\/strong>(9,5 %) y <strong>los hombres<\/strong> (8,3 %)<strong> <\/strong>quienes, en mayor medida, se plantean solicitar un pr\u00e9stamo personal para pagar sus compras navide\u00f1as.<br \/>\nEl<strong> 26,7 % de los espa\u00f1oles indica que no les interesa que un establecimiento les ofrezca alguna forma de financiaci\u00f3n<\/strong>, ya que no las usa, mientras que un <strong>8,2 % asegura que solo compra en tiendas que ofrecen financiaci\u00f3n.<\/strong><\/p>\n<p><strong>\u00bfQu\u00e9 regalan los espa\u00f1oles en Navidad?<br \/>\nLa moda (52,6 %), la tecnolog\u00eda (46,1 %) y los viajes (29,1 %)<\/strong> se consolidan como las opciones preferidas de los consumidores espa\u00f1oles en sus compras navide\u00f1as. Por g\u00e9nero, las <strong>mujeres realizar\u00e1n m\u00e1s gasto en moda (58,4 %), salud y bienestar (33,5 %), productos de belleza (37,4 %) y juguetes (27,9 %)<\/strong>, mientras que los <strong>hombres destinar\u00e1n m\u00e1s presupuesto a la tecnolog\u00eda (55,6 %).<\/strong><\/p>\n<p>\u00bfTienda online o f\u00edsica para comprar los regalos de Navidad<strong>? Casi 4 de cada 10 espa\u00f1oles (38,6 %)<\/strong> <strong>indican que prefieren las tiendas f\u00edsicas para poder ver y elegir lo que compran<\/strong>, mientras que un <strong>31,9 % opta por los comercios online<\/strong> para poder realizar las compras desde la comodidad de su casa. No obstante, <strong>1 de cada 3 espa\u00f1oles indica que prefiere combinar ambas opciones<\/strong>. Los m\u00e1s j\u00f3venes (56,6 %), y las personas con menores ingresos en sus hogares (49 %) son quienes, en mayor medida que el resto, prefieren las tiendas f\u00edsicas, frente a los espa\u00f1oles de 35 a 44 a\u00f1os (42 %) y aquellos con ingresos de entre 3.000 y 4.000 euros (38 %)<strong>,<\/strong> que prefieren las tiendas online. Las personas de mayor edad (56,6 %) y aquellos con mayores ingresos<strong> <\/strong>en sus hogares (38,5 %) son los que m\u00e1s combinan ambas opciones.<\/p>\n<p>Para<strong> <\/strong><strong>Xochitl Gonzalez Mora, CMO de Oney Espa\u00f1a de<\/strong> <strong>Oney, <\/strong>\u00abel Black Friday es un punto de inflexi\u00f3n para el consumo navide\u00f1o en Espa\u00f1a. Lejos de limitarse a descuentos puntuales, act\u00faa como un potente reclamo que anima a los espa\u00f1oles a adelantar y organizar sus compras, destinando parte importante de su presupuesto a los regalos navide\u00f1os. En este marco, contar con soluciones de pago flexibles y responsables es clave para ayudarles a planificar mejor y vivir unas fiestas con mayor tranquilidad\u00bb.<\/p>\n<\/div>\n","protected":false},"featured_media":24062,"template":"","meta":{"_acf_changed":false},"acf":[],"yoast_head":"<!-- This site is optimized with the Yoast SEO plugin v22.7 - https:\/\/yoast.com\/wordpress\/plugins\/seo\/ -->\n<title>El Black Friday impulsa el gasto navide\u00f1o: los espa\u00f1oles gastar\u00e1n casi 411\u20ac de media en regalos, seg\u00fan Oney - Blog Club del Emprendimiento<\/title>\n<meta name=\"robots\" content=\"index, follow, max-snippet:-1, max-image-preview:large, max-video-preview:-1\" \/>\n<link rel=\"canonical\" href=\"https:\/\/www.clubdelemprendimiento.com\/blog\/noticia-corporativa\/el-black-friday-impulsa-el-gasto-navideno-los-espanoles-gastaran-casi-411e-de-media-en-regalos-segun-oney\/\" \/>\n<meta property=\"og:locale\" content=\"es_ES\" \/>\n<meta property=\"og:type\" content=\"article\" \/>\n<meta property=\"og:title\" content=\"El Black Friday impulsa el gasto navide\u00f1o: los espa\u00f1oles gastar\u00e1n casi 411\u20ac de media en regalos, seg\u00fan Oney - Blog Club del Emprendimiento\" \/>\n<meta property=\"og:description\" content=\"8 de cada 10 espa\u00f1oles (81,9 %), aseguran que aprovechar\u00e1n las ofertas que les&hellip;\" \/>\n<meta property=\"og:url\" content=\"https:\/\/www.clubdelemprendimiento.com\/blog\/noticia-corporativa\/el-black-friday-impulsa-el-gasto-navideno-los-espanoles-gastaran-casi-411e-de-media-en-regalos-segun-oney\/\" \/>\n<meta property=\"og:site_name\" content=\"Blog Club del Emprendimiento\" \/>\n<meta property=\"og:image\" content=\"https:\/\/www.clubdelemprendimiento.com\/blog\/wp-content\/uploads\/2025\/11\/Infografa_Black_Friday_y_Navidad_Oney.jpg\" \/>\n<meta name=\"twitter:card\" content=\"summary_large_image\" \/>\n<meta name=\"twitter:label1\" content=\"Tiempo de lectura\" \/>\n\t<meta name=\"twitter:data1\" content=\"4 minutos\" \/>\n<script type=\"application\/ld+json\" class=\"yoast-schema-graph\">{\"@context\":\"https:\/\/schema.org\",\"@graph\":[{\"@type\":\"WebPage\",\"@id\":\"https:\/\/www.clubdelemprendimiento.com\/blog\/noticia-corporativa\/el-black-friday-impulsa-el-gasto-navideno-los-espanoles-gastaran-casi-411e-de-media-en-regalos-segun-oney\/\",\"url\":\"https:\/\/www.clubdelemprendimiento.com\/blog\/noticia-corporativa\/el-black-friday-impulsa-el-gasto-navideno-los-espanoles-gastaran-casi-411e-de-media-en-regalos-segun-oney\/\",\"name\":\"El Black Friday impulsa el gasto navide\u00f1o: los espa\u00f1oles gastar\u00e1n casi 411\u20ac de media en regalos, seg\u00fan Oney - Blog Club del Emprendimiento\",\"isPartOf\":{\"@id\":\"https:\/\/www.clubdelemprendimiento.com\/blog\/#website\"},\"primaryImageOfPage\":{\"@id\":\"https:\/\/www.clubdelemprendimiento.com\/blog\/noticia-corporativa\/el-black-friday-impulsa-el-gasto-navideno-los-espanoles-gastaran-casi-411e-de-media-en-regalos-segun-oney\/#primaryimage\"},\"image\":{\"@id\":\"https:\/\/www.clubdelemprendimiento.com\/blog\/noticia-corporativa\/el-black-friday-impulsa-el-gasto-navideno-los-espanoles-gastaran-casi-411e-de-media-en-regalos-segun-oney\/#primaryimage\"},\"thumbnailUrl\":\"https:\/\/www.clubdelemprendimiento.com\/blog\/wp-content\/uploads\/2025\/11\/Infografa_Black_Friday_y_Navidad_Oney-scaled.jpg\",\"datePublished\":\"2025-11-24T13:04:57+00:00\",\"dateModified\":\"2025-11-24T13:04:57+00:00\",\"breadcrumb\":{\"@id\":\"https:\/\/www.clubdelemprendimiento.com\/blog\/noticia-corporativa\/el-black-friday-impulsa-el-gasto-navideno-los-espanoles-gastaran-casi-411e-de-media-en-regalos-segun-oney\/#breadcrumb\"},\"inLanguage\":\"es\",\"potentialAction\":[{\"@type\":\"ReadAction\",\"target\":[\"https:\/\/www.clubdelemprendimiento.com\/blog\/noticia-corporativa\/el-black-friday-impulsa-el-gasto-navideno-los-espanoles-gastaran-casi-411e-de-media-en-regalos-segun-oney\/\"]}]},{\"@type\":\"ImageObject\",\"inLanguage\":\"es\",\"@id\":\"https:\/\/www.clubdelemprendimiento.com\/blog\/noticia-corporativa\/el-black-friday-impulsa-el-gasto-navideno-los-espanoles-gastaran-casi-411e-de-media-en-regalos-segun-oney\/#primaryimage\",\"url\":\"https:\/\/www.clubdelemprendimiento.com\/blog\/wp-content\/uploads\/2025\/11\/Infografa_Black_Friday_y_Navidad_Oney-scaled.jpg\",\"contentUrl\":\"https:\/\/www.clubdelemprendimiento.com\/blog\/wp-content\/uploads\/2025\/11\/Infografa_Black_Friday_y_Navidad_Oney-scaled.jpg\",\"width\":892,\"height\":2560},{\"@type\":\"BreadcrumbList\",\"@id\":\"https:\/\/www.clubdelemprendimiento.com\/blog\/noticia-corporativa\/el-black-friday-impulsa-el-gasto-navideno-los-espanoles-gastaran-casi-411e-de-media-en-regalos-segun-oney\/#breadcrumb\",\"itemListElement\":[{\"@type\":\"ListItem\",\"position\":1,\"name\":\"Home\",\"item\":\"https:\/\/www.clubdelemprendimiento.com\/blog\/\"},{\"@type\":\"ListItem\",\"position\":2,\"name\":\"Noticias Corporativas\",\"item\":\"https:\/\/www.clubdelemprendimiento.com\/blog\/noticias-corporativas\/\"},{\"@type\":\"ListItem\",\"position\":3,\"name\":\"El Black Friday impulsa el gasto navide\u00f1o: los espa\u00f1oles gastar\u00e1n casi 411\u20ac de media en regalos, seg\u00fan Oney\"}]},{\"@type\":\"WebSite\",\"@id\":\"https:\/\/www.clubdelemprendimiento.com\/blog\/#website\",\"url\":\"https:\/\/www.clubdelemprendimiento.com\/blog\/\",\"name\":\"Blog Club del Emprendimiento\",\"description\":\"\",\"potentialAction\":[{\"@type\":\"SearchAction\",\"target\":{\"@type\":\"EntryPoint\",\"urlTemplate\":\"https:\/\/www.clubdelemprendimiento.com\/blog\/?s={search_term_string}\"},\"query-input\":\"required name=search_term_string\"}],\"inLanguage\":\"es\"}]}<\/script>\n<!-- \/ Yoast SEO plugin. -->","yoast_head_json":{"title":"El Black Friday impulsa el gasto navide\u00f1o: los espa\u00f1oles gastar\u00e1n casi 411\u20ac de media en regalos, seg\u00fan Oney - Blog Club del Emprendimiento","robots":{"index":"index","follow":"follow","max-snippet":"max-snippet:-1","max-image-preview":"max-image-preview:large","max-video-preview":"max-video-preview:-1"},"canonical":"https:\/\/www.clubdelemprendimiento.com\/blog\/noticia-corporativa\/el-black-friday-impulsa-el-gasto-navideno-los-espanoles-gastaran-casi-411e-de-media-en-regalos-segun-oney\/","og_locale":"es_ES","og_type":"article","og_title":"El Black Friday impulsa el gasto navide\u00f1o: los espa\u00f1oles gastar\u00e1n casi 411\u20ac de media en regalos, seg\u00fan Oney - Blog Club del Emprendimiento","og_description":"8 de cada 10 espa\u00f1oles (81,9 %), aseguran que aprovechar\u00e1n las ofertas que les&hellip;","og_url":"https:\/\/www.clubdelemprendimiento.com\/blog\/noticia-corporativa\/el-black-friday-impulsa-el-gasto-navideno-los-espanoles-gastaran-casi-411e-de-media-en-regalos-segun-oney\/","og_site_name":"Blog Club del Emprendimiento","og_image":[{"url":"https:\/\/www.clubdelemprendimiento.com\/blog\/wp-content\/uploads\/2025\/11\/Infografa_Black_Friday_y_Navidad_Oney.jpg"}],"twitter_card":"summary_large_image","twitter_misc":{"Tiempo de lectura":"4 minutos"},"schema":{"@context":"https:\/\/schema.org","@graph":[{"@type":"WebPage","@id":"https:\/\/www.clubdelemprendimiento.com\/blog\/noticia-corporativa\/el-black-friday-impulsa-el-gasto-navideno-los-espanoles-gastaran-casi-411e-de-media-en-regalos-segun-oney\/","url":"https:\/\/www.clubdelemprendimiento.com\/blog\/noticia-corporativa\/el-black-friday-impulsa-el-gasto-navideno-los-espanoles-gastaran-casi-411e-de-media-en-regalos-segun-oney\/","name":"El Black Friday impulsa el gasto navide\u00f1o: los espa\u00f1oles gastar\u00e1n casi 411\u20ac de media en regalos, seg\u00fan Oney - Blog Club del Emprendimiento","isPartOf":{"@id":"https:\/\/www.clubdelemprendimiento.com\/blog\/#website"},"primaryImageOfPage":{"@id":"https:\/\/www.clubdelemprendimiento.com\/blog\/noticia-corporativa\/el-black-friday-impulsa-el-gasto-navideno-los-espanoles-gastaran-casi-411e-de-media-en-regalos-segun-oney\/#primaryimage"},"image":{"@id":"https:\/\/www.clubdelemprendimiento.com\/blog\/noticia-corporativa\/el-black-friday-impulsa-el-gasto-navideno-los-espanoles-gastaran-casi-411e-de-media-en-regalos-segun-oney\/#primaryimage"},"thumbnailUrl":"https:\/\/www.clubdelemprendimiento.com\/blog\/wp-content\/uploads\/2025\/11\/Infografa_Black_Friday_y_Navidad_Oney-scaled.jpg","datePublished":"2025-11-24T13:04:57+00:00","dateModified":"2025-11-24T13:04:57+00:00","breadcrumb":{"@id":"https:\/\/www.clubdelemprendimiento.com\/blog\/noticia-corporativa\/el-black-friday-impulsa-el-gasto-navideno-los-espanoles-gastaran-casi-411e-de-media-en-regalos-segun-oney\/#breadcrumb"},"inLanguage":"es","potentialAction":[{"@type":"ReadAction","target":["https:\/\/www.clubdelemprendimiento.com\/blog\/noticia-corporativa\/el-black-friday-impulsa-el-gasto-navideno-los-espanoles-gastaran-casi-411e-de-media-en-regalos-segun-oney\/"]}]},{"@type":"ImageObject","inLanguage":"es","@id":"https:\/\/www.clubdelemprendimiento.com\/blog\/noticia-corporativa\/el-black-friday-impulsa-el-gasto-navideno-los-espanoles-gastaran-casi-411e-de-media-en-regalos-segun-oney\/#primaryimage","url":"https:\/\/www.clubdelemprendimiento.com\/blog\/wp-content\/uploads\/2025\/11\/Infografa_Black_Friday_y_Navidad_Oney-scaled.jpg","contentUrl":"https:\/\/www.clubdelemprendimiento.com\/blog\/wp-content\/uploads\/2025\/11\/Infografa_Black_Friday_y_Navidad_Oney-scaled.jpg","width":892,"height":2560},{"@type":"BreadcrumbList","@id":"https:\/\/www.clubdelemprendimiento.com\/blog\/noticia-corporativa\/el-black-friday-impulsa-el-gasto-navideno-los-espanoles-gastaran-casi-411e-de-media-en-regalos-segun-oney\/#breadcrumb","itemListElement":[{"@type":"ListItem","position":1,"name":"Home","item":"https:\/\/www.clubdelemprendimiento.com\/blog\/"},{"@type":"ListItem","position":2,"name":"Noticias Corporativas","item":"https:\/\/www.clubdelemprendimiento.com\/blog\/noticias-corporativas\/"},{"@type":"ListItem","position":3,"name":"El Black Friday impulsa el gasto navide\u00f1o: los espa\u00f1oles gastar\u00e1n casi 411\u20ac de media en regalos, seg\u00fan Oney"}]},{"@type":"WebSite","@id":"https:\/\/www.clubdelemprendimiento.com\/blog\/#website","url":"https:\/\/www.clubdelemprendimiento.com\/blog\/","name":"Blog Club del Emprendimiento","description":"","potentialAction":[{"@type":"SearchAction","target":{"@type":"EntryPoint","urlTemplate":"https:\/\/www.clubdelemprendimiento.com\/blog\/?s={search_term_string}"},"query-input":"required name=search_term_string"}],"inLanguage":"es"}]}},"_links":{"self":[{"href":"https:\/\/www.clubdelemprendimiento.com\/blog\/wp-json\/wp\/v2\/noticia-corporativa\/24061"}],"collection":[{"href":"https:\/\/www.clubdelemprendimiento.com\/blog\/wp-json\/wp\/v2\/noticia-corporativa"}],"about":[{"href":"https:\/\/www.clubdelemprendimiento.com\/blog\/wp-json\/wp\/v2\/types\/noticia-corporativa"}],"wp:featuredmedia":[{"embeddable":true,"href":"https:\/\/www.clubdelemprendimiento.com\/blog\/wp-json\/wp\/v2\/media\/24062"}],"wp:attachment":[{"href":"https:\/\/www.clubdelemprendimiento.com\/blog\/wp-json\/wp\/v2\/media?parent=24061"}],"curies":[{"name":"wp","href":"https:\/\/api.w.org\/{rel}","templated":true}]}}