{"id":24054,"date":"2025-11-24T12:04:57","date_gmt":"2025-11-24T12:04:57","guid":{"rendered":"https:\/\/www.clubdelemprendimiento.com\/blog\/noticia-corporativa\/realme-desvela-el-precio-del-gt-8-pro-1-199-e-para-su-version-mas-potente\/"},"modified":"2025-11-24T12:04:57","modified_gmt":"2025-11-24T12:04:57","slug":"realme-desvela-el-precio-del-gt-8-pro-1-199-e-para-su-version-mas-potente","status":"publish","type":"noticia-corporativa","link":"https:\/\/www.clubdelemprendimiento.com\/blog\/noticia-corporativa\/realme-desvela-el-precio-del-gt-8-pro-1-199-e-para-su-version-mas-potente\/","title":{"rendered":"realme desvela el precio del GT 8 Pro: 1.199 \u20ac para su versi\u00f3n m\u00e1s potente"},"content":{"rendered":"<div>\n<p><a href=\"https:\/\/www.clubdelemprendimiento.com\/blog\/wp-content\/uploads\/2025\/11\/realme_GT_8_Pro_2.jpg\" target=\"_blank\" class=\"fotonota\" rel=\"noopener\"> <img decoding=\"async\" src=\"https:\/\/www.clubdelemprendimiento.com\/blog\/wp-content\/uploads\/2025\/11\/realme_GT_8_Pro_2.jpg\" style=\"max-width:600px;\" border=\"0\" class=\"postImage\" alt=\"\"><\/a><\/p>\n<p>El nuevo realme GT 8 Pro (16 GB + 512 GB) llega al mercado espa\u00f1ol con un precio de 1.199 euros, consolidando su posici\u00f3n como el buque insignia m\u00e1s avanzado de la marca. El lanzamiento oficial en Espa\u00f1a tendr\u00e1 lugar el pr\u00f3ximo 2 de diciembre en Madrid. El nuevo flagship destaca por su rendimiento con Snapdragon 8 Elite Gen 5, su c\u00e1mara modular pionera en el mercado y la nueva realme UI 7.0 potenciada por IA<\/p>\n<p><\/p>\n<p>realme ha anunciado el precio oficial de su modelo <strong>realme GT 8 Pro<\/strong> en su configuraci\u00f3n m\u00e1s avanzada, con <strong>16 GB de RAM y 512 GB de almacenamiento interno<\/strong>, que estar\u00e1 disponible en Espa\u00f1a por <strong>1.199 euros<\/strong>. La compa\u00f1\u00eda celebrar\u00e1 el <strong>lanzamiento oficial del dispositivo el pr\u00f3ximo 2 de diciembre en Madrid<\/strong>, una cita en la que desvelar\u00e1 todos los detalles de la llegada del nuevo flagship al mercado espa\u00f1ol.\u00a0Adem\u00e1s, tras el Black Friday, la marca llevar\u00e1 a cabo ofertas exclusivas en toda su gama GT, incluyendo el GT 8 Pro, dentro de su estrategia por democratizar la tecnolog\u00eda de alto rendimiento.<\/p>\n<p><strong>Rendimiento extremo con Snapdragon 8 Elite Gen 5<\/strong><br \/>\nEl realme GT 8 Pro es uno de los primeros smartphones del mercado en incorporar el <strong>procesador Snapdragon 8 Elite Gen 5<\/strong>, el chip m\u00e1s potente de Qualcomm hasta la fecha. Este procesador est\u00e1 dise\u00f1ado para ofrecer un rendimiento excepcional en tareas intensivas, desde juegos hasta creaci\u00f3n de contenido, combinando eficiencia energ\u00e9tica con un poder de procesamiento sin precedentes.<\/p>\n<p><strong>Dise\u00f1o modular e innovaci\u00f3n en fotograf\u00eda m\u00f3vil<\/strong><br \/>\nEl GT 8 Pro marca un antes y un despu\u00e9s en la fotograf\u00eda m\u00f3vil gracias a su <strong>colaboraci\u00f3n con RICOH IMAGING<\/strong>, responsable de la ic\u00f3nica serie RICOH GR. Esta alianza ha permitido integrar en el dispositivo una experiencia fotogr\u00e1fica inspirada en el legado de las c\u00e1maras GR, combinando <strong>\u00f3ptica avanzada, control preciso y tonos cl\u00e1sicos<\/strong> que evocan la fotograf\u00eda callejera profesional.<\/p>\n<p>Su <strong><em>Modo RICOH GR<\/em><\/strong> recrea fielmente la filosof\u00eda y est\u00e9tica de GR. Con un simple gesto, se accede a una interfaz personalizada que replica la velocidad de arranque de las c\u00e1maras RICOH GR. Incluye incluso el caracter\u00edstico sonido de disparo del obturador de la RICOH GR IV, para reforzar la sensaci\u00f3n de capturar el momento. Su <strong><em>Modo Snap<\/em><\/strong> permite predefinir con precisi\u00f3n la distancia de enfoque para obtener fotograf\u00edas n\u00edtidas e inmediatas, sin esperas.<\/p>\n<p>Por otro lado, el GT 8 Pro introduce <strong>la primera c\u00e1mara con m\u00f3dulo intercambiable del mercado<\/strong>. Este nuevo concepto permite a los usuarios personalizar su dispositivo de formas nunca vistas, marcando el inicio de una nueva era de individualidad en el dise\u00f1o de los smartphones de gama alta. Esta innovaci\u00f3n de hardware convierte la <strong>cubierta de la lente en un componente f\u00e1cilmente reemplazable<\/strong>, permitiendo cambiar el aspecto del dispositivo mediante un sencillo y preciso proceso manual: basta con desenroscar el m\u00f3dulo original, elegir el nuevo dise\u00f1o y fijarlo con un clic de bloqueo seguro.\u00a0<\/p>\n<p>El realme GT 8 Pro incorpora la nueva <strong>realme UI 7.0<\/strong>, una versi\u00f3n del sistema basada en Android 16 que introduce una interfaz m\u00e1s intuitiva, personal y est\u00e9tica. Su <strong>dise\u00f1o Light Glass<\/strong> combina transparencias, efectos de profundidad y colores sutiles, creando una experiencia visual fluida y moderna. Entre sus funciones m\u00e1s destacadas se encuentran <strong>AI Notify Brief<\/strong>, que resume notificaciones y recordatorios importantes, y <strong>AI Framing Master<\/strong>, que ayuda a encuadrar mejor las fotos gracias a la inteligencia artificial.\u00a0<\/p>\n<p>Para descargar im\u00e1genes del realme GT 8 Pro, <a href=\"https:\/\/mega.nz\/folder\/PwhnxbjT#hRFLzErnwhw1qf4ka88L_Q\" rel=\"nofollow\"><strong>pinchar\u00a0aqu\u00ed<\/strong><\/a>.<\/p>\n<\/div>\n","protected":false},"featured_media":24055,"template":"","meta":{"_acf_changed":false},"acf":[],"yoast_head":"<!-- This site is optimized with the Yoast SEO plugin v22.7 - https:\/\/yoast.com\/wordpress\/plugins\/seo\/ -->\n<title>realme desvela el precio del GT 8 Pro: 1.199 \u20ac para su versi\u00f3n m\u00e1s potente - Blog Club del Emprendimiento<\/title>\n<meta name=\"robots\" content=\"index, follow, max-snippet:-1, max-image-preview:large, max-video-preview:-1\" \/>\n<link rel=\"canonical\" href=\"https:\/\/www.clubdelemprendimiento.com\/blog\/noticia-corporativa\/realme-desvela-el-precio-del-gt-8-pro-1-199-e-para-su-version-mas-potente\/\" \/>\n<meta property=\"og:locale\" content=\"es_ES\" \/>\n<meta property=\"og:type\" content=\"article\" \/>\n<meta property=\"og:title\" content=\"realme desvela el precio del GT 8 Pro: 1.199 \u20ac para su versi\u00f3n m\u00e1s potente - Blog Club del Emprendimiento\" \/>\n<meta property=\"og:description\" content=\"El nuevo realme GT 8 Pro (16 GB + 512 GB) llega al mercado&hellip;\" \/>\n<meta property=\"og:url\" content=\"https:\/\/www.clubdelemprendimiento.com\/blog\/noticia-corporativa\/realme-desvela-el-precio-del-gt-8-pro-1-199-e-para-su-version-mas-potente\/\" \/>\n<meta property=\"og:site_name\" content=\"Blog Club del Emprendimiento\" \/>\n<meta property=\"og:image\" content=\"https:\/\/www.clubdelemprendimiento.com\/blog\/wp-content\/uploads\/2025\/11\/realme_GT_8_Pro_2.jpg\" \/>\n<meta name=\"twitter:card\" content=\"summary_large_image\" \/>\n<meta name=\"twitter:label1\" content=\"Tiempo de lectura\" \/>\n\t<meta name=\"twitter:data1\" content=\"3 minutos\" \/>\n<script type=\"application\/ld+json\" class=\"yoast-schema-graph\">{\"@context\":\"https:\/\/schema.org\",\"@graph\":[{\"@type\":\"WebPage\",\"@id\":\"https:\/\/www.clubdelemprendimiento.com\/blog\/noticia-corporativa\/realme-desvela-el-precio-del-gt-8-pro-1-199-e-para-su-version-mas-potente\/\",\"url\":\"https:\/\/www.clubdelemprendimiento.com\/blog\/noticia-corporativa\/realme-desvela-el-precio-del-gt-8-pro-1-199-e-para-su-version-mas-potente\/\",\"name\":\"realme desvela el precio del GT 8 Pro: 1.199 \u20ac para su versi\u00f3n m\u00e1s potente - Blog Club del Emprendimiento\",\"isPartOf\":{\"@id\":\"https:\/\/www.clubdelemprendimiento.com\/blog\/#website\"},\"primaryImageOfPage\":{\"@id\":\"https:\/\/www.clubdelemprendimiento.com\/blog\/noticia-corporativa\/realme-desvela-el-precio-del-gt-8-pro-1-199-e-para-su-version-mas-potente\/#primaryimage\"},\"image\":{\"@id\":\"https:\/\/www.clubdelemprendimiento.com\/blog\/noticia-corporativa\/realme-desvela-el-precio-del-gt-8-pro-1-199-e-para-su-version-mas-potente\/#primaryimage\"},\"thumbnailUrl\":\"https:\/\/www.clubdelemprendimiento.com\/blog\/wp-content\/uploads\/2025\/11\/realme_GT_8_Pro_2.jpg\",\"datePublished\":\"2025-11-24T12:04:57+00:00\",\"dateModified\":\"2025-11-24T12:04:57+00:00\",\"breadcrumb\":{\"@id\":\"https:\/\/www.clubdelemprendimiento.com\/blog\/noticia-corporativa\/realme-desvela-el-precio-del-gt-8-pro-1-199-e-para-su-version-mas-potente\/#breadcrumb\"},\"inLanguage\":\"es\",\"potentialAction\":[{\"@type\":\"ReadAction\",\"target\":[\"https:\/\/www.clubdelemprendimiento.com\/blog\/noticia-corporativa\/realme-desvela-el-precio-del-gt-8-pro-1-199-e-para-su-version-mas-potente\/\"]}]},{\"@type\":\"ImageObject\",\"inLanguage\":\"es\",\"@id\":\"https:\/\/www.clubdelemprendimiento.com\/blog\/noticia-corporativa\/realme-desvela-el-precio-del-gt-8-pro-1-199-e-para-su-version-mas-potente\/#primaryimage\",\"url\":\"https:\/\/www.clubdelemprendimiento.com\/blog\/wp-content\/uploads\/2025\/11\/realme_GT_8_Pro_2.jpg\",\"contentUrl\":\"https:\/\/www.clubdelemprendimiento.com\/blog\/wp-content\/uploads\/2025\/11\/realme_GT_8_Pro_2.jpg\",\"width\":1253,\"height\":857},{\"@type\":\"BreadcrumbList\",\"@id\":\"https:\/\/www.clubdelemprendimiento.com\/blog\/noticia-corporativa\/realme-desvela-el-precio-del-gt-8-pro-1-199-e-para-su-version-mas-potente\/#breadcrumb\",\"itemListElement\":[{\"@type\":\"ListItem\",\"position\":1,\"name\":\"Home\",\"item\":\"https:\/\/www.clubdelemprendimiento.com\/blog\/\"},{\"@type\":\"ListItem\",\"position\":2,\"name\":\"Noticias Corporativas\",\"item\":\"https:\/\/www.clubdelemprendimiento.com\/blog\/noticias-corporativas\/\"},{\"@type\":\"ListItem\",\"position\":3,\"name\":\"realme desvela el precio del GT 8 Pro: 1.199 \u20ac para su versi\u00f3n m\u00e1s potente\"}]},{\"@type\":\"WebSite\",\"@id\":\"https:\/\/www.clubdelemprendimiento.com\/blog\/#website\",\"url\":\"https:\/\/www.clubdelemprendimiento.com\/blog\/\",\"name\":\"Blog Club del Emprendimiento\",\"description\":\"\",\"potentialAction\":[{\"@type\":\"SearchAction\",\"target\":{\"@type\":\"EntryPoint\",\"urlTemplate\":\"https:\/\/www.clubdelemprendimiento.com\/blog\/?s={search_term_string}\"},\"query-input\":\"required name=search_term_string\"}],\"inLanguage\":\"es\"}]}<\/script>\n<!-- \/ Yoast SEO plugin. -->","yoast_head_json":{"title":"realme desvela el precio del GT 8 Pro: 1.199 \u20ac para su versi\u00f3n m\u00e1s potente - Blog Club del Emprendimiento","robots":{"index":"index","follow":"follow","max-snippet":"max-snippet:-1","max-image-preview":"max-image-preview:large","max-video-preview":"max-video-preview:-1"},"canonical":"https:\/\/www.clubdelemprendimiento.com\/blog\/noticia-corporativa\/realme-desvela-el-precio-del-gt-8-pro-1-199-e-para-su-version-mas-potente\/","og_locale":"es_ES","og_type":"article","og_title":"realme desvela el precio del GT 8 Pro: 1.199 \u20ac para su versi\u00f3n m\u00e1s potente - Blog Club del Emprendimiento","og_description":"El nuevo realme GT 8 Pro (16 GB + 512 GB) llega al mercado&hellip;","og_url":"https:\/\/www.clubdelemprendimiento.com\/blog\/noticia-corporativa\/realme-desvela-el-precio-del-gt-8-pro-1-199-e-para-su-version-mas-potente\/","og_site_name":"Blog Club del Emprendimiento","og_image":[{"url":"https:\/\/www.clubdelemprendimiento.com\/blog\/wp-content\/uploads\/2025\/11\/realme_GT_8_Pro_2.jpg"}],"twitter_card":"summary_large_image","twitter_misc":{"Tiempo de lectura":"3 minutos"},"schema":{"@context":"https:\/\/schema.org","@graph":[{"@type":"WebPage","@id":"https:\/\/www.clubdelemprendimiento.com\/blog\/noticia-corporativa\/realme-desvela-el-precio-del-gt-8-pro-1-199-e-para-su-version-mas-potente\/","url":"https:\/\/www.clubdelemprendimiento.com\/blog\/noticia-corporativa\/realme-desvela-el-precio-del-gt-8-pro-1-199-e-para-su-version-mas-potente\/","name":"realme desvela el precio del GT 8 Pro: 1.199 \u20ac para su versi\u00f3n m\u00e1s potente - Blog Club del Emprendimiento","isPartOf":{"@id":"https:\/\/www.clubdelemprendimiento.com\/blog\/#website"},"primaryImageOfPage":{"@id":"https:\/\/www.clubdelemprendimiento.com\/blog\/noticia-corporativa\/realme-desvela-el-precio-del-gt-8-pro-1-199-e-para-su-version-mas-potente\/#primaryimage"},"image":{"@id":"https:\/\/www.clubdelemprendimiento.com\/blog\/noticia-corporativa\/realme-desvela-el-precio-del-gt-8-pro-1-199-e-para-su-version-mas-potente\/#primaryimage"},"thumbnailUrl":"https:\/\/www.clubdelemprendimiento.com\/blog\/wp-content\/uploads\/2025\/11\/realme_GT_8_Pro_2.jpg","datePublished":"2025-11-24T12:04:57+00:00","dateModified":"2025-11-24T12:04:57+00:00","breadcrumb":{"@id":"https:\/\/www.clubdelemprendimiento.com\/blog\/noticia-corporativa\/realme-desvela-el-precio-del-gt-8-pro-1-199-e-para-su-version-mas-potente\/#breadcrumb"},"inLanguage":"es","potentialAction":[{"@type":"ReadAction","target":["https:\/\/www.clubdelemprendimiento.com\/blog\/noticia-corporativa\/realme-desvela-el-precio-del-gt-8-pro-1-199-e-para-su-version-mas-potente\/"]}]},{"@type":"ImageObject","inLanguage":"es","@id":"https:\/\/www.clubdelemprendimiento.com\/blog\/noticia-corporativa\/realme-desvela-el-precio-del-gt-8-pro-1-199-e-para-su-version-mas-potente\/#primaryimage","url":"https:\/\/www.clubdelemprendimiento.com\/blog\/wp-content\/uploads\/2025\/11\/realme_GT_8_Pro_2.jpg","contentUrl":"https:\/\/www.clubdelemprendimiento.com\/blog\/wp-content\/uploads\/2025\/11\/realme_GT_8_Pro_2.jpg","width":1253,"height":857},{"@type":"BreadcrumbList","@id":"https:\/\/www.clubdelemprendimiento.com\/blog\/noticia-corporativa\/realme-desvela-el-precio-del-gt-8-pro-1-199-e-para-su-version-mas-potente\/#breadcrumb","itemListElement":[{"@type":"ListItem","position":1,"name":"Home","item":"https:\/\/www.clubdelemprendimiento.com\/blog\/"},{"@type":"ListItem","position":2,"name":"Noticias Corporativas","item":"https:\/\/www.clubdelemprendimiento.com\/blog\/noticias-corporativas\/"},{"@type":"ListItem","position":3,"name":"realme desvela el precio del GT 8 Pro: 1.199 \u20ac para su versi\u00f3n m\u00e1s potente"}]},{"@type":"WebSite","@id":"https:\/\/www.clubdelemprendimiento.com\/blog\/#website","url":"https:\/\/www.clubdelemprendimiento.com\/blog\/","name":"Blog Club del Emprendimiento","description":"","potentialAction":[{"@type":"SearchAction","target":{"@type":"EntryPoint","urlTemplate":"https:\/\/www.clubdelemprendimiento.com\/blog\/?s={search_term_string}"},"query-input":"required name=search_term_string"}],"inLanguage":"es"}]}},"_links":{"self":[{"href":"https:\/\/www.clubdelemprendimiento.com\/blog\/wp-json\/wp\/v2\/noticia-corporativa\/24054"}],"collection":[{"href":"https:\/\/www.clubdelemprendimiento.com\/blog\/wp-json\/wp\/v2\/noticia-corporativa"}],"about":[{"href":"https:\/\/www.clubdelemprendimiento.com\/blog\/wp-json\/wp\/v2\/types\/noticia-corporativa"}],"wp:featuredmedia":[{"embeddable":true,"href":"https:\/\/www.clubdelemprendimiento.com\/blog\/wp-json\/wp\/v2\/media\/24055"}],"wp:attachment":[{"href":"https:\/\/www.clubdelemprendimiento.com\/blog\/wp-json\/wp\/v2\/media?parent=24054"}],"curies":[{"name":"wp","href":"https:\/\/api.w.org\/{rel}","templated":true}]}}