{"id":24050,"date":"2025-11-24T11:04:36","date_gmt":"2025-11-24T11:04:36","guid":{"rendered":"https:\/\/www.clubdelemprendimiento.com\/blog\/noticia-corporativa\/grupo-prats-lanza-su-black-friday-con-promociones-exclusivas-que-parecen-de-otro-planeta\/"},"modified":"2025-11-24T11:04:36","modified_gmt":"2025-11-24T11:04:36","slug":"grupo-prats-lanza-su-black-friday-con-promociones-exclusivas-que-parecen-de-otro-planeta","status":"publish","type":"noticia-corporativa","link":"https:\/\/www.clubdelemprendimiento.com\/blog\/noticia-corporativa\/grupo-prats-lanza-su-black-friday-con-promociones-exclusivas-que-parecen-de-otro-planeta\/","title":{"rendered":"Grupo Prats lanza su Black Friday, con promociones exclusivas que parecen de otro planeta"},"content":{"rendered":"<div>\n<p><a href=\"https:\/\/www.clubdelemprendimiento.com\/blog\/wp-content\/uploads\/2025\/11\/950x500.jpg\" target=\"_blank\" class=\"fotonota\" rel=\"noopener\"> <img decoding=\"async\" src=\"https:\/\/www.clubdelemprendimiento.com\/blog\/wp-content\/uploads\/2025\/11\/950x500.jpg\" style=\"max-width:600px;\" border=\"0\" class=\"postImage\" alt=\"Grupo Prats lanza su Black Friday, con promociones exclusivas que parecen de otro planeta\"><\/a><\/p>\n<p>Del 20 al 30 de noviembre, Grupo Prats pone en marcha su campa\u00f1a Black Friday, dirigida a todos los \u00f3pticos-optometristas, que une atractivos incentivos tecnol\u00f3gicos con condiciones especiales, sus principales l\u00edneas de producto<\/p>\n<p><\/p>\n<p>Grupo Prats presenta su campa\u00f1a Black Friday 2025, que se desarrollar\u00e1 del 20 al 30 de noviembre de este mismo a\u00f1o, con promociones tan atractivas que parecen de otro planeta, reafirmando la voluntad de PRATS de ofrecer propuestas sorprendentes y de alto valor para el sector \u00f3ptico.<\/p>\n<p>Se trata de una iniciativa universal, abierta tanto a clientes actuales como a nuevos profesionales que deseen conocer las soluciones de PRATS. La campa\u00f1a incluye varias propuestas comerciales exclusivas, con precios especiales vinculados a las principales l\u00edneas de producto del grupo. Adem\u00e1s, se ofrecen atractivos regalos en cada modalidad: la promoci\u00f3n Black VIMAX incorpora un iPhone 17 Pro de 512 GB de regalo, la promoci\u00f3n Black ADAPTATIVE, una tablet Samsung A7 como obsequio y la promoci\u00f3n Black WaveFrontAI, un monitor de 32 pulgadas (con un soporte de pared y un conector).<\/p>\n<p>La mec\u00e1nica de participaci\u00f3n, como siempre, es muy sencilla, sin ninguna complicaci\u00f3n para el \u00f3ptico. Los interesados deber\u00e1n elegir la promoci\u00f3n que deseen y completar un formulario en la p\u00e1gina web. Posteriormente, el equipo comercial de PRATS se pondr\u00e1 en contacto con cada \u00f3ptica para ofrecer los detalles de la oferta. Se trata de una acci\u00f3n dirigida exclusivamente al canal profesional, pero que pone tambi\u00e9n a disposici\u00f3n de los \u00f3pticos recursos de marketing gen\u00e9ricos para sus clientes finales, como publicaciones para redes sociales o materiales para el punto de venta.<\/p>\n<p>Con esta iniciativa, PRATS refuerza su papel como aliado estrat\u00e9gico de las \u00f3pticas espa\u00f1olas, ofreciendo soluciones adaptadas a las necesidades reales del sector y una propuesta de valor centrada en la innovaci\u00f3n tecnol\u00f3gica, la cercan\u00eda y la formaci\u00f3n continua.<\/p>\n<\/div>\n","protected":false},"featured_media":24051,"template":"","meta":{"_acf_changed":false},"acf":[],"yoast_head":"<!-- This site is optimized with the Yoast SEO plugin v22.7 - https:\/\/yoast.com\/wordpress\/plugins\/seo\/ -->\n<title>Grupo Prats lanza su Black Friday, con promociones exclusivas que parecen de otro planeta - Blog Club del Emprendimiento<\/title>\n<meta name=\"robots\" content=\"index, follow, max-snippet:-1, max-image-preview:large, max-video-preview:-1\" \/>\n<link rel=\"canonical\" href=\"https:\/\/www.clubdelemprendimiento.com\/blog\/noticia-corporativa\/grupo-prats-lanza-su-black-friday-con-promociones-exclusivas-que-parecen-de-otro-planeta\/\" \/>\n<meta property=\"og:locale\" content=\"es_ES\" \/>\n<meta property=\"og:type\" content=\"article\" \/>\n<meta property=\"og:title\" content=\"Grupo Prats lanza su Black Friday, con promociones exclusivas que parecen de otro planeta - Blog Club del Emprendimiento\" \/>\n<meta property=\"og:description\" content=\"Del 20 al 30 de noviembre, Grupo Prats pone en marcha su campa\u00f1a Black&hellip;\" \/>\n<meta property=\"og:url\" content=\"https:\/\/www.clubdelemprendimiento.com\/blog\/noticia-corporativa\/grupo-prats-lanza-su-black-friday-con-promociones-exclusivas-que-parecen-de-otro-planeta\/\" \/>\n<meta property=\"og:site_name\" content=\"Blog Club del Emprendimiento\" \/>\n<meta property=\"og:image\" content=\"https:\/\/www.clubdelemprendimiento.com\/blog\/wp-content\/uploads\/2025\/11\/950x500.jpg\" \/>\n<meta name=\"twitter:card\" content=\"summary_large_image\" \/>\n<meta name=\"twitter:label1\" content=\"Tiempo de lectura\" \/>\n\t<meta name=\"twitter:data1\" content=\"2 minutos\" \/>\n<script type=\"application\/ld+json\" class=\"yoast-schema-graph\">{\"@context\":\"https:\/\/schema.org\",\"@graph\":[{\"@type\":\"WebPage\",\"@id\":\"https:\/\/www.clubdelemprendimiento.com\/blog\/noticia-corporativa\/grupo-prats-lanza-su-black-friday-con-promociones-exclusivas-que-parecen-de-otro-planeta\/\",\"url\":\"https:\/\/www.clubdelemprendimiento.com\/blog\/noticia-corporativa\/grupo-prats-lanza-su-black-friday-con-promociones-exclusivas-que-parecen-de-otro-planeta\/\",\"name\":\"Grupo Prats lanza su Black Friday, con promociones exclusivas que parecen de otro planeta - Blog Club del Emprendimiento\",\"isPartOf\":{\"@id\":\"https:\/\/www.clubdelemprendimiento.com\/blog\/#website\"},\"primaryImageOfPage\":{\"@id\":\"https:\/\/www.clubdelemprendimiento.com\/blog\/noticia-corporativa\/grupo-prats-lanza-su-black-friday-con-promociones-exclusivas-que-parecen-de-otro-planeta\/#primaryimage\"},\"image\":{\"@id\":\"https:\/\/www.clubdelemprendimiento.com\/blog\/noticia-corporativa\/grupo-prats-lanza-su-black-friday-con-promociones-exclusivas-que-parecen-de-otro-planeta\/#primaryimage\"},\"thumbnailUrl\":\"https:\/\/www.clubdelemprendimiento.com\/blog\/wp-content\/uploads\/2025\/11\/950x500.jpg\",\"datePublished\":\"2025-11-24T11:04:36+00:00\",\"dateModified\":\"2025-11-24T11:04:36+00:00\",\"breadcrumb\":{\"@id\":\"https:\/\/www.clubdelemprendimiento.com\/blog\/noticia-corporativa\/grupo-prats-lanza-su-black-friday-con-promociones-exclusivas-que-parecen-de-otro-planeta\/#breadcrumb\"},\"inLanguage\":\"es\",\"potentialAction\":[{\"@type\":\"ReadAction\",\"target\":[\"https:\/\/www.clubdelemprendimiento.com\/blog\/noticia-corporativa\/grupo-prats-lanza-su-black-friday-con-promociones-exclusivas-que-parecen-de-otro-planeta\/\"]}]},{\"@type\":\"ImageObject\",\"inLanguage\":\"es\",\"@id\":\"https:\/\/www.clubdelemprendimiento.com\/blog\/noticia-corporativa\/grupo-prats-lanza-su-black-friday-con-promociones-exclusivas-que-parecen-de-otro-planeta\/#primaryimage\",\"url\":\"https:\/\/www.clubdelemprendimiento.com\/blog\/wp-content\/uploads\/2025\/11\/950x500.jpg\",\"contentUrl\":\"https:\/\/www.clubdelemprendimiento.com\/blog\/wp-content\/uploads\/2025\/11\/950x500.jpg\",\"width\":951,\"height\":501,\"caption\":\"Grupo Prats lanza su Black Friday, con promociones exclusivas que parecen de otro planeta\"},{\"@type\":\"BreadcrumbList\",\"@id\":\"https:\/\/www.clubdelemprendimiento.com\/blog\/noticia-corporativa\/grupo-prats-lanza-su-black-friday-con-promociones-exclusivas-que-parecen-de-otro-planeta\/#breadcrumb\",\"itemListElement\":[{\"@type\":\"ListItem\",\"position\":1,\"name\":\"Home\",\"item\":\"https:\/\/www.clubdelemprendimiento.com\/blog\/\"},{\"@type\":\"ListItem\",\"position\":2,\"name\":\"Noticias Corporativas\",\"item\":\"https:\/\/www.clubdelemprendimiento.com\/blog\/noticias-corporativas\/\"},{\"@type\":\"ListItem\",\"position\":3,\"name\":\"Grupo Prats lanza su Black Friday, con promociones exclusivas que parecen de otro planeta\"}]},{\"@type\":\"WebSite\",\"@id\":\"https:\/\/www.clubdelemprendimiento.com\/blog\/#website\",\"url\":\"https:\/\/www.clubdelemprendimiento.com\/blog\/\",\"name\":\"Blog Club del Emprendimiento\",\"description\":\"\",\"potentialAction\":[{\"@type\":\"SearchAction\",\"target\":{\"@type\":\"EntryPoint\",\"urlTemplate\":\"https:\/\/www.clubdelemprendimiento.com\/blog\/?s={search_term_string}\"},\"query-input\":\"required name=search_term_string\"}],\"inLanguage\":\"es\"}]}<\/script>\n<!-- \/ Yoast SEO plugin. -->","yoast_head_json":{"title":"Grupo Prats lanza su Black Friday, con promociones exclusivas que parecen de otro planeta - Blog Club del Emprendimiento","robots":{"index":"index","follow":"follow","max-snippet":"max-snippet:-1","max-image-preview":"max-image-preview:large","max-video-preview":"max-video-preview:-1"},"canonical":"https:\/\/www.clubdelemprendimiento.com\/blog\/noticia-corporativa\/grupo-prats-lanza-su-black-friday-con-promociones-exclusivas-que-parecen-de-otro-planeta\/","og_locale":"es_ES","og_type":"article","og_title":"Grupo Prats lanza su Black Friday, con promociones exclusivas que parecen de otro planeta - Blog Club del Emprendimiento","og_description":"Del 20 al 30 de noviembre, Grupo Prats pone en marcha su campa\u00f1a Black&hellip;","og_url":"https:\/\/www.clubdelemprendimiento.com\/blog\/noticia-corporativa\/grupo-prats-lanza-su-black-friday-con-promociones-exclusivas-que-parecen-de-otro-planeta\/","og_site_name":"Blog Club del Emprendimiento","og_image":[{"url":"https:\/\/www.clubdelemprendimiento.com\/blog\/wp-content\/uploads\/2025\/11\/950x500.jpg"}],"twitter_card":"summary_large_image","twitter_misc":{"Tiempo de lectura":"2 minutos"},"schema":{"@context":"https:\/\/schema.org","@graph":[{"@type":"WebPage","@id":"https:\/\/www.clubdelemprendimiento.com\/blog\/noticia-corporativa\/grupo-prats-lanza-su-black-friday-con-promociones-exclusivas-que-parecen-de-otro-planeta\/","url":"https:\/\/www.clubdelemprendimiento.com\/blog\/noticia-corporativa\/grupo-prats-lanza-su-black-friday-con-promociones-exclusivas-que-parecen-de-otro-planeta\/","name":"Grupo Prats lanza su Black Friday, con promociones exclusivas que parecen de otro planeta - Blog Club del Emprendimiento","isPartOf":{"@id":"https:\/\/www.clubdelemprendimiento.com\/blog\/#website"},"primaryImageOfPage":{"@id":"https:\/\/www.clubdelemprendimiento.com\/blog\/noticia-corporativa\/grupo-prats-lanza-su-black-friday-con-promociones-exclusivas-que-parecen-de-otro-planeta\/#primaryimage"},"image":{"@id":"https:\/\/www.clubdelemprendimiento.com\/blog\/noticia-corporativa\/grupo-prats-lanza-su-black-friday-con-promociones-exclusivas-que-parecen-de-otro-planeta\/#primaryimage"},"thumbnailUrl":"https:\/\/www.clubdelemprendimiento.com\/blog\/wp-content\/uploads\/2025\/11\/950x500.jpg","datePublished":"2025-11-24T11:04:36+00:00","dateModified":"2025-11-24T11:04:36+00:00","breadcrumb":{"@id":"https:\/\/www.clubdelemprendimiento.com\/blog\/noticia-corporativa\/grupo-prats-lanza-su-black-friday-con-promociones-exclusivas-que-parecen-de-otro-planeta\/#breadcrumb"},"inLanguage":"es","potentialAction":[{"@type":"ReadAction","target":["https:\/\/www.clubdelemprendimiento.com\/blog\/noticia-corporativa\/grupo-prats-lanza-su-black-friday-con-promociones-exclusivas-que-parecen-de-otro-planeta\/"]}]},{"@type":"ImageObject","inLanguage":"es","@id":"https:\/\/www.clubdelemprendimiento.com\/blog\/noticia-corporativa\/grupo-prats-lanza-su-black-friday-con-promociones-exclusivas-que-parecen-de-otro-planeta\/#primaryimage","url":"https:\/\/www.clubdelemprendimiento.com\/blog\/wp-content\/uploads\/2025\/11\/950x500.jpg","contentUrl":"https:\/\/www.clubdelemprendimiento.com\/blog\/wp-content\/uploads\/2025\/11\/950x500.jpg","width":951,"height":501,"caption":"Grupo Prats lanza su Black Friday, con promociones exclusivas que parecen de otro planeta"},{"@type":"BreadcrumbList","@id":"https:\/\/www.clubdelemprendimiento.com\/blog\/noticia-corporativa\/grupo-prats-lanza-su-black-friday-con-promociones-exclusivas-que-parecen-de-otro-planeta\/#breadcrumb","itemListElement":[{"@type":"ListItem","position":1,"name":"Home","item":"https:\/\/www.clubdelemprendimiento.com\/blog\/"},{"@type":"ListItem","position":2,"name":"Noticias Corporativas","item":"https:\/\/www.clubdelemprendimiento.com\/blog\/noticias-corporativas\/"},{"@type":"ListItem","position":3,"name":"Grupo Prats lanza su Black Friday, con promociones exclusivas que parecen de otro planeta"}]},{"@type":"WebSite","@id":"https:\/\/www.clubdelemprendimiento.com\/blog\/#website","url":"https:\/\/www.clubdelemprendimiento.com\/blog\/","name":"Blog Club del Emprendimiento","description":"","potentialAction":[{"@type":"SearchAction","target":{"@type":"EntryPoint","urlTemplate":"https:\/\/www.clubdelemprendimiento.com\/blog\/?s={search_term_string}"},"query-input":"required name=search_term_string"}],"inLanguage":"es"}]}},"_links":{"self":[{"href":"https:\/\/www.clubdelemprendimiento.com\/blog\/wp-json\/wp\/v2\/noticia-corporativa\/24050"}],"collection":[{"href":"https:\/\/www.clubdelemprendimiento.com\/blog\/wp-json\/wp\/v2\/noticia-corporativa"}],"about":[{"href":"https:\/\/www.clubdelemprendimiento.com\/blog\/wp-json\/wp\/v2\/types\/noticia-corporativa"}],"wp:featuredmedia":[{"embeddable":true,"href":"https:\/\/www.clubdelemprendimiento.com\/blog\/wp-json\/wp\/v2\/media\/24051"}],"wp:attachment":[{"href":"https:\/\/www.clubdelemprendimiento.com\/blog\/wp-json\/wp\/v2\/media?parent=24050"}],"curies":[{"name":"wp","href":"https:\/\/api.w.org\/{rel}","templated":true}]}}