{"id":24038,"date":"2025-11-24T10:04:40","date_gmt":"2025-11-24T10:04:40","guid":{"rendered":"https:\/\/www.clubdelemprendimiento.com\/blog\/noticia-corporativa\/expertos-abogan-por-impulsar-un-registro-para-agentes-inmobiliarios-que-eleve-las-garantias-al-consumidor\/"},"modified":"2025-11-24T10:04:40","modified_gmt":"2025-11-24T10:04:40","slug":"expertos-abogan-por-impulsar-un-registro-para-agentes-inmobiliarios-que-eleve-las-garantias-al-consumidor","status":"publish","type":"noticia-corporativa","link":"https:\/\/www.clubdelemprendimiento.com\/blog\/noticia-corporativa\/expertos-abogan-por-impulsar-un-registro-para-agentes-inmobiliarios-que-eleve-las-garantias-al-consumidor\/","title":{"rendered":"Expertos abogan por impulsar un registro para agentes inmobiliarios que eleve las garant\u00edas al consumidor"},"content":{"rendered":"<div>\n<p><a href=\"https:\/\/www.clubdelemprendimiento.com\/blog\/wp-content\/uploads\/2025\/11\/foto_evenot_Amadei.jpg\" target=\"_blank\" class=\"fotonota\" rel=\"noopener\"> <img decoding=\"async\" src=\"https:\/\/www.clubdelemprendimiento.com\/blog\/wp-content\/uploads\/2025\/11\/foto_evenot_Amadei.jpg\" style=\"max-width:600px;\" border=\"0\" class=\"postImage\" alt=\"\"><\/a><\/p>\n<p>La III Jornada Amadei de Actualidad Inmobiliaria reuni\u00f3 a trescientos profesionales del sector, quienes analizaron el d\u00e9ficit de vivienda, la inseguridad jur\u00eddica, la importancia de una titulaci\u00f3n espec\u00edfica para los profesionales de la intermediaci\u00f3n y la necesidad de articular una voz \u00fanica para el sector<\/p>\n<p><\/p>\n<p>La creaci\u00f3n de un registro obligatorio de agentes inmobiliarios, el impulso a la formaci\u00f3n, una relaci\u00f3n m\u00e1s fluida con la Administraci\u00f3n y una lucha m\u00e1s eficaz contra la okupaci\u00f3n e inquiokupaci\u00f3n fueron algunas de las propuestas planteadas por los expertos para afrontar los desaf\u00edos del sector durante <strong>la III Jornada de Actualidad Inmobiliaria organizada por Asociaci\u00f3n Madrile\u00f1a de Empresas Inmobiliarias (Amadei),<\/strong> que reuni\u00f3 en Madrid a trescientos profesionales.<\/p>\n<p>En el encuentro, inaugurado por <strong>Jos\u00e9 Mar\u00eda Garc\u00eda G\u00f3mez, viceconsejero de Vivienda, Transportes e Infraestructuras de la Comunidad de Madrid<\/strong>, se insisti\u00f3 tambi\u00e9n en la necesidad de avanzar hacia una \u00abvoz \u00fanica\u00bb en el sector de la intermediaci\u00f3n inmobiliaria, un objetivo en el que ya se est\u00e1 trabajando, tal y como apunt\u00f3 <strong>Miguel \u00c1ngel G\u00f3mez Huecas, presidente de Amadei.<\/strong> \u00abPara el ciudadano, <strong>la inmobiliaria es un actor clave que aporta la seguridad y el conocimiento experto necesarios<\/strong> para navegar la complejidad legal y financiera del mercado de vivienda. Es vital que esta propuesta de valor se comunique claramente, siendo un esfuerzo colectivo que requiere la colaboraci\u00f3n del sector inmobiliario\u00bb, se\u00f1al\u00f3.\u00a0<\/p>\n<p>En la misma l\u00ednea, <strong>Ana Luengo, presidenta de AMPSI (Asociaci\u00f3n de Mujeres Profesionales del Sector Inmobiliario),<\/strong> subray\u00f3 que \u00abel mayor \u2018cisne negro\u2019 de la profesi\u00f3n es la percepci\u00f3n social del agente inmobiliario, una imagen que debe cambiar desde dentro, y para ello el tejido asociativo es fundamental\u00bb.<\/p>\n<p>Para conseguir esta mejora en la percepci\u00f3n del consumidor, los expertos coincidieron en la importancia de impulsar una acreditaci\u00f3n profesional. As\u00ed, <strong>Jos\u00e9 Manuel Fern\u00e1ndez, subdirector general de UCI (Uni\u00f3n de Cr\u00e9ditos Inmobiliarios),<\/strong> destac\u00f3 que para ejercer la profesi\u00f3n correctamente \u00abse necesita una formaci\u00f3n jur\u00eddica b\u00e1sica, ya que se est\u00e1 trabajando con el patrimonio de las familias\u00bb. El experto a\u00f1adi\u00f3 que, al igual que en Estados Unidos, ser\u00eda \u00fatil contar con un sistema que combine formaci\u00f3n continua y certificados de especializaci\u00f3n.<\/p>\n<p>En este sentido, <strong>Miguel \u00c1ngel G\u00f3mez Huecas<\/strong> destac\u00f3 que \u00abla protecci\u00f3n del consumidor se consigue con un registro obligatorio de agentes inmobiliarios que d\u00e9 garant\u00edas a la intermediaci\u00f3n\u00bb. En este concepto ahond\u00f3 tambi\u00e9n <strong>\u00c1ngel Mart\u00ednez Le\u00f3n, presidente de COAPI Espa\u00f1a,<\/strong> que reiter\u00f3 que \u00abla seguridad jur\u00eddica comienza en la g\u00e9nesis del contrato inmobiliario, lo que requiere agentes suficientemente capacitados y solventes\u00bb.<\/p>\n<p><strong>Una \u00abnormativa disruptiva\u00bb para abordar los retos de la vivienda en la Comunidad de Madrid\u00a0<\/strong><br \/>\nDurante la Jornada tambi\u00e9n se abordaron los principales retos de la vivienda en la Comunidad de Madrid, entre los que se destacaron el d\u00e9ficit de vivienda por el aumento de la poblaci\u00f3n y la inseguridad jur\u00eddica, y se abog\u00f3 por impulsar la vivienda nueva y fomentar el mercado de segunda mano a trav\u00e9s de un aumento de la seguridad jur\u00eddica que d\u00e9 mayores garant\u00edas a los propietarios de viviendas en alquiler.<\/p>\n<p><strong>Carolina Roca, presidenta de ASPRIMA (Asociaci\u00f3n de Promotores inmobiliarios de Madrid),<\/strong> destac\u00f3 la necesidad de \u00abun cambio de paradigma\u00bb y de \u00abuna normativa disruptiva en el ordenamiento territorial y urban\u00edstico que permita incrementar la producci\u00f3n de viviendas en un 100%\u00bb. \u00abMadrid posee suelo en desarrollo para 370.000 viviendas, es la regi\u00f3n europea con mayor disponibilidad, y el desaf\u00edo ahora es que ese suelo se transforme en vivienda en los pr\u00f3ximos 10 a\u00f1os\u00bb, a\u00f1adi\u00f3.<\/p>\n<p>Respecto a la vivienda de segunda mano, <strong>Mar\u00eda Jos\u00e9 Piccio, directora general de Vivienda y Rehabilitaci\u00f3n de la Comunidad de Madrid,<\/strong> resalt\u00f3 que \u00abla seguridad jur\u00eddica es fundamental para impulsar la inversi\u00f3n, por lo que estamos trabajando por reforzarla, sobre todo en el segmento del alquiler, impulsando las medidas antiokupaci\u00f3n y haciendo que la Administraci\u00f3n se convierta en garante, para lo que hemos puesto en marcha el Plan Alquila de la Comunidad de Madrid\u00bb.<\/p>\n<p><strong>Sobre AMADEI<\/strong><br \/>\nLa <strong>Asociaci\u00f3n Madrile\u00f1a de Empresas Inmobiliarias (AMADEI)<\/strong> agrupa a las principales empresas del sector en la Comunidad de Madrid, representando sus intereses y promoviendo la profesionalizaci\u00f3n, la transparencia y la sostenibilidad en el mercado inmobiliario.<\/p>\n<\/div>\n","protected":false},"featured_media":24039,"template":"","meta":{"_acf_changed":false},"acf":[],"yoast_head":"<!-- This site is optimized with the Yoast SEO plugin v22.7 - https:\/\/yoast.com\/wordpress\/plugins\/seo\/ -->\n<title>Expertos abogan por impulsar un registro para agentes inmobiliarios que eleve las garant\u00edas al consumidor - Blog Club del Emprendimiento<\/title>\n<meta name=\"robots\" content=\"index, follow, max-snippet:-1, max-image-preview:large, max-video-preview:-1\" \/>\n<link rel=\"canonical\" href=\"https:\/\/www.clubdelemprendimiento.com\/blog\/noticia-corporativa\/expertos-abogan-por-impulsar-un-registro-para-agentes-inmobiliarios-que-eleve-las-garantias-al-consumidor\/\" \/>\n<meta property=\"og:locale\" content=\"es_ES\" \/>\n<meta property=\"og:type\" content=\"article\" \/>\n<meta property=\"og:title\" content=\"Expertos abogan por impulsar un registro para agentes inmobiliarios que eleve las garant\u00edas al consumidor - Blog Club del Emprendimiento\" \/>\n<meta property=\"og:description\" content=\"La III Jornada Amadei de Actualidad Inmobiliaria reuni\u00f3 a trescientos profesionales del sector, quienes&hellip;\" \/>\n<meta property=\"og:url\" content=\"https:\/\/www.clubdelemprendimiento.com\/blog\/noticia-corporativa\/expertos-abogan-por-impulsar-un-registro-para-agentes-inmobiliarios-que-eleve-las-garantias-al-consumidor\/\" \/>\n<meta property=\"og:site_name\" content=\"Blog Club del Emprendimiento\" \/>\n<meta property=\"og:image\" content=\"https:\/\/www.clubdelemprendimiento.com\/blog\/wp-content\/uploads\/2025\/11\/foto_evenot_Amadei.jpg\" \/>\n<meta name=\"twitter:card\" content=\"summary_large_image\" \/>\n<meta name=\"twitter:label1\" content=\"Tiempo de lectura\" \/>\n\t<meta name=\"twitter:data1\" content=\"4 minutos\" \/>\n<script type=\"application\/ld+json\" class=\"yoast-schema-graph\">{\"@context\":\"https:\/\/schema.org\",\"@graph\":[{\"@type\":\"WebPage\",\"@id\":\"https:\/\/www.clubdelemprendimiento.com\/blog\/noticia-corporativa\/expertos-abogan-por-impulsar-un-registro-para-agentes-inmobiliarios-que-eleve-las-garantias-al-consumidor\/\",\"url\":\"https:\/\/www.clubdelemprendimiento.com\/blog\/noticia-corporativa\/expertos-abogan-por-impulsar-un-registro-para-agentes-inmobiliarios-que-eleve-las-garantias-al-consumidor\/\",\"name\":\"Expertos abogan por impulsar un registro para agentes inmobiliarios que eleve las garant\u00edas al consumidor - Blog Club del Emprendimiento\",\"isPartOf\":{\"@id\":\"https:\/\/www.clubdelemprendimiento.com\/blog\/#website\"},\"primaryImageOfPage\":{\"@id\":\"https:\/\/www.clubdelemprendimiento.com\/blog\/noticia-corporativa\/expertos-abogan-por-impulsar-un-registro-para-agentes-inmobiliarios-que-eleve-las-garantias-al-consumidor\/#primaryimage\"},\"image\":{\"@id\":\"https:\/\/www.clubdelemprendimiento.com\/blog\/noticia-corporativa\/expertos-abogan-por-impulsar-un-registro-para-agentes-inmobiliarios-que-eleve-las-garantias-al-consumidor\/#primaryimage\"},\"thumbnailUrl\":\"https:\/\/www.clubdelemprendimiento.com\/blog\/wp-content\/uploads\/2025\/11\/foto_evenot_Amadei.jpg\",\"datePublished\":\"2025-11-24T10:04:40+00:00\",\"dateModified\":\"2025-11-24T10:04:40+00:00\",\"breadcrumb\":{\"@id\":\"https:\/\/www.clubdelemprendimiento.com\/blog\/noticia-corporativa\/expertos-abogan-por-impulsar-un-registro-para-agentes-inmobiliarios-que-eleve-las-garantias-al-consumidor\/#breadcrumb\"},\"inLanguage\":\"es\",\"potentialAction\":[{\"@type\":\"ReadAction\",\"target\":[\"https:\/\/www.clubdelemprendimiento.com\/blog\/noticia-corporativa\/expertos-abogan-por-impulsar-un-registro-para-agentes-inmobiliarios-que-eleve-las-garantias-al-consumidor\/\"]}]},{\"@type\":\"ImageObject\",\"inLanguage\":\"es\",\"@id\":\"https:\/\/www.clubdelemprendimiento.com\/blog\/noticia-corporativa\/expertos-abogan-por-impulsar-un-registro-para-agentes-inmobiliarios-que-eleve-las-garantias-al-consumidor\/#primaryimage\",\"url\":\"https:\/\/www.clubdelemprendimiento.com\/blog\/wp-content\/uploads\/2025\/11\/foto_evenot_Amadei.jpg\",\"contentUrl\":\"https:\/\/www.clubdelemprendimiento.com\/blog\/wp-content\/uploads\/2025\/11\/foto_evenot_Amadei.jpg\",\"width\":971,\"height\":672},{\"@type\":\"BreadcrumbList\",\"@id\":\"https:\/\/www.clubdelemprendimiento.com\/blog\/noticia-corporativa\/expertos-abogan-por-impulsar-un-registro-para-agentes-inmobiliarios-que-eleve-las-garantias-al-consumidor\/#breadcrumb\",\"itemListElement\":[{\"@type\":\"ListItem\",\"position\":1,\"name\":\"Home\",\"item\":\"https:\/\/www.clubdelemprendimiento.com\/blog\/\"},{\"@type\":\"ListItem\",\"position\":2,\"name\":\"Noticias Corporativas\",\"item\":\"https:\/\/www.clubdelemprendimiento.com\/blog\/noticias-corporativas\/\"},{\"@type\":\"ListItem\",\"position\":3,\"name\":\"Expertos abogan por impulsar un registro para agentes inmobiliarios que eleve las garant\u00edas al consumidor\"}]},{\"@type\":\"WebSite\",\"@id\":\"https:\/\/www.clubdelemprendimiento.com\/blog\/#website\",\"url\":\"https:\/\/www.clubdelemprendimiento.com\/blog\/\",\"name\":\"Blog Club del Emprendimiento\",\"description\":\"\",\"potentialAction\":[{\"@type\":\"SearchAction\",\"target\":{\"@type\":\"EntryPoint\",\"urlTemplate\":\"https:\/\/www.clubdelemprendimiento.com\/blog\/?s={search_term_string}\"},\"query-input\":\"required name=search_term_string\"}],\"inLanguage\":\"es\"}]}<\/script>\n<!-- \/ Yoast SEO plugin. -->","yoast_head_json":{"title":"Expertos abogan por impulsar un registro para agentes inmobiliarios que eleve las garant\u00edas al consumidor - Blog Club del Emprendimiento","robots":{"index":"index","follow":"follow","max-snippet":"max-snippet:-1","max-image-preview":"max-image-preview:large","max-video-preview":"max-video-preview:-1"},"canonical":"https:\/\/www.clubdelemprendimiento.com\/blog\/noticia-corporativa\/expertos-abogan-por-impulsar-un-registro-para-agentes-inmobiliarios-que-eleve-las-garantias-al-consumidor\/","og_locale":"es_ES","og_type":"article","og_title":"Expertos abogan por impulsar un registro para agentes inmobiliarios que eleve las garant\u00edas al consumidor - Blog Club del Emprendimiento","og_description":"La III Jornada Amadei de Actualidad Inmobiliaria reuni\u00f3 a trescientos profesionales del sector, quienes&hellip;","og_url":"https:\/\/www.clubdelemprendimiento.com\/blog\/noticia-corporativa\/expertos-abogan-por-impulsar-un-registro-para-agentes-inmobiliarios-que-eleve-las-garantias-al-consumidor\/","og_site_name":"Blog Club del Emprendimiento","og_image":[{"url":"https:\/\/www.clubdelemprendimiento.com\/blog\/wp-content\/uploads\/2025\/11\/foto_evenot_Amadei.jpg"}],"twitter_card":"summary_large_image","twitter_misc":{"Tiempo de lectura":"4 minutos"},"schema":{"@context":"https:\/\/schema.org","@graph":[{"@type":"WebPage","@id":"https:\/\/www.clubdelemprendimiento.com\/blog\/noticia-corporativa\/expertos-abogan-por-impulsar-un-registro-para-agentes-inmobiliarios-que-eleve-las-garantias-al-consumidor\/","url":"https:\/\/www.clubdelemprendimiento.com\/blog\/noticia-corporativa\/expertos-abogan-por-impulsar-un-registro-para-agentes-inmobiliarios-que-eleve-las-garantias-al-consumidor\/","name":"Expertos abogan por impulsar un registro para agentes inmobiliarios que eleve las garant\u00edas al consumidor - Blog Club del Emprendimiento","isPartOf":{"@id":"https:\/\/www.clubdelemprendimiento.com\/blog\/#website"},"primaryImageOfPage":{"@id":"https:\/\/www.clubdelemprendimiento.com\/blog\/noticia-corporativa\/expertos-abogan-por-impulsar-un-registro-para-agentes-inmobiliarios-que-eleve-las-garantias-al-consumidor\/#primaryimage"},"image":{"@id":"https:\/\/www.clubdelemprendimiento.com\/blog\/noticia-corporativa\/expertos-abogan-por-impulsar-un-registro-para-agentes-inmobiliarios-que-eleve-las-garantias-al-consumidor\/#primaryimage"},"thumbnailUrl":"https:\/\/www.clubdelemprendimiento.com\/blog\/wp-content\/uploads\/2025\/11\/foto_evenot_Amadei.jpg","datePublished":"2025-11-24T10:04:40+00:00","dateModified":"2025-11-24T10:04:40+00:00","breadcrumb":{"@id":"https:\/\/www.clubdelemprendimiento.com\/blog\/noticia-corporativa\/expertos-abogan-por-impulsar-un-registro-para-agentes-inmobiliarios-que-eleve-las-garantias-al-consumidor\/#breadcrumb"},"inLanguage":"es","potentialAction":[{"@type":"ReadAction","target":["https:\/\/www.clubdelemprendimiento.com\/blog\/noticia-corporativa\/expertos-abogan-por-impulsar-un-registro-para-agentes-inmobiliarios-que-eleve-las-garantias-al-consumidor\/"]}]},{"@type":"ImageObject","inLanguage":"es","@id":"https:\/\/www.clubdelemprendimiento.com\/blog\/noticia-corporativa\/expertos-abogan-por-impulsar-un-registro-para-agentes-inmobiliarios-que-eleve-las-garantias-al-consumidor\/#primaryimage","url":"https:\/\/www.clubdelemprendimiento.com\/blog\/wp-content\/uploads\/2025\/11\/foto_evenot_Amadei.jpg","contentUrl":"https:\/\/www.clubdelemprendimiento.com\/blog\/wp-content\/uploads\/2025\/11\/foto_evenot_Amadei.jpg","width":971,"height":672},{"@type":"BreadcrumbList","@id":"https:\/\/www.clubdelemprendimiento.com\/blog\/noticia-corporativa\/expertos-abogan-por-impulsar-un-registro-para-agentes-inmobiliarios-que-eleve-las-garantias-al-consumidor\/#breadcrumb","itemListElement":[{"@type":"ListItem","position":1,"name":"Home","item":"https:\/\/www.clubdelemprendimiento.com\/blog\/"},{"@type":"ListItem","position":2,"name":"Noticias Corporativas","item":"https:\/\/www.clubdelemprendimiento.com\/blog\/noticias-corporativas\/"},{"@type":"ListItem","position":3,"name":"Expertos abogan por impulsar un registro para agentes inmobiliarios que eleve las garant\u00edas al consumidor"}]},{"@type":"WebSite","@id":"https:\/\/www.clubdelemprendimiento.com\/blog\/#website","url":"https:\/\/www.clubdelemprendimiento.com\/blog\/","name":"Blog Club del Emprendimiento","description":"","potentialAction":[{"@type":"SearchAction","target":{"@type":"EntryPoint","urlTemplate":"https:\/\/www.clubdelemprendimiento.com\/blog\/?s={search_term_string}"},"query-input":"required name=search_term_string"}],"inLanguage":"es"}]}},"_links":{"self":[{"href":"https:\/\/www.clubdelemprendimiento.com\/blog\/wp-json\/wp\/v2\/noticia-corporativa\/24038"}],"collection":[{"href":"https:\/\/www.clubdelemprendimiento.com\/blog\/wp-json\/wp\/v2\/noticia-corporativa"}],"about":[{"href":"https:\/\/www.clubdelemprendimiento.com\/blog\/wp-json\/wp\/v2\/types\/noticia-corporativa"}],"wp:featuredmedia":[{"embeddable":true,"href":"https:\/\/www.clubdelemprendimiento.com\/blog\/wp-json\/wp\/v2\/media\/24039"}],"wp:attachment":[{"href":"https:\/\/www.clubdelemprendimiento.com\/blog\/wp-json\/wp\/v2\/media?parent=24038"}],"curies":[{"name":"wp","href":"https:\/\/api.w.org\/{rel}","templated":true}]}}