{"id":23340,"date":"2025-11-04T16:04:38","date_gmt":"2025-11-04T16:04:38","guid":{"rendered":"https:\/\/www.clubdelemprendimiento.com\/blog\/noticia-corporativa\/andalucia-presenta-el-programa-del-15o-aniversario-del-flamenco-como-patrimonio-cultural-inmaterial-de-la-humanidad\/"},"modified":"2025-11-04T16:04:38","modified_gmt":"2025-11-04T16:04:38","slug":"andalucia-presenta-el-programa-del-15o-aniversario-del-flamenco-como-patrimonio-cultural-inmaterial-de-la-humanidad","status":"publish","type":"noticia-corporativa","link":"https:\/\/www.clubdelemprendimiento.com\/blog\/noticia-corporativa\/andalucia-presenta-el-programa-del-15o-aniversario-del-flamenco-como-patrimonio-cultural-inmaterial-de-la-humanidad\/","title":{"rendered":"Andaluc\u00eda presenta el programa del 15\u00ba aniversario del Flamenco como Patrimonio Cultural Inmaterial de la Humanidad"},"content":{"rendered":"<div>\n<p>El Tablao Flamenco La Cantaora se hace eco de la informaci\u00f3n lanzada por Expoflamenco sobre la agenda de eventos para conmemorar el aniversario por el nombramiento del Flamenco como Patrimonio Cultural Inmaterial de la Humanidad<\/p>\n<p><\/p>\n<p>El Tablao Flamenco La Cantaora, un tablao con <a href=\"https:\/\/flamencolacantaora.com\/\" rel=\"nofollow\">show flamenco con cena con tapas<\/a> y <a href=\"https:\/\/flamencolacantaora.com\/\" rel=\"nofollow\">cenas con espectaculo en Sevilla<\/a>, se hace eco de la informaci\u00f3n lanzada por el portal web Expoflamenco en el que se detalla la nueva agenda de eventos culturales para celebrar el aniversario del Flamenco como Patrimonio de la Humanidad.<\/p>\n<p>La Consejer\u00eda de Cultura ha presentado el programa conmemorativo del 15\u00ba aniversario de la declaraci\u00f3n del Flamenco como Patrimonio Cultural Inmaterial de la Humanidad. La iniciativa refuerza el papel del flamenco como s\u00edmbolo identitario y motor cultural, con una agenda que recorrer\u00e1 todas las provincias y combinar\u00e1 creaci\u00f3n, divulgaci\u00f3n, investigaci\u00f3n y proyecci\u00f3n internacional.<\/p>\n<p>El calendario incluye ciclos de espect\u00e1culos en teatros y espacios singulares, acciones de mediaci\u00f3n en centros educativos, encuentros profesionales, residencias art\u00edsticas, itinerancias por municipios y una l\u00ednea espec\u00edfica de apoyo a pe\u00f1as y asociaciones. Se incorporan adem\u00e1s propuestas para p\u00fablicos j\u00f3venes, programaci\u00f3n inclusiva y acciones de igualdad que visibilizan a creadoras, int\u00e9rpretes y maestras del arte jondo.<\/p>\n<p>La conmemoraci\u00f3n se acompa\u00f1a de un plan editorial y audiovisual que pondr\u00e1 a disposici\u00f3n del p\u00fablico materiales hist\u00f3ricos y contempor\u00e1neos, as\u00ed como la actualizaci\u00f3n de un archivo digital para facilitar el acceso a grabaciones, documentos y fondos fotogr\u00e1ficos. El \u00e1mbito formativo se refuerza con clases magistrales, laboratorios de experimentaci\u00f3n y programas de perfeccionamiento para int\u00e9rpretes emergentes.<\/p>\n<p>La dimensi\u00f3n internacional se impulsa mediante colaboraciones con instituciones y festivales de referencia, giras de artistas andaluces y actividades en sedes culturales del exterior, con el objetivo de consolidar la presencia del flamenco en circuitos globales y abrir nuevas oportunidades a la industria creativa.<\/p>\n<p>Durante la presentaci\u00f3n, la Consejer\u00eda subray\u00f3 que este aniversario es una invitaci\u00f3n a celebrar el legado del flamenco y, al mismo tiempo, a proyectarlo hacia el futuro con pol\u00edticas p\u00fablicas que garanticen su transmisi\u00f3n, su sostenibilidad y su permanente di\u00e1logo con la ciudadan\u00eda. El programa completo y las fechas de cada actividad se difundir\u00e1n a trav\u00e9s de los canales oficiales de la Consejer\u00eda de Cultura.<\/p>\n<\/div>\n","protected":false},"featured_media":0,"template":"","meta":{"_acf_changed":false},"acf":[],"yoast_head":"<!-- This site is optimized with the Yoast SEO plugin v22.7 - https:\/\/yoast.com\/wordpress\/plugins\/seo\/ -->\n<title>Andaluc\u00eda presenta el programa del 15\u00ba aniversario del Flamenco como Patrimonio Cultural Inmaterial de la Humanidad - Blog Club del Emprendimiento<\/title>\n<meta name=\"robots\" content=\"index, follow, max-snippet:-1, max-image-preview:large, max-video-preview:-1\" \/>\n<link rel=\"canonical\" href=\"https:\/\/www.clubdelemprendimiento.com\/blog\/noticia-corporativa\/andalucia-presenta-el-programa-del-15o-aniversario-del-flamenco-como-patrimonio-cultural-inmaterial-de-la-humanidad\/\" \/>\n<meta property=\"og:locale\" content=\"es_ES\" \/>\n<meta property=\"og:type\" content=\"article\" \/>\n<meta property=\"og:title\" content=\"Andaluc\u00eda presenta el programa del 15\u00ba aniversario del Flamenco como Patrimonio Cultural Inmaterial de la Humanidad - Blog Club del Emprendimiento\" \/>\n<meta property=\"og:description\" content=\"El Tablao Flamenco La Cantaora se hace eco de la informaci\u00f3n lanzada por Expoflamenco&hellip;\" \/>\n<meta property=\"og:url\" content=\"https:\/\/www.clubdelemprendimiento.com\/blog\/noticia-corporativa\/andalucia-presenta-el-programa-del-15o-aniversario-del-flamenco-como-patrimonio-cultural-inmaterial-de-la-humanidad\/\" \/>\n<meta property=\"og:site_name\" content=\"Blog Club del Emprendimiento\" \/>\n<meta name=\"twitter:card\" content=\"summary_large_image\" \/>\n<meta name=\"twitter:label1\" content=\"Tiempo de lectura\" \/>\n\t<meta name=\"twitter:data1\" content=\"2 minutos\" \/>\n<script type=\"application\/ld+json\" class=\"yoast-schema-graph\">{\"@context\":\"https:\/\/schema.org\",\"@graph\":[{\"@type\":\"WebPage\",\"@id\":\"https:\/\/www.clubdelemprendimiento.com\/blog\/noticia-corporativa\/andalucia-presenta-el-programa-del-15o-aniversario-del-flamenco-como-patrimonio-cultural-inmaterial-de-la-humanidad\/\",\"url\":\"https:\/\/www.clubdelemprendimiento.com\/blog\/noticia-corporativa\/andalucia-presenta-el-programa-del-15o-aniversario-del-flamenco-como-patrimonio-cultural-inmaterial-de-la-humanidad\/\",\"name\":\"Andaluc\u00eda presenta el programa del 15\u00ba aniversario del Flamenco como Patrimonio Cultural Inmaterial de la Humanidad - Blog Club del Emprendimiento\",\"isPartOf\":{\"@id\":\"https:\/\/www.clubdelemprendimiento.com\/blog\/#website\"},\"datePublished\":\"2025-11-04T16:04:38+00:00\",\"dateModified\":\"2025-11-04T16:04:38+00:00\",\"breadcrumb\":{\"@id\":\"https:\/\/www.clubdelemprendimiento.com\/blog\/noticia-corporativa\/andalucia-presenta-el-programa-del-15o-aniversario-del-flamenco-como-patrimonio-cultural-inmaterial-de-la-humanidad\/#breadcrumb\"},\"inLanguage\":\"es\",\"potentialAction\":[{\"@type\":\"ReadAction\",\"target\":[\"https:\/\/www.clubdelemprendimiento.com\/blog\/noticia-corporativa\/andalucia-presenta-el-programa-del-15o-aniversario-del-flamenco-como-patrimonio-cultural-inmaterial-de-la-humanidad\/\"]}]},{\"@type\":\"BreadcrumbList\",\"@id\":\"https:\/\/www.clubdelemprendimiento.com\/blog\/noticia-corporativa\/andalucia-presenta-el-programa-del-15o-aniversario-del-flamenco-como-patrimonio-cultural-inmaterial-de-la-humanidad\/#breadcrumb\",\"itemListElement\":[{\"@type\":\"ListItem\",\"position\":1,\"name\":\"Home\",\"item\":\"https:\/\/www.clubdelemprendimiento.com\/blog\/\"},{\"@type\":\"ListItem\",\"position\":2,\"name\":\"Noticias Corporativas\",\"item\":\"https:\/\/www.clubdelemprendimiento.com\/blog\/noticias-corporativas\/\"},{\"@type\":\"ListItem\",\"position\":3,\"name\":\"Andaluc\u00eda presenta el programa del 15\u00ba aniversario del Flamenco como Patrimonio Cultural Inmaterial de la Humanidad\"}]},{\"@type\":\"WebSite\",\"@id\":\"https:\/\/www.clubdelemprendimiento.com\/blog\/#website\",\"url\":\"https:\/\/www.clubdelemprendimiento.com\/blog\/\",\"name\":\"Blog Club del Emprendimiento\",\"description\":\"\",\"potentialAction\":[{\"@type\":\"SearchAction\",\"target\":{\"@type\":\"EntryPoint\",\"urlTemplate\":\"https:\/\/www.clubdelemprendimiento.com\/blog\/?s={search_term_string}\"},\"query-input\":\"required name=search_term_string\"}],\"inLanguage\":\"es\"}]}<\/script>\n<!-- \/ Yoast SEO plugin. -->","yoast_head_json":{"title":"Andaluc\u00eda presenta el programa del 15\u00ba aniversario del Flamenco como Patrimonio Cultural Inmaterial de la Humanidad - Blog Club del Emprendimiento","robots":{"index":"index","follow":"follow","max-snippet":"max-snippet:-1","max-image-preview":"max-image-preview:large","max-video-preview":"max-video-preview:-1"},"canonical":"https:\/\/www.clubdelemprendimiento.com\/blog\/noticia-corporativa\/andalucia-presenta-el-programa-del-15o-aniversario-del-flamenco-como-patrimonio-cultural-inmaterial-de-la-humanidad\/","og_locale":"es_ES","og_type":"article","og_title":"Andaluc\u00eda presenta el programa del 15\u00ba aniversario del Flamenco como Patrimonio Cultural Inmaterial de la Humanidad - Blog Club del Emprendimiento","og_description":"El Tablao Flamenco La Cantaora se hace eco de la informaci\u00f3n lanzada por Expoflamenco&hellip;","og_url":"https:\/\/www.clubdelemprendimiento.com\/blog\/noticia-corporativa\/andalucia-presenta-el-programa-del-15o-aniversario-del-flamenco-como-patrimonio-cultural-inmaterial-de-la-humanidad\/","og_site_name":"Blog Club del Emprendimiento","twitter_card":"summary_large_image","twitter_misc":{"Tiempo de lectura":"2 minutos"},"schema":{"@context":"https:\/\/schema.org","@graph":[{"@type":"WebPage","@id":"https:\/\/www.clubdelemprendimiento.com\/blog\/noticia-corporativa\/andalucia-presenta-el-programa-del-15o-aniversario-del-flamenco-como-patrimonio-cultural-inmaterial-de-la-humanidad\/","url":"https:\/\/www.clubdelemprendimiento.com\/blog\/noticia-corporativa\/andalucia-presenta-el-programa-del-15o-aniversario-del-flamenco-como-patrimonio-cultural-inmaterial-de-la-humanidad\/","name":"Andaluc\u00eda presenta el programa del 15\u00ba aniversario del Flamenco como Patrimonio Cultural Inmaterial de la Humanidad - Blog Club del Emprendimiento","isPartOf":{"@id":"https:\/\/www.clubdelemprendimiento.com\/blog\/#website"},"datePublished":"2025-11-04T16:04:38+00:00","dateModified":"2025-11-04T16:04:38+00:00","breadcrumb":{"@id":"https:\/\/www.clubdelemprendimiento.com\/blog\/noticia-corporativa\/andalucia-presenta-el-programa-del-15o-aniversario-del-flamenco-como-patrimonio-cultural-inmaterial-de-la-humanidad\/#breadcrumb"},"inLanguage":"es","potentialAction":[{"@type":"ReadAction","target":["https:\/\/www.clubdelemprendimiento.com\/blog\/noticia-corporativa\/andalucia-presenta-el-programa-del-15o-aniversario-del-flamenco-como-patrimonio-cultural-inmaterial-de-la-humanidad\/"]}]},{"@type":"BreadcrumbList","@id":"https:\/\/www.clubdelemprendimiento.com\/blog\/noticia-corporativa\/andalucia-presenta-el-programa-del-15o-aniversario-del-flamenco-como-patrimonio-cultural-inmaterial-de-la-humanidad\/#breadcrumb","itemListElement":[{"@type":"ListItem","position":1,"name":"Home","item":"https:\/\/www.clubdelemprendimiento.com\/blog\/"},{"@type":"ListItem","position":2,"name":"Noticias Corporativas","item":"https:\/\/www.clubdelemprendimiento.com\/blog\/noticias-corporativas\/"},{"@type":"ListItem","position":3,"name":"Andaluc\u00eda presenta el programa del 15\u00ba aniversario del Flamenco como Patrimonio Cultural Inmaterial de la Humanidad"}]},{"@type":"WebSite","@id":"https:\/\/www.clubdelemprendimiento.com\/blog\/#website","url":"https:\/\/www.clubdelemprendimiento.com\/blog\/","name":"Blog Club del Emprendimiento","description":"","potentialAction":[{"@type":"SearchAction","target":{"@type":"EntryPoint","urlTemplate":"https:\/\/www.clubdelemprendimiento.com\/blog\/?s={search_term_string}"},"query-input":"required name=search_term_string"}],"inLanguage":"es"}]}},"_links":{"self":[{"href":"https:\/\/www.clubdelemprendimiento.com\/blog\/wp-json\/wp\/v2\/noticia-corporativa\/23340"}],"collection":[{"href":"https:\/\/www.clubdelemprendimiento.com\/blog\/wp-json\/wp\/v2\/noticia-corporativa"}],"about":[{"href":"https:\/\/www.clubdelemprendimiento.com\/blog\/wp-json\/wp\/v2\/types\/noticia-corporativa"}],"wp:attachment":[{"href":"https:\/\/www.clubdelemprendimiento.com\/blog\/wp-json\/wp\/v2\/media?parent=23340"}],"curies":[{"name":"wp","href":"https:\/\/api.w.org\/{rel}","templated":true}]}}