{"id":22626,"date":"2025-10-15T10:04:35","date_gmt":"2025-10-15T10:04:35","guid":{"rendered":"https:\/\/www.clubdelemprendimiento.com\/blog\/noticia-corporativa\/carre-dartistes-aterriza-en-espana-primer-contrato-firmado-en-bilbao\/"},"modified":"2025-10-15T10:04:35","modified_gmt":"2025-10-15T10:04:35","slug":"carre-dartistes-aterriza-en-espana-primer-contrato-firmado-en-bilbao","status":"publish","type":"noticia-corporativa","link":"https:\/\/www.clubdelemprendimiento.com\/blog\/noticia-corporativa\/carre-dartistes-aterriza-en-espana-primer-contrato-firmado-en-bilbao\/","title":{"rendered":"Carr\u00e9 d\u2019Artistes aterriza en Espa\u00f1a: primer contrato firmado en Bilbao"},"content":{"rendered":"<div>\n<p><a href=\"https:\/\/www.clubdelemprendimiento.com\/blog\/wp-content\/uploads\/2025\/10\/303_402.jpg\" target=\"_blank\" class=\"fotonota\" rel=\"noopener\"> <img decoding=\"async\" src=\"https:\/\/www.clubdelemprendimiento.com\/blog\/wp-content\/uploads\/2025\/10\/303_402.jpg\" style=\"max-width:600px;\" border=\"0\" class=\"postImage\" alt=\"\"><\/a><\/p>\n<p>La firma internacional Carr\u00e9 d\u2019artistes, l\u00edder en galer\u00edas de arte contempor\u00e1neo accesible, anuncia con orgullo la firma de su primer contrato de franquicia en Espa\u00f1a. Este acuerdo se materializar\u00e1 con la apertura de una galer\u00eda en pleno coraz\u00f3n del Casco Viejo de Bilbao, en la emblem\u00e1tica Calle de la Tender\u00eda, 28, bajo la iniciativa y direcci\u00f3n del empresario bilba\u00edno Juan Carlos Garrido<\/p>\n<p><\/p>\n<p>La firma internacional <a href=\"https:\/\/www.carredartistes.com\/\" rel=\"nofollow\">Carr\u00e9 d\u2019artistes<\/a>, l\u00edder en galer\u00edas de arte contempor\u00e1neo accesible, anuncia la firma de su primer contrato de franquicia en Espa\u00f1a. Este acuerdo se materializar\u00e1 con la apertura de una galer\u00eda en pleno coraz\u00f3n del Casco Viejo de Bilbao, en la emblem\u00e1tica Calle de la Tender\u00eda, 28, bajo la iniciativa y direcci\u00f3n del empresario bilba\u00edno Juan Carlos Garrido.<\/p>\n<p>Este hito representa mucho m\u00e1s que una inauguraci\u00f3n: es la primera pincelada de un ambicioso plan de expansi\u00f3n que la compa\u00f1\u00eda proyecta en todo el territorio espa\u00f1ol. Durante los pr\u00f3ximos tres a\u00f1os, Carr\u00e9 d\u2019artistes planea abrir diez nuevos espacios en ciudades estrat\u00e9gicas como Madrid, Barcelona, Valencia, Sevilla, M\u00e1laga y Zaragoza. Una red que, como un mapa lleno de color, consolidar\u00e1 la presencia de la marca en los principales n\u00facleos urbanos y culturales del pa\u00eds.<\/p>\n<p>\u00abLa firma de este contrato en Bilbao es un paso estrat\u00e9gico que abre la puerta a Espa\u00f1a, un pa\u00eds con una enorme riqueza cultural y un gran potencial de mercado. Estamos encantados de comenzar esta aventura junto a Juan Carlos, quien comparte nuestra visi\u00f3n de acercar el arte al mayor n\u00famero posible de personas\u00bb, declar\u00f3 el equipo de expansi\u00f3n de Carr\u00e9 d\u2019artistes.<\/p>\n<p>Tras la firma del acuerdo, se ha puesto en marcha el programa inicial de formaci\u00f3n para franquiciados, dise\u00f1ado para transmitir la filosof\u00eda de la marca, sus t\u00e9cnicas de gesti\u00f3n y su saber hacer. Este proceso de formaci\u00f3n garantiza que cada nueva galer\u00eda mantenga los est\u00e1ndares de calidad y accesibilidad que distinguen a Carr\u00e9 d\u2019artistes en todo el mundo.<\/p>\n<p>La firma de este primer contrato se ha realizado a trav\u00e9s de la gesti\u00f3n de <a href=\"https:\/\/www.befranquicia.com\/\" rel=\"nofollow\">BeFranquicia<\/a>, consultora especializada en desarrollo y expansi\u00f3n de redes comerciales, que est\u00e1 liderando la entrada y crecimiento de Carr\u00e9 d\u2019artistes en el mercado espa\u00f1ol. Gracias a su experiencia en el sector, BeFranquicia acompa\u00f1a a la marca en todo el proceso de implantaci\u00f3n, desde la estrategia de desarrollo hasta la captaci\u00f3n de socios franquiciados.<\/p>\n<p>Con esta primera franquicia en Espa\u00f1a, la firma refuerza su compromiso con la democratizaci\u00f3n del arte y convierte a este pa\u00eds\u00a0en un escenario prioritario dentro de su estrategia internacional. La galer\u00eda de Bilbao no ser\u00e1 solo un punto de venta, sino tambi\u00e9n un espacio vivo donde el arte contempor\u00e1neo se encuentre con el p\u00fablico de una forma cercana, cotidiana y accesible.<\/p>\n<p><strong>Sobre Carr\u00e9 d\u2019artistes<\/strong><br \/>\nFundada en Lyon en 2001, Carr\u00e9 d\u2019artistes cuenta actualmente con m\u00e1s de 30 galer\u00edas en ciudades ic\u00f3nicas como Par\u00eds, Montreal, Sedona, Estambul o \u00c1msterdam. Su concepto innovador \u2014ofrecer obras originales de artistas contempor\u00e1neos en formatos estandarizados y a precios transparentes\u2014 ha revolucionado la forma en que el p\u00fablico se aproxima al arte. Gracias a esta visi\u00f3n, coleccionar piezas \u00fanicas dej\u00f3 de ser un privilegio reservado a unos pocos para convertirse en una experiencia abierta a todos.<\/p>\n<\/div>\n","protected":false},"featured_media":22627,"template":"","meta":{"_acf_changed":false},"acf":[],"yoast_head":"<!-- This site is optimized with the Yoast SEO plugin v22.7 - https:\/\/yoast.com\/wordpress\/plugins\/seo\/ -->\n<title>Carr\u00e9 d\u2019Artistes aterriza en Espa\u00f1a: primer contrato firmado en Bilbao - Blog Club del Emprendimiento<\/title>\n<meta name=\"robots\" content=\"index, follow, max-snippet:-1, max-image-preview:large, max-video-preview:-1\" \/>\n<link rel=\"canonical\" href=\"https:\/\/www.clubdelemprendimiento.com\/blog\/noticia-corporativa\/carre-dartistes-aterriza-en-espana-primer-contrato-firmado-en-bilbao\/\" \/>\n<meta property=\"og:locale\" content=\"es_ES\" \/>\n<meta property=\"og:type\" content=\"article\" \/>\n<meta property=\"og:title\" content=\"Carr\u00e9 d\u2019Artistes aterriza en Espa\u00f1a: primer contrato firmado en Bilbao - Blog Club del Emprendimiento\" \/>\n<meta property=\"og:description\" content=\"La firma internacional Carr\u00e9 d\u2019artistes, l\u00edder en galer\u00edas de arte contempor\u00e1neo accesible, anuncia con&hellip;\" \/>\n<meta property=\"og:url\" content=\"https:\/\/www.clubdelemprendimiento.com\/blog\/noticia-corporativa\/carre-dartistes-aterriza-en-espana-primer-contrato-firmado-en-bilbao\/\" \/>\n<meta property=\"og:site_name\" content=\"Blog Club del Emprendimiento\" \/>\n<meta property=\"og:image\" content=\"https:\/\/www.clubdelemprendimiento.com\/blog\/wp-content\/uploads\/2025\/10\/303_402.jpg\" \/>\n<meta name=\"twitter:card\" content=\"summary_large_image\" \/>\n<meta name=\"twitter:label1\" content=\"Tiempo de lectura\" \/>\n\t<meta name=\"twitter:data1\" content=\"3 minutos\" \/>\n<script type=\"application\/ld+json\" class=\"yoast-schema-graph\">{\"@context\":\"https:\/\/schema.org\",\"@graph\":[{\"@type\":\"WebPage\",\"@id\":\"https:\/\/www.clubdelemprendimiento.com\/blog\/noticia-corporativa\/carre-dartistes-aterriza-en-espana-primer-contrato-firmado-en-bilbao\/\",\"url\":\"https:\/\/www.clubdelemprendimiento.com\/blog\/noticia-corporativa\/carre-dartistes-aterriza-en-espana-primer-contrato-firmado-en-bilbao\/\",\"name\":\"Carr\u00e9 d\u2019Artistes aterriza en Espa\u00f1a: primer contrato firmado en Bilbao - Blog Club del Emprendimiento\",\"isPartOf\":{\"@id\":\"https:\/\/www.clubdelemprendimiento.com\/blog\/#website\"},\"primaryImageOfPage\":{\"@id\":\"https:\/\/www.clubdelemprendimiento.com\/blog\/noticia-corporativa\/carre-dartistes-aterriza-en-espana-primer-contrato-firmado-en-bilbao\/#primaryimage\"},\"image\":{\"@id\":\"https:\/\/www.clubdelemprendimiento.com\/blog\/noticia-corporativa\/carre-dartistes-aterriza-en-espana-primer-contrato-firmado-en-bilbao\/#primaryimage\"},\"thumbnailUrl\":\"https:\/\/www.clubdelemprendimiento.com\/blog\/wp-content\/uploads\/2025\/10\/303_402.jpg\",\"datePublished\":\"2025-10-15T10:04:35+00:00\",\"dateModified\":\"2025-10-15T10:04:35+00:00\",\"breadcrumb\":{\"@id\":\"https:\/\/www.clubdelemprendimiento.com\/blog\/noticia-corporativa\/carre-dartistes-aterriza-en-espana-primer-contrato-firmado-en-bilbao\/#breadcrumb\"},\"inLanguage\":\"es\",\"potentialAction\":[{\"@type\":\"ReadAction\",\"target\":[\"https:\/\/www.clubdelemprendimiento.com\/blog\/noticia-corporativa\/carre-dartistes-aterriza-en-espana-primer-contrato-firmado-en-bilbao\/\"]}]},{\"@type\":\"ImageObject\",\"inLanguage\":\"es\",\"@id\":\"https:\/\/www.clubdelemprendimiento.com\/blog\/noticia-corporativa\/carre-dartistes-aterriza-en-espana-primer-contrato-firmado-en-bilbao\/#primaryimage\",\"url\":\"https:\/\/www.clubdelemprendimiento.com\/blog\/wp-content\/uploads\/2025\/10\/303_402.jpg\",\"contentUrl\":\"https:\/\/www.clubdelemprendimiento.com\/blog\/wp-content\/uploads\/2025\/10\/303_402.jpg\",\"width\":1206,\"height\":900},{\"@type\":\"BreadcrumbList\",\"@id\":\"https:\/\/www.clubdelemprendimiento.com\/blog\/noticia-corporativa\/carre-dartistes-aterriza-en-espana-primer-contrato-firmado-en-bilbao\/#breadcrumb\",\"itemListElement\":[{\"@type\":\"ListItem\",\"position\":1,\"name\":\"Home\",\"item\":\"https:\/\/www.clubdelemprendimiento.com\/blog\/\"},{\"@type\":\"ListItem\",\"position\":2,\"name\":\"Noticias Corporativas\",\"item\":\"https:\/\/www.clubdelemprendimiento.com\/blog\/noticias-corporativas\/\"},{\"@type\":\"ListItem\",\"position\":3,\"name\":\"Carr\u00e9 d\u2019Artistes aterriza en Espa\u00f1a: primer contrato firmado en Bilbao\"}]},{\"@type\":\"WebSite\",\"@id\":\"https:\/\/www.clubdelemprendimiento.com\/blog\/#website\",\"url\":\"https:\/\/www.clubdelemprendimiento.com\/blog\/\",\"name\":\"Blog Club del Emprendimiento\",\"description\":\"\",\"potentialAction\":[{\"@type\":\"SearchAction\",\"target\":{\"@type\":\"EntryPoint\",\"urlTemplate\":\"https:\/\/www.clubdelemprendimiento.com\/blog\/?s={search_term_string}\"},\"query-input\":\"required name=search_term_string\"}],\"inLanguage\":\"es\"}]}<\/script>\n<!-- \/ Yoast SEO plugin. -->","yoast_head_json":{"title":"Carr\u00e9 d\u2019Artistes aterriza en Espa\u00f1a: primer contrato firmado en Bilbao - Blog Club del Emprendimiento","robots":{"index":"index","follow":"follow","max-snippet":"max-snippet:-1","max-image-preview":"max-image-preview:large","max-video-preview":"max-video-preview:-1"},"canonical":"https:\/\/www.clubdelemprendimiento.com\/blog\/noticia-corporativa\/carre-dartistes-aterriza-en-espana-primer-contrato-firmado-en-bilbao\/","og_locale":"es_ES","og_type":"article","og_title":"Carr\u00e9 d\u2019Artistes aterriza en Espa\u00f1a: primer contrato firmado en Bilbao - Blog Club del Emprendimiento","og_description":"La firma internacional Carr\u00e9 d\u2019artistes, l\u00edder en galer\u00edas de arte contempor\u00e1neo accesible, anuncia con&hellip;","og_url":"https:\/\/www.clubdelemprendimiento.com\/blog\/noticia-corporativa\/carre-dartistes-aterriza-en-espana-primer-contrato-firmado-en-bilbao\/","og_site_name":"Blog Club del Emprendimiento","og_image":[{"url":"https:\/\/www.clubdelemprendimiento.com\/blog\/wp-content\/uploads\/2025\/10\/303_402.jpg"}],"twitter_card":"summary_large_image","twitter_misc":{"Tiempo de lectura":"3 minutos"},"schema":{"@context":"https:\/\/schema.org","@graph":[{"@type":"WebPage","@id":"https:\/\/www.clubdelemprendimiento.com\/blog\/noticia-corporativa\/carre-dartistes-aterriza-en-espana-primer-contrato-firmado-en-bilbao\/","url":"https:\/\/www.clubdelemprendimiento.com\/blog\/noticia-corporativa\/carre-dartistes-aterriza-en-espana-primer-contrato-firmado-en-bilbao\/","name":"Carr\u00e9 d\u2019Artistes aterriza en Espa\u00f1a: primer contrato firmado en Bilbao - Blog Club del Emprendimiento","isPartOf":{"@id":"https:\/\/www.clubdelemprendimiento.com\/blog\/#website"},"primaryImageOfPage":{"@id":"https:\/\/www.clubdelemprendimiento.com\/blog\/noticia-corporativa\/carre-dartistes-aterriza-en-espana-primer-contrato-firmado-en-bilbao\/#primaryimage"},"image":{"@id":"https:\/\/www.clubdelemprendimiento.com\/blog\/noticia-corporativa\/carre-dartistes-aterriza-en-espana-primer-contrato-firmado-en-bilbao\/#primaryimage"},"thumbnailUrl":"https:\/\/www.clubdelemprendimiento.com\/blog\/wp-content\/uploads\/2025\/10\/303_402.jpg","datePublished":"2025-10-15T10:04:35+00:00","dateModified":"2025-10-15T10:04:35+00:00","breadcrumb":{"@id":"https:\/\/www.clubdelemprendimiento.com\/blog\/noticia-corporativa\/carre-dartistes-aterriza-en-espana-primer-contrato-firmado-en-bilbao\/#breadcrumb"},"inLanguage":"es","potentialAction":[{"@type":"ReadAction","target":["https:\/\/www.clubdelemprendimiento.com\/blog\/noticia-corporativa\/carre-dartistes-aterriza-en-espana-primer-contrato-firmado-en-bilbao\/"]}]},{"@type":"ImageObject","inLanguage":"es","@id":"https:\/\/www.clubdelemprendimiento.com\/blog\/noticia-corporativa\/carre-dartistes-aterriza-en-espana-primer-contrato-firmado-en-bilbao\/#primaryimage","url":"https:\/\/www.clubdelemprendimiento.com\/blog\/wp-content\/uploads\/2025\/10\/303_402.jpg","contentUrl":"https:\/\/www.clubdelemprendimiento.com\/blog\/wp-content\/uploads\/2025\/10\/303_402.jpg","width":1206,"height":900},{"@type":"BreadcrumbList","@id":"https:\/\/www.clubdelemprendimiento.com\/blog\/noticia-corporativa\/carre-dartistes-aterriza-en-espana-primer-contrato-firmado-en-bilbao\/#breadcrumb","itemListElement":[{"@type":"ListItem","position":1,"name":"Home","item":"https:\/\/www.clubdelemprendimiento.com\/blog\/"},{"@type":"ListItem","position":2,"name":"Noticias Corporativas","item":"https:\/\/www.clubdelemprendimiento.com\/blog\/noticias-corporativas\/"},{"@type":"ListItem","position":3,"name":"Carr\u00e9 d\u2019Artistes aterriza en Espa\u00f1a: primer contrato firmado en Bilbao"}]},{"@type":"WebSite","@id":"https:\/\/www.clubdelemprendimiento.com\/blog\/#website","url":"https:\/\/www.clubdelemprendimiento.com\/blog\/","name":"Blog Club del Emprendimiento","description":"","potentialAction":[{"@type":"SearchAction","target":{"@type":"EntryPoint","urlTemplate":"https:\/\/www.clubdelemprendimiento.com\/blog\/?s={search_term_string}"},"query-input":"required name=search_term_string"}],"inLanguage":"es"}]}},"_links":{"self":[{"href":"https:\/\/www.clubdelemprendimiento.com\/blog\/wp-json\/wp\/v2\/noticia-corporativa\/22626"}],"collection":[{"href":"https:\/\/www.clubdelemprendimiento.com\/blog\/wp-json\/wp\/v2\/noticia-corporativa"}],"about":[{"href":"https:\/\/www.clubdelemprendimiento.com\/blog\/wp-json\/wp\/v2\/types\/noticia-corporativa"}],"wp:featuredmedia":[{"embeddable":true,"href":"https:\/\/www.clubdelemprendimiento.com\/blog\/wp-json\/wp\/v2\/media\/22627"}],"wp:attachment":[{"href":"https:\/\/www.clubdelemprendimiento.com\/blog\/wp-json\/wp\/v2\/media?parent=22626"}],"curies":[{"name":"wp","href":"https:\/\/api.w.org\/{rel}","templated":true}]}}