{"id":22589,"date":"2025-10-14T14:04:30","date_gmt":"2025-10-14T14:04:30","guid":{"rendered":"https:\/\/www.clubdelemprendimiento.com\/blog\/noticia-corporativa\/cunef-universidad-celebra-el-xxi-foro-de-empleo-con-record-de-empresas-participantes\/"},"modified":"2025-10-14T14:04:30","modified_gmt":"2025-10-14T14:04:30","slug":"cunef-universidad-celebra-el-xxi-foro-de-empleo-con-record-de-empresas-participantes","status":"publish","type":"noticia-corporativa","link":"https:\/\/www.clubdelemprendimiento.com\/blog\/noticia-corporativa\/cunef-universidad-celebra-el-xxi-foro-de-empleo-con-record-de-empresas-participantes\/","title":{"rendered":"CUNEF Universidad celebra el XXI Foro de Empleo con r\u00e9cord de empresas participantes"},"content":{"rendered":"<div>\n<p><a href=\"https:\/\/www.clubdelemprendimiento.com\/blog\/wp-content\/uploads\/2025\/10\/Estudiantes_en_el_XXI_Foro_de_Empleo.jpg\" target=\"_blank\" class=\"fotonota\" rel=\"noopener\"> <img decoding=\"async\" src=\"https:\/\/www.clubdelemprendimiento.com\/blog\/wp-content\/uploads\/2025\/10\/Estudiantes_en_el_XXI_Foro_de_Empleo.jpg\" style=\"max-width:600px;\" border=\"0\" class=\"postImage\" alt=\"\"><\/a><\/p>\n<p>Un total de 154 empresas acudir\u00e1n a los campus Almansa y Pirineos del 13 al 16 de octubre para conectar el talento de CUNEF Universidad con el mundo profesional<\/p>\n<p><\/p>\n<p>CUNEF Universidad celebrar\u00e1 esta semana la XXI edici\u00f3n de su Foro de Empleo, que contar\u00e1 con r\u00e9cord de participaci\u00f3n de 154 empresas nacionales e internacionales. El Foro, que en esta ocasi\u00f3n se desarrollar\u00e1 del 13 al 16 de octubre en los campus Almansa y Pirineos, se consolida como uno de los principales puntos de encuentro entre el talento y el mundo empresarial. De este modo, los estudiantes de CUNEF Universidad podr\u00e1n conocer de primera mano los perfiles m\u00e1s demandados, los procesos de selecci\u00f3n y la cultura corporativa de compa\u00f1\u00edas e instituciones.<\/p>\n<p>Durante las jornadas, los estudiantes asistir\u00e1n a mesas redondas, talleres, coloquios y presentaciones sobre aspectos como las carreras profesionales en la banca de inversi\u00f3n, el talento joven y la digitalizaci\u00f3n en los despachos de abogados, las oportunidades globales en el sector de la moda y el lujo, la cultura emprendedora y la innovaci\u00f3n, los procesos de transformaci\u00f3n digital, as\u00ed como la integraci\u00f3n y riesgos de la Inteligencia Artificial en las empresas. Asimismo, los stands permitir\u00e1n a los estudiantes conocer de primera mano los programas de pr\u00e1cticas y las oportunidades profesionales de empresas e instituciones participantes, entre las que figuran firmas de referencia como PwC, Deloitte, Santander, BBVA, Ur\u00eda Men\u00e9ndez, Clifford Chance, Telef\u00f3nica o Minsait, entre otras.<\/p>\n<p>El r\u00e9cord de participaci\u00f3n de empresas en el Foro de Empleo se explica por la actualizaci\u00f3n de la oferta acad\u00e9mica especializada de CUNEF Universidad, que da respuesta a las nuevas demandas del mercado laboral. A los estudios que han definido sus 50 a\u00f1os de trayectoria acad\u00e9mica (ADE, Finanzas y Derecho), la instituci\u00f3n ha incorporado titulaciones relacionadas con la tecnolog\u00eda, la ingenier\u00eda inform\u00e1tica y matem\u00e1tica, la ciencia de datos y la inteligencia artificial, adem\u00e1s de las aportaciones de las humanidades a la docencia y a la investigaci\u00f3n.<\/p>\n<p>El programa de actividades del Foro de Empleo incluye, adem\u00e1s, una sesi\u00f3n organizada por UNITAR, Instituto de las Naciones Unidas para la Formaci\u00f3n Profesional y la Investigaci\u00f3n, que explicar\u00e1 a los estudiantes de CUNEF Universidad las habilidades, competencias y desarrollo personal necesarios para desarrollar una carrera profesional en organismos internacionales. Por otra parte, los estudiantes podr\u00e1n conocer el Programa Erasmus Pr\u00e1cticas, una oportunidad clave para adquirir experiencia en el extranjero, mejorar habilidades ling\u00fc\u00edsticas y desarrollar una red de contactos internacionales, aspectos que aumentan significativamente la empleabilidad.<\/p>\n<p><strong>Un compromiso con la formaci\u00f3n de excelencia y la empleabilidad <\/strong><br \/>\nCon m\u00e1s de dos d\u00e9cadas de trayectoria, el Foro de Empleo de CUNEF Universidad se consolida como un referente en la conexi\u00f3n entre universidad y empresa, y una cita imprescindible para las compa\u00f1\u00edas que buscan incorporar j\u00f3venes con formaci\u00f3n s\u00f3lida, visi\u00f3n internacional y vocaci\u00f3n de liderazgo. Este tipo de iniciativas demuestran el compromiso de la instituci\u00f3n con una formaci\u00f3n acad\u00e9mica de excelencia y una alta empleabilidad, que alcanza el 98% durante los 6-9 meses posteriores a la finalizaci\u00f3n de los estudios.\u00a0<\/p>\n<\/div>\n","protected":false},"featured_media":22590,"template":"","meta":{"_acf_changed":false},"acf":[],"yoast_head":"<!-- This site is optimized with the Yoast SEO plugin v22.7 - https:\/\/yoast.com\/wordpress\/plugins\/seo\/ -->\n<title>CUNEF Universidad celebra el XXI Foro de Empleo con r\u00e9cord de empresas participantes - Blog Club del Emprendimiento<\/title>\n<meta name=\"robots\" content=\"index, follow, max-snippet:-1, max-image-preview:large, max-video-preview:-1\" \/>\n<link rel=\"canonical\" href=\"https:\/\/www.clubdelemprendimiento.com\/blog\/noticia-corporativa\/cunef-universidad-celebra-el-xxi-foro-de-empleo-con-record-de-empresas-participantes\/\" \/>\n<meta property=\"og:locale\" content=\"es_ES\" \/>\n<meta property=\"og:type\" content=\"article\" \/>\n<meta property=\"og:title\" content=\"CUNEF Universidad celebra el XXI Foro de Empleo con r\u00e9cord de empresas participantes - Blog Club del Emprendimiento\" \/>\n<meta property=\"og:description\" content=\"Un total de 154 empresas acudir\u00e1n a los campus Almansa y Pirineos del 13&hellip;\" \/>\n<meta property=\"og:url\" content=\"https:\/\/www.clubdelemprendimiento.com\/blog\/noticia-corporativa\/cunef-universidad-celebra-el-xxi-foro-de-empleo-con-record-de-empresas-participantes\/\" \/>\n<meta property=\"og:site_name\" content=\"Blog Club del Emprendimiento\" \/>\n<meta property=\"og:image\" content=\"https:\/\/www.clubdelemprendimiento.com\/blog\/wp-content\/uploads\/2025\/10\/Estudiantes_en_el_XXI_Foro_de_Empleo.jpg\" \/>\n<meta name=\"twitter:card\" content=\"summary_large_image\" \/>\n<meta name=\"twitter:label1\" content=\"Tiempo de lectura\" \/>\n\t<meta name=\"twitter:data1\" content=\"3 minutos\" \/>\n<script type=\"application\/ld+json\" class=\"yoast-schema-graph\">{\"@context\":\"https:\/\/schema.org\",\"@graph\":[{\"@type\":\"WebPage\",\"@id\":\"https:\/\/www.clubdelemprendimiento.com\/blog\/noticia-corporativa\/cunef-universidad-celebra-el-xxi-foro-de-empleo-con-record-de-empresas-participantes\/\",\"url\":\"https:\/\/www.clubdelemprendimiento.com\/blog\/noticia-corporativa\/cunef-universidad-celebra-el-xxi-foro-de-empleo-con-record-de-empresas-participantes\/\",\"name\":\"CUNEF Universidad celebra el XXI Foro de Empleo con r\u00e9cord de empresas participantes - Blog Club del Emprendimiento\",\"isPartOf\":{\"@id\":\"https:\/\/www.clubdelemprendimiento.com\/blog\/#website\"},\"primaryImageOfPage\":{\"@id\":\"https:\/\/www.clubdelemprendimiento.com\/blog\/noticia-corporativa\/cunef-universidad-celebra-el-xxi-foro-de-empleo-con-record-de-empresas-participantes\/#primaryimage\"},\"image\":{\"@id\":\"https:\/\/www.clubdelemprendimiento.com\/blog\/noticia-corporativa\/cunef-universidad-celebra-el-xxi-foro-de-empleo-con-record-de-empresas-participantes\/#primaryimage\"},\"thumbnailUrl\":\"https:\/\/www.clubdelemprendimiento.com\/blog\/wp-content\/uploads\/2025\/10\/Estudiantes_en_el_XXI_Foro_de_Empleo.jpg\",\"datePublished\":\"2025-10-14T14:04:30+00:00\",\"dateModified\":\"2025-10-14T14:04:30+00:00\",\"breadcrumb\":{\"@id\":\"https:\/\/www.clubdelemprendimiento.com\/blog\/noticia-corporativa\/cunef-universidad-celebra-el-xxi-foro-de-empleo-con-record-de-empresas-participantes\/#breadcrumb\"},\"inLanguage\":\"es\",\"potentialAction\":[{\"@type\":\"ReadAction\",\"target\":[\"https:\/\/www.clubdelemprendimiento.com\/blog\/noticia-corporativa\/cunef-universidad-celebra-el-xxi-foro-de-empleo-con-record-de-empresas-participantes\/\"]}]},{\"@type\":\"ImageObject\",\"inLanguage\":\"es\",\"@id\":\"https:\/\/www.clubdelemprendimiento.com\/blog\/noticia-corporativa\/cunef-universidad-celebra-el-xxi-foro-de-empleo-con-record-de-empresas-participantes\/#primaryimage\",\"url\":\"https:\/\/www.clubdelemprendimiento.com\/blog\/wp-content\/uploads\/2025\/10\/Estudiantes_en_el_XXI_Foro_de_Empleo.jpg\",\"contentUrl\":\"https:\/\/www.clubdelemprendimiento.com\/blog\/wp-content\/uploads\/2025\/10\/Estudiantes_en_el_XXI_Foro_de_Empleo.jpg\",\"width\":1328,\"height\":907},{\"@type\":\"BreadcrumbList\",\"@id\":\"https:\/\/www.clubdelemprendimiento.com\/blog\/noticia-corporativa\/cunef-universidad-celebra-el-xxi-foro-de-empleo-con-record-de-empresas-participantes\/#breadcrumb\",\"itemListElement\":[{\"@type\":\"ListItem\",\"position\":1,\"name\":\"Home\",\"item\":\"https:\/\/www.clubdelemprendimiento.com\/blog\/\"},{\"@type\":\"ListItem\",\"position\":2,\"name\":\"Noticias Corporativas\",\"item\":\"https:\/\/www.clubdelemprendimiento.com\/blog\/noticias-corporativas\/\"},{\"@type\":\"ListItem\",\"position\":3,\"name\":\"CUNEF Universidad celebra el XXI Foro de Empleo con r\u00e9cord de empresas participantes\"}]},{\"@type\":\"WebSite\",\"@id\":\"https:\/\/www.clubdelemprendimiento.com\/blog\/#website\",\"url\":\"https:\/\/www.clubdelemprendimiento.com\/blog\/\",\"name\":\"Blog Club del Emprendimiento\",\"description\":\"\",\"potentialAction\":[{\"@type\":\"SearchAction\",\"target\":{\"@type\":\"EntryPoint\",\"urlTemplate\":\"https:\/\/www.clubdelemprendimiento.com\/blog\/?s={search_term_string}\"},\"query-input\":\"required name=search_term_string\"}],\"inLanguage\":\"es\"}]}<\/script>\n<!-- \/ Yoast SEO plugin. -->","yoast_head_json":{"title":"CUNEF Universidad celebra el XXI Foro de Empleo con r\u00e9cord de empresas participantes - Blog Club del Emprendimiento","robots":{"index":"index","follow":"follow","max-snippet":"max-snippet:-1","max-image-preview":"max-image-preview:large","max-video-preview":"max-video-preview:-1"},"canonical":"https:\/\/www.clubdelemprendimiento.com\/blog\/noticia-corporativa\/cunef-universidad-celebra-el-xxi-foro-de-empleo-con-record-de-empresas-participantes\/","og_locale":"es_ES","og_type":"article","og_title":"CUNEF Universidad celebra el XXI Foro de Empleo con r\u00e9cord de empresas participantes - Blog Club del Emprendimiento","og_description":"Un total de 154 empresas acudir\u00e1n a los campus Almansa y Pirineos del 13&hellip;","og_url":"https:\/\/www.clubdelemprendimiento.com\/blog\/noticia-corporativa\/cunef-universidad-celebra-el-xxi-foro-de-empleo-con-record-de-empresas-participantes\/","og_site_name":"Blog Club del Emprendimiento","og_image":[{"url":"https:\/\/www.clubdelemprendimiento.com\/blog\/wp-content\/uploads\/2025\/10\/Estudiantes_en_el_XXI_Foro_de_Empleo.jpg"}],"twitter_card":"summary_large_image","twitter_misc":{"Tiempo de lectura":"3 minutos"},"schema":{"@context":"https:\/\/schema.org","@graph":[{"@type":"WebPage","@id":"https:\/\/www.clubdelemprendimiento.com\/blog\/noticia-corporativa\/cunef-universidad-celebra-el-xxi-foro-de-empleo-con-record-de-empresas-participantes\/","url":"https:\/\/www.clubdelemprendimiento.com\/blog\/noticia-corporativa\/cunef-universidad-celebra-el-xxi-foro-de-empleo-con-record-de-empresas-participantes\/","name":"CUNEF Universidad celebra el XXI Foro de Empleo con r\u00e9cord de empresas participantes - Blog Club del Emprendimiento","isPartOf":{"@id":"https:\/\/www.clubdelemprendimiento.com\/blog\/#website"},"primaryImageOfPage":{"@id":"https:\/\/www.clubdelemprendimiento.com\/blog\/noticia-corporativa\/cunef-universidad-celebra-el-xxi-foro-de-empleo-con-record-de-empresas-participantes\/#primaryimage"},"image":{"@id":"https:\/\/www.clubdelemprendimiento.com\/blog\/noticia-corporativa\/cunef-universidad-celebra-el-xxi-foro-de-empleo-con-record-de-empresas-participantes\/#primaryimage"},"thumbnailUrl":"https:\/\/www.clubdelemprendimiento.com\/blog\/wp-content\/uploads\/2025\/10\/Estudiantes_en_el_XXI_Foro_de_Empleo.jpg","datePublished":"2025-10-14T14:04:30+00:00","dateModified":"2025-10-14T14:04:30+00:00","breadcrumb":{"@id":"https:\/\/www.clubdelemprendimiento.com\/blog\/noticia-corporativa\/cunef-universidad-celebra-el-xxi-foro-de-empleo-con-record-de-empresas-participantes\/#breadcrumb"},"inLanguage":"es","potentialAction":[{"@type":"ReadAction","target":["https:\/\/www.clubdelemprendimiento.com\/blog\/noticia-corporativa\/cunef-universidad-celebra-el-xxi-foro-de-empleo-con-record-de-empresas-participantes\/"]}]},{"@type":"ImageObject","inLanguage":"es","@id":"https:\/\/www.clubdelemprendimiento.com\/blog\/noticia-corporativa\/cunef-universidad-celebra-el-xxi-foro-de-empleo-con-record-de-empresas-participantes\/#primaryimage","url":"https:\/\/www.clubdelemprendimiento.com\/blog\/wp-content\/uploads\/2025\/10\/Estudiantes_en_el_XXI_Foro_de_Empleo.jpg","contentUrl":"https:\/\/www.clubdelemprendimiento.com\/blog\/wp-content\/uploads\/2025\/10\/Estudiantes_en_el_XXI_Foro_de_Empleo.jpg","width":1328,"height":907},{"@type":"BreadcrumbList","@id":"https:\/\/www.clubdelemprendimiento.com\/blog\/noticia-corporativa\/cunef-universidad-celebra-el-xxi-foro-de-empleo-con-record-de-empresas-participantes\/#breadcrumb","itemListElement":[{"@type":"ListItem","position":1,"name":"Home","item":"https:\/\/www.clubdelemprendimiento.com\/blog\/"},{"@type":"ListItem","position":2,"name":"Noticias Corporativas","item":"https:\/\/www.clubdelemprendimiento.com\/blog\/noticias-corporativas\/"},{"@type":"ListItem","position":3,"name":"CUNEF Universidad celebra el XXI Foro de Empleo con r\u00e9cord de empresas participantes"}]},{"@type":"WebSite","@id":"https:\/\/www.clubdelemprendimiento.com\/blog\/#website","url":"https:\/\/www.clubdelemprendimiento.com\/blog\/","name":"Blog Club del Emprendimiento","description":"","potentialAction":[{"@type":"SearchAction","target":{"@type":"EntryPoint","urlTemplate":"https:\/\/www.clubdelemprendimiento.com\/blog\/?s={search_term_string}"},"query-input":"required name=search_term_string"}],"inLanguage":"es"}]}},"_links":{"self":[{"href":"https:\/\/www.clubdelemprendimiento.com\/blog\/wp-json\/wp\/v2\/noticia-corporativa\/22589"}],"collection":[{"href":"https:\/\/www.clubdelemprendimiento.com\/blog\/wp-json\/wp\/v2\/noticia-corporativa"}],"about":[{"href":"https:\/\/www.clubdelemprendimiento.com\/blog\/wp-json\/wp\/v2\/types\/noticia-corporativa"}],"wp:featuredmedia":[{"embeddable":true,"href":"https:\/\/www.clubdelemprendimiento.com\/blog\/wp-json\/wp\/v2\/media\/22590"}],"wp:attachment":[{"href":"https:\/\/www.clubdelemprendimiento.com\/blog\/wp-json\/wp\/v2\/media?parent=22589"}],"curies":[{"name":"wp","href":"https:\/\/api.w.org\/{rel}","templated":true}]}}