{"id":22588,"date":"2025-10-14T14:04:29","date_gmt":"2025-10-14T14:04:29","guid":{"rendered":"https:\/\/www.clubdelemprendimiento.com\/blog\/noticia-corporativa\/brandcare-se-convierte-en-sodalis-iberia-para-consolidar-su-liderazgo-en-el-mercado-iberico-y-preve-superar-los-52m-e-de-facturacion-en-2025\/"},"modified":"2025-10-14T14:04:29","modified_gmt":"2025-10-14T14:04:29","slug":"brandcare-se-convierte-en-sodalis-iberia-para-consolidar-su-liderazgo-en-el-mercado-iberico-y-preve-superar-los-52m-e-de-facturacion-en-2025","status":"publish","type":"noticia-corporativa","link":"https:\/\/www.clubdelemprendimiento.com\/blog\/noticia-corporativa\/brandcare-se-convierte-en-sodalis-iberia-para-consolidar-su-liderazgo-en-el-mercado-iberico-y-preve-superar-los-52m-e-de-facturacion-en-2025\/","title":{"rendered":"BrandCare se convierte en Sodalis Iberia para consolidar su liderazgo en el mercado ib\u00e9rico y prev\u00e9 superar los 52M \u20ac de facturaci\u00f3n en 2025"},"content":{"rendered":"<div>\n<p>Sodalis Iberia reafirma su prop\u00f3sito de crecer de forma sostenible, innovadora y cercana a los consumidores, manteniendo el foco en la creaci\u00f3n de valor en los segmentos de higiene personal, cuidado del hogar y belleza, con marcas como Natural Honey, Cristasol, Vitesse o Deborah Milano. Con un equipo de casi 70 colaboradores repartidos entre Lisboa, Madrid y Barcelona, la compa\u00f1\u00eda registr\u00f3 en 2024 una facturaci\u00f3n superior a 50 millones de euros en la regi\u00f3n ib\u00e9rica y prev\u00e9 superar los 52 millones en 2025<\/p>\n<p><\/p>\n<p><strong>BrandCare<\/strong> ha concluido el proceso de cambio de su denominaci\u00f3n social y pasa a llamarse <strong>Sodalis Iberia<\/strong>. La empresa ib\u00e9rica que opera en el sector de bienes de gran consumo (FMCG) refleja, as\u00ed, su compromiso con una identidad corporativa m\u00e1s cohesionada y plenamente alineada con su accionista: el <strong>Grupo Sodalis<\/strong>. Este grupo familiar de origen italiano cuenta con m\u00e1s de 30 a\u00f1os de historia y presencia internacional, adem\u00e1s de ser actualmente uno de los principales actores independientes en los sectores de cosm\u00e9tica, suplementos alimenticios, cuidado personal y cuidado del hogar.<\/p>\n<p>Con presencia en <strong>9 pa\u00edses<\/strong>, exportaciones a <strong>48 mercados<\/strong> y una plantilla de <strong>casi 2.000 colaboradores<\/strong>, el <strong>Grupo Sodalis <\/strong>ha experimentado un crecimiento notable durante las \u00faltimas tres d\u00e9cadas gracias a una estrategia que combina crecimiento org\u00e1nico y adquisiciones relevantes en distintos mercados.<\/p>\n<p>Desde su integraci\u00f3n en el grupo en 2017, <strong>BrandCare<\/strong> ha consolidado su presencia en las categor\u00edas de higiene personal, belleza y cuidado del hogar, al beneficiarse del enfoque estrat\u00e9gico y la agilidad que caracterizan al <strong>Grupo Sodalis<\/strong>.<\/p>\n<p>La nueva denominaci\u00f3n, <strong>Sodalis Iberia<\/strong>, supone un impulso adicional para su desarrollo en el mercado ib\u00e9rico, con beneficios clave como:<\/p>\n<ul>\n<li>Mayor <strong>alineaci\u00f3n internacional<\/strong>, con una identidad clara y consistente en el mercado.<\/li>\n<li>Refuerzo del <strong>reconocimiento entre clientes y socios<\/strong>, consolidando la credibilidad y la confianza en el mercado ib\u00e9rico.<\/li>\n<li><strong>Mayor capacidad de innovaci\u00f3n<\/strong>, gracias al acceso directo al know-how industrial y cient\u00edfico del Grupo.<\/li>\n<li><strong>Sinergias comerciales y de marketing<\/strong>, que potencian la colaboraci\u00f3n entre equipos nacionales e internacionales.<\/li>\n<li>Refuerzo del <strong>employer branding<\/strong>, promoviendo la atracci\u00f3n y retenci\u00f3n de talento y creando oportunidades de desarrollo profesional en el Grupo.<\/li>\n<li><strong>Compromiso con la sostenibilidad y la responsabilidad social<\/strong>, en l\u00ednea con las pr\u00e1cticas globales del Grupo Sodalis.<\/li>\n<li>Se\u00f1al de <strong>inversi\u00f3n continuada en Portugal y Espa\u00f1a<\/strong>, reforzando la apuesta a largo plazo por estos mercados.<\/li>\n<\/ul>\n<p>Con esta transici\u00f3n, <strong>Sodalis Iberia<\/strong> reafirma su prop\u00f3sito de crecer de forma sostenible, innovadora y cercana a los consumidores, manteniendo el foco en la creaci\u00f3n de valor para colaboradores, clientes, socios y la sociedad en general.<\/p>\n<p><strong>Liderazgo en segmentos clave del mercado ib\u00e9rico<br \/>\nSodalis Iberia<\/strong> desarrolla su actividad en los segmentos de<strong> higiene personal<\/strong>, que supone su principal motor de ingresos, seguida de <strong>cuidado del hogar<\/strong> y <strong>belleza\/maquillaje<\/strong>, ofreciendo soluciones innovadoras y sostenibles orientadas al bienestar.<\/p>\n<p>Con un equipo de <strong>casi 70 colaboradores<\/strong> repartidos entre <strong>Lisboa, Madrid y Barcelona<\/strong>, la compa\u00f1\u00eda registr\u00f3 en 2024 una facturaci\u00f3n superior a <strong>50 millones de euros<\/strong> en la regi\u00f3n ib\u00e9rica y prev\u00e9 <strong>superar los 52 millones en 2025<\/strong>.<\/p>\n<p>Asimismo, la compa\u00f1\u00eda mantiene acuerdos con los principales distribuidores de ambos pa\u00edses, alcanzando una <strong>cobertura cercana al 100% en el mercado ib\u00e9rico<\/strong>.<\/p>\n<p><strong>Un portfolio s\u00f3lido que combina marcas locales y globales<\/strong><br \/>\nEl portfolio de la compa\u00f1\u00eda combina marcas locales de referencia con marcas globales del <strong>Grupo Sodalis<\/strong>, lo que garantiza proximidad cultural y acceso a las \u00faltimas tendencias internacionales. Entre ellas, destacan: <strong>Mistolin<\/strong>, n\u00famero 1 en desengrasantes en Portugal; <strong>Cristasol<\/strong>, l\u00edder en limpiacristales en Espa\u00f1a; <strong>Super Pop<\/strong>, n\u00famero 2 en detergentes para vajilla; <strong>Denim<\/strong>, segunda marca en after-shave; <strong>Natural Honey<\/strong>, referente en higiene corporal del mercado espa\u00f1ol y portugu\u00e9s; <strong>Feno de Portugal<\/strong>, una de las marcas m\u00e1s ic\u00f3nicas del pa\u00eds; <strong>Vitesse<\/strong>, l\u00edder en toallitas desmaquillantes; <strong>Deborah Milano<\/strong>, marca de referencia en maquillaje, y <strong>Rapid White<\/strong>, especialista en blanqueamiento dental.<\/p>\n<p>En 2025, la marca insignia del grupo, <strong>Tesori d\u2019Oriente<\/strong>, lleg\u00f3 a la Pen\u00ednsula Ib\u00e9rica con una gama diferenciadora de perfumadores para la ropa inspirada en rituales de bienestar. Este lanzamiento consolida la vocaci\u00f3n del grupo de transformar gestos cotidianos en experiencias \u00fanicas y refuerza el portfolio de <strong>Sodalis Iberia<\/strong>, ampliando su liderazgo en el mercado ib\u00e9rico.<\/p>\n<p>\u00abLa adopci\u00f3n de la nueva denominaci\u00f3n Sodalis Iberia es un hito en la\u00a0historia de la compa\u00f1\u00eda. Representa la plena alineaci\u00f3n con el Grupo Sodalis, un grupo internacional que cree en transformar los gestos cotidianos en experiencias \u00fanicas, abriendo as\u00ed nuevas oportunidades de innovaci\u00f3n, crecimiento, sostenibilidad y colaboraci\u00f3n\u00bb, afirma <strong>Nuno Tavares, CEO de Sodalis Iberia<\/strong>. \u00abSe seguir\u00e1 trabajando para ofrecer soluciones que generen valor para consumidores, clientes, socios y colaboradores\u00bb, a\u00f1ade.<\/p>\n<\/div>\n","protected":false},"featured_media":0,"template":"","meta":{"_acf_changed":false},"acf":[],"yoast_head":"<!-- This site is optimized with the Yoast SEO plugin v22.7 - https:\/\/yoast.com\/wordpress\/plugins\/seo\/ -->\n<title>BrandCare se convierte en Sodalis Iberia para consolidar su liderazgo en el mercado ib\u00e9rico y prev\u00e9 superar los 52M \u20ac de facturaci\u00f3n en 2025 - Blog Club del Emprendimiento<\/title>\n<meta name=\"robots\" content=\"index, follow, max-snippet:-1, max-image-preview:large, max-video-preview:-1\" \/>\n<link rel=\"canonical\" href=\"https:\/\/www.clubdelemprendimiento.com\/blog\/noticia-corporativa\/brandcare-se-convierte-en-sodalis-iberia-para-consolidar-su-liderazgo-en-el-mercado-iberico-y-preve-superar-los-52m-e-de-facturacion-en-2025\/\" \/>\n<meta property=\"og:locale\" content=\"es_ES\" \/>\n<meta property=\"og:type\" content=\"article\" \/>\n<meta property=\"og:title\" content=\"BrandCare se convierte en Sodalis Iberia para consolidar su liderazgo en el mercado ib\u00e9rico y prev\u00e9 superar los 52M \u20ac de facturaci\u00f3n en 2025 - Blog Club del Emprendimiento\" \/>\n<meta property=\"og:description\" content=\"Sodalis Iberia reafirma su prop\u00f3sito de crecer de forma sostenible, innovadora y cercana a&hellip;\" \/>\n<meta property=\"og:url\" content=\"https:\/\/www.clubdelemprendimiento.com\/blog\/noticia-corporativa\/brandcare-se-convierte-en-sodalis-iberia-para-consolidar-su-liderazgo-en-el-mercado-iberico-y-preve-superar-los-52m-e-de-facturacion-en-2025\/\" \/>\n<meta property=\"og:site_name\" content=\"Blog Club del Emprendimiento\" \/>\n<meta name=\"twitter:card\" content=\"summary_large_image\" \/>\n<meta name=\"twitter:label1\" content=\"Tiempo de lectura\" \/>\n\t<meta name=\"twitter:data1\" content=\"4 minutos\" \/>\n<script type=\"application\/ld+json\" class=\"yoast-schema-graph\">{\"@context\":\"https:\/\/schema.org\",\"@graph\":[{\"@type\":\"WebPage\",\"@id\":\"https:\/\/www.clubdelemprendimiento.com\/blog\/noticia-corporativa\/brandcare-se-convierte-en-sodalis-iberia-para-consolidar-su-liderazgo-en-el-mercado-iberico-y-preve-superar-los-52m-e-de-facturacion-en-2025\/\",\"url\":\"https:\/\/www.clubdelemprendimiento.com\/blog\/noticia-corporativa\/brandcare-se-convierte-en-sodalis-iberia-para-consolidar-su-liderazgo-en-el-mercado-iberico-y-preve-superar-los-52m-e-de-facturacion-en-2025\/\",\"name\":\"BrandCare se convierte en Sodalis Iberia para consolidar su liderazgo en el mercado ib\u00e9rico y prev\u00e9 superar los 52M \u20ac de facturaci\u00f3n en 2025 - Blog Club del Emprendimiento\",\"isPartOf\":{\"@id\":\"https:\/\/www.clubdelemprendimiento.com\/blog\/#website\"},\"datePublished\":\"2025-10-14T14:04:29+00:00\",\"dateModified\":\"2025-10-14T14:04:29+00:00\",\"breadcrumb\":{\"@id\":\"https:\/\/www.clubdelemprendimiento.com\/blog\/noticia-corporativa\/brandcare-se-convierte-en-sodalis-iberia-para-consolidar-su-liderazgo-en-el-mercado-iberico-y-preve-superar-los-52m-e-de-facturacion-en-2025\/#breadcrumb\"},\"inLanguage\":\"es\",\"potentialAction\":[{\"@type\":\"ReadAction\",\"target\":[\"https:\/\/www.clubdelemprendimiento.com\/blog\/noticia-corporativa\/brandcare-se-convierte-en-sodalis-iberia-para-consolidar-su-liderazgo-en-el-mercado-iberico-y-preve-superar-los-52m-e-de-facturacion-en-2025\/\"]}]},{\"@type\":\"BreadcrumbList\",\"@id\":\"https:\/\/www.clubdelemprendimiento.com\/blog\/noticia-corporativa\/brandcare-se-convierte-en-sodalis-iberia-para-consolidar-su-liderazgo-en-el-mercado-iberico-y-preve-superar-los-52m-e-de-facturacion-en-2025\/#breadcrumb\",\"itemListElement\":[{\"@type\":\"ListItem\",\"position\":1,\"name\":\"Home\",\"item\":\"https:\/\/www.clubdelemprendimiento.com\/blog\/\"},{\"@type\":\"ListItem\",\"position\":2,\"name\":\"Noticias Corporativas\",\"item\":\"https:\/\/www.clubdelemprendimiento.com\/blog\/noticias-corporativas\/\"},{\"@type\":\"ListItem\",\"position\":3,\"name\":\"BrandCare se convierte en Sodalis Iberia para consolidar su liderazgo en el mercado ib\u00e9rico y prev\u00e9 superar los 52M \u20ac de facturaci\u00f3n en 2025\"}]},{\"@type\":\"WebSite\",\"@id\":\"https:\/\/www.clubdelemprendimiento.com\/blog\/#website\",\"url\":\"https:\/\/www.clubdelemprendimiento.com\/blog\/\",\"name\":\"Blog Club del Emprendimiento\",\"description\":\"\",\"potentialAction\":[{\"@type\":\"SearchAction\",\"target\":{\"@type\":\"EntryPoint\",\"urlTemplate\":\"https:\/\/www.clubdelemprendimiento.com\/blog\/?s={search_term_string}\"},\"query-input\":\"required name=search_term_string\"}],\"inLanguage\":\"es\"}]}<\/script>\n<!-- \/ Yoast SEO plugin. -->","yoast_head_json":{"title":"BrandCare se convierte en Sodalis Iberia para consolidar su liderazgo en el mercado ib\u00e9rico y prev\u00e9 superar los 52M \u20ac de facturaci\u00f3n en 2025 - Blog Club del Emprendimiento","robots":{"index":"index","follow":"follow","max-snippet":"max-snippet:-1","max-image-preview":"max-image-preview:large","max-video-preview":"max-video-preview:-1"},"canonical":"https:\/\/www.clubdelemprendimiento.com\/blog\/noticia-corporativa\/brandcare-se-convierte-en-sodalis-iberia-para-consolidar-su-liderazgo-en-el-mercado-iberico-y-preve-superar-los-52m-e-de-facturacion-en-2025\/","og_locale":"es_ES","og_type":"article","og_title":"BrandCare se convierte en Sodalis Iberia para consolidar su liderazgo en el mercado ib\u00e9rico y prev\u00e9 superar los 52M \u20ac de facturaci\u00f3n en 2025 - Blog Club del Emprendimiento","og_description":"Sodalis Iberia reafirma su prop\u00f3sito de crecer de forma sostenible, innovadora y cercana a&hellip;","og_url":"https:\/\/www.clubdelemprendimiento.com\/blog\/noticia-corporativa\/brandcare-se-convierte-en-sodalis-iberia-para-consolidar-su-liderazgo-en-el-mercado-iberico-y-preve-superar-los-52m-e-de-facturacion-en-2025\/","og_site_name":"Blog Club del Emprendimiento","twitter_card":"summary_large_image","twitter_misc":{"Tiempo de lectura":"4 minutos"},"schema":{"@context":"https:\/\/schema.org","@graph":[{"@type":"WebPage","@id":"https:\/\/www.clubdelemprendimiento.com\/blog\/noticia-corporativa\/brandcare-se-convierte-en-sodalis-iberia-para-consolidar-su-liderazgo-en-el-mercado-iberico-y-preve-superar-los-52m-e-de-facturacion-en-2025\/","url":"https:\/\/www.clubdelemprendimiento.com\/blog\/noticia-corporativa\/brandcare-se-convierte-en-sodalis-iberia-para-consolidar-su-liderazgo-en-el-mercado-iberico-y-preve-superar-los-52m-e-de-facturacion-en-2025\/","name":"BrandCare se convierte en Sodalis Iberia para consolidar su liderazgo en el mercado ib\u00e9rico y prev\u00e9 superar los 52M \u20ac de facturaci\u00f3n en 2025 - Blog Club del Emprendimiento","isPartOf":{"@id":"https:\/\/www.clubdelemprendimiento.com\/blog\/#website"},"datePublished":"2025-10-14T14:04:29+00:00","dateModified":"2025-10-14T14:04:29+00:00","breadcrumb":{"@id":"https:\/\/www.clubdelemprendimiento.com\/blog\/noticia-corporativa\/brandcare-se-convierte-en-sodalis-iberia-para-consolidar-su-liderazgo-en-el-mercado-iberico-y-preve-superar-los-52m-e-de-facturacion-en-2025\/#breadcrumb"},"inLanguage":"es","potentialAction":[{"@type":"ReadAction","target":["https:\/\/www.clubdelemprendimiento.com\/blog\/noticia-corporativa\/brandcare-se-convierte-en-sodalis-iberia-para-consolidar-su-liderazgo-en-el-mercado-iberico-y-preve-superar-los-52m-e-de-facturacion-en-2025\/"]}]},{"@type":"BreadcrumbList","@id":"https:\/\/www.clubdelemprendimiento.com\/blog\/noticia-corporativa\/brandcare-se-convierte-en-sodalis-iberia-para-consolidar-su-liderazgo-en-el-mercado-iberico-y-preve-superar-los-52m-e-de-facturacion-en-2025\/#breadcrumb","itemListElement":[{"@type":"ListItem","position":1,"name":"Home","item":"https:\/\/www.clubdelemprendimiento.com\/blog\/"},{"@type":"ListItem","position":2,"name":"Noticias Corporativas","item":"https:\/\/www.clubdelemprendimiento.com\/blog\/noticias-corporativas\/"},{"@type":"ListItem","position":3,"name":"BrandCare se convierte en Sodalis Iberia para consolidar su liderazgo en el mercado ib\u00e9rico y prev\u00e9 superar los 52M \u20ac de facturaci\u00f3n en 2025"}]},{"@type":"WebSite","@id":"https:\/\/www.clubdelemprendimiento.com\/blog\/#website","url":"https:\/\/www.clubdelemprendimiento.com\/blog\/","name":"Blog Club del Emprendimiento","description":"","potentialAction":[{"@type":"SearchAction","target":{"@type":"EntryPoint","urlTemplate":"https:\/\/www.clubdelemprendimiento.com\/blog\/?s={search_term_string}"},"query-input":"required name=search_term_string"}],"inLanguage":"es"}]}},"_links":{"self":[{"href":"https:\/\/www.clubdelemprendimiento.com\/blog\/wp-json\/wp\/v2\/noticia-corporativa\/22588"}],"collection":[{"href":"https:\/\/www.clubdelemprendimiento.com\/blog\/wp-json\/wp\/v2\/noticia-corporativa"}],"about":[{"href":"https:\/\/www.clubdelemprendimiento.com\/blog\/wp-json\/wp\/v2\/types\/noticia-corporativa"}],"wp:attachment":[{"href":"https:\/\/www.clubdelemprendimiento.com\/blog\/wp-json\/wp\/v2\/media?parent=22588"}],"curies":[{"name":"wp","href":"https:\/\/api.w.org\/{rel}","templated":true}]}}