{"id":22585,"date":"2025-10-14T13:05:00","date_gmt":"2025-10-14T13:05:00","guid":{"rendered":"https:\/\/www.clubdelemprendimiento.com\/blog\/noticia-corporativa\/exito-en-la-fp-de-los-elegidos-para-mover-el-mundo-tecnico-superior-en-transporte-y-logistica\/"},"modified":"2025-10-14T13:05:00","modified_gmt":"2025-10-14T13:05:00","slug":"exito-en-la-fp-de-los-elegidos-para-mover-el-mundo-tecnico-superior-en-transporte-y-logistica","status":"publish","type":"noticia-corporativa","link":"https:\/\/www.clubdelemprendimiento.com\/blog\/noticia-corporativa\/exito-en-la-fp-de-los-elegidos-para-mover-el-mundo-tecnico-superior-en-transporte-y-logistica\/","title":{"rendered":"\u00c9xito en la FP de &#8216;Los elegidos para mover el mundo&#8217;: T\u00e9cnico Superior en Transporte y Log\u00edstica"},"content":{"rendered":"<div>\n<p><a href=\"https:\/\/www.clubdelemprendimiento.com\/blog\/wp-content\/uploads\/2025\/10\/iNAUGURACIN_FP_TRANSPORTE.png\" target=\"_blank\" class=\"fotonota\" rel=\"noopener\"> <img decoding=\"async\" src=\"https:\/\/www.clubdelemprendimiento.com\/blog\/wp-content\/uploads\/2025\/10\/iNAUGURACIN_FP_TRANSPORTE.png\" style=\"max-width:600px;\" border=\"0\" class=\"postImage\" alt=\"\"><\/a><\/p>\n<p>\u00abVosotros vais a ser los arquitectos y guardianes de toda la cadena Log\u00edstica\u00bb, declar\u00f3 Elena Atance, Directora General de Transporte del Ministerio de Transporte y Movilidad Sostenible, dirigi\u00e9ndose a los alumnos de la FP de Transporte y Log\u00edstica de AT Academia del Transportista<\/p>\n<p><\/p>\n<p>El Instituto AT-DAC, de la mano de <a href=\"https:\/\/www.academiadeltransportista.com\/\" rel=\"nofollow\">AT Academia del Transportista<\/a>, celebr\u00f3 la <strong>inauguraci\u00f3n del curso escolar 2025\/2026 de la FP: <a href=\"https:\/\/www.academiadeltransportista.com\/tecnico-superior-transporte-logistica\/\" rel=\"nofollow\">T\u00e9cnico Superior en Transporte y Log\u00edstica<\/a><\/strong>, consolidando su liderazgo en la formaci\u00f3n profesional del Transporte y la Log\u00edstica en Espa\u00f1a. El evento reuni\u00f3 a centenares de alumnos, personal docente y figuras clave del sector.<\/p>\n<p>Entre los asistentes destacaron <strong>Elena Atance<\/strong>, Directora General de Transporte por Carretera y Ferrocarril del Ministerio de Transporte y Movilidad Sostenible; <strong>Myriam Otero<\/strong>, Secretaria General de Apetamcor; <strong>Sergio Novoa<\/strong>, Director Regional de Onet Iberia; <strong>Elisa Capote<\/strong>, Directora del Instituto AT-DAC y CEO de DAC Docencia; y <strong>Francisco Paz<\/strong>, Director de RRII de AT Academia del Transportista, quien moder\u00f3 la jornada.<\/p>\n<p>Durante su intervenci\u00f3n, <strong>Elena Atance<\/strong> anim\u00f3 al alumnado con palabras que marcaron la jornada:\u00a0\u00ab<strong>El futuro del Transporte y la Log\u00edstica est\u00e1 marcado por la innovaci\u00f3n<\/strong>, que si los veh\u00edculos el\u00e9ctricos, los sistemas automatizados, la inteligencia artificial, la gesti\u00f3n de datos, el comercio electr\u00f3nico que est\u00e1 en auge y una creciente preocupaci\u00f3n que tenemos por el cuidado del medio ambiente. Por eso vais a ser vosotros quienes vais a impulsar todas estas transformaciones y quien me vais a tener que aplicar las nuevas tecnolog\u00edas y quienes vais a tener que dise\u00f1ar los sistemas inteligentes y sostenibles del futuro\u00bb.<br \/>\nSubray\u00f3 la importancia de profesionales preparados para liderar la transici\u00f3n hacia una <strong>movilidad segura, sostenible y digitalizada<\/strong>, concluyendo: \u00abEst\u00e1is en una posici\u00f3n privilegiada para convertiros en los protagonistas de esta revoluci\u00f3n log\u00edstica\u00bb.<\/p>\n<p><strong>Francisco Paz<\/strong> reforz\u00f3 esta idea:\u00a0\u00abEl transporte es esencial y sin \u00e9l nada funciona; hacen falta profesionales en toda la cadena de valor, desde conductores hasta mandos intermedios y superiores\u00bb.<\/p>\n<p><strong>Myriam Otero<\/strong> destac\u00f3 la evoluci\u00f3n de la formaci\u00f3n:\u00a0\u00abLa FP de Transporte y Log\u00edstica ofrece una formaci\u00f3n m\u00e1s sostenible, digital y online de lo que hab\u00eda hasta ahora\u00bb, a\u00f1adiendo que las pr\u00e1cticas son \u00abun valor a\u00f1adido que antes no ten\u00edamos y son esenciales para la formaci\u00f3n en nuestro sector\u00bb.<br \/>\nCon una met\u00e1fora inspiradora, afirm\u00f3:\u00a0\u00abEs un sector muy vocacional, esos marineros de tierra son escasos y hay que acompa\u00f1arlos y motivarlos mucho\u00bb.<\/p>\n<p><strong>Sergio Novoa<\/strong> aport\u00f3 la visi\u00f3n empresarial:\u00a0\u00abEs muy importante que los profesionales tengan unos conocimientos b\u00e1sicos como los que ofrece esta formaci\u00f3n, para despu\u00e9s formarse dentro de las empresas seg\u00fan su actividad\u00bb, remarcando que \u00abhay mucha demanda de trabajo en el sector\u00bb.<\/p>\n<p>Finalmente, <strong>Elisa Capote<\/strong> cerr\u00f3 el acto con discurso motivador: destacando que el alumnado de la FP en Transporte y Log\u00edstica, gracias a la impartici\u00f3n online, est\u00e1 formado por personas con vidas ya consolidadas, que compaginan estudios con trabajo y responsabilidades familiares. Subray\u00f3 que esta formaci\u00f3n ofrece una titulaci\u00f3n asequible y de calidad, con dos a\u00f1os para <strong>\u00abviajar por el mundo del transporte\u00bb<\/strong> y convertirse en parte de uno de los sectores m\u00e1s importantes a nivel mundial. Anim\u00f3 a los estudiantes a sentirse pilares fundamentales y a afrontar el reto con motivaci\u00f3n, recordando que \u00ab<strong>form\u00e1is parte de los elegidos para mover el mundo\u00bb<\/strong>. Adem\u00e1s, insisti\u00f3 en el compromiso del equipo docente para acompa\u00f1arlos en todo momento, incluso en los momentos dif\u00edciles, para que la experiencia sea inspiradora y transformadora. Cerr\u00f3 dando la bienvenida y resaltando la implicaci\u00f3n de partners como Apetamcor y la importancia de la formaci\u00f3n online con seguimiento cercano.<\/p>\n<p>Entre las <strong>conclusiones <\/strong>m\u00e1s se\u00f1aladas de la Jornada de Inauguraci\u00f3n destacan:<\/p>\n<ul>\n<li>El <strong>Transporte y la Log\u00edstica<\/strong> son sectores <strong>estrat\u00e9gicos, complejos y esenciales<\/strong>.<\/li>\n<li>Se requieren <strong>profesionales bien formados y comprometidos<\/strong> con la movilidad segura, sostenible y digitalizada.<\/li>\n<li>Existe una <strong>alta demanda laboral especializada<\/strong> en toda la cadena de valor del Transporte, especialmente en puestos intermedios y superiores.<\/li>\n<li>La FP en Transporte y Log\u00edstica se consolida como una <strong>oportunidad \u00fanica<\/strong> para acceder a un mercado con empleabilidad inmediata y retos globales<\/li>\n<\/ul>\n<p>Para ver el v\u00eddeo de la Jornada de inauguraci\u00f3n seguir este link: <a href=\"https:\/\/youtu.be\/aFjBiz3mgNI?si=PzkQDkUtlZ0Q-HER\" rel=\"nofollow\">https:\/\/youtu.be\/aFjBiz3mgNI?si=PzkQDkUtlZ0Q-HER<\/a><\/p>\n<\/div>\n","protected":false},"featured_media":22586,"template":"","meta":{"_acf_changed":false},"acf":[],"yoast_head":"<!-- This site is optimized with the Yoast SEO plugin v22.7 - https:\/\/yoast.com\/wordpress\/plugins\/seo\/ -->\n<title>\u00c9xito en la FP de &#039;Los elegidos para mover el mundo&#039;: T\u00e9cnico Superior en Transporte y Log\u00edstica - Blog Club del Emprendimiento<\/title>\n<meta name=\"robots\" content=\"index, follow, max-snippet:-1, max-image-preview:large, max-video-preview:-1\" \/>\n<link rel=\"canonical\" href=\"https:\/\/www.clubdelemprendimiento.com\/blog\/noticia-corporativa\/exito-en-la-fp-de-los-elegidos-para-mover-el-mundo-tecnico-superior-en-transporte-y-logistica\/\" \/>\n<meta property=\"og:locale\" content=\"es_ES\" \/>\n<meta property=\"og:type\" content=\"article\" \/>\n<meta property=\"og:title\" content=\"\u00c9xito en la FP de &#039;Los elegidos para mover el mundo&#039;: T\u00e9cnico Superior en Transporte y Log\u00edstica - Blog Club del Emprendimiento\" \/>\n<meta property=\"og:description\" content=\"\u00abVosotros vais a ser los arquitectos y guardianes de toda la cadena Log\u00edstica\u00bb, declar\u00f3&hellip;\" \/>\n<meta property=\"og:url\" content=\"https:\/\/www.clubdelemprendimiento.com\/blog\/noticia-corporativa\/exito-en-la-fp-de-los-elegidos-para-mover-el-mundo-tecnico-superior-en-transporte-y-logistica\/\" \/>\n<meta property=\"og:site_name\" content=\"Blog Club del Emprendimiento\" \/>\n<meta property=\"og:image\" content=\"https:\/\/www.clubdelemprendimiento.com\/blog\/wp-content\/uploads\/2025\/10\/iNAUGURACIN_FP_TRANSPORTE.png\" \/>\n<meta name=\"twitter:card\" content=\"summary_large_image\" \/>\n<meta name=\"twitter:label1\" content=\"Tiempo de lectura\" \/>\n\t<meta name=\"twitter:data1\" content=\"4 minutos\" \/>\n<script type=\"application\/ld+json\" class=\"yoast-schema-graph\">{\"@context\":\"https:\/\/schema.org\",\"@graph\":[{\"@type\":\"WebPage\",\"@id\":\"https:\/\/www.clubdelemprendimiento.com\/blog\/noticia-corporativa\/exito-en-la-fp-de-los-elegidos-para-mover-el-mundo-tecnico-superior-en-transporte-y-logistica\/\",\"url\":\"https:\/\/www.clubdelemprendimiento.com\/blog\/noticia-corporativa\/exito-en-la-fp-de-los-elegidos-para-mover-el-mundo-tecnico-superior-en-transporte-y-logistica\/\",\"name\":\"\u00c9xito en la FP de 'Los elegidos para mover el mundo': T\u00e9cnico Superior en Transporte y Log\u00edstica - Blog Club del Emprendimiento\",\"isPartOf\":{\"@id\":\"https:\/\/www.clubdelemprendimiento.com\/blog\/#website\"},\"primaryImageOfPage\":{\"@id\":\"https:\/\/www.clubdelemprendimiento.com\/blog\/noticia-corporativa\/exito-en-la-fp-de-los-elegidos-para-mover-el-mundo-tecnico-superior-en-transporte-y-logistica\/#primaryimage\"},\"image\":{\"@id\":\"https:\/\/www.clubdelemprendimiento.com\/blog\/noticia-corporativa\/exito-en-la-fp-de-los-elegidos-para-mover-el-mundo-tecnico-superior-en-transporte-y-logistica\/#primaryimage\"},\"thumbnailUrl\":\"https:\/\/www.clubdelemprendimiento.com\/blog\/wp-content\/uploads\/2025\/10\/iNAUGURACIN_FP_TRANSPORTE.png\",\"datePublished\":\"2025-10-14T13:05:00+00:00\",\"dateModified\":\"2025-10-14T13:05:00+00:00\",\"breadcrumb\":{\"@id\":\"https:\/\/www.clubdelemprendimiento.com\/blog\/noticia-corporativa\/exito-en-la-fp-de-los-elegidos-para-mover-el-mundo-tecnico-superior-en-transporte-y-logistica\/#breadcrumb\"},\"inLanguage\":\"es\",\"potentialAction\":[{\"@type\":\"ReadAction\",\"target\":[\"https:\/\/www.clubdelemprendimiento.com\/blog\/noticia-corporativa\/exito-en-la-fp-de-los-elegidos-para-mover-el-mundo-tecnico-superior-en-transporte-y-logistica\/\"]}]},{\"@type\":\"ImageObject\",\"inLanguage\":\"es\",\"@id\":\"https:\/\/www.clubdelemprendimiento.com\/blog\/noticia-corporativa\/exito-en-la-fp-de-los-elegidos-para-mover-el-mundo-tecnico-superior-en-transporte-y-logistica\/#primaryimage\",\"url\":\"https:\/\/www.clubdelemprendimiento.com\/blog\/wp-content\/uploads\/2025\/10\/iNAUGURACIN_FP_TRANSPORTE.png\",\"contentUrl\":\"https:\/\/www.clubdelemprendimiento.com\/blog\/wp-content\/uploads\/2025\/10\/iNAUGURACIN_FP_TRANSPORTE.png\",\"width\":1919,\"height\":1026},{\"@type\":\"BreadcrumbList\",\"@id\":\"https:\/\/www.clubdelemprendimiento.com\/blog\/noticia-corporativa\/exito-en-la-fp-de-los-elegidos-para-mover-el-mundo-tecnico-superior-en-transporte-y-logistica\/#breadcrumb\",\"itemListElement\":[{\"@type\":\"ListItem\",\"position\":1,\"name\":\"Home\",\"item\":\"https:\/\/www.clubdelemprendimiento.com\/blog\/\"},{\"@type\":\"ListItem\",\"position\":2,\"name\":\"Noticias Corporativas\",\"item\":\"https:\/\/www.clubdelemprendimiento.com\/blog\/noticias-corporativas\/\"},{\"@type\":\"ListItem\",\"position\":3,\"name\":\"\u00c9xito en la FP de &#8216;Los elegidos para mover el mundo&#8217;: T\u00e9cnico Superior en Transporte y Log\u00edstica\"}]},{\"@type\":\"WebSite\",\"@id\":\"https:\/\/www.clubdelemprendimiento.com\/blog\/#website\",\"url\":\"https:\/\/www.clubdelemprendimiento.com\/blog\/\",\"name\":\"Blog Club del Emprendimiento\",\"description\":\"\",\"potentialAction\":[{\"@type\":\"SearchAction\",\"target\":{\"@type\":\"EntryPoint\",\"urlTemplate\":\"https:\/\/www.clubdelemprendimiento.com\/blog\/?s={search_term_string}\"},\"query-input\":\"required name=search_term_string\"}],\"inLanguage\":\"es\"}]}<\/script>\n<!-- \/ Yoast SEO plugin. -->","yoast_head_json":{"title":"\u00c9xito en la FP de 'Los elegidos para mover el mundo': T\u00e9cnico Superior en Transporte y Log\u00edstica - Blog Club del Emprendimiento","robots":{"index":"index","follow":"follow","max-snippet":"max-snippet:-1","max-image-preview":"max-image-preview:large","max-video-preview":"max-video-preview:-1"},"canonical":"https:\/\/www.clubdelemprendimiento.com\/blog\/noticia-corporativa\/exito-en-la-fp-de-los-elegidos-para-mover-el-mundo-tecnico-superior-en-transporte-y-logistica\/","og_locale":"es_ES","og_type":"article","og_title":"\u00c9xito en la FP de 'Los elegidos para mover el mundo': T\u00e9cnico Superior en Transporte y Log\u00edstica - Blog Club del Emprendimiento","og_description":"\u00abVosotros vais a ser los arquitectos y guardianes de toda la cadena Log\u00edstica\u00bb, declar\u00f3&hellip;","og_url":"https:\/\/www.clubdelemprendimiento.com\/blog\/noticia-corporativa\/exito-en-la-fp-de-los-elegidos-para-mover-el-mundo-tecnico-superior-en-transporte-y-logistica\/","og_site_name":"Blog Club del Emprendimiento","og_image":[{"url":"https:\/\/www.clubdelemprendimiento.com\/blog\/wp-content\/uploads\/2025\/10\/iNAUGURACIN_FP_TRANSPORTE.png"}],"twitter_card":"summary_large_image","twitter_misc":{"Tiempo de lectura":"4 minutos"},"schema":{"@context":"https:\/\/schema.org","@graph":[{"@type":"WebPage","@id":"https:\/\/www.clubdelemprendimiento.com\/blog\/noticia-corporativa\/exito-en-la-fp-de-los-elegidos-para-mover-el-mundo-tecnico-superior-en-transporte-y-logistica\/","url":"https:\/\/www.clubdelemprendimiento.com\/blog\/noticia-corporativa\/exito-en-la-fp-de-los-elegidos-para-mover-el-mundo-tecnico-superior-en-transporte-y-logistica\/","name":"\u00c9xito en la FP de 'Los elegidos para mover el mundo': T\u00e9cnico Superior en Transporte y Log\u00edstica - Blog Club del Emprendimiento","isPartOf":{"@id":"https:\/\/www.clubdelemprendimiento.com\/blog\/#website"},"primaryImageOfPage":{"@id":"https:\/\/www.clubdelemprendimiento.com\/blog\/noticia-corporativa\/exito-en-la-fp-de-los-elegidos-para-mover-el-mundo-tecnico-superior-en-transporte-y-logistica\/#primaryimage"},"image":{"@id":"https:\/\/www.clubdelemprendimiento.com\/blog\/noticia-corporativa\/exito-en-la-fp-de-los-elegidos-para-mover-el-mundo-tecnico-superior-en-transporte-y-logistica\/#primaryimage"},"thumbnailUrl":"https:\/\/www.clubdelemprendimiento.com\/blog\/wp-content\/uploads\/2025\/10\/iNAUGURACIN_FP_TRANSPORTE.png","datePublished":"2025-10-14T13:05:00+00:00","dateModified":"2025-10-14T13:05:00+00:00","breadcrumb":{"@id":"https:\/\/www.clubdelemprendimiento.com\/blog\/noticia-corporativa\/exito-en-la-fp-de-los-elegidos-para-mover-el-mundo-tecnico-superior-en-transporte-y-logistica\/#breadcrumb"},"inLanguage":"es","potentialAction":[{"@type":"ReadAction","target":["https:\/\/www.clubdelemprendimiento.com\/blog\/noticia-corporativa\/exito-en-la-fp-de-los-elegidos-para-mover-el-mundo-tecnico-superior-en-transporte-y-logistica\/"]}]},{"@type":"ImageObject","inLanguage":"es","@id":"https:\/\/www.clubdelemprendimiento.com\/blog\/noticia-corporativa\/exito-en-la-fp-de-los-elegidos-para-mover-el-mundo-tecnico-superior-en-transporte-y-logistica\/#primaryimage","url":"https:\/\/www.clubdelemprendimiento.com\/blog\/wp-content\/uploads\/2025\/10\/iNAUGURACIN_FP_TRANSPORTE.png","contentUrl":"https:\/\/www.clubdelemprendimiento.com\/blog\/wp-content\/uploads\/2025\/10\/iNAUGURACIN_FP_TRANSPORTE.png","width":1919,"height":1026},{"@type":"BreadcrumbList","@id":"https:\/\/www.clubdelemprendimiento.com\/blog\/noticia-corporativa\/exito-en-la-fp-de-los-elegidos-para-mover-el-mundo-tecnico-superior-en-transporte-y-logistica\/#breadcrumb","itemListElement":[{"@type":"ListItem","position":1,"name":"Home","item":"https:\/\/www.clubdelemprendimiento.com\/blog\/"},{"@type":"ListItem","position":2,"name":"Noticias Corporativas","item":"https:\/\/www.clubdelemprendimiento.com\/blog\/noticias-corporativas\/"},{"@type":"ListItem","position":3,"name":"\u00c9xito en la FP de &#8216;Los elegidos para mover el mundo&#8217;: T\u00e9cnico Superior en Transporte y Log\u00edstica"}]},{"@type":"WebSite","@id":"https:\/\/www.clubdelemprendimiento.com\/blog\/#website","url":"https:\/\/www.clubdelemprendimiento.com\/blog\/","name":"Blog Club del Emprendimiento","description":"","potentialAction":[{"@type":"SearchAction","target":{"@type":"EntryPoint","urlTemplate":"https:\/\/www.clubdelemprendimiento.com\/blog\/?s={search_term_string}"},"query-input":"required name=search_term_string"}],"inLanguage":"es"}]}},"_links":{"self":[{"href":"https:\/\/www.clubdelemprendimiento.com\/blog\/wp-json\/wp\/v2\/noticia-corporativa\/22585"}],"collection":[{"href":"https:\/\/www.clubdelemprendimiento.com\/blog\/wp-json\/wp\/v2\/noticia-corporativa"}],"about":[{"href":"https:\/\/www.clubdelemprendimiento.com\/blog\/wp-json\/wp\/v2\/types\/noticia-corporativa"}],"wp:featuredmedia":[{"embeddable":true,"href":"https:\/\/www.clubdelemprendimiento.com\/blog\/wp-json\/wp\/v2\/media\/22586"}],"wp:attachment":[{"href":"https:\/\/www.clubdelemprendimiento.com\/blog\/wp-json\/wp\/v2\/media?parent=22585"}],"curies":[{"name":"wp","href":"https:\/\/api.w.org\/{rel}","templated":true}]}}