{"id":22581,"date":"2025-10-14T13:04:58","date_gmt":"2025-10-14T13:04:58","guid":{"rendered":"https:\/\/www.clubdelemprendimiento.com\/blog\/noticia-corporativa\/esla-formacion-acelera-su-expansion-nuevo-centro-en-madrid-en-2025-tras-su-desembarco-en-sevilla-en-2024\/"},"modified":"2025-10-14T13:04:58","modified_gmt":"2025-10-14T13:04:58","slug":"esla-formacion-acelera-su-expansion-nuevo-centro-en-madrid-en-2025-tras-su-desembarco-en-sevilla-en-2024","status":"publish","type":"noticia-corporativa","link":"https:\/\/www.clubdelemprendimiento.com\/blog\/noticia-corporativa\/esla-formacion-acelera-su-expansion-nuevo-centro-en-madrid-en-2025-tras-su-desembarco-en-sevilla-en-2024\/","title":{"rendered":"Esla Formaci\u00f3n acelera su expansi\u00f3n: nuevo centro en Madrid en 2025 tras su desembarco en Sevilla en 2024"},"content":{"rendered":"<div>\n<p><a href=\"https:\/\/www.clubdelemprendimiento.com\/blog\/wp-content\/uploads\/2025\/10\/renata-lopez-esla-formacion.jpg\" target=\"_blank\" class=\"fotonota\" rel=\"noopener\"> <img decoding=\"async\" src=\"https:\/\/www.clubdelemprendimiento.com\/blog\/wp-content\/uploads\/2025\/10\/renata-lopez-esla-formacion.jpg\" style=\"max-width:600px;\" border=\"0\" class=\"postImage\" alt=\"\"><\/a><\/p>\n<p>La firma zamorana consolida presencia en la Comunidad de Madrid con su segundo centro y refuerza su oferta en Andaluc\u00eda; el grupo opera ya en ocho provincias, suma hasta 240 empleos directos y atiende a 7.000 alumnos cada curso<\/p>\n<p><\/p>\n<p>Esla Formaci\u00f3n da un nuevo paso en su plan de crecimiento con la apertura en 2025 de su <strong>segundo centro en la Comunidad de Madrid<\/strong>, un movimiento que llega apenas un a\u00f1o despu\u00e9s de su <strong>estreno en Andaluc\u00eda con un centro en Sevilla (2024)<\/strong>. La compa\u00f1\u00eda, nacida en Zamora, avanza as\u00ed en su estrategia de expansi\u00f3n territorial para acercar formaci\u00f3n orientada al empleo a m\u00e1s ciudades y perfiles profesionales.<\/p>\n<p><strong>Impacto local: m\u00e1s oferta formativa y talento disponible<\/strong><br \/>\nLa llegada a <strong>Sevilla<\/strong> ha ampliado la oferta de certificados de profesionalidad y especialidades con alta demanda en la regi\u00f3n \u2014hosteler\u00eda, administraci\u00f3n y gesti\u00f3n, imagen personal, actividades f\u00edsicas y deportivas, inform\u00e1tica y comunicaciones, entre otras\u2014, con especial foco en <strong>reciclaje profesional<\/strong> y <strong>cualificaci\u00f3n para sectores en crecimiento<\/strong>. En paralelo, el <strong>nuevo centro de Madrid (2025)<\/strong> refuerza la capilaridad en la regi\u00f3n m\u00e1s poblada del pa\u00eds, donde la compa\u00f1\u00eda ya operaba, para <strong>incrementar grupos, turnos y modalidades (presencial y online)<\/strong> y dar respuesta a empresas que necesitan incorporar perfiles t\u00e9cnicos con rapidez.<\/p>\n<p><strong>Una \u00abpeque\u00f1a academia\u00bb que mueve 9 millones<\/strong><br \/>\nLo que empez\u00f3 hace dos d\u00e9cadas como una peque\u00f1a academia en Zamora es hoy un grupo con <strong>13 centros en ocho provincias<\/strong>, una <strong>plantilla estructural de 60 personas<\/strong> y hasta <strong>240 empleos directos<\/strong> con la contrataci\u00f3n de docentes a lo largo del a\u00f1o. Esla Formaci\u00f3n <strong>factura m\u00e1s de nueve millones de euros anuales<\/strong> y atiende a <strong>7.000 alumnos<\/strong> por curso entre aulas presenciales y formaci\u00f3n a distancia, datos que la sit\u00faan entre los actores relevantes en sus territorios de implantaci\u00f3n.<\/p>\n<p>La compa\u00f1\u00eda combina <strong>formaci\u00f3n profesional para el empleo<\/strong> con <a href=\"https:\/\/eslaformacion.com\/\" rel=\"nofollow\"><strong>preparaci\u00f3n de oposiciones<\/strong><\/a> (Polic\u00eda Nacional, Guardia Civil, Justicia, Correos, Magisterio, celadores, TCAE o auxiliares administrativos) y <strong>FP reglada<\/strong> en colaboraci\u00f3n con centros educativos en Segovia y Madrid. Tambi\u00e9n imparte <strong>habilitaciones obligatorias<\/strong> (seguridad privada, atenci\u00f3n sociosanitaria, docencia de FPE o transporte sanitario), claves para <strong>acortar los tiempos de inserci\u00f3n<\/strong>.<\/p>\n<p><strong>Estrategia: crecer con visi\u00f3n nacional<\/strong><br \/>\nBajo la direcci\u00f3n de <strong>Renata L\u00f3pez Prada (CEO)<\/strong>, la hoja de ruta pasa por <strong>consolidar Madrid<\/strong>, <strong>profundizar en Andaluc\u00eda<\/strong> tras la apertura de Sevilla y <strong>reforzar Levante<\/strong>, manteniendo la <strong>sede central en Zamora<\/strong>. La compa\u00f1\u00eda destaca como palancas el <strong>enfoque en resultados para el alumno<\/strong>, la adaptaci\u00f3n de programas a <strong>necesidades reales de las empresas<\/strong> y una oferta h\u00edbrida que facilita compatibilizar formaci\u00f3n y empleo.<\/p>\n<p><strong>En Sevilla (2024), la llegada de Esla Formaci\u00f3n ha ampliado plazas en especialidades con fuerte demanda tur\u00edstica y de servicios, tejiendo alianzas con empresas locales para pr\u00e1cticas e inserci\u00f3n inmediata; en Madrid (2025), el segundo centro consolida la presencia en la regi\u00f3n y eleva la capacidad para itinerarios de reskilling y upskilling en TI, administraci\u00f3n y log\u00edstica, reforzando la bolsa de empleo y el acompa\u00f1amiento a pymes y grandes compa\u00f1\u00edas en sus procesos de selecci\u00f3n, con impacto directo en la cualificaci\u00f3n del talento y en el dinamismo del mercado laboral local.<\/strong><\/p>\n<\/div>\n","protected":false},"featured_media":22582,"template":"","meta":{"_acf_changed":false},"acf":[],"yoast_head":"<!-- This site is optimized with the Yoast SEO plugin v22.7 - https:\/\/yoast.com\/wordpress\/plugins\/seo\/ -->\n<title>Esla Formaci\u00f3n acelera su expansi\u00f3n: nuevo centro en Madrid en 2025 tras su desembarco en Sevilla en 2024 - Blog Club del Emprendimiento<\/title>\n<meta name=\"robots\" content=\"index, follow, max-snippet:-1, max-image-preview:large, max-video-preview:-1\" \/>\n<link rel=\"canonical\" href=\"https:\/\/www.clubdelemprendimiento.com\/blog\/noticia-corporativa\/esla-formacion-acelera-su-expansion-nuevo-centro-en-madrid-en-2025-tras-su-desembarco-en-sevilla-en-2024\/\" \/>\n<meta property=\"og:locale\" content=\"es_ES\" \/>\n<meta property=\"og:type\" content=\"article\" \/>\n<meta property=\"og:title\" content=\"Esla Formaci\u00f3n acelera su expansi\u00f3n: nuevo centro en Madrid en 2025 tras su desembarco en Sevilla en 2024 - Blog Club del Emprendimiento\" \/>\n<meta property=\"og:description\" content=\"La firma zamorana consolida presencia en la Comunidad de Madrid con su segundo centro&hellip;\" \/>\n<meta property=\"og:url\" content=\"https:\/\/www.clubdelemprendimiento.com\/blog\/noticia-corporativa\/esla-formacion-acelera-su-expansion-nuevo-centro-en-madrid-en-2025-tras-su-desembarco-en-sevilla-en-2024\/\" \/>\n<meta property=\"og:site_name\" content=\"Blog Club del Emprendimiento\" \/>\n<meta property=\"og:image\" content=\"https:\/\/www.clubdelemprendimiento.com\/blog\/wp-content\/uploads\/2025\/10\/renata-lopez-esla-formacion.jpg\" \/>\n<meta name=\"twitter:card\" content=\"summary_large_image\" \/>\n<meta name=\"twitter:label1\" content=\"Tiempo de lectura\" \/>\n\t<meta name=\"twitter:data1\" content=\"3 minutos\" \/>\n<script type=\"application\/ld+json\" class=\"yoast-schema-graph\">{\"@context\":\"https:\/\/schema.org\",\"@graph\":[{\"@type\":\"WebPage\",\"@id\":\"https:\/\/www.clubdelemprendimiento.com\/blog\/noticia-corporativa\/esla-formacion-acelera-su-expansion-nuevo-centro-en-madrid-en-2025-tras-su-desembarco-en-sevilla-en-2024\/\",\"url\":\"https:\/\/www.clubdelemprendimiento.com\/blog\/noticia-corporativa\/esla-formacion-acelera-su-expansion-nuevo-centro-en-madrid-en-2025-tras-su-desembarco-en-sevilla-en-2024\/\",\"name\":\"Esla Formaci\u00f3n acelera su expansi\u00f3n: nuevo centro en Madrid en 2025 tras su desembarco en Sevilla en 2024 - Blog Club del Emprendimiento\",\"isPartOf\":{\"@id\":\"https:\/\/www.clubdelemprendimiento.com\/blog\/#website\"},\"primaryImageOfPage\":{\"@id\":\"https:\/\/www.clubdelemprendimiento.com\/blog\/noticia-corporativa\/esla-formacion-acelera-su-expansion-nuevo-centro-en-madrid-en-2025-tras-su-desembarco-en-sevilla-en-2024\/#primaryimage\"},\"image\":{\"@id\":\"https:\/\/www.clubdelemprendimiento.com\/blog\/noticia-corporativa\/esla-formacion-acelera-su-expansion-nuevo-centro-en-madrid-en-2025-tras-su-desembarco-en-sevilla-en-2024\/#primaryimage\"},\"thumbnailUrl\":\"https:\/\/www.clubdelemprendimiento.com\/blog\/wp-content\/uploads\/2025\/10\/renata-lopez-esla-formacion.jpg\",\"datePublished\":\"2025-10-14T13:04:58+00:00\",\"dateModified\":\"2025-10-14T13:04:58+00:00\",\"breadcrumb\":{\"@id\":\"https:\/\/www.clubdelemprendimiento.com\/blog\/noticia-corporativa\/esla-formacion-acelera-su-expansion-nuevo-centro-en-madrid-en-2025-tras-su-desembarco-en-sevilla-en-2024\/#breadcrumb\"},\"inLanguage\":\"es\",\"potentialAction\":[{\"@type\":\"ReadAction\",\"target\":[\"https:\/\/www.clubdelemprendimiento.com\/blog\/noticia-corporativa\/esla-formacion-acelera-su-expansion-nuevo-centro-en-madrid-en-2025-tras-su-desembarco-en-sevilla-en-2024\/\"]}]},{\"@type\":\"ImageObject\",\"inLanguage\":\"es\",\"@id\":\"https:\/\/www.clubdelemprendimiento.com\/blog\/noticia-corporativa\/esla-formacion-acelera-su-expansion-nuevo-centro-en-madrid-en-2025-tras-su-desembarco-en-sevilla-en-2024\/#primaryimage\",\"url\":\"https:\/\/www.clubdelemprendimiento.com\/blog\/wp-content\/uploads\/2025\/10\/renata-lopez-esla-formacion.jpg\",\"contentUrl\":\"https:\/\/www.clubdelemprendimiento.com\/blog\/wp-content\/uploads\/2025\/10\/renata-lopez-esla-formacion.jpg\",\"width\":1400,\"height\":784},{\"@type\":\"BreadcrumbList\",\"@id\":\"https:\/\/www.clubdelemprendimiento.com\/blog\/noticia-corporativa\/esla-formacion-acelera-su-expansion-nuevo-centro-en-madrid-en-2025-tras-su-desembarco-en-sevilla-en-2024\/#breadcrumb\",\"itemListElement\":[{\"@type\":\"ListItem\",\"position\":1,\"name\":\"Home\",\"item\":\"https:\/\/www.clubdelemprendimiento.com\/blog\/\"},{\"@type\":\"ListItem\",\"position\":2,\"name\":\"Noticias Corporativas\",\"item\":\"https:\/\/www.clubdelemprendimiento.com\/blog\/noticias-corporativas\/\"},{\"@type\":\"ListItem\",\"position\":3,\"name\":\"Esla Formaci\u00f3n acelera su expansi\u00f3n: nuevo centro en Madrid en 2025 tras su desembarco en Sevilla en 2024\"}]},{\"@type\":\"WebSite\",\"@id\":\"https:\/\/www.clubdelemprendimiento.com\/blog\/#website\",\"url\":\"https:\/\/www.clubdelemprendimiento.com\/blog\/\",\"name\":\"Blog Club del Emprendimiento\",\"description\":\"\",\"potentialAction\":[{\"@type\":\"SearchAction\",\"target\":{\"@type\":\"EntryPoint\",\"urlTemplate\":\"https:\/\/www.clubdelemprendimiento.com\/blog\/?s={search_term_string}\"},\"query-input\":\"required name=search_term_string\"}],\"inLanguage\":\"es\"}]}<\/script>\n<!-- \/ Yoast SEO plugin. -->","yoast_head_json":{"title":"Esla Formaci\u00f3n acelera su expansi\u00f3n: nuevo centro en Madrid en 2025 tras su desembarco en Sevilla en 2024 - Blog Club del Emprendimiento","robots":{"index":"index","follow":"follow","max-snippet":"max-snippet:-1","max-image-preview":"max-image-preview:large","max-video-preview":"max-video-preview:-1"},"canonical":"https:\/\/www.clubdelemprendimiento.com\/blog\/noticia-corporativa\/esla-formacion-acelera-su-expansion-nuevo-centro-en-madrid-en-2025-tras-su-desembarco-en-sevilla-en-2024\/","og_locale":"es_ES","og_type":"article","og_title":"Esla Formaci\u00f3n acelera su expansi\u00f3n: nuevo centro en Madrid en 2025 tras su desembarco en Sevilla en 2024 - Blog Club del Emprendimiento","og_description":"La firma zamorana consolida presencia en la Comunidad de Madrid con su segundo centro&hellip;","og_url":"https:\/\/www.clubdelemprendimiento.com\/blog\/noticia-corporativa\/esla-formacion-acelera-su-expansion-nuevo-centro-en-madrid-en-2025-tras-su-desembarco-en-sevilla-en-2024\/","og_site_name":"Blog Club del Emprendimiento","og_image":[{"url":"https:\/\/www.clubdelemprendimiento.com\/blog\/wp-content\/uploads\/2025\/10\/renata-lopez-esla-formacion.jpg"}],"twitter_card":"summary_large_image","twitter_misc":{"Tiempo de lectura":"3 minutos"},"schema":{"@context":"https:\/\/schema.org","@graph":[{"@type":"WebPage","@id":"https:\/\/www.clubdelemprendimiento.com\/blog\/noticia-corporativa\/esla-formacion-acelera-su-expansion-nuevo-centro-en-madrid-en-2025-tras-su-desembarco-en-sevilla-en-2024\/","url":"https:\/\/www.clubdelemprendimiento.com\/blog\/noticia-corporativa\/esla-formacion-acelera-su-expansion-nuevo-centro-en-madrid-en-2025-tras-su-desembarco-en-sevilla-en-2024\/","name":"Esla Formaci\u00f3n acelera su expansi\u00f3n: nuevo centro en Madrid en 2025 tras su desembarco en Sevilla en 2024 - Blog Club del Emprendimiento","isPartOf":{"@id":"https:\/\/www.clubdelemprendimiento.com\/blog\/#website"},"primaryImageOfPage":{"@id":"https:\/\/www.clubdelemprendimiento.com\/blog\/noticia-corporativa\/esla-formacion-acelera-su-expansion-nuevo-centro-en-madrid-en-2025-tras-su-desembarco-en-sevilla-en-2024\/#primaryimage"},"image":{"@id":"https:\/\/www.clubdelemprendimiento.com\/blog\/noticia-corporativa\/esla-formacion-acelera-su-expansion-nuevo-centro-en-madrid-en-2025-tras-su-desembarco-en-sevilla-en-2024\/#primaryimage"},"thumbnailUrl":"https:\/\/www.clubdelemprendimiento.com\/blog\/wp-content\/uploads\/2025\/10\/renata-lopez-esla-formacion.jpg","datePublished":"2025-10-14T13:04:58+00:00","dateModified":"2025-10-14T13:04:58+00:00","breadcrumb":{"@id":"https:\/\/www.clubdelemprendimiento.com\/blog\/noticia-corporativa\/esla-formacion-acelera-su-expansion-nuevo-centro-en-madrid-en-2025-tras-su-desembarco-en-sevilla-en-2024\/#breadcrumb"},"inLanguage":"es","potentialAction":[{"@type":"ReadAction","target":["https:\/\/www.clubdelemprendimiento.com\/blog\/noticia-corporativa\/esla-formacion-acelera-su-expansion-nuevo-centro-en-madrid-en-2025-tras-su-desembarco-en-sevilla-en-2024\/"]}]},{"@type":"ImageObject","inLanguage":"es","@id":"https:\/\/www.clubdelemprendimiento.com\/blog\/noticia-corporativa\/esla-formacion-acelera-su-expansion-nuevo-centro-en-madrid-en-2025-tras-su-desembarco-en-sevilla-en-2024\/#primaryimage","url":"https:\/\/www.clubdelemprendimiento.com\/blog\/wp-content\/uploads\/2025\/10\/renata-lopez-esla-formacion.jpg","contentUrl":"https:\/\/www.clubdelemprendimiento.com\/blog\/wp-content\/uploads\/2025\/10\/renata-lopez-esla-formacion.jpg","width":1400,"height":784},{"@type":"BreadcrumbList","@id":"https:\/\/www.clubdelemprendimiento.com\/blog\/noticia-corporativa\/esla-formacion-acelera-su-expansion-nuevo-centro-en-madrid-en-2025-tras-su-desembarco-en-sevilla-en-2024\/#breadcrumb","itemListElement":[{"@type":"ListItem","position":1,"name":"Home","item":"https:\/\/www.clubdelemprendimiento.com\/blog\/"},{"@type":"ListItem","position":2,"name":"Noticias Corporativas","item":"https:\/\/www.clubdelemprendimiento.com\/blog\/noticias-corporativas\/"},{"@type":"ListItem","position":3,"name":"Esla Formaci\u00f3n acelera su expansi\u00f3n: nuevo centro en Madrid en 2025 tras su desembarco en Sevilla en 2024"}]},{"@type":"WebSite","@id":"https:\/\/www.clubdelemprendimiento.com\/blog\/#website","url":"https:\/\/www.clubdelemprendimiento.com\/blog\/","name":"Blog Club del Emprendimiento","description":"","potentialAction":[{"@type":"SearchAction","target":{"@type":"EntryPoint","urlTemplate":"https:\/\/www.clubdelemprendimiento.com\/blog\/?s={search_term_string}"},"query-input":"required name=search_term_string"}],"inLanguage":"es"}]}},"_links":{"self":[{"href":"https:\/\/www.clubdelemprendimiento.com\/blog\/wp-json\/wp\/v2\/noticia-corporativa\/22581"}],"collection":[{"href":"https:\/\/www.clubdelemprendimiento.com\/blog\/wp-json\/wp\/v2\/noticia-corporativa"}],"about":[{"href":"https:\/\/www.clubdelemprendimiento.com\/blog\/wp-json\/wp\/v2\/types\/noticia-corporativa"}],"wp:featuredmedia":[{"embeddable":true,"href":"https:\/\/www.clubdelemprendimiento.com\/blog\/wp-json\/wp\/v2\/media\/22582"}],"wp:attachment":[{"href":"https:\/\/www.clubdelemprendimiento.com\/blog\/wp-json\/wp\/v2\/media?parent=22581"}],"curies":[{"name":"wp","href":"https:\/\/api.w.org\/{rel}","templated":true}]}}