{"id":22577,"date":"2025-10-14T13:04:56","date_gmt":"2025-10-14T13:04:56","guid":{"rendered":"https:\/\/www.clubdelemprendimiento.com\/blog\/noticia-corporativa\/party-fiesta-anuncia-su-regreso-con-una-nueva-identidad-y-filosofia-centrada-en-la-fiesta-autentica\/"},"modified":"2025-10-14T13:04:56","modified_gmt":"2025-10-14T13:04:56","slug":"party-fiesta-anuncia-su-regreso-con-una-nueva-identidad-y-filosofia-centrada-en-la-fiesta-autentica","status":"publish","type":"noticia-corporativa","link":"https:\/\/www.clubdelemprendimiento.com\/blog\/noticia-corporativa\/party-fiesta-anuncia-su-regreso-con-una-nueva-identidad-y-filosofia-centrada-en-la-fiesta-autentica\/","title":{"rendered":"Party Fiesta anuncia su regreso con una nueva identidad y filosof\u00eda centrada en la fiesta aut\u00e9ntica"},"content":{"rendered":"<div>\n<p><a href=\"https:\/\/www.clubdelemprendimiento.com\/blog\/wp-content\/uploads\/2025\/10\/1.png\" target=\"_blank\" class=\"fotonota\" rel=\"noopener\"> <img decoding=\"async\" src=\"https:\/\/www.clubdelemprendimiento.com\/blog\/wp-content\/uploads\/2025\/10\/1.png\" style=\"max-width:600px;\" border=\"0\" class=\"postImage\" alt=\"\"><\/a><\/p>\n<p>La cuenta atr\u00e1s ha empezado. Party Fiesta vuelve para reconectar con todos los fiesteros que buscan celebrar a lo grande y de manera aut\u00e9ntica<\/p>\n<p><\/p>\n<p>Este noviembre, Barcelona se prepara para una reapertura muy especial. Party Fiesta, la emblem\u00e1tica marca de art\u00edculos de fiesta que ha marcado a m\u00e1s de una generaci\u00f3n, regresa al mercado con una identidad completamente renovada. Tras la adquisici\u00f3n y rebranding estrat\u00e9gico por parte de Comercial Arqu\u00e9, con sede en L\u2019Hospitalet de Llobregat, la firma se prepara para iniciar una nueva etapa basada en la cercan\u00eda, la diversi\u00f3n y la autenticidad.<\/p>\n<p>Bajo el eslogan &#8216;La fiesta para todos&#8217;, la marca busca reconectar tanto con el p\u00fablico joven como con las familias que buscan experiencias reales, espont\u00e1neas y memorables.\u00a0<\/p>\n<p><strong>La nueva filosof\u00eda: fiestas reales y sin filtros<\/strong><br \/>\nEl relanzamiento de Party Fiesta no es solo un cambio de logo o est\u00e9tica, tambi\u00e9n implica una nueva filosof\u00eda. X\u00e8nia Arqu\u00e9, Lead Project de la marca, detalla la ambici\u00f3n detr\u00e1s de la nueva estrategia: \u00abEl nuevo Party Fiesta, m\u00e1s all\u00e1 de la est\u00e9tica, est\u00e1 basado en la celebraci\u00f3n espont\u00e1nea, aut\u00e9ntica y sin filtros. El objetivo es que todo el mundo pueda conectar con su lado fiestero a trav\u00e9s de la marca, as\u00ed como fomentar una comunidad que celebre de coraz\u00f3n, sin importar el motivo\u00bb.<\/p>\n<p><strong>C\u00f2rsega 302: la sede del nuevo universo Party Fiesta<\/strong><br \/>\nAunque la tienda online ser\u00e1 un punto clave, la marca ha anunciado la apertura de su nuevo local en Calle C\u00f2rsega 302, Barcelona, pensado para ofrecer una experiencia completamente inmersiva en la que la preparaci\u00f3n de una celebraci\u00f3n se convierte en parte de la propia fiesta.<\/p>\n<p>El espacio ofrecer\u00e1 una soluci\u00f3n completa para cualquier tipo de evento: Desde decoraci\u00f3n y disfraces, hasta pasteles tem\u00e1ticos. As\u00ed es, El nuevo local incorporar\u00e1 una cafeter\u00eda CH\u00d6K, donde los clientes podr\u00e1n disfrutar de dulces y caf\u00e9, as\u00ed como encargar su pr\u00f3ximo pastel de cumplea\u00f1os. Adem\u00e1s, la tienda contar\u00e1 con un espacio de talleres para que peque\u00f1os y adultos disfruten de experiencias \u00fanicas de la mano del Party Staff.<\/p>\n<p><strong>Empieza la cuenta atr\u00e1s: fecha de reapertura<\/strong><br \/>\nLa espera ha terminado.\u00a0Party Fiesta por fin ha desvelado que su nueva tienda online estar\u00e1 lista para finales de octubre, y prepara la inauguraci\u00f3n de su nueva tienda insignia en Calle C\u00f2rsega para mediados de noviembre.\u00a0<\/p>\n<p>Para conocer la fecha exacta de apertura, tanto de la web como de la tienda f\u00edsica, la marca insta a todos a estar muy atentos a sus redes sociales en los pr\u00f3ximos d\u00edas:<\/p>\n<ul>\n<li>Instagram: @partyfiesta_oficial<\/li>\n<li>TikTok: @partyfiestaoficial<\/li>\n<li>Facebook:\u00a0https:@partyfiestaoficial<\/li>\n<\/ul>\n<p>Party Fiesta ha vuelto con m\u00e1s ganas de fiesta que nunca, y todos est\u00e1n invitados a esta nueva etapa.<\/p>\n<\/div>\n","protected":false},"featured_media":22578,"template":"","meta":{"_acf_changed":false},"acf":[],"yoast_head":"<!-- This site is optimized with the Yoast SEO plugin v22.7 - https:\/\/yoast.com\/wordpress\/plugins\/seo\/ -->\n<title>Party Fiesta anuncia su regreso con una nueva identidad y filosof\u00eda centrada en la fiesta aut\u00e9ntica - Blog Club del Emprendimiento<\/title>\n<meta name=\"robots\" content=\"index, follow, max-snippet:-1, max-image-preview:large, max-video-preview:-1\" \/>\n<link rel=\"canonical\" href=\"https:\/\/www.clubdelemprendimiento.com\/blog\/noticia-corporativa\/party-fiesta-anuncia-su-regreso-con-una-nueva-identidad-y-filosofia-centrada-en-la-fiesta-autentica\/\" \/>\n<meta property=\"og:locale\" content=\"es_ES\" \/>\n<meta property=\"og:type\" content=\"article\" \/>\n<meta property=\"og:title\" content=\"Party Fiesta anuncia su regreso con una nueva identidad y filosof\u00eda centrada en la fiesta aut\u00e9ntica - Blog Club del Emprendimiento\" \/>\n<meta property=\"og:description\" content=\"La cuenta atr\u00e1s ha empezado. Party Fiesta vuelve para reconectar con todos los fiesteros&hellip;\" \/>\n<meta property=\"og:url\" content=\"https:\/\/www.clubdelemprendimiento.com\/blog\/noticia-corporativa\/party-fiesta-anuncia-su-regreso-con-una-nueva-identidad-y-filosofia-centrada-en-la-fiesta-autentica\/\" \/>\n<meta property=\"og:site_name\" content=\"Blog Club del Emprendimiento\" \/>\n<meta property=\"og:image\" content=\"https:\/\/www.clubdelemprendimiento.com\/blog\/wp-content\/uploads\/2025\/10\/1.png\" \/>\n<meta name=\"twitter:card\" content=\"summary_large_image\" \/>\n<meta name=\"twitter:label1\" content=\"Tiempo de lectura\" \/>\n\t<meta name=\"twitter:data1\" content=\"2 minutos\" \/>\n<script type=\"application\/ld+json\" class=\"yoast-schema-graph\">{\"@context\":\"https:\/\/schema.org\",\"@graph\":[{\"@type\":\"WebPage\",\"@id\":\"https:\/\/www.clubdelemprendimiento.com\/blog\/noticia-corporativa\/party-fiesta-anuncia-su-regreso-con-una-nueva-identidad-y-filosofia-centrada-en-la-fiesta-autentica\/\",\"url\":\"https:\/\/www.clubdelemprendimiento.com\/blog\/noticia-corporativa\/party-fiesta-anuncia-su-regreso-con-una-nueva-identidad-y-filosofia-centrada-en-la-fiesta-autentica\/\",\"name\":\"Party Fiesta anuncia su regreso con una nueva identidad y filosof\u00eda centrada en la fiesta aut\u00e9ntica - Blog Club del Emprendimiento\",\"isPartOf\":{\"@id\":\"https:\/\/www.clubdelemprendimiento.com\/blog\/#website\"},\"primaryImageOfPage\":{\"@id\":\"https:\/\/www.clubdelemprendimiento.com\/blog\/noticia-corporativa\/party-fiesta-anuncia-su-regreso-con-una-nueva-identidad-y-filosofia-centrada-en-la-fiesta-autentica\/#primaryimage\"},\"image\":{\"@id\":\"https:\/\/www.clubdelemprendimiento.com\/blog\/noticia-corporativa\/party-fiesta-anuncia-su-regreso-con-una-nueva-identidad-y-filosofia-centrada-en-la-fiesta-autentica\/#primaryimage\"},\"thumbnailUrl\":\"https:\/\/www.clubdelemprendimiento.com\/blog\/wp-content\/uploads\/2025\/10\/1.png\",\"datePublished\":\"2025-10-14T13:04:56+00:00\",\"dateModified\":\"2025-10-14T13:04:56+00:00\",\"breadcrumb\":{\"@id\":\"https:\/\/www.clubdelemprendimiento.com\/blog\/noticia-corporativa\/party-fiesta-anuncia-su-regreso-con-una-nueva-identidad-y-filosofia-centrada-en-la-fiesta-autentica\/#breadcrumb\"},\"inLanguage\":\"es\",\"potentialAction\":[{\"@type\":\"ReadAction\",\"target\":[\"https:\/\/www.clubdelemprendimiento.com\/blog\/noticia-corporativa\/party-fiesta-anuncia-su-regreso-con-una-nueva-identidad-y-filosofia-centrada-en-la-fiesta-autentica\/\"]}]},{\"@type\":\"ImageObject\",\"inLanguage\":\"es\",\"@id\":\"https:\/\/www.clubdelemprendimiento.com\/blog\/noticia-corporativa\/party-fiesta-anuncia-su-regreso-con-una-nueva-identidad-y-filosofia-centrada-en-la-fiesta-autentica\/#primaryimage\",\"url\":\"https:\/\/www.clubdelemprendimiento.com\/blog\/wp-content\/uploads\/2025\/10\/1.png\",\"contentUrl\":\"https:\/\/www.clubdelemprendimiento.com\/blog\/wp-content\/uploads\/2025\/10\/1.png\",\"width\":1820,\"height\":690},{\"@type\":\"BreadcrumbList\",\"@id\":\"https:\/\/www.clubdelemprendimiento.com\/blog\/noticia-corporativa\/party-fiesta-anuncia-su-regreso-con-una-nueva-identidad-y-filosofia-centrada-en-la-fiesta-autentica\/#breadcrumb\",\"itemListElement\":[{\"@type\":\"ListItem\",\"position\":1,\"name\":\"Home\",\"item\":\"https:\/\/www.clubdelemprendimiento.com\/blog\/\"},{\"@type\":\"ListItem\",\"position\":2,\"name\":\"Noticias Corporativas\",\"item\":\"https:\/\/www.clubdelemprendimiento.com\/blog\/noticias-corporativas\/\"},{\"@type\":\"ListItem\",\"position\":3,\"name\":\"Party Fiesta anuncia su regreso con una nueva identidad y filosof\u00eda centrada en la fiesta aut\u00e9ntica\"}]},{\"@type\":\"WebSite\",\"@id\":\"https:\/\/www.clubdelemprendimiento.com\/blog\/#website\",\"url\":\"https:\/\/www.clubdelemprendimiento.com\/blog\/\",\"name\":\"Blog Club del Emprendimiento\",\"description\":\"\",\"potentialAction\":[{\"@type\":\"SearchAction\",\"target\":{\"@type\":\"EntryPoint\",\"urlTemplate\":\"https:\/\/www.clubdelemprendimiento.com\/blog\/?s={search_term_string}\"},\"query-input\":\"required name=search_term_string\"}],\"inLanguage\":\"es\"}]}<\/script>\n<!-- \/ Yoast SEO plugin. -->","yoast_head_json":{"title":"Party Fiesta anuncia su regreso con una nueva identidad y filosof\u00eda centrada en la fiesta aut\u00e9ntica - Blog Club del Emprendimiento","robots":{"index":"index","follow":"follow","max-snippet":"max-snippet:-1","max-image-preview":"max-image-preview:large","max-video-preview":"max-video-preview:-1"},"canonical":"https:\/\/www.clubdelemprendimiento.com\/blog\/noticia-corporativa\/party-fiesta-anuncia-su-regreso-con-una-nueva-identidad-y-filosofia-centrada-en-la-fiesta-autentica\/","og_locale":"es_ES","og_type":"article","og_title":"Party Fiesta anuncia su regreso con una nueva identidad y filosof\u00eda centrada en la fiesta aut\u00e9ntica - Blog Club del Emprendimiento","og_description":"La cuenta atr\u00e1s ha empezado. Party Fiesta vuelve para reconectar con todos los fiesteros&hellip;","og_url":"https:\/\/www.clubdelemprendimiento.com\/blog\/noticia-corporativa\/party-fiesta-anuncia-su-regreso-con-una-nueva-identidad-y-filosofia-centrada-en-la-fiesta-autentica\/","og_site_name":"Blog Club del Emprendimiento","og_image":[{"url":"https:\/\/www.clubdelemprendimiento.com\/blog\/wp-content\/uploads\/2025\/10\/1.png"}],"twitter_card":"summary_large_image","twitter_misc":{"Tiempo de lectura":"2 minutos"},"schema":{"@context":"https:\/\/schema.org","@graph":[{"@type":"WebPage","@id":"https:\/\/www.clubdelemprendimiento.com\/blog\/noticia-corporativa\/party-fiesta-anuncia-su-regreso-con-una-nueva-identidad-y-filosofia-centrada-en-la-fiesta-autentica\/","url":"https:\/\/www.clubdelemprendimiento.com\/blog\/noticia-corporativa\/party-fiesta-anuncia-su-regreso-con-una-nueva-identidad-y-filosofia-centrada-en-la-fiesta-autentica\/","name":"Party Fiesta anuncia su regreso con una nueva identidad y filosof\u00eda centrada en la fiesta aut\u00e9ntica - Blog Club del Emprendimiento","isPartOf":{"@id":"https:\/\/www.clubdelemprendimiento.com\/blog\/#website"},"primaryImageOfPage":{"@id":"https:\/\/www.clubdelemprendimiento.com\/blog\/noticia-corporativa\/party-fiesta-anuncia-su-regreso-con-una-nueva-identidad-y-filosofia-centrada-en-la-fiesta-autentica\/#primaryimage"},"image":{"@id":"https:\/\/www.clubdelemprendimiento.com\/blog\/noticia-corporativa\/party-fiesta-anuncia-su-regreso-con-una-nueva-identidad-y-filosofia-centrada-en-la-fiesta-autentica\/#primaryimage"},"thumbnailUrl":"https:\/\/www.clubdelemprendimiento.com\/blog\/wp-content\/uploads\/2025\/10\/1.png","datePublished":"2025-10-14T13:04:56+00:00","dateModified":"2025-10-14T13:04:56+00:00","breadcrumb":{"@id":"https:\/\/www.clubdelemprendimiento.com\/blog\/noticia-corporativa\/party-fiesta-anuncia-su-regreso-con-una-nueva-identidad-y-filosofia-centrada-en-la-fiesta-autentica\/#breadcrumb"},"inLanguage":"es","potentialAction":[{"@type":"ReadAction","target":["https:\/\/www.clubdelemprendimiento.com\/blog\/noticia-corporativa\/party-fiesta-anuncia-su-regreso-con-una-nueva-identidad-y-filosofia-centrada-en-la-fiesta-autentica\/"]}]},{"@type":"ImageObject","inLanguage":"es","@id":"https:\/\/www.clubdelemprendimiento.com\/blog\/noticia-corporativa\/party-fiesta-anuncia-su-regreso-con-una-nueva-identidad-y-filosofia-centrada-en-la-fiesta-autentica\/#primaryimage","url":"https:\/\/www.clubdelemprendimiento.com\/blog\/wp-content\/uploads\/2025\/10\/1.png","contentUrl":"https:\/\/www.clubdelemprendimiento.com\/blog\/wp-content\/uploads\/2025\/10\/1.png","width":1820,"height":690},{"@type":"BreadcrumbList","@id":"https:\/\/www.clubdelemprendimiento.com\/blog\/noticia-corporativa\/party-fiesta-anuncia-su-regreso-con-una-nueva-identidad-y-filosofia-centrada-en-la-fiesta-autentica\/#breadcrumb","itemListElement":[{"@type":"ListItem","position":1,"name":"Home","item":"https:\/\/www.clubdelemprendimiento.com\/blog\/"},{"@type":"ListItem","position":2,"name":"Noticias Corporativas","item":"https:\/\/www.clubdelemprendimiento.com\/blog\/noticias-corporativas\/"},{"@type":"ListItem","position":3,"name":"Party Fiesta anuncia su regreso con una nueva identidad y filosof\u00eda centrada en la fiesta aut\u00e9ntica"}]},{"@type":"WebSite","@id":"https:\/\/www.clubdelemprendimiento.com\/blog\/#website","url":"https:\/\/www.clubdelemprendimiento.com\/blog\/","name":"Blog Club del Emprendimiento","description":"","potentialAction":[{"@type":"SearchAction","target":{"@type":"EntryPoint","urlTemplate":"https:\/\/www.clubdelemprendimiento.com\/blog\/?s={search_term_string}"},"query-input":"required name=search_term_string"}],"inLanguage":"es"}]}},"_links":{"self":[{"href":"https:\/\/www.clubdelemprendimiento.com\/blog\/wp-json\/wp\/v2\/noticia-corporativa\/22577"}],"collection":[{"href":"https:\/\/www.clubdelemprendimiento.com\/blog\/wp-json\/wp\/v2\/noticia-corporativa"}],"about":[{"href":"https:\/\/www.clubdelemprendimiento.com\/blog\/wp-json\/wp\/v2\/types\/noticia-corporativa"}],"wp:featuredmedia":[{"embeddable":true,"href":"https:\/\/www.clubdelemprendimiento.com\/blog\/wp-json\/wp\/v2\/media\/22578"}],"wp:attachment":[{"href":"https:\/\/www.clubdelemprendimiento.com\/blog\/wp-json\/wp\/v2\/media?parent=22577"}],"curies":[{"name":"wp","href":"https:\/\/api.w.org\/{rel}","templated":true}]}}