{"id":22575,"date":"2025-10-14T12:04:49","date_gmt":"2025-10-14T12:04:49","guid":{"rendered":"https:\/\/www.clubdelemprendimiento.com\/blog\/noticia-corporativa\/los-trucos-de-judit-masco-y-mayte-de-la-iglesia-para-elegir-los-mejores-estilismos-y-posar-como-una-modelo\/"},"modified":"2025-10-14T12:04:49","modified_gmt":"2025-10-14T12:04:49","slug":"los-trucos-de-judit-masco-y-mayte-de-la-iglesia-para-elegir-los-mejores-estilismos-y-posar-como-una-modelo","status":"publish","type":"noticia-corporativa","link":"https:\/\/www.clubdelemprendimiento.com\/blog\/noticia-corporativa\/los-trucos-de-judit-masco-y-mayte-de-la-iglesia-para-elegir-los-mejores-estilismos-y-posar-como-una-modelo\/","title":{"rendered":"Los trucos de Judit Masc\u00f3 y Mayte de la Iglesia para elegir los mejores estilismos y posar como una modelo"},"content":{"rendered":"<div>\n<p><a href=\"https:\/\/www.clubdelemprendimiento.com\/blog\/wp-content\/uploads\/2025\/10\/WhatsApp_Image_2025-10-13_at_144941.jpeg\" target=\"_blank\" class=\"fotonota\" rel=\"noopener\"> <img decoding=\"async\" src=\"https:\/\/www.clubdelemprendimiento.com\/blog\/wp-content\/uploads\/2025\/10\/WhatsApp_Image_2025-10-13_at_144941.jpeg\" style=\"max-width:600px;\" border=\"0\" class=\"postImage\" alt=\"\"><\/a><\/p>\n<p>Esmara, la firma de moda de Lidl, presenta su nueva colecci\u00f3n oto\u00f1o-invierno de la mano de la top model y embajadora de Esmara Judit Masc\u00f3, la estilista Mayte de la Iglesia y el fot\u00f3grafo Pedro Walter. Esmara estrena adem\u00e1s su nuevo lema &#8216;Vestir siendo t\u00fa vale la pena&#8217;, con el que la marca lanza un mensaje de inclusi\u00f3n y aceptaci\u00f3n, animando a las mujeres a elegir moda que celebre todas las tallas, cuerpos y edades<\/p>\n<p><\/p>\n<p>Lidl ha presentado su <strong>nueva colecci\u00f3n oto\u00f1o-invierno 2025 de Esmara<\/strong>, compuesta por cuatro c\u00e1psulas pensadas para adaptarse al estilo de vida de la mujer real en todas sus facetas. En esta ocasi\u00f3n, la marca ha optado por poner en valor el mundo de la fotograf\u00eda de moda de la mano de tres prestigiosos profesionales: la ic\u00f3nica modelo y embajadora de la firma <strong>Judit Masc\u00f3<\/strong>, la estilista <strong>Mayte de la Iglesia<\/strong> y el fot\u00f3grafo de moda <strong>Pedro Walter<\/strong>, que han desvelado los secretos infalibles para posar sin complejos vistiendo las nuevas colecciones de Esmara.<\/p>\n<p>La embajadora de Esmara Judit Masc\u00f3 comparte sus trucos favoritos para sentirte bien y posar como una profesional.<\/p>\n<p>Judit Masc\u00f3, embajadora de Esmara y referente en el mundo de la moda, destaca la <strong>importancia de elegir moda con la que sentirse\u00a0c\u00f3modas y seguras de nosotras mismas<\/strong>. \u00abSaber lucir lo que llevas en el d\u00eda a d\u00eda es esencial, la moda tiene que estar al\u00a0servicio y no al rev\u00e9s. Y a\u00f1ade \u00abTambi\u00e9n es bueno tener looks m\u00e1s elevados para proyectar la\u00a0imagen hacia los dem\u00e1s, pero siendo fiel a una misma y que cuando te mires al espejo te reconozcas. Hay puntos fuertes y otros no tanto, y lo importante es descubrirlos y aprender a conocernos y reconocernos\u00bb.<\/p>\n<p>Posar de manera favorecedora y lograr salir bien en todas las fotos es algo que pocas dominan tan bien como Judit Masc\u00f3. Tras 35 a\u00f1os de carrera recorriendo las principales pasarelas internacionales, la top model desvela<strong> sus consejos y secretos infalibles<\/strong> <strong>para sacar el m\u00e1ximo partido a las fotos<\/strong> <strong>y transmitir seguridad y confianza<\/strong> con cada <em>flash<\/em>.<\/p>\n<ol>\n<li><strong>Naturalidad<\/strong>, una foto queda bien o no, dependiendo de si proyecta algo <strong>positivo y aut\u00e9ntico.<\/strong><\/li>\n<li>No tratar de imitar a otras personas, &#8216;<strong>s\u00e9 t\u00fa misma&#8217;<\/strong>, sonre\u00edr\u00a0a la c\u00e1mara de manera desenvuelta.<\/li>\n<li>Jugar con <strong>la elegancia de las manos<\/strong>, una pose muy com\u00fan es tocarse el anillo de una mano con la otra, corta la silueta y crea un efecto de cintura.<\/li>\n<li>La <strong>luz lo es todo,<\/strong> la luz hace que la\u00a0expresividad o el look proyecten algo precioso. Por ejemplo, <strong>evitar la luz directa del sol al mediod\u00eda<\/strong>, para esquivar esas sombras poco favorecedoras en el rostro.<\/li>\n<\/ol>\n<p><strong>Los consejos de la estilista Mayte de la Iglesia <\/strong><br \/>\nLas colecciones de esta temporada ofrecen desde b\u00e1sicos urbanos hasta piezas m\u00e1s atrevidas, pensadas para que cada mujer pueda expresarse con confianza. Como explica la estilista <strong>Mayte de la Iglesia:<\/strong> \u2018\u2019En un armario real, la combinaci\u00f3n de piezas cl\u00e1sicas con otras m\u00e1s elevadas es el ejercicio perfecto para aportar equilibrio, estilo y versatilidad en el vestir. El outfit debe ser un reflejo de una\u00a0misma: c\u00f3modo, aut\u00e9ntico y con un toque que marque la diferencia\u00bb.<\/p>\n<p>El truco, seg\u00fan Mayte, est\u00e1 en \u00absaber mezclar b\u00e1sicos cl\u00e1sicos que siempre funcionan con todo, prendas en colores neutros, como el negro, gris, camel, beige o azul marino, y patrones favorecedores que van a permitir surfear las modas y tendencias siendo la base o el complemento perfecto para despu\u00e9s introducir otras prendas o accesorios m\u00e1s llamativos y transgresores\u00bb. Ese contraste aporta equilibrio y versatilidad. Para lograrlo, Mayte indica los siguientes pasos:<\/p>\n<ol>\n<li>Construir\u00a0un <strong>armario c\u00e1psula con prendas combinables<\/strong> <strong>entre s\u00ed<\/strong> para multiplicar los\u00a0looks sin perder tiempo cada ma\u00f1ana.<\/li>\n<li>Buscar siempre la <strong>comodidad<\/strong>: sentirse a gusto con lo que se lleva\u00a0es el primer paso para proyectar estilo.<\/li>\n<li>Elegir\u00a0<strong>tonalidades que potencien y realcen la\u00a0belleza natural<\/strong>. Este truco va a resultar infalible para descubrirlo: observar las venas del interior de la\u00a0mu\u00f1eca. Por norma general, si las venas son azules indican un tono de piel fr\u00edo, con lo cual verdes, azules, viol\u00e1ceos o granates ser\u00e1n aliados. En cambio, si las venas son verdes, estar\u00edamos hablando de un tono de piel c\u00e1lido, as\u00ed que prueba a vestir prendas beige, naranja, amarillo y marr\u00f3n.<\/li>\n<li>Los <strong>accesorios<\/strong> son aliados clave: un bolso, un cintur\u00f3n o unos zapatos pueden transformar un conjunto y adaptarlo a distintos momentos del d\u00eda o incluso de la temporada.<\/li>\n<\/ol>\n<p><strong>El fot\u00f3grafo Pedro Walter da las claves para disparar las mejores fotograf\u00edas<\/strong><br \/>\nEn palabras de<strong> Pedro Walter,<\/strong> \u00abEl rol de un fot\u00f3grafo de moda es hacer que la persona se sienta a gusto. Las fotos salen bien cuando se\u00a0siente segura, escuchada y sobre todo guapa. Si\u00e9ntete libre para moverte, huye del posado est\u00e1tico. Las mejores fotos salen cuando la persona se olvida de que est\u00e1 siendo fotografiada y se deja llevar\u00bb.<\/p>\n<p>Como \u00faltimo consejo, a\u00f1ade: \u00abponte m\u00fasica, lib\u00e9rate y. sobre todo, busca una luz favorecedora, evita las luces duras que hagan sombras, y recuerda que las mejores horas para hacerse fotos al aire libre son el amanecer o el atardecer, cuando el sol est\u00e1 bajo la luz es suave y no hace sombras\u00bb.<\/p>\n<p>Esmara, la marca de moda de Lidl, demuestra una vez m\u00e1s su apuesta por acompa\u00f1ar a las mujeres en su d\u00eda a d\u00eda, adapt\u00e1ndose a su estilo, personalidad y necesidades. A trav\u00e9s de <strong>prendas c\u00f3modas, vers\u00e1tiles y basadas en tendencias atemporales<\/strong>, las prendas Esmara est\u00e1n pensadas para conformar el fondo de armario b\u00e1sico de cualquier mujer, fusionando prendas neutrales con otros dise\u00f1os m\u00e1s atrevidos. Confeccionadas con <strong>tejidos sostenibles<\/strong> y disponibles en<strong> tallas que oscilan desde la XS hasta la L y desde la 34 hasta la 48,<\/strong> en funci\u00f3n de cada prenda, las colecciones Esmara lanzan un <strong>mensaje positivo de inclusi\u00f3n<\/strong>, animando a las mujeres a elegir moda que celebre todas las tallas, cuerpos y edades.<\/p>\n<p>As\u00ed lo refleja el nuevo lema de Esmara &#8216;<strong>Vestir siendo t\u00fa vale la pena<\/strong>&#8216;, que celebra la singularidad femenina y la aceptaci\u00f3n de una misma. El nuevo lema de Esmara hace tambi\u00e9n referencia a la campa\u00f1a &#8216;Lidl vale la pena&#8217;, lanzada por la compa\u00f1\u00eda hace un par de semanas a nivel global y que demuestra el <strong>compromiso de Lidl con acompa\u00f1ar a las personas en todos los momentos de su vida<\/strong>, ayud\u00e1ndolas a centrarse en lo que es realmente importante, lo que vale la pena.<\/p>\n<p>Con <strong>prendas a partir de 2,99 euros,<\/strong> las colecciones <strong>permiten crear total looks a partir de 30 euros<\/strong>, demostrando una vez m\u00e1s que con Esmara la calidad no est\u00e1 re\u00f1ida con el precio.<\/p>\n<p>En palabras de <strong>Judit Masc\u00f3<\/strong>, \u00abser embajadora de Esmara es representar a las mujeres reales, es apostar por la\u00a0singularidad, por la de mujeres que creen\u00a0en la aceptaci\u00f3n de nosotras mismas, y tambi\u00e9n en la pluralidad de tallas y de cuerpos. Es en definitiva, la moda real y sin complejos\u00bb.<\/p>\n<p><strong>Descubrir\u00a0los looks que propone Mayte de la Iglesia con las nuevas colecciones de Esmara<\/strong><br \/>\nEl oto\u00f1o de Esmara llega cargado de <strong>tonalidades rojas, marrones, beige y negro<\/strong>, y combina <strong>tendencias como el <em>animal print<\/em> y el cuero<\/strong>. Adem\u00e1s, tambi\u00e9n incluye accesorios indispensables como <strong>botines, chaquetas ultraligeras e incluso balaclavas<\/strong>, que fueron una de las grandes tendencias del pasado invierno y que se mantienen este a\u00f1o. Todo ello, concentrado en 4 colecciones.<strong> <\/strong><\/p>\n<\/div>\n","protected":false},"featured_media":22576,"template":"","meta":{"_acf_changed":false},"acf":[],"yoast_head":"<!-- This site is optimized with the Yoast SEO plugin v22.7 - https:\/\/yoast.com\/wordpress\/plugins\/seo\/ -->\n<title>Los trucos de Judit Masc\u00f3 y Mayte de la Iglesia para elegir los mejores estilismos y posar como una modelo - Blog Club del Emprendimiento<\/title>\n<meta name=\"robots\" content=\"index, follow, max-snippet:-1, max-image-preview:large, max-video-preview:-1\" \/>\n<link rel=\"canonical\" href=\"https:\/\/www.clubdelemprendimiento.com\/blog\/noticia-corporativa\/los-trucos-de-judit-masco-y-mayte-de-la-iglesia-para-elegir-los-mejores-estilismos-y-posar-como-una-modelo\/\" \/>\n<meta property=\"og:locale\" content=\"es_ES\" \/>\n<meta property=\"og:type\" content=\"article\" \/>\n<meta property=\"og:title\" content=\"Los trucos de Judit Masc\u00f3 y Mayte de la Iglesia para elegir los mejores estilismos y posar como una modelo - Blog Club del Emprendimiento\" \/>\n<meta property=\"og:description\" content=\"Esmara, la firma de moda de Lidl, presenta su nueva colecci\u00f3n oto\u00f1o-invierno de la&hellip;\" \/>\n<meta property=\"og:url\" content=\"https:\/\/www.clubdelemprendimiento.com\/blog\/noticia-corporativa\/los-trucos-de-judit-masco-y-mayte-de-la-iglesia-para-elegir-los-mejores-estilismos-y-posar-como-una-modelo\/\" \/>\n<meta property=\"og:site_name\" content=\"Blog Club del Emprendimiento\" \/>\n<meta property=\"og:image\" content=\"https:\/\/www.clubdelemprendimiento.com\/blog\/wp-content\/uploads\/2025\/10\/WhatsApp_Image_2025-10-13_at_144941.jpeg\" \/>\n<meta name=\"twitter:card\" content=\"summary_large_image\" \/>\n<meta name=\"twitter:label1\" content=\"Tiempo de lectura\" \/>\n\t<meta name=\"twitter:data1\" content=\"6 minutos\" \/>\n<script type=\"application\/ld+json\" class=\"yoast-schema-graph\">{\"@context\":\"https:\/\/schema.org\",\"@graph\":[{\"@type\":\"WebPage\",\"@id\":\"https:\/\/www.clubdelemprendimiento.com\/blog\/noticia-corporativa\/los-trucos-de-judit-masco-y-mayte-de-la-iglesia-para-elegir-los-mejores-estilismos-y-posar-como-una-modelo\/\",\"url\":\"https:\/\/www.clubdelemprendimiento.com\/blog\/noticia-corporativa\/los-trucos-de-judit-masco-y-mayte-de-la-iglesia-para-elegir-los-mejores-estilismos-y-posar-como-una-modelo\/\",\"name\":\"Los trucos de Judit Masc\u00f3 y Mayte de la Iglesia para elegir los mejores estilismos y posar como una modelo - Blog Club del Emprendimiento\",\"isPartOf\":{\"@id\":\"https:\/\/www.clubdelemprendimiento.com\/blog\/#website\"},\"primaryImageOfPage\":{\"@id\":\"https:\/\/www.clubdelemprendimiento.com\/blog\/noticia-corporativa\/los-trucos-de-judit-masco-y-mayte-de-la-iglesia-para-elegir-los-mejores-estilismos-y-posar-como-una-modelo\/#primaryimage\"},\"image\":{\"@id\":\"https:\/\/www.clubdelemprendimiento.com\/blog\/noticia-corporativa\/los-trucos-de-judit-masco-y-mayte-de-la-iglesia-para-elegir-los-mejores-estilismos-y-posar-como-una-modelo\/#primaryimage\"},\"thumbnailUrl\":\"https:\/\/www.clubdelemprendimiento.com\/blog\/wp-content\/uploads\/2025\/10\/WhatsApp_Image_2025-10-13_at_144941.jpeg\",\"datePublished\":\"2025-10-14T12:04:49+00:00\",\"dateModified\":\"2025-10-14T12:04:49+00:00\",\"breadcrumb\":{\"@id\":\"https:\/\/www.clubdelemprendimiento.com\/blog\/noticia-corporativa\/los-trucos-de-judit-masco-y-mayte-de-la-iglesia-para-elegir-los-mejores-estilismos-y-posar-como-una-modelo\/#breadcrumb\"},\"inLanguage\":\"es\",\"potentialAction\":[{\"@type\":\"ReadAction\",\"target\":[\"https:\/\/www.clubdelemprendimiento.com\/blog\/noticia-corporativa\/los-trucos-de-judit-masco-y-mayte-de-la-iglesia-para-elegir-los-mejores-estilismos-y-posar-como-una-modelo\/\"]}]},{\"@type\":\"ImageObject\",\"inLanguage\":\"es\",\"@id\":\"https:\/\/www.clubdelemprendimiento.com\/blog\/noticia-corporativa\/los-trucos-de-judit-masco-y-mayte-de-la-iglesia-para-elegir-los-mejores-estilismos-y-posar-como-una-modelo\/#primaryimage\",\"url\":\"https:\/\/www.clubdelemprendimiento.com\/blog\/wp-content\/uploads\/2025\/10\/WhatsApp_Image_2025-10-13_at_144941.jpeg\",\"contentUrl\":\"https:\/\/www.clubdelemprendimiento.com\/blog\/wp-content\/uploads\/2025\/10\/WhatsApp_Image_2025-10-13_at_144941.jpeg\",\"width\":1000,\"height\":1499},{\"@type\":\"BreadcrumbList\",\"@id\":\"https:\/\/www.clubdelemprendimiento.com\/blog\/noticia-corporativa\/los-trucos-de-judit-masco-y-mayte-de-la-iglesia-para-elegir-los-mejores-estilismos-y-posar-como-una-modelo\/#breadcrumb\",\"itemListElement\":[{\"@type\":\"ListItem\",\"position\":1,\"name\":\"Home\",\"item\":\"https:\/\/www.clubdelemprendimiento.com\/blog\/\"},{\"@type\":\"ListItem\",\"position\":2,\"name\":\"Noticias Corporativas\",\"item\":\"https:\/\/www.clubdelemprendimiento.com\/blog\/noticias-corporativas\/\"},{\"@type\":\"ListItem\",\"position\":3,\"name\":\"Los trucos de Judit Masc\u00f3 y Mayte de la Iglesia para elegir los mejores estilismos y posar como una modelo\"}]},{\"@type\":\"WebSite\",\"@id\":\"https:\/\/www.clubdelemprendimiento.com\/blog\/#website\",\"url\":\"https:\/\/www.clubdelemprendimiento.com\/blog\/\",\"name\":\"Blog Club del Emprendimiento\",\"description\":\"\",\"potentialAction\":[{\"@type\":\"SearchAction\",\"target\":{\"@type\":\"EntryPoint\",\"urlTemplate\":\"https:\/\/www.clubdelemprendimiento.com\/blog\/?s={search_term_string}\"},\"query-input\":\"required name=search_term_string\"}],\"inLanguage\":\"es\"}]}<\/script>\n<!-- \/ Yoast SEO plugin. -->","yoast_head_json":{"title":"Los trucos de Judit Masc\u00f3 y Mayte de la Iglesia para elegir los mejores estilismos y posar como una modelo - Blog Club del Emprendimiento","robots":{"index":"index","follow":"follow","max-snippet":"max-snippet:-1","max-image-preview":"max-image-preview:large","max-video-preview":"max-video-preview:-1"},"canonical":"https:\/\/www.clubdelemprendimiento.com\/blog\/noticia-corporativa\/los-trucos-de-judit-masco-y-mayte-de-la-iglesia-para-elegir-los-mejores-estilismos-y-posar-como-una-modelo\/","og_locale":"es_ES","og_type":"article","og_title":"Los trucos de Judit Masc\u00f3 y Mayte de la Iglesia para elegir los mejores estilismos y posar como una modelo - Blog Club del Emprendimiento","og_description":"Esmara, la firma de moda de Lidl, presenta su nueva colecci\u00f3n oto\u00f1o-invierno de la&hellip;","og_url":"https:\/\/www.clubdelemprendimiento.com\/blog\/noticia-corporativa\/los-trucos-de-judit-masco-y-mayte-de-la-iglesia-para-elegir-los-mejores-estilismos-y-posar-como-una-modelo\/","og_site_name":"Blog Club del Emprendimiento","og_image":[{"url":"https:\/\/www.clubdelemprendimiento.com\/blog\/wp-content\/uploads\/2025\/10\/WhatsApp_Image_2025-10-13_at_144941.jpeg"}],"twitter_card":"summary_large_image","twitter_misc":{"Tiempo de lectura":"6 minutos"},"schema":{"@context":"https:\/\/schema.org","@graph":[{"@type":"WebPage","@id":"https:\/\/www.clubdelemprendimiento.com\/blog\/noticia-corporativa\/los-trucos-de-judit-masco-y-mayte-de-la-iglesia-para-elegir-los-mejores-estilismos-y-posar-como-una-modelo\/","url":"https:\/\/www.clubdelemprendimiento.com\/blog\/noticia-corporativa\/los-trucos-de-judit-masco-y-mayte-de-la-iglesia-para-elegir-los-mejores-estilismos-y-posar-como-una-modelo\/","name":"Los trucos de Judit Masc\u00f3 y Mayte de la Iglesia para elegir los mejores estilismos y posar como una modelo - Blog Club del Emprendimiento","isPartOf":{"@id":"https:\/\/www.clubdelemprendimiento.com\/blog\/#website"},"primaryImageOfPage":{"@id":"https:\/\/www.clubdelemprendimiento.com\/blog\/noticia-corporativa\/los-trucos-de-judit-masco-y-mayte-de-la-iglesia-para-elegir-los-mejores-estilismos-y-posar-como-una-modelo\/#primaryimage"},"image":{"@id":"https:\/\/www.clubdelemprendimiento.com\/blog\/noticia-corporativa\/los-trucos-de-judit-masco-y-mayte-de-la-iglesia-para-elegir-los-mejores-estilismos-y-posar-como-una-modelo\/#primaryimage"},"thumbnailUrl":"https:\/\/www.clubdelemprendimiento.com\/blog\/wp-content\/uploads\/2025\/10\/WhatsApp_Image_2025-10-13_at_144941.jpeg","datePublished":"2025-10-14T12:04:49+00:00","dateModified":"2025-10-14T12:04:49+00:00","breadcrumb":{"@id":"https:\/\/www.clubdelemprendimiento.com\/blog\/noticia-corporativa\/los-trucos-de-judit-masco-y-mayte-de-la-iglesia-para-elegir-los-mejores-estilismos-y-posar-como-una-modelo\/#breadcrumb"},"inLanguage":"es","potentialAction":[{"@type":"ReadAction","target":["https:\/\/www.clubdelemprendimiento.com\/blog\/noticia-corporativa\/los-trucos-de-judit-masco-y-mayte-de-la-iglesia-para-elegir-los-mejores-estilismos-y-posar-como-una-modelo\/"]}]},{"@type":"ImageObject","inLanguage":"es","@id":"https:\/\/www.clubdelemprendimiento.com\/blog\/noticia-corporativa\/los-trucos-de-judit-masco-y-mayte-de-la-iglesia-para-elegir-los-mejores-estilismos-y-posar-como-una-modelo\/#primaryimage","url":"https:\/\/www.clubdelemprendimiento.com\/blog\/wp-content\/uploads\/2025\/10\/WhatsApp_Image_2025-10-13_at_144941.jpeg","contentUrl":"https:\/\/www.clubdelemprendimiento.com\/blog\/wp-content\/uploads\/2025\/10\/WhatsApp_Image_2025-10-13_at_144941.jpeg","width":1000,"height":1499},{"@type":"BreadcrumbList","@id":"https:\/\/www.clubdelemprendimiento.com\/blog\/noticia-corporativa\/los-trucos-de-judit-masco-y-mayte-de-la-iglesia-para-elegir-los-mejores-estilismos-y-posar-como-una-modelo\/#breadcrumb","itemListElement":[{"@type":"ListItem","position":1,"name":"Home","item":"https:\/\/www.clubdelemprendimiento.com\/blog\/"},{"@type":"ListItem","position":2,"name":"Noticias Corporativas","item":"https:\/\/www.clubdelemprendimiento.com\/blog\/noticias-corporativas\/"},{"@type":"ListItem","position":3,"name":"Los trucos de Judit Masc\u00f3 y Mayte de la Iglesia para elegir los mejores estilismos y posar como una modelo"}]},{"@type":"WebSite","@id":"https:\/\/www.clubdelemprendimiento.com\/blog\/#website","url":"https:\/\/www.clubdelemprendimiento.com\/blog\/","name":"Blog Club del Emprendimiento","description":"","potentialAction":[{"@type":"SearchAction","target":{"@type":"EntryPoint","urlTemplate":"https:\/\/www.clubdelemprendimiento.com\/blog\/?s={search_term_string}"},"query-input":"required name=search_term_string"}],"inLanguage":"es"}]}},"_links":{"self":[{"href":"https:\/\/www.clubdelemprendimiento.com\/blog\/wp-json\/wp\/v2\/noticia-corporativa\/22575"}],"collection":[{"href":"https:\/\/www.clubdelemprendimiento.com\/blog\/wp-json\/wp\/v2\/noticia-corporativa"}],"about":[{"href":"https:\/\/www.clubdelemprendimiento.com\/blog\/wp-json\/wp\/v2\/types\/noticia-corporativa"}],"wp:featuredmedia":[{"embeddable":true,"href":"https:\/\/www.clubdelemprendimiento.com\/blog\/wp-json\/wp\/v2\/media\/22576"}],"wp:attachment":[{"href":"https:\/\/www.clubdelemprendimiento.com\/blog\/wp-json\/wp\/v2\/media?parent=22575"}],"curies":[{"name":"wp","href":"https:\/\/api.w.org\/{rel}","templated":true}]}}