{"id":22532,"date":"2025-10-13T13:04:40","date_gmt":"2025-10-13T13:04:40","guid":{"rendered":"https:\/\/www.clubdelemprendimiento.com\/blog\/noticia-corporativa\/oficina-del-parlamento-europeo-madrid-y-universitat-de-girona-galardonadas-en-los-premios-mutua-universal\/"},"modified":"2025-10-13T13:04:40","modified_gmt":"2025-10-13T13:04:40","slug":"oficina-del-parlamento-europeo-madrid-y-universitat-de-girona-galardonadas-en-los-premios-mutua-universal","status":"publish","type":"noticia-corporativa","link":"https:\/\/www.clubdelemprendimiento.com\/blog\/noticia-corporativa\/oficina-del-parlamento-europeo-madrid-y-universitat-de-girona-galardonadas-en-los-premios-mutua-universal\/","title":{"rendered":"Oficina del Parlamento Europeo Madrid y Universitat de Girona galardonadas en los Premios Mutua Universal"},"content":{"rendered":"<div>\n<p><a href=\"https:\/\/www.clubdelemprendimiento.com\/blog\/wp-content\/uploads\/2025\/10\/Premios_Mutua_Universal.jpg\" target=\"_blank\" class=\"fotonota\" rel=\"noopener\"> <img decoding=\"async\" src=\"https:\/\/www.clubdelemprendimiento.com\/blog\/wp-content\/uploads\/2025\/10\/Premios_Mutua_Universal.jpg\" style=\"max-width:600px;\" border=\"0\" class=\"postImage\" alt=\"Oficina del Parlamento Europeo Madrid y Universitat de Girona galardonadas en los Premios Mutua Universal\"><\/a><\/p>\n<p>Ambas entidades reciben el premio Institucional en la d\u00e9cima edici\u00f3n de estas distinciones que reconocen anualmente la innovaci\u00f3n aplicada a la salud. El acto de entrega tendr\u00e1 lugar el 19 de noviembre en el Casino de Madrid, con la participaci\u00f3n de Miquel Llad\u00f3, profesor de IESE Business School y experto en estrategia empresarial<\/p>\n<p><\/p>\n<p>Mutua Universal, mutua colaboradora con la Seguridad Social, ha distinguido a la <strong>Oficina del Parlamento Europeo en Madrid <\/strong>y a la<strong> Universitat de Girona <\/strong>con el premio Institucional en la <strong>X edici\u00f3n de los<\/strong> <a href=\"https:\/\/premios.mutuauniversal.net\/es\/\" rel=\"nofollow\"><strong>Premios Innovaci\u00f3n y Salud<\/strong><\/a>, galardones que reconocen anualmente a instituciones, organismos o empresas asociadas a la mutua que llevan a cabo proyectos innovadores en beneficio de la salud y el bienestar de las personas trabajadoras.\u00a0<\/p>\n<p>El jurado ha destacado la labor \u00aben el impulso de iniciativas que promueven la innovaci\u00f3n, la salud, la igualdad y los valores europeos entre la ciudadan\u00eda\u00bb de la Oficina del Parlamento Europeo en Madrid, as\u00ed como el \u00abconstante trabajo de sensibilizaci\u00f3n en materia de prevenci\u00f3n y salud f\u00edsica y mental\u00bb de la Universitat de Girona a trav\u00e9s de su programa La UdG, una Universitat Saludable.<\/p>\n<p><strong>Finalistas de los Premios Innovaci\u00f3n y Salud 2025<\/strong><br \/>\nAdem\u00e1s de dar a conocer las entidades reconocidas con el premio Institucional, el jurado de la d\u00e9cima edici\u00f3n de los premios ha fallado las organizaciones finalistas que el 19 de noviembre optar\u00e1n a premio en cada una de las dos categor\u00edas de estos galardones.<\/p>\n<p>En la categor\u00eda Gran Empresa, las finalistas son, por orden alfab\u00e9tico: <strong>Bridgestone Hispania Manufacturing Basauri <\/strong>por su buena pr\u00e1ctica De la Anal\u00edtica Rutinaria a la Anal\u00edtica Innovadora;<strong> Eiffage Energ\u00eda S.L.U.<\/strong> por Notifica. App de Comunicaci\u00f3n de Incidentes y Anomal\u00edas; el grupo industrial<strong> Gonvauto Navarra <\/strong>por Digitalizaci\u00f3n para la Seguridad y Salud de los Trabajadores; la empresa de refrigeraci\u00f3n comercial <strong>Infrico <\/strong>por<strong> <\/strong>su proyecto<strong> <\/strong>Infrico 4.0. Digitalizaci\u00f3n para una Gesti\u00f3n Inteligente de Riesgos Laborales; la<strong> Fundaci\u00f3<\/strong> <strong>Institut Guttmann <\/strong>por Formaci\u00f3n en Competencias Comunicativas para mejorar la Gesti\u00f3n de los Conflictos; y el servicio de movilidad sanitaria<strong> Sanir<\/strong> por su pr\u00e1ctica Moviliza+. Innovaci\u00f3n que dignifica, atenci\u00f3n que transforma.<\/p>\n<p>En la categor\u00eda Peque\u00f1a y Mediana Empresa las finalistas son: <strong>Alimentos Congelados de la Rioja<\/strong> por su proyecto CN Tec Aula de Formaci\u00f3n; el <strong>Colegio Compa\u00f1\u00eda de Mar\u00eda<\/strong> por CBR: La comisi\u00f3n de las buenas relaciones o el \u00abbuen rollo\u00bb; <strong>Desarrollo de Sistemas Avanzados <\/strong>por su pr\u00e1ctica IA al servicio del Bienestar Social, la Eficiencia, la Sostenibilidad y la Colaboraci\u00f3n: Transformaci\u00f3n Empresarial y Cultural mediante la Integraci\u00f3n Pr\u00e1ctica de la Inteligencia Artificial; la <strong>Fundaci\u00f3n Laboral San Prudencio<\/strong> por SOS EmozioLan &#8211; Primeros Auxilios Emocionales; <strong>Mobis Parts Europe<\/strong> por su buena pr\u00e1ctica Sichock: el Calzo Inteligente y <strong>Skretting Espa\u00f1a<\/strong> por Embajadores de las Reglas que Salvan Vidas.<\/p>\n<p><strong>Acto de entrega de los galardones<\/strong><br \/>\nLas candidaturas ganadoras se dar\u00e1n a conocer el 19 de noviembre en el Casino de Madrid durante un evento que contar\u00e1 con la participaci\u00f3n de <strong>Miquel Llad\u00f3<\/strong>, profesor asociado en el departamento de Direcci\u00f3n Estrat\u00e9gica de IESE Business School, experto en estrategia empresarial y autor del libro <em>Enamorase del futuro. Ideas de estrategia para l\u00edderes<\/em>. Licenciado en Ciencias Econ\u00f3micas y Empresariales por la Universidad de Barcelona y formado en prestigiosas instituciones como Harvard Business School, ESADE o IESE, Miquel Llad\u00f3 cuenta con una dilatada trayectoria profesional en reconocidas empresas como KPMG, PepsiCo o Bimbo, entre otras.<\/p>\n<\/div>\n","protected":false},"featured_media":22533,"template":"","meta":{"_acf_changed":false},"acf":[],"yoast_head":"<!-- This site is optimized with the Yoast SEO plugin v22.7 - https:\/\/yoast.com\/wordpress\/plugins\/seo\/ -->\n<title>Oficina del Parlamento Europeo Madrid y Universitat de Girona galardonadas en los Premios Mutua Universal - Blog Club del Emprendimiento<\/title>\n<meta name=\"robots\" content=\"index, follow, max-snippet:-1, max-image-preview:large, max-video-preview:-1\" \/>\n<link rel=\"canonical\" href=\"https:\/\/www.clubdelemprendimiento.com\/blog\/noticia-corporativa\/oficina-del-parlamento-europeo-madrid-y-universitat-de-girona-galardonadas-en-los-premios-mutua-universal\/\" \/>\n<meta property=\"og:locale\" content=\"es_ES\" \/>\n<meta property=\"og:type\" content=\"article\" \/>\n<meta property=\"og:title\" content=\"Oficina del Parlamento Europeo Madrid y Universitat de Girona galardonadas en los Premios Mutua Universal - Blog Club del Emprendimiento\" \/>\n<meta property=\"og:description\" content=\"Ambas entidades reciben el premio Institucional en la d\u00e9cima edici\u00f3n de estas distinciones que&hellip;\" \/>\n<meta property=\"og:url\" content=\"https:\/\/www.clubdelemprendimiento.com\/blog\/noticia-corporativa\/oficina-del-parlamento-europeo-madrid-y-universitat-de-girona-galardonadas-en-los-premios-mutua-universal\/\" \/>\n<meta property=\"og:site_name\" content=\"Blog Club del Emprendimiento\" \/>\n<meta property=\"og:image\" content=\"https:\/\/www.clubdelemprendimiento.com\/blog\/wp-content\/uploads\/2025\/10\/Premios_Mutua_Universal.jpg\" \/>\n<meta name=\"twitter:card\" content=\"summary_large_image\" \/>\n<meta name=\"twitter:label1\" content=\"Tiempo de lectura\" \/>\n\t<meta name=\"twitter:data1\" content=\"3 minutos\" \/>\n<script type=\"application\/ld+json\" class=\"yoast-schema-graph\">{\"@context\":\"https:\/\/schema.org\",\"@graph\":[{\"@type\":\"WebPage\",\"@id\":\"https:\/\/www.clubdelemprendimiento.com\/blog\/noticia-corporativa\/oficina-del-parlamento-europeo-madrid-y-universitat-de-girona-galardonadas-en-los-premios-mutua-universal\/\",\"url\":\"https:\/\/www.clubdelemprendimiento.com\/blog\/noticia-corporativa\/oficina-del-parlamento-europeo-madrid-y-universitat-de-girona-galardonadas-en-los-premios-mutua-universal\/\",\"name\":\"Oficina del Parlamento Europeo Madrid y Universitat de Girona galardonadas en los Premios Mutua Universal - Blog Club del Emprendimiento\",\"isPartOf\":{\"@id\":\"https:\/\/www.clubdelemprendimiento.com\/blog\/#website\"},\"primaryImageOfPage\":{\"@id\":\"https:\/\/www.clubdelemprendimiento.com\/blog\/noticia-corporativa\/oficina-del-parlamento-europeo-madrid-y-universitat-de-girona-galardonadas-en-los-premios-mutua-universal\/#primaryimage\"},\"image\":{\"@id\":\"https:\/\/www.clubdelemprendimiento.com\/blog\/noticia-corporativa\/oficina-del-parlamento-europeo-madrid-y-universitat-de-girona-galardonadas-en-los-premios-mutua-universal\/#primaryimage\"},\"thumbnailUrl\":\"https:\/\/www.clubdelemprendimiento.com\/blog\/wp-content\/uploads\/2025\/10\/Premios_Mutua_Universal.jpg\",\"datePublished\":\"2025-10-13T13:04:40+00:00\",\"dateModified\":\"2025-10-13T13:04:40+00:00\",\"breadcrumb\":{\"@id\":\"https:\/\/www.clubdelemprendimiento.com\/blog\/noticia-corporativa\/oficina-del-parlamento-europeo-madrid-y-universitat-de-girona-galardonadas-en-los-premios-mutua-universal\/#breadcrumb\"},\"inLanguage\":\"es\",\"potentialAction\":[{\"@type\":\"ReadAction\",\"target\":[\"https:\/\/www.clubdelemprendimiento.com\/blog\/noticia-corporativa\/oficina-del-parlamento-europeo-madrid-y-universitat-de-girona-galardonadas-en-los-premios-mutua-universal\/\"]}]},{\"@type\":\"ImageObject\",\"inLanguage\":\"es\",\"@id\":\"https:\/\/www.clubdelemprendimiento.com\/blog\/noticia-corporativa\/oficina-del-parlamento-europeo-madrid-y-universitat-de-girona-galardonadas-en-los-premios-mutua-universal\/#primaryimage\",\"url\":\"https:\/\/www.clubdelemprendimiento.com\/blog\/wp-content\/uploads\/2025\/10\/Premios_Mutua_Universal.jpg\",\"contentUrl\":\"https:\/\/www.clubdelemprendimiento.com\/blog\/wp-content\/uploads\/2025\/10\/Premios_Mutua_Universal.jpg\",\"width\":1920,\"height\":1080,\"caption\":\"Oficina del Parlamento Europeo Madrid y Universitat de Girona galardonadas en los Premios Mutua Universal\"},{\"@type\":\"BreadcrumbList\",\"@id\":\"https:\/\/www.clubdelemprendimiento.com\/blog\/noticia-corporativa\/oficina-del-parlamento-europeo-madrid-y-universitat-de-girona-galardonadas-en-los-premios-mutua-universal\/#breadcrumb\",\"itemListElement\":[{\"@type\":\"ListItem\",\"position\":1,\"name\":\"Home\",\"item\":\"https:\/\/www.clubdelemprendimiento.com\/blog\/\"},{\"@type\":\"ListItem\",\"position\":2,\"name\":\"Noticias Corporativas\",\"item\":\"https:\/\/www.clubdelemprendimiento.com\/blog\/noticias-corporativas\/\"},{\"@type\":\"ListItem\",\"position\":3,\"name\":\"Oficina del Parlamento Europeo Madrid y Universitat de Girona galardonadas en los Premios Mutua Universal\"}]},{\"@type\":\"WebSite\",\"@id\":\"https:\/\/www.clubdelemprendimiento.com\/blog\/#website\",\"url\":\"https:\/\/www.clubdelemprendimiento.com\/blog\/\",\"name\":\"Blog Club del Emprendimiento\",\"description\":\"\",\"potentialAction\":[{\"@type\":\"SearchAction\",\"target\":{\"@type\":\"EntryPoint\",\"urlTemplate\":\"https:\/\/www.clubdelemprendimiento.com\/blog\/?s={search_term_string}\"},\"query-input\":\"required name=search_term_string\"}],\"inLanguage\":\"es\"}]}<\/script>\n<!-- \/ Yoast SEO plugin. -->","yoast_head_json":{"title":"Oficina del Parlamento Europeo Madrid y Universitat de Girona galardonadas en los Premios Mutua Universal - Blog Club del Emprendimiento","robots":{"index":"index","follow":"follow","max-snippet":"max-snippet:-1","max-image-preview":"max-image-preview:large","max-video-preview":"max-video-preview:-1"},"canonical":"https:\/\/www.clubdelemprendimiento.com\/blog\/noticia-corporativa\/oficina-del-parlamento-europeo-madrid-y-universitat-de-girona-galardonadas-en-los-premios-mutua-universal\/","og_locale":"es_ES","og_type":"article","og_title":"Oficina del Parlamento Europeo Madrid y Universitat de Girona galardonadas en los Premios Mutua Universal - Blog Club del Emprendimiento","og_description":"Ambas entidades reciben el premio Institucional en la d\u00e9cima edici\u00f3n de estas distinciones que&hellip;","og_url":"https:\/\/www.clubdelemprendimiento.com\/blog\/noticia-corporativa\/oficina-del-parlamento-europeo-madrid-y-universitat-de-girona-galardonadas-en-los-premios-mutua-universal\/","og_site_name":"Blog Club del Emprendimiento","og_image":[{"url":"https:\/\/www.clubdelemprendimiento.com\/blog\/wp-content\/uploads\/2025\/10\/Premios_Mutua_Universal.jpg"}],"twitter_card":"summary_large_image","twitter_misc":{"Tiempo de lectura":"3 minutos"},"schema":{"@context":"https:\/\/schema.org","@graph":[{"@type":"WebPage","@id":"https:\/\/www.clubdelemprendimiento.com\/blog\/noticia-corporativa\/oficina-del-parlamento-europeo-madrid-y-universitat-de-girona-galardonadas-en-los-premios-mutua-universal\/","url":"https:\/\/www.clubdelemprendimiento.com\/blog\/noticia-corporativa\/oficina-del-parlamento-europeo-madrid-y-universitat-de-girona-galardonadas-en-los-premios-mutua-universal\/","name":"Oficina del Parlamento Europeo Madrid y Universitat de Girona galardonadas en los Premios Mutua Universal - Blog Club del Emprendimiento","isPartOf":{"@id":"https:\/\/www.clubdelemprendimiento.com\/blog\/#website"},"primaryImageOfPage":{"@id":"https:\/\/www.clubdelemprendimiento.com\/blog\/noticia-corporativa\/oficina-del-parlamento-europeo-madrid-y-universitat-de-girona-galardonadas-en-los-premios-mutua-universal\/#primaryimage"},"image":{"@id":"https:\/\/www.clubdelemprendimiento.com\/blog\/noticia-corporativa\/oficina-del-parlamento-europeo-madrid-y-universitat-de-girona-galardonadas-en-los-premios-mutua-universal\/#primaryimage"},"thumbnailUrl":"https:\/\/www.clubdelemprendimiento.com\/blog\/wp-content\/uploads\/2025\/10\/Premios_Mutua_Universal.jpg","datePublished":"2025-10-13T13:04:40+00:00","dateModified":"2025-10-13T13:04:40+00:00","breadcrumb":{"@id":"https:\/\/www.clubdelemprendimiento.com\/blog\/noticia-corporativa\/oficina-del-parlamento-europeo-madrid-y-universitat-de-girona-galardonadas-en-los-premios-mutua-universal\/#breadcrumb"},"inLanguage":"es","potentialAction":[{"@type":"ReadAction","target":["https:\/\/www.clubdelemprendimiento.com\/blog\/noticia-corporativa\/oficina-del-parlamento-europeo-madrid-y-universitat-de-girona-galardonadas-en-los-premios-mutua-universal\/"]}]},{"@type":"ImageObject","inLanguage":"es","@id":"https:\/\/www.clubdelemprendimiento.com\/blog\/noticia-corporativa\/oficina-del-parlamento-europeo-madrid-y-universitat-de-girona-galardonadas-en-los-premios-mutua-universal\/#primaryimage","url":"https:\/\/www.clubdelemprendimiento.com\/blog\/wp-content\/uploads\/2025\/10\/Premios_Mutua_Universal.jpg","contentUrl":"https:\/\/www.clubdelemprendimiento.com\/blog\/wp-content\/uploads\/2025\/10\/Premios_Mutua_Universal.jpg","width":1920,"height":1080,"caption":"Oficina del Parlamento Europeo Madrid y Universitat de Girona galardonadas en los Premios Mutua Universal"},{"@type":"BreadcrumbList","@id":"https:\/\/www.clubdelemprendimiento.com\/blog\/noticia-corporativa\/oficina-del-parlamento-europeo-madrid-y-universitat-de-girona-galardonadas-en-los-premios-mutua-universal\/#breadcrumb","itemListElement":[{"@type":"ListItem","position":1,"name":"Home","item":"https:\/\/www.clubdelemprendimiento.com\/blog\/"},{"@type":"ListItem","position":2,"name":"Noticias Corporativas","item":"https:\/\/www.clubdelemprendimiento.com\/blog\/noticias-corporativas\/"},{"@type":"ListItem","position":3,"name":"Oficina del Parlamento Europeo Madrid y Universitat de Girona galardonadas en los Premios Mutua Universal"}]},{"@type":"WebSite","@id":"https:\/\/www.clubdelemprendimiento.com\/blog\/#website","url":"https:\/\/www.clubdelemprendimiento.com\/blog\/","name":"Blog Club del Emprendimiento","description":"","potentialAction":[{"@type":"SearchAction","target":{"@type":"EntryPoint","urlTemplate":"https:\/\/www.clubdelemprendimiento.com\/blog\/?s={search_term_string}"},"query-input":"required name=search_term_string"}],"inLanguage":"es"}]}},"_links":{"self":[{"href":"https:\/\/www.clubdelemprendimiento.com\/blog\/wp-json\/wp\/v2\/noticia-corporativa\/22532"}],"collection":[{"href":"https:\/\/www.clubdelemprendimiento.com\/blog\/wp-json\/wp\/v2\/noticia-corporativa"}],"about":[{"href":"https:\/\/www.clubdelemprendimiento.com\/blog\/wp-json\/wp\/v2\/types\/noticia-corporativa"}],"wp:featuredmedia":[{"embeddable":true,"href":"https:\/\/www.clubdelemprendimiento.com\/blog\/wp-json\/wp\/v2\/media\/22533"}],"wp:attachment":[{"href":"https:\/\/www.clubdelemprendimiento.com\/blog\/wp-json\/wp\/v2\/media?parent=22532"}],"curies":[{"name":"wp","href":"https:\/\/api.w.org\/{rel}","templated":true}]}}