{"id":22507,"date":"2025-10-10T15:04:37","date_gmt":"2025-10-10T15:04:37","guid":{"rendered":"https:\/\/www.clubdelemprendimiento.com\/blog\/noticia-corporativa\/49-jovenes-arquitectos-premiados-con-becas-arquia-realizaran-practicas-en-estudios-lideres-mundiales\/"},"modified":"2025-10-10T15:04:37","modified_gmt":"2025-10-10T15:04:37","slug":"49-jovenes-arquitectos-premiados-con-becas-arquia-realizaran-practicas-en-estudios-lideres-mundiales","status":"publish","type":"noticia-corporativa","link":"https:\/\/www.clubdelemprendimiento.com\/blog\/noticia-corporativa\/49-jovenes-arquitectos-premiados-con-becas-arquia-realizaran-practicas-en-estudios-lideres-mundiales\/","title":{"rendered":"49 j\u00f3venes arquitectos premiados con becas Arquia realizar\u00e1n pr\u00e1cticas en estudios l\u00edderes mundiales"},"content":{"rendered":"<div>\n<p><a href=\"https:\/\/www.clubdelemprendimiento.com\/blog\/wp-content\/uploads\/2025\/10\/Javier_Navarro_presidente_de_la_Fundacion_Arquia_junto_a_los_becados_de_esta_edicion__Foto_de_Jaime_Erice_baja-1.jpg\" target=\"_blank\" class=\"fotonota\" rel=\"noopener\"> <img decoding=\"async\" src=\"https:\/\/www.clubdelemprendimiento.com\/blog\/wp-content\/uploads\/2025\/10\/Javier_Navarro_presidente_de_la_Fundacion_Arquia_junto_a_los_becados_de_esta_edicion__Foto_de_Jaime_Erice_baja-1.jpg\" style=\"max-width:600px;\" border=\"0\" class=\"postImage\" alt=\"\"><\/a><\/p>\n<p>Por un valor total de 500.000 euros las becas de la Fundaci\u00f3n Arquia se reafirman como la iniciativa m\u00e1s importante del pa\u00eds para fomentar el talento de los arquitectos del futuro<\/p>\n<p><\/p>\n<p>En una emotiva ceremonia celebrada en Madrid este mi\u00e9rcoles, la <strong>Fundaci\u00f3n Arquia<\/strong> otorg\u00f3 oficialmente las <strong>becas Arquia<\/strong> a <strong>49 j\u00f3venes arquitectos y estudiantes de arquitectura<\/strong>, con edades comprendidas entre 22 y 28 a\u00f1os. La XXVI edici\u00f3n de <em>arquia\/becas<\/em> les permitir\u00e1 desarrollar sus primeras experiencias profesionales en un contexto de excelencia, realizando pr\u00e1cticas en algunos de los estudios de arquitectura m\u00e1s prestigiosos de Espa\u00f1a, Europa y Estados Unidos.<\/p>\n<p>Con una inversi\u00f3n <strong>de 500.000 euros<\/strong> en 2025, el programa <strong><em>arquia\/becas<\/em><\/strong> se ha convertido en <strong>la ayuda m\u00e1s importante del pa\u00eds para fomentar el talento de los j\u00f3venes en el sector de la arquitectura. \u00a0<\/strong>El programa permite realizar pr\u00e1cticas en <strong>m\u00e1s de 30 estudios de renombre internacional<\/strong>, ubicados en <strong>16 ciudades de 7 pa\u00edses<\/strong>, incluyendo firmas como Foster + Partners, RCR, \u00c1lvaro Siza, Rafael Moneo, Lacaton &amp; Vassal y Carme Pin\u00f3s. Entre estos estudios destacan ocho galardonados con el premio Pritzker, as\u00ed como otros cuyas obras han recibido el Premio de Arquitectura Contempor\u00e1nea de la Uni\u00f3n Europea \u2013 Premio Mies van der Rohe, o el Premio Nacional de Arquitectura. Adem\u00e1s, los becarios pueden elegir como destino instituciones culturales de prestigio\u2014como el Museo Reina Sof\u00eda y la Casa de la Arquitectura en Madrid\u2014 o en centros de la administraci\u00f3n p\u00fablica dedicados al urbanismo y al desarrollo en Espa\u00f1a, como SEGIPSA.<\/p>\n<p>Durante el acto de entrega de becas de la edici\u00f3n 2025, el reconocido arquitecto y antiguo becario, entre los primeros en beneficiarse de este programa, comparti\u00f3 sus experiencias con los asistentes: <strong>Fran Silvestre, <\/strong>quien realiz\u00f3 su estancia el a\u00f1o 2001 en el estudio \u00c1lvaro Siza, en Lisboa.<\/p>\n<p>Adem\u00e1s, la ceremonia cont\u00f3 con las conferencias de <strong>Roger Tud\u00f3<\/strong>\u00a0(HARQUITECTES), jurado de la modalidad por concurso de la XXV edici\u00f3n arquia\/becas con el tema: \u00abExtra y Ordinario\u00bb. Por su parte, la arquitecta <strong>Bet Capdeferro<\/strong>\u00a0(bosch.capdeferro), jurado de la modalidad por concurso, introducir\u00e1 el concepto de la\u00a0pr\u00f3xima edici\u00f3n de arquia\/becas bajo el tema \u00abTOPONIMIAS\u00bb. La convocatoria de la XXVI edici\u00f3n de arquia\/becas tuvo un notable alcance, recibiendo un total de 465 solicitudes procedentes de Espa\u00f1a y Portugal.\u00a0<\/p>\n<p>El evento concluy\u00f3 con una mesa institucional con la participaci\u00f3n de <strong>Javier Navarro<\/strong>, presidente de la Fundaci\u00f3n Arquia; <strong>Alberto Alonso<\/strong>, vicepresidente primero de la Fundaci\u00f3n Arquia; y <strong>Montserrat Nogu\u00e9s<\/strong>, vicepresidenta segunda de la Fundaci\u00f3n Arquia; para finalizar con la esperada entrega de diplomas.<\/p>\n<p>Este programa impulsa la trayectoria profesional de los j\u00f3venes talentos, al mismo tiempo que <strong>promueve la movilidad como un factor enriquecedor para su desarrollo personal<\/strong>. Por ello, los becados realizan estancias en pa\u00edses o regiones distintas a su lugar de residencia.\u00a0 Para participar en la convocatoria de arquia\/becas existen dos modalidades de presentaci\u00f3n: <strong>por expediente acad\u00e9mico<\/strong> y <strong>por concurso<\/strong>, lo que hace el proceso m\u00e1s abierto e inclusivo.<\/p>\n<p>Con esta iniciativa, la Fundaci\u00f3n Arquia contin\u00faa su compromiso de fomentar el talento emergente y contribuir al futuro de la arquitectura a trav\u00e9s de experiencias y pr\u00e1cticas en entornos de excelencia.<\/p>\n<p>M\u00e1s informaci\u00f3n: <a href=\"https:\/\/fundacion.arquia.com\/convocatorias\/becas\/\" rel=\"nofollow\">fundacion.arquia.com\/becas<\/a>\u00a0<\/p>\n<\/div>\n","protected":false},"featured_media":22508,"template":"","meta":{"_acf_changed":false},"acf":[],"yoast_head":"<!-- This site is optimized with the Yoast SEO plugin v22.7 - https:\/\/yoast.com\/wordpress\/plugins\/seo\/ -->\n<title>49 j\u00f3venes arquitectos premiados con becas Arquia realizar\u00e1n pr\u00e1cticas en estudios l\u00edderes mundiales - Blog Club del Emprendimiento<\/title>\n<meta name=\"robots\" content=\"index, follow, max-snippet:-1, max-image-preview:large, max-video-preview:-1\" \/>\n<link rel=\"canonical\" href=\"https:\/\/www.clubdelemprendimiento.com\/blog\/noticia-corporativa\/49-jovenes-arquitectos-premiados-con-becas-arquia-realizaran-practicas-en-estudios-lideres-mundiales\/\" \/>\n<meta property=\"og:locale\" content=\"es_ES\" \/>\n<meta property=\"og:type\" content=\"article\" \/>\n<meta property=\"og:title\" content=\"49 j\u00f3venes arquitectos premiados con becas Arquia realizar\u00e1n pr\u00e1cticas en estudios l\u00edderes mundiales - Blog Club del Emprendimiento\" \/>\n<meta property=\"og:description\" content=\"Por un valor total de 500.000 euros las becas de la Fundaci\u00f3n Arquia se&hellip;\" \/>\n<meta property=\"og:url\" content=\"https:\/\/www.clubdelemprendimiento.com\/blog\/noticia-corporativa\/49-jovenes-arquitectos-premiados-con-becas-arquia-realizaran-practicas-en-estudios-lideres-mundiales\/\" \/>\n<meta property=\"og:site_name\" content=\"Blog Club del Emprendimiento\" \/>\n<meta property=\"og:image\" content=\"https:\/\/www.clubdelemprendimiento.com\/blog\/wp-content\/uploads\/2025\/10\/Javier_Navarro_presidente_de_la_Fundacion_Arquia_junto_a_los_becados_de_esta_edicion__Foto_de_Jaime_Erice_baja-1.jpg\" \/>\n<meta name=\"twitter:card\" content=\"summary_large_image\" \/>\n<meta name=\"twitter:label1\" content=\"Tiempo de lectura\" \/>\n\t<meta name=\"twitter:data1\" content=\"3 minutos\" \/>\n<script type=\"application\/ld+json\" class=\"yoast-schema-graph\">{\"@context\":\"https:\/\/schema.org\",\"@graph\":[{\"@type\":\"WebPage\",\"@id\":\"https:\/\/www.clubdelemprendimiento.com\/blog\/noticia-corporativa\/49-jovenes-arquitectos-premiados-con-becas-arquia-realizaran-practicas-en-estudios-lideres-mundiales\/\",\"url\":\"https:\/\/www.clubdelemprendimiento.com\/blog\/noticia-corporativa\/49-jovenes-arquitectos-premiados-con-becas-arquia-realizaran-practicas-en-estudios-lideres-mundiales\/\",\"name\":\"49 j\u00f3venes arquitectos premiados con becas Arquia realizar\u00e1n pr\u00e1cticas en estudios l\u00edderes mundiales - Blog Club del Emprendimiento\",\"isPartOf\":{\"@id\":\"https:\/\/www.clubdelemprendimiento.com\/blog\/#website\"},\"primaryImageOfPage\":{\"@id\":\"https:\/\/www.clubdelemprendimiento.com\/blog\/noticia-corporativa\/49-jovenes-arquitectos-premiados-con-becas-arquia-realizaran-practicas-en-estudios-lideres-mundiales\/#primaryimage\"},\"image\":{\"@id\":\"https:\/\/www.clubdelemprendimiento.com\/blog\/noticia-corporativa\/49-jovenes-arquitectos-premiados-con-becas-arquia-realizaran-practicas-en-estudios-lideres-mundiales\/#primaryimage\"},\"thumbnailUrl\":\"https:\/\/www.clubdelemprendimiento.com\/blog\/wp-content\/uploads\/2025\/10\/Javier_Navarro_presidente_de_la_Fundacion_Arquia_junto_a_los_becados_de_esta_edicion__Foto_de_Jaime_Erice_baja-1-scaled.jpg\",\"datePublished\":\"2025-10-10T15:04:37+00:00\",\"dateModified\":\"2025-10-10T15:04:37+00:00\",\"breadcrumb\":{\"@id\":\"https:\/\/www.clubdelemprendimiento.com\/blog\/noticia-corporativa\/49-jovenes-arquitectos-premiados-con-becas-arquia-realizaran-practicas-en-estudios-lideres-mundiales\/#breadcrumb\"},\"inLanguage\":\"es\",\"potentialAction\":[{\"@type\":\"ReadAction\",\"target\":[\"https:\/\/www.clubdelemprendimiento.com\/blog\/noticia-corporativa\/49-jovenes-arquitectos-premiados-con-becas-arquia-realizaran-practicas-en-estudios-lideres-mundiales\/\"]}]},{\"@type\":\"ImageObject\",\"inLanguage\":\"es\",\"@id\":\"https:\/\/www.clubdelemprendimiento.com\/blog\/noticia-corporativa\/49-jovenes-arquitectos-premiados-con-becas-arquia-realizaran-practicas-en-estudios-lideres-mundiales\/#primaryimage\",\"url\":\"https:\/\/www.clubdelemprendimiento.com\/blog\/wp-content\/uploads\/2025\/10\/Javier_Navarro_presidente_de_la_Fundacion_Arquia_junto_a_los_becados_de_esta_edicion__Foto_de_Jaime_Erice_baja-1-scaled.jpg\",\"contentUrl\":\"https:\/\/www.clubdelemprendimiento.com\/blog\/wp-content\/uploads\/2025\/10\/Javier_Navarro_presidente_de_la_Fundacion_Arquia_junto_a_los_becados_de_esta_edicion__Foto_de_Jaime_Erice_baja-1-scaled.jpg\",\"width\":2560,\"height\":1706},{\"@type\":\"BreadcrumbList\",\"@id\":\"https:\/\/www.clubdelemprendimiento.com\/blog\/noticia-corporativa\/49-jovenes-arquitectos-premiados-con-becas-arquia-realizaran-practicas-en-estudios-lideres-mundiales\/#breadcrumb\",\"itemListElement\":[{\"@type\":\"ListItem\",\"position\":1,\"name\":\"Home\",\"item\":\"https:\/\/www.clubdelemprendimiento.com\/blog\/\"},{\"@type\":\"ListItem\",\"position\":2,\"name\":\"Noticias Corporativas\",\"item\":\"https:\/\/www.clubdelemprendimiento.com\/blog\/noticias-corporativas\/\"},{\"@type\":\"ListItem\",\"position\":3,\"name\":\"49 j\u00f3venes arquitectos premiados con becas Arquia realizar\u00e1n pr\u00e1cticas en estudios l\u00edderes mundiales\"}]},{\"@type\":\"WebSite\",\"@id\":\"https:\/\/www.clubdelemprendimiento.com\/blog\/#website\",\"url\":\"https:\/\/www.clubdelemprendimiento.com\/blog\/\",\"name\":\"Blog Club del Emprendimiento\",\"description\":\"\",\"potentialAction\":[{\"@type\":\"SearchAction\",\"target\":{\"@type\":\"EntryPoint\",\"urlTemplate\":\"https:\/\/www.clubdelemprendimiento.com\/blog\/?s={search_term_string}\"},\"query-input\":\"required name=search_term_string\"}],\"inLanguage\":\"es\"}]}<\/script>\n<!-- \/ Yoast SEO plugin. -->","yoast_head_json":{"title":"49 j\u00f3venes arquitectos premiados con becas Arquia realizar\u00e1n pr\u00e1cticas en estudios l\u00edderes mundiales - Blog Club del Emprendimiento","robots":{"index":"index","follow":"follow","max-snippet":"max-snippet:-1","max-image-preview":"max-image-preview:large","max-video-preview":"max-video-preview:-1"},"canonical":"https:\/\/www.clubdelemprendimiento.com\/blog\/noticia-corporativa\/49-jovenes-arquitectos-premiados-con-becas-arquia-realizaran-practicas-en-estudios-lideres-mundiales\/","og_locale":"es_ES","og_type":"article","og_title":"49 j\u00f3venes arquitectos premiados con becas Arquia realizar\u00e1n pr\u00e1cticas en estudios l\u00edderes mundiales - Blog Club del Emprendimiento","og_description":"Por un valor total de 500.000 euros las becas de la Fundaci\u00f3n Arquia se&hellip;","og_url":"https:\/\/www.clubdelemprendimiento.com\/blog\/noticia-corporativa\/49-jovenes-arquitectos-premiados-con-becas-arquia-realizaran-practicas-en-estudios-lideres-mundiales\/","og_site_name":"Blog Club del Emprendimiento","og_image":[{"url":"https:\/\/www.clubdelemprendimiento.com\/blog\/wp-content\/uploads\/2025\/10\/Javier_Navarro_presidente_de_la_Fundacion_Arquia_junto_a_los_becados_de_esta_edicion__Foto_de_Jaime_Erice_baja-1.jpg"}],"twitter_card":"summary_large_image","twitter_misc":{"Tiempo de lectura":"3 minutos"},"schema":{"@context":"https:\/\/schema.org","@graph":[{"@type":"WebPage","@id":"https:\/\/www.clubdelemprendimiento.com\/blog\/noticia-corporativa\/49-jovenes-arquitectos-premiados-con-becas-arquia-realizaran-practicas-en-estudios-lideres-mundiales\/","url":"https:\/\/www.clubdelemprendimiento.com\/blog\/noticia-corporativa\/49-jovenes-arquitectos-premiados-con-becas-arquia-realizaran-practicas-en-estudios-lideres-mundiales\/","name":"49 j\u00f3venes arquitectos premiados con becas Arquia realizar\u00e1n pr\u00e1cticas en estudios l\u00edderes mundiales - Blog Club del Emprendimiento","isPartOf":{"@id":"https:\/\/www.clubdelemprendimiento.com\/blog\/#website"},"primaryImageOfPage":{"@id":"https:\/\/www.clubdelemprendimiento.com\/blog\/noticia-corporativa\/49-jovenes-arquitectos-premiados-con-becas-arquia-realizaran-practicas-en-estudios-lideres-mundiales\/#primaryimage"},"image":{"@id":"https:\/\/www.clubdelemprendimiento.com\/blog\/noticia-corporativa\/49-jovenes-arquitectos-premiados-con-becas-arquia-realizaran-practicas-en-estudios-lideres-mundiales\/#primaryimage"},"thumbnailUrl":"https:\/\/www.clubdelemprendimiento.com\/blog\/wp-content\/uploads\/2025\/10\/Javier_Navarro_presidente_de_la_Fundacion_Arquia_junto_a_los_becados_de_esta_edicion__Foto_de_Jaime_Erice_baja-1-scaled.jpg","datePublished":"2025-10-10T15:04:37+00:00","dateModified":"2025-10-10T15:04:37+00:00","breadcrumb":{"@id":"https:\/\/www.clubdelemprendimiento.com\/blog\/noticia-corporativa\/49-jovenes-arquitectos-premiados-con-becas-arquia-realizaran-practicas-en-estudios-lideres-mundiales\/#breadcrumb"},"inLanguage":"es","potentialAction":[{"@type":"ReadAction","target":["https:\/\/www.clubdelemprendimiento.com\/blog\/noticia-corporativa\/49-jovenes-arquitectos-premiados-con-becas-arquia-realizaran-practicas-en-estudios-lideres-mundiales\/"]}]},{"@type":"ImageObject","inLanguage":"es","@id":"https:\/\/www.clubdelemprendimiento.com\/blog\/noticia-corporativa\/49-jovenes-arquitectos-premiados-con-becas-arquia-realizaran-practicas-en-estudios-lideres-mundiales\/#primaryimage","url":"https:\/\/www.clubdelemprendimiento.com\/blog\/wp-content\/uploads\/2025\/10\/Javier_Navarro_presidente_de_la_Fundacion_Arquia_junto_a_los_becados_de_esta_edicion__Foto_de_Jaime_Erice_baja-1-scaled.jpg","contentUrl":"https:\/\/www.clubdelemprendimiento.com\/blog\/wp-content\/uploads\/2025\/10\/Javier_Navarro_presidente_de_la_Fundacion_Arquia_junto_a_los_becados_de_esta_edicion__Foto_de_Jaime_Erice_baja-1-scaled.jpg","width":2560,"height":1706},{"@type":"BreadcrumbList","@id":"https:\/\/www.clubdelemprendimiento.com\/blog\/noticia-corporativa\/49-jovenes-arquitectos-premiados-con-becas-arquia-realizaran-practicas-en-estudios-lideres-mundiales\/#breadcrumb","itemListElement":[{"@type":"ListItem","position":1,"name":"Home","item":"https:\/\/www.clubdelemprendimiento.com\/blog\/"},{"@type":"ListItem","position":2,"name":"Noticias Corporativas","item":"https:\/\/www.clubdelemprendimiento.com\/blog\/noticias-corporativas\/"},{"@type":"ListItem","position":3,"name":"49 j\u00f3venes arquitectos premiados con becas Arquia realizar\u00e1n pr\u00e1cticas en estudios l\u00edderes mundiales"}]},{"@type":"WebSite","@id":"https:\/\/www.clubdelemprendimiento.com\/blog\/#website","url":"https:\/\/www.clubdelemprendimiento.com\/blog\/","name":"Blog Club del Emprendimiento","description":"","potentialAction":[{"@type":"SearchAction","target":{"@type":"EntryPoint","urlTemplate":"https:\/\/www.clubdelemprendimiento.com\/blog\/?s={search_term_string}"},"query-input":"required name=search_term_string"}],"inLanguage":"es"}]}},"_links":{"self":[{"href":"https:\/\/www.clubdelemprendimiento.com\/blog\/wp-json\/wp\/v2\/noticia-corporativa\/22507"}],"collection":[{"href":"https:\/\/www.clubdelemprendimiento.com\/blog\/wp-json\/wp\/v2\/noticia-corporativa"}],"about":[{"href":"https:\/\/www.clubdelemprendimiento.com\/blog\/wp-json\/wp\/v2\/types\/noticia-corporativa"}],"wp:featuredmedia":[{"embeddable":true,"href":"https:\/\/www.clubdelemprendimiento.com\/blog\/wp-json\/wp\/v2\/media\/22508"}],"wp:attachment":[{"href":"https:\/\/www.clubdelemprendimiento.com\/blog\/wp-json\/wp\/v2\/media?parent=22507"}],"curies":[{"name":"wp","href":"https:\/\/api.w.org\/{rel}","templated":true}]}}