{"id":22501,"date":"2025-10-10T14:04:36","date_gmt":"2025-10-10T14:04:36","guid":{"rendered":"https:\/\/www.clubdelemprendimiento.com\/blog\/noticia-corporativa\/ignacio-campoy-aguilar-cum-laude-por-el-instituto-internacional-de-estudios-globales-para-el-desarrollo-humano\/"},"modified":"2025-10-10T14:04:36","modified_gmt":"2025-10-10T14:04:36","slug":"ignacio-campoy-aguilar-cum-laude-por-el-instituto-internacional-de-estudios-globales-para-el-desarrollo-humano","status":"publish","type":"noticia-corporativa","link":"https:\/\/www.clubdelemprendimiento.com\/blog\/noticia-corporativa\/ignacio-campoy-aguilar-cum-laude-por-el-instituto-internacional-de-estudios-globales-para-el-desarrollo-humano\/","title":{"rendered":"Ignacio Campoy Aguilar, Cum Laude por el Instituto Internacional de Estudios Globales para el Desarrollo Humano"},"content":{"rendered":"<div>\n<p><a href=\"https:\/\/www.clubdelemprendimiento.com\/blog\/wp-content\/uploads\/2025\/10\/cum_laude.jpg\" target=\"_blank\" class=\"fotonota\" rel=\"noopener\"> <img decoding=\"async\" src=\"https:\/\/www.clubdelemprendimiento.com\/blog\/wp-content\/uploads\/2025\/10\/cum_laude.jpg\" style=\"max-width:600px;\" border=\"0\" class=\"postImage\" alt=\"Ignacio Campoy Aguilar, Cum Laude por el Instituto Internacional de Estudios Globales para el Desarrollo Humano\"><\/a><\/p>\n<p>El Instituto Internacional reconoce la trayectoria profesional y el compromiso total con el desarrollo humano<\/p>\n<p><\/p>\n<p><strong>Ignacio Campoy Aguilar, CEO del Grupo Educativo Formaci\u00f3n Universitaria<\/strong>, ha sido reconocido por el <strong>Instituto Internacional de Estudios Globales para el Desarrollo Humano Cum Laude<\/strong> por su trayectoria profesional y su compromiso total con el desarrollo humano. Adem\u00e1s, como record\u00f3 Ignacio Campoy, el Grupo Educativo Formaci\u00f3n Universitaria es hoy la primera instituci\u00f3n educativa especializada en e-learning de Sevilla y la d\u00e9cima a nivel nacional por facturaci\u00f3n en el <strong>ranking Pilmsoll<\/strong>, con alumnos de 88 pa\u00edses. Como resultado de su proceso de internacionalizaci\u00f3n, hoy suministra sus cursos de formaci\u00f3n a m\u00e1s de 10.000 alumnos anualmente de todos los continentes.<\/p>\n<p>\u00abBasar nuestro crecimiento empresarial en facilitar formaci\u00f3n para la empleabilidad global nos dar\u00e1 un mayor mercado potencial y una gran estabilidad empresarial\u00bb, dijo Ignacio Campoy Aguilar. Tras agradecer efusivamente la distinci\u00f3n, comparti\u00f3 una reflexi\u00f3n que gu\u00eda su liderazgo empresarial \u00abNunca en toda la historia ha sido tan necesario para las empresas y la sociedad en general desarrollar el talento humano. Las personas deben ser el \u00fanico centro de todas las organizaciones p\u00fablicas y privadas\u00bb.<\/p>\n<p>Ignacio Campoy destac\u00f3 su educaci\u00f3n lasaliana que busca educar a la persona en sus dimensiones psico-f\u00edsicas, intelectuales, morales y religiosas, a trav\u00e9s del respeto, la confianza y la fraternidad, con un compromiso particular hacia los m\u00e1s necesitados. Fundada por San Juan Bautista de la Salle en Francia hace m\u00e1s de 300 a\u00f1os, esta misi\u00f3n educativa se ha expandido por todo el mundo en colegios, universidades y centros socioeducativos, integrando laicos y religiosos en una comunidad educativa diversa.<\/p>\n<p>Ignacio Campoy Aguilar suma un Doctor Honoris Causa, varios t\u00edtulos de M\u00e1steres Universitarios y diferentes Especialidades Universitarias. Tambi\u00e9n ha sido galardonado con reconocimientos tan prestigiosos como el MBA in Business Administration, major in Management, por la Ecole Sup\u00e9rieure Robert de Sorbon.<\/p>\n<p>En su escrito, Ignacio Campoy Aguilar, agradeci\u00f3 el reconocimiento diciendo que es \u00abun aut\u00e9ntico honor que recibo de forma totalmente inesperada, que me motiva a continuar con mi labor profesional en el sector educativo. Estoy verdaderamente orgulloso de haber recibido el Cum Laude. Mi prioridad es seguir form\u00e1ndome en diferentes m\u00e1steres. En casa del herrero, no puede haber cuchara de palo. Much\u00edsimas gracias al Instituto Internacional de Estudios Globales por otorgarme el Cum Laude. Iustitia Semper Vincit\u00bb.<\/p>\n<\/div>\n","protected":false},"featured_media":22502,"template":"","meta":{"_acf_changed":false},"acf":[],"yoast_head":"<!-- This site is optimized with the Yoast SEO plugin v22.7 - https:\/\/yoast.com\/wordpress\/plugins\/seo\/ -->\n<title>Ignacio Campoy Aguilar, Cum Laude por el Instituto Internacional de Estudios Globales para el Desarrollo Humano - Blog Club del Emprendimiento<\/title>\n<meta name=\"robots\" content=\"index, follow, max-snippet:-1, max-image-preview:large, max-video-preview:-1\" \/>\n<link rel=\"canonical\" href=\"https:\/\/www.clubdelemprendimiento.com\/blog\/noticia-corporativa\/ignacio-campoy-aguilar-cum-laude-por-el-instituto-internacional-de-estudios-globales-para-el-desarrollo-humano\/\" \/>\n<meta property=\"og:locale\" content=\"es_ES\" \/>\n<meta property=\"og:type\" content=\"article\" \/>\n<meta property=\"og:title\" content=\"Ignacio Campoy Aguilar, Cum Laude por el Instituto Internacional de Estudios Globales para el Desarrollo Humano - Blog Club del Emprendimiento\" \/>\n<meta property=\"og:description\" content=\"El Instituto Internacional reconoce la trayectoria profesional y el compromiso total con el desarrollo&hellip;\" \/>\n<meta property=\"og:url\" content=\"https:\/\/www.clubdelemprendimiento.com\/blog\/noticia-corporativa\/ignacio-campoy-aguilar-cum-laude-por-el-instituto-internacional-de-estudios-globales-para-el-desarrollo-humano\/\" \/>\n<meta property=\"og:site_name\" content=\"Blog Club del Emprendimiento\" \/>\n<meta property=\"og:image\" content=\"https:\/\/www.clubdelemprendimiento.com\/blog\/wp-content\/uploads\/2025\/10\/cum_laude.jpg\" \/>\n<meta name=\"twitter:card\" content=\"summary_large_image\" \/>\n<meta name=\"twitter:label1\" content=\"Tiempo de lectura\" \/>\n\t<meta name=\"twitter:data1\" content=\"2 minutos\" \/>\n<script type=\"application\/ld+json\" class=\"yoast-schema-graph\">{\"@context\":\"https:\/\/schema.org\",\"@graph\":[{\"@type\":\"WebPage\",\"@id\":\"https:\/\/www.clubdelemprendimiento.com\/blog\/noticia-corporativa\/ignacio-campoy-aguilar-cum-laude-por-el-instituto-internacional-de-estudios-globales-para-el-desarrollo-humano\/\",\"url\":\"https:\/\/www.clubdelemprendimiento.com\/blog\/noticia-corporativa\/ignacio-campoy-aguilar-cum-laude-por-el-instituto-internacional-de-estudios-globales-para-el-desarrollo-humano\/\",\"name\":\"Ignacio Campoy Aguilar, Cum Laude por el Instituto Internacional de Estudios Globales para el Desarrollo Humano - Blog Club del Emprendimiento\",\"isPartOf\":{\"@id\":\"https:\/\/www.clubdelemprendimiento.com\/blog\/#website\"},\"primaryImageOfPage\":{\"@id\":\"https:\/\/www.clubdelemprendimiento.com\/blog\/noticia-corporativa\/ignacio-campoy-aguilar-cum-laude-por-el-instituto-internacional-de-estudios-globales-para-el-desarrollo-humano\/#primaryimage\"},\"image\":{\"@id\":\"https:\/\/www.clubdelemprendimiento.com\/blog\/noticia-corporativa\/ignacio-campoy-aguilar-cum-laude-por-el-instituto-internacional-de-estudios-globales-para-el-desarrollo-humano\/#primaryimage\"},\"thumbnailUrl\":\"https:\/\/www.clubdelemprendimiento.com\/blog\/wp-content\/uploads\/2025\/10\/cum_laude.jpg\",\"datePublished\":\"2025-10-10T14:04:36+00:00\",\"dateModified\":\"2025-10-10T14:04:36+00:00\",\"breadcrumb\":{\"@id\":\"https:\/\/www.clubdelemprendimiento.com\/blog\/noticia-corporativa\/ignacio-campoy-aguilar-cum-laude-por-el-instituto-internacional-de-estudios-globales-para-el-desarrollo-humano\/#breadcrumb\"},\"inLanguage\":\"es\",\"potentialAction\":[{\"@type\":\"ReadAction\",\"target\":[\"https:\/\/www.clubdelemprendimiento.com\/blog\/noticia-corporativa\/ignacio-campoy-aguilar-cum-laude-por-el-instituto-internacional-de-estudios-globales-para-el-desarrollo-humano\/\"]}]},{\"@type\":\"ImageObject\",\"inLanguage\":\"es\",\"@id\":\"https:\/\/www.clubdelemprendimiento.com\/blog\/noticia-corporativa\/ignacio-campoy-aguilar-cum-laude-por-el-instituto-internacional-de-estudios-globales-para-el-desarrollo-humano\/#primaryimage\",\"url\":\"https:\/\/www.clubdelemprendimiento.com\/blog\/wp-content\/uploads\/2025\/10\/cum_laude.jpg\",\"contentUrl\":\"https:\/\/www.clubdelemprendimiento.com\/blog\/wp-content\/uploads\/2025\/10\/cum_laude.jpg\",\"width\":1200,\"height\":1600,\"caption\":\"Ignacio Campoy Aguilar, Cum Laude por el Instituto Internacional de Estudios Globales para el Desarrollo Humano\"},{\"@type\":\"BreadcrumbList\",\"@id\":\"https:\/\/www.clubdelemprendimiento.com\/blog\/noticia-corporativa\/ignacio-campoy-aguilar-cum-laude-por-el-instituto-internacional-de-estudios-globales-para-el-desarrollo-humano\/#breadcrumb\",\"itemListElement\":[{\"@type\":\"ListItem\",\"position\":1,\"name\":\"Home\",\"item\":\"https:\/\/www.clubdelemprendimiento.com\/blog\/\"},{\"@type\":\"ListItem\",\"position\":2,\"name\":\"Noticias Corporativas\",\"item\":\"https:\/\/www.clubdelemprendimiento.com\/blog\/noticias-corporativas\/\"},{\"@type\":\"ListItem\",\"position\":3,\"name\":\"Ignacio Campoy Aguilar, Cum Laude por el Instituto Internacional de Estudios Globales para el Desarrollo Humano\"}]},{\"@type\":\"WebSite\",\"@id\":\"https:\/\/www.clubdelemprendimiento.com\/blog\/#website\",\"url\":\"https:\/\/www.clubdelemprendimiento.com\/blog\/\",\"name\":\"Blog Club del Emprendimiento\",\"description\":\"\",\"potentialAction\":[{\"@type\":\"SearchAction\",\"target\":{\"@type\":\"EntryPoint\",\"urlTemplate\":\"https:\/\/www.clubdelemprendimiento.com\/blog\/?s={search_term_string}\"},\"query-input\":\"required name=search_term_string\"}],\"inLanguage\":\"es\"}]}<\/script>\n<!-- \/ Yoast SEO plugin. -->","yoast_head_json":{"title":"Ignacio Campoy Aguilar, Cum Laude por el Instituto Internacional de Estudios Globales para el Desarrollo Humano - Blog Club del Emprendimiento","robots":{"index":"index","follow":"follow","max-snippet":"max-snippet:-1","max-image-preview":"max-image-preview:large","max-video-preview":"max-video-preview:-1"},"canonical":"https:\/\/www.clubdelemprendimiento.com\/blog\/noticia-corporativa\/ignacio-campoy-aguilar-cum-laude-por-el-instituto-internacional-de-estudios-globales-para-el-desarrollo-humano\/","og_locale":"es_ES","og_type":"article","og_title":"Ignacio Campoy Aguilar, Cum Laude por el Instituto Internacional de Estudios Globales para el Desarrollo Humano - Blog Club del Emprendimiento","og_description":"El Instituto Internacional reconoce la trayectoria profesional y el compromiso total con el desarrollo&hellip;","og_url":"https:\/\/www.clubdelemprendimiento.com\/blog\/noticia-corporativa\/ignacio-campoy-aguilar-cum-laude-por-el-instituto-internacional-de-estudios-globales-para-el-desarrollo-humano\/","og_site_name":"Blog Club del Emprendimiento","og_image":[{"url":"https:\/\/www.clubdelemprendimiento.com\/blog\/wp-content\/uploads\/2025\/10\/cum_laude.jpg"}],"twitter_card":"summary_large_image","twitter_misc":{"Tiempo de lectura":"2 minutos"},"schema":{"@context":"https:\/\/schema.org","@graph":[{"@type":"WebPage","@id":"https:\/\/www.clubdelemprendimiento.com\/blog\/noticia-corporativa\/ignacio-campoy-aguilar-cum-laude-por-el-instituto-internacional-de-estudios-globales-para-el-desarrollo-humano\/","url":"https:\/\/www.clubdelemprendimiento.com\/blog\/noticia-corporativa\/ignacio-campoy-aguilar-cum-laude-por-el-instituto-internacional-de-estudios-globales-para-el-desarrollo-humano\/","name":"Ignacio Campoy Aguilar, Cum Laude por el Instituto Internacional de Estudios Globales para el Desarrollo Humano - Blog Club del Emprendimiento","isPartOf":{"@id":"https:\/\/www.clubdelemprendimiento.com\/blog\/#website"},"primaryImageOfPage":{"@id":"https:\/\/www.clubdelemprendimiento.com\/blog\/noticia-corporativa\/ignacio-campoy-aguilar-cum-laude-por-el-instituto-internacional-de-estudios-globales-para-el-desarrollo-humano\/#primaryimage"},"image":{"@id":"https:\/\/www.clubdelemprendimiento.com\/blog\/noticia-corporativa\/ignacio-campoy-aguilar-cum-laude-por-el-instituto-internacional-de-estudios-globales-para-el-desarrollo-humano\/#primaryimage"},"thumbnailUrl":"https:\/\/www.clubdelemprendimiento.com\/blog\/wp-content\/uploads\/2025\/10\/cum_laude.jpg","datePublished":"2025-10-10T14:04:36+00:00","dateModified":"2025-10-10T14:04:36+00:00","breadcrumb":{"@id":"https:\/\/www.clubdelemprendimiento.com\/blog\/noticia-corporativa\/ignacio-campoy-aguilar-cum-laude-por-el-instituto-internacional-de-estudios-globales-para-el-desarrollo-humano\/#breadcrumb"},"inLanguage":"es","potentialAction":[{"@type":"ReadAction","target":["https:\/\/www.clubdelemprendimiento.com\/blog\/noticia-corporativa\/ignacio-campoy-aguilar-cum-laude-por-el-instituto-internacional-de-estudios-globales-para-el-desarrollo-humano\/"]}]},{"@type":"ImageObject","inLanguage":"es","@id":"https:\/\/www.clubdelemprendimiento.com\/blog\/noticia-corporativa\/ignacio-campoy-aguilar-cum-laude-por-el-instituto-internacional-de-estudios-globales-para-el-desarrollo-humano\/#primaryimage","url":"https:\/\/www.clubdelemprendimiento.com\/blog\/wp-content\/uploads\/2025\/10\/cum_laude.jpg","contentUrl":"https:\/\/www.clubdelemprendimiento.com\/blog\/wp-content\/uploads\/2025\/10\/cum_laude.jpg","width":1200,"height":1600,"caption":"Ignacio Campoy Aguilar, Cum Laude por el Instituto Internacional de Estudios Globales para el Desarrollo Humano"},{"@type":"BreadcrumbList","@id":"https:\/\/www.clubdelemprendimiento.com\/blog\/noticia-corporativa\/ignacio-campoy-aguilar-cum-laude-por-el-instituto-internacional-de-estudios-globales-para-el-desarrollo-humano\/#breadcrumb","itemListElement":[{"@type":"ListItem","position":1,"name":"Home","item":"https:\/\/www.clubdelemprendimiento.com\/blog\/"},{"@type":"ListItem","position":2,"name":"Noticias Corporativas","item":"https:\/\/www.clubdelemprendimiento.com\/blog\/noticias-corporativas\/"},{"@type":"ListItem","position":3,"name":"Ignacio Campoy Aguilar, Cum Laude por el Instituto Internacional de Estudios Globales para el Desarrollo Humano"}]},{"@type":"WebSite","@id":"https:\/\/www.clubdelemprendimiento.com\/blog\/#website","url":"https:\/\/www.clubdelemprendimiento.com\/blog\/","name":"Blog Club del Emprendimiento","description":"","potentialAction":[{"@type":"SearchAction","target":{"@type":"EntryPoint","urlTemplate":"https:\/\/www.clubdelemprendimiento.com\/blog\/?s={search_term_string}"},"query-input":"required name=search_term_string"}],"inLanguage":"es"}]}},"_links":{"self":[{"href":"https:\/\/www.clubdelemprendimiento.com\/blog\/wp-json\/wp\/v2\/noticia-corporativa\/22501"}],"collection":[{"href":"https:\/\/www.clubdelemprendimiento.com\/blog\/wp-json\/wp\/v2\/noticia-corporativa"}],"about":[{"href":"https:\/\/www.clubdelemprendimiento.com\/blog\/wp-json\/wp\/v2\/types\/noticia-corporativa"}],"wp:featuredmedia":[{"embeddable":true,"href":"https:\/\/www.clubdelemprendimiento.com\/blog\/wp-json\/wp\/v2\/media\/22502"}],"wp:attachment":[{"href":"https:\/\/www.clubdelemprendimiento.com\/blog\/wp-json\/wp\/v2\/media?parent=22501"}],"curies":[{"name":"wp","href":"https:\/\/api.w.org\/{rel}","templated":true}]}}