{"id":22497,"date":"2025-10-10T12:00:22","date_gmt":"2025-10-10T12:00:22","guid":{"rendered":"https:\/\/www.clubdelemprendimiento.com\/blog\/noticia-corporativa\/el-sector-corchero-celebra-la-xxxiii-gala-de-los-premios-gla-dor\/"},"modified":"2025-10-10T12:00:22","modified_gmt":"2025-10-10T12:00:22","slug":"el-sector-corchero-celebra-la-xxxiii-gala-de-los-premios-gla-dor","status":"publish","type":"noticia-corporativa","link":"https:\/\/www.clubdelemprendimiento.com\/blog\/noticia-corporativa\/el-sector-corchero-celebra-la-xxxiii-gala-de-los-premios-gla-dor\/","title":{"rendered":"El sector corchero celebra la XXXIII Gala de los Premios Gla d&#8217;Or"},"content":{"rendered":"<div>\n<p><a href=\"https:\/\/www.clubdelemprendimiento.com\/blog\/wp-content\/uploads\/2025\/10\/Premis_Gla_dOr_2025.jpg\" target=\"_blank\" class=\"fotonota\" rel=\"noopener\"> <img decoding=\"async\" src=\"https:\/\/www.clubdelemprendimiento.com\/blog\/wp-content\/uploads\/2025\/10\/Premis_Gla_dOr_2025.jpg\" style=\"max-width:600px;\" border=\"0\" class=\"postImage\" alt=\"El sector corchero celebra la XXXIII Gala de los Premios Gla d'Or \"><\/a><\/p>\n<p>La Asociaci\u00f3n de empresarios corcheros de Catalu\u00f1a (AECORK) entreg\u00f3 este jueves por la noche los XXXIII premios Gla d\u2019Or, la m\u00e1xima distinci\u00f3n del sector corchero catal\u00e1n, en un acto celebrado en el Hotel Mas de Torrent que ha premiado a la Fundaci\u00f3n para la Cultura del Vino, el programa \u00abEl vermut de Lluci\u00e0 Ferrer\u00bb y Pep Espadal\u00e9 y Jaume Perarnau<\/p>\n<p><\/p>\n<p>Los galardones reconocen la labor de personas, entidades e instituciones que contribuyen a proyectar los valores del corcho y a reforzar su v\u00ednculo con el vino, la cultura y el patrimonio gastron\u00f3mico del\u00a0pa\u00eds.<\/p>\n<p>Joan J. Puig, presidente de AECORK, destac\u00f3 que \u00abestos premios son una muestra de la conexi\u00f3n hist\u00f3rica e indisociable entre el corcho, el vino y la\u00a0cultura. A lo largo de los a\u00f1os los empresarios del corcho han tenido el honor de reconocer figuras relevantes del \u00e1mbito de la viticultura, la gastronom\u00eda, la comunicaci\u00f3n y la pol\u00edtica, que con su voz han contribuido a dar proyecci\u00f3n internacional al\u00a0sector y poner de relieve que se trabaja\u00a0con un material noble que ofrece prestaciones inigualables a los vinos y que es el mejor aliado del medio ambiente\u00bb.<\/p>\n<p><strong>Los galardonados de 2025<\/strong><\/p>\n<ul>\n<li><strong>Fundaci\u00f3n para la Cultura del Vino.<\/strong> Por su compromiso con la difusi\u00f3n de la cultura del vino en todos sus \u00e1mbitos y la defensa del vino como patrimonio cultural, hist\u00f3rico, gastron\u00f3mico, tur\u00edstico y tradicional del\u00a0pa\u00eds.<\/li>\n<li><strong>El Vermut de Lluci\u00e0 Ferrer.<\/strong> Por ser un programa radiof\u00f3nico de referencia que ha puesto en valor la cultura catalana y se ha convertido en un punto de encuentro de conversaci\u00f3n, tradici\u00f3n y disfrute de productos locales como el vino.<\/li>\n<li><strong>Pep Espadal\u00e9 y Jaume Perarnau.<\/strong> Por haberse convertido en figuras clave para el desarrollo, consolidaci\u00f3n y proyecci\u00f3n del Museo del Corcho de Catalu\u00f1a como instituci\u00f3n de referencia en el \u00e1mbito del patrimonio industrial y cultural del pa\u00eds.<\/li>\n<\/ul>\n<p><strong>El valor de los Premios Gla d\u2019Or<\/strong><br \/>\nA lo largo de m\u00e1s de tres d\u00e9cadas, los Premios Gla d\u2019Or han reconocido cerca de ochenta embajadores del corcho, entre los que destacan nombres como \u00c1lvaro Palacios, el Comit\u00e9 de la Champagne, la Federaci\u00f3n Espa\u00f1ola del Vino, los hermanos Roca o la Barcelona Wine Week.<\/p>\n<p>El galard\u00f3n, una insignia en forma de bellota, simboliza la conexi\u00f3n con el alcornoque y con el compromiso de un sector que representa sostenibilidad, innovaci\u00f3n y calidad. La entrega de los premios se convierte en una oportunidad para acercar prescriptores de \u00e1mbito internacional al corcho y reforzar su condici\u00f3n de aliado indispensable del vino, como \u00fanico tap\u00f3n 100% natural, reutilizable y reciclable que contribuye a la maduraci\u00f3n \u00f3ptima y a la reducci\u00f3n de la huella de carbono.<\/p>\n<p><strong>Apoyo institucional y empresarial<\/strong><br \/>\nEl acto de entrega de los Gla d\u2019Or 2025 ha sido posible gracias a la colaboraci\u00f3n de la Diputaci\u00f3n de Girona, Girona Excel\u00b7lent, el Ayuntamiento de Palafrugell, Vidal Vidal Roig, C\u00f2mput, ERSM Insurance Brokers, Transports Ayach, Prevencicat, Calsina Carr\u00e9 Transports &amp; Logistics, Neteges Eko, Roger Goulart y Caves Aviny\u00f3.<\/p>\n<\/div>\n","protected":false},"featured_media":22498,"template":"","meta":{"_acf_changed":false},"acf":[],"yoast_head":"<!-- This site is optimized with the Yoast SEO plugin v22.7 - https:\/\/yoast.com\/wordpress\/plugins\/seo\/ -->\n<title>El sector corchero celebra la XXXIII Gala de los Premios Gla d&#039;Or - Blog Club del Emprendimiento<\/title>\n<meta name=\"robots\" content=\"index, follow, max-snippet:-1, max-image-preview:large, max-video-preview:-1\" \/>\n<link rel=\"canonical\" href=\"https:\/\/www.clubdelemprendimiento.com\/blog\/noticia-corporativa\/el-sector-corchero-celebra-la-xxxiii-gala-de-los-premios-gla-dor\/\" \/>\n<meta property=\"og:locale\" content=\"es_ES\" \/>\n<meta property=\"og:type\" content=\"article\" \/>\n<meta property=\"og:title\" content=\"El sector corchero celebra la XXXIII Gala de los Premios Gla d&#039;Or - Blog Club del Emprendimiento\" \/>\n<meta property=\"og:description\" content=\"La Asociaci\u00f3n de empresarios corcheros de Catalu\u00f1a (AECORK) entreg\u00f3 este jueves por la noche&hellip;\" \/>\n<meta property=\"og:url\" content=\"https:\/\/www.clubdelemprendimiento.com\/blog\/noticia-corporativa\/el-sector-corchero-celebra-la-xxxiii-gala-de-los-premios-gla-dor\/\" \/>\n<meta property=\"og:site_name\" content=\"Blog Club del Emprendimiento\" \/>\n<meta property=\"og:image\" content=\"https:\/\/www.clubdelemprendimiento.com\/blog\/wp-content\/uploads\/2025\/10\/Premis_Gla_dOr_2025.jpg\" \/>\n<meta name=\"twitter:card\" content=\"summary_large_image\" \/>\n<meta name=\"twitter:label1\" content=\"Tiempo de lectura\" \/>\n\t<meta name=\"twitter:data1\" content=\"3 minutos\" \/>\n<script type=\"application\/ld+json\" class=\"yoast-schema-graph\">{\"@context\":\"https:\/\/schema.org\",\"@graph\":[{\"@type\":\"WebPage\",\"@id\":\"https:\/\/www.clubdelemprendimiento.com\/blog\/noticia-corporativa\/el-sector-corchero-celebra-la-xxxiii-gala-de-los-premios-gla-dor\/\",\"url\":\"https:\/\/www.clubdelemprendimiento.com\/blog\/noticia-corporativa\/el-sector-corchero-celebra-la-xxxiii-gala-de-los-premios-gla-dor\/\",\"name\":\"El sector corchero celebra la XXXIII Gala de los Premios Gla d'Or - Blog Club del Emprendimiento\",\"isPartOf\":{\"@id\":\"https:\/\/www.clubdelemprendimiento.com\/blog\/#website\"},\"primaryImageOfPage\":{\"@id\":\"https:\/\/www.clubdelemprendimiento.com\/blog\/noticia-corporativa\/el-sector-corchero-celebra-la-xxxiii-gala-de-los-premios-gla-dor\/#primaryimage\"},\"image\":{\"@id\":\"https:\/\/www.clubdelemprendimiento.com\/blog\/noticia-corporativa\/el-sector-corchero-celebra-la-xxxiii-gala-de-los-premios-gla-dor\/#primaryimage\"},\"thumbnailUrl\":\"https:\/\/www.clubdelemprendimiento.com\/blog\/wp-content\/uploads\/2025\/10\/Premis_Gla_dOr_2025.jpg\",\"datePublished\":\"2025-10-10T12:00:22+00:00\",\"dateModified\":\"2025-10-10T12:00:22+00:00\",\"breadcrumb\":{\"@id\":\"https:\/\/www.clubdelemprendimiento.com\/blog\/noticia-corporativa\/el-sector-corchero-celebra-la-xxxiii-gala-de-los-premios-gla-dor\/#breadcrumb\"},\"inLanguage\":\"es\",\"potentialAction\":[{\"@type\":\"ReadAction\",\"target\":[\"https:\/\/www.clubdelemprendimiento.com\/blog\/noticia-corporativa\/el-sector-corchero-celebra-la-xxxiii-gala-de-los-premios-gla-dor\/\"]}]},{\"@type\":\"ImageObject\",\"inLanguage\":\"es\",\"@id\":\"https:\/\/www.clubdelemprendimiento.com\/blog\/noticia-corporativa\/el-sector-corchero-celebra-la-xxxiii-gala-de-los-premios-gla-dor\/#primaryimage\",\"url\":\"https:\/\/www.clubdelemprendimiento.com\/blog\/wp-content\/uploads\/2025\/10\/Premis_Gla_dOr_2025.jpg\",\"contentUrl\":\"https:\/\/www.clubdelemprendimiento.com\/blog\/wp-content\/uploads\/2025\/10\/Premis_Gla_dOr_2025.jpg\",\"width\":1638,\"height\":1091,\"caption\":\"El sector corchero celebra la XXXIII Gala de los Premios Gla d\"},{\"@type\":\"BreadcrumbList\",\"@id\":\"https:\/\/www.clubdelemprendimiento.com\/blog\/noticia-corporativa\/el-sector-corchero-celebra-la-xxxiii-gala-de-los-premios-gla-dor\/#breadcrumb\",\"itemListElement\":[{\"@type\":\"ListItem\",\"position\":1,\"name\":\"Home\",\"item\":\"https:\/\/www.clubdelemprendimiento.com\/blog\/\"},{\"@type\":\"ListItem\",\"position\":2,\"name\":\"Noticias Corporativas\",\"item\":\"https:\/\/www.clubdelemprendimiento.com\/blog\/noticias-corporativas\/\"},{\"@type\":\"ListItem\",\"position\":3,\"name\":\"El sector corchero celebra la XXXIII Gala de los Premios Gla d&#8217;Or\"}]},{\"@type\":\"WebSite\",\"@id\":\"https:\/\/www.clubdelemprendimiento.com\/blog\/#website\",\"url\":\"https:\/\/www.clubdelemprendimiento.com\/blog\/\",\"name\":\"Blog Club del Emprendimiento\",\"description\":\"\",\"potentialAction\":[{\"@type\":\"SearchAction\",\"target\":{\"@type\":\"EntryPoint\",\"urlTemplate\":\"https:\/\/www.clubdelemprendimiento.com\/blog\/?s={search_term_string}\"},\"query-input\":\"required name=search_term_string\"}],\"inLanguage\":\"es\"}]}<\/script>\n<!-- \/ Yoast SEO plugin. -->","yoast_head_json":{"title":"El sector corchero celebra la XXXIII Gala de los Premios Gla d'Or - Blog Club del Emprendimiento","robots":{"index":"index","follow":"follow","max-snippet":"max-snippet:-1","max-image-preview":"max-image-preview:large","max-video-preview":"max-video-preview:-1"},"canonical":"https:\/\/www.clubdelemprendimiento.com\/blog\/noticia-corporativa\/el-sector-corchero-celebra-la-xxxiii-gala-de-los-premios-gla-dor\/","og_locale":"es_ES","og_type":"article","og_title":"El sector corchero celebra la XXXIII Gala de los Premios Gla d'Or - Blog Club del Emprendimiento","og_description":"La Asociaci\u00f3n de empresarios corcheros de Catalu\u00f1a (AECORK) entreg\u00f3 este jueves por la noche&hellip;","og_url":"https:\/\/www.clubdelemprendimiento.com\/blog\/noticia-corporativa\/el-sector-corchero-celebra-la-xxxiii-gala-de-los-premios-gla-dor\/","og_site_name":"Blog Club del Emprendimiento","og_image":[{"url":"https:\/\/www.clubdelemprendimiento.com\/blog\/wp-content\/uploads\/2025\/10\/Premis_Gla_dOr_2025.jpg"}],"twitter_card":"summary_large_image","twitter_misc":{"Tiempo de lectura":"3 minutos"},"schema":{"@context":"https:\/\/schema.org","@graph":[{"@type":"WebPage","@id":"https:\/\/www.clubdelemprendimiento.com\/blog\/noticia-corporativa\/el-sector-corchero-celebra-la-xxxiii-gala-de-los-premios-gla-dor\/","url":"https:\/\/www.clubdelemprendimiento.com\/blog\/noticia-corporativa\/el-sector-corchero-celebra-la-xxxiii-gala-de-los-premios-gla-dor\/","name":"El sector corchero celebra la XXXIII Gala de los Premios Gla d'Or - Blog Club del Emprendimiento","isPartOf":{"@id":"https:\/\/www.clubdelemprendimiento.com\/blog\/#website"},"primaryImageOfPage":{"@id":"https:\/\/www.clubdelemprendimiento.com\/blog\/noticia-corporativa\/el-sector-corchero-celebra-la-xxxiii-gala-de-los-premios-gla-dor\/#primaryimage"},"image":{"@id":"https:\/\/www.clubdelemprendimiento.com\/blog\/noticia-corporativa\/el-sector-corchero-celebra-la-xxxiii-gala-de-los-premios-gla-dor\/#primaryimage"},"thumbnailUrl":"https:\/\/www.clubdelemprendimiento.com\/blog\/wp-content\/uploads\/2025\/10\/Premis_Gla_dOr_2025.jpg","datePublished":"2025-10-10T12:00:22+00:00","dateModified":"2025-10-10T12:00:22+00:00","breadcrumb":{"@id":"https:\/\/www.clubdelemprendimiento.com\/blog\/noticia-corporativa\/el-sector-corchero-celebra-la-xxxiii-gala-de-los-premios-gla-dor\/#breadcrumb"},"inLanguage":"es","potentialAction":[{"@type":"ReadAction","target":["https:\/\/www.clubdelemprendimiento.com\/blog\/noticia-corporativa\/el-sector-corchero-celebra-la-xxxiii-gala-de-los-premios-gla-dor\/"]}]},{"@type":"ImageObject","inLanguage":"es","@id":"https:\/\/www.clubdelemprendimiento.com\/blog\/noticia-corporativa\/el-sector-corchero-celebra-la-xxxiii-gala-de-los-premios-gla-dor\/#primaryimage","url":"https:\/\/www.clubdelemprendimiento.com\/blog\/wp-content\/uploads\/2025\/10\/Premis_Gla_dOr_2025.jpg","contentUrl":"https:\/\/www.clubdelemprendimiento.com\/blog\/wp-content\/uploads\/2025\/10\/Premis_Gla_dOr_2025.jpg","width":1638,"height":1091,"caption":"El sector corchero celebra la XXXIII Gala de los Premios Gla d"},{"@type":"BreadcrumbList","@id":"https:\/\/www.clubdelemprendimiento.com\/blog\/noticia-corporativa\/el-sector-corchero-celebra-la-xxxiii-gala-de-los-premios-gla-dor\/#breadcrumb","itemListElement":[{"@type":"ListItem","position":1,"name":"Home","item":"https:\/\/www.clubdelemprendimiento.com\/blog\/"},{"@type":"ListItem","position":2,"name":"Noticias Corporativas","item":"https:\/\/www.clubdelemprendimiento.com\/blog\/noticias-corporativas\/"},{"@type":"ListItem","position":3,"name":"El sector corchero celebra la XXXIII Gala de los Premios Gla d&#8217;Or"}]},{"@type":"WebSite","@id":"https:\/\/www.clubdelemprendimiento.com\/blog\/#website","url":"https:\/\/www.clubdelemprendimiento.com\/blog\/","name":"Blog Club del Emprendimiento","description":"","potentialAction":[{"@type":"SearchAction","target":{"@type":"EntryPoint","urlTemplate":"https:\/\/www.clubdelemprendimiento.com\/blog\/?s={search_term_string}"},"query-input":"required name=search_term_string"}],"inLanguage":"es"}]}},"_links":{"self":[{"href":"https:\/\/www.clubdelemprendimiento.com\/blog\/wp-json\/wp\/v2\/noticia-corporativa\/22497"}],"collection":[{"href":"https:\/\/www.clubdelemprendimiento.com\/blog\/wp-json\/wp\/v2\/noticia-corporativa"}],"about":[{"href":"https:\/\/www.clubdelemprendimiento.com\/blog\/wp-json\/wp\/v2\/types\/noticia-corporativa"}],"wp:featuredmedia":[{"embeddable":true,"href":"https:\/\/www.clubdelemprendimiento.com\/blog\/wp-json\/wp\/v2\/media\/22498"}],"wp:attachment":[{"href":"https:\/\/www.clubdelemprendimiento.com\/blog\/wp-json\/wp\/v2\/media?parent=22497"}],"curies":[{"name":"wp","href":"https:\/\/api.w.org\/{rel}","templated":true}]}}