{"id":22489,"date":"2025-10-10T11:04:57","date_gmt":"2025-10-10T11:04:57","guid":{"rendered":"https:\/\/www.clubdelemprendimiento.com\/blog\/noticia-corporativa\/fefcam-reivindica-alianzas-responsables-entre-farmacia-e-industria\/"},"modified":"2025-10-10T11:04:57","modified_gmt":"2025-10-10T11:04:57","slug":"fefcam-reivindica-alianzas-responsables-entre-farmacia-e-industria","status":"publish","type":"noticia-corporativa","link":"https:\/\/www.clubdelemprendimiento.com\/blog\/noticia-corporativa\/fefcam-reivindica-alianzas-responsables-entre-farmacia-e-industria\/","title":{"rendered":"FEFCAM reivindica alianzas responsables entre farmacia e industria"},"content":{"rendered":"<div>\n<p><a href=\"https:\/\/www.clubdelemprendimiento.com\/blog\/wp-content\/uploads\/2025\/10\/FEFE_One_Day.jpeg\" target=\"_blank\" class=\"fotonota\" rel=\"noopener\"> <img decoding=\"async\" src=\"https:\/\/www.clubdelemprendimiento.com\/blog\/wp-content\/uploads\/2025\/10\/FEFE_One_Day.jpeg\" style=\"max-width:600px;\" border=\"0\" class=\"postImage\" alt=\"FEFCAM reivindica alianzas responsables entre farmacia e industria\"><\/a><\/p>\n<p>El presidente de la empresarial de Castilla-La Mancha destac\u00f3 el compromiso con la equidad y la sostenibilidad de los premiados por FEFE<\/p>\n<p><\/p>\n<p>El modelo farmac\u00e9utico espa\u00f1ol necesita alianzas responsables entre farmacia e industria, con criterios de equidad y sostenibilidad. As\u00ed lo indic\u00f3 \u00c1lvaro Carmena, presidente de la Federaci\u00f3n Empresarial de Farmac\u00e9uticos de Castilla-La Mancha (FEFCAM) en la entrega de los IV Reconocimientos de la Federaci\u00f3n Empresarial de Farmac\u00e9uticos Espa\u00f1oles (FEFE), dentro de los actos del FEFE One Day 2025.<\/p>\n<p>El dirigente de la empresarial de Castilla-La Mancha, que particip\u00f3 en la presentaci\u00f3n de los galardones, asegur\u00f3 que \u00abformar parte de la entrega de reconocimientos reafirma nuestro compromiso institucional con la cooperaci\u00f3n y el buen hacer en el sector\u00bb.<\/p>\n<p>En lo que respecta al papel de FEFCAM en el contexto nacional, Carmena asegur\u00f3 que \u00abrepresentamos la voz de Castilla-La Mancha ante los grandes retos nacionales e invitamos desde este foro a colaborar en proyectos comunes en la regi\u00f3n\u00bb.<\/p>\n<p><strong>Reconocimientos FEFE<\/strong><br \/>\nLos premios de FEFE buscan reconocer a laboratorios que act\u00faan con coherencia, compromiso y respeto al modelo farmac\u00e9utico espa\u00f1ol, contribuyendo a que siga siendo un pilar de salud y cohesi\u00f3n social.<\/p>\n<p>En esta edici\u00f3n los galardonados fueron Cofares, Cinfa y Unifarco, en las categor\u00edas de mejor iniciativa de formaci\u00f3n, comercial y de apoyo al modelo farmac\u00e9utico, respectivamente.<\/p>\n<p>El foro FEFE One Day es un lugar de encuentro para el debate sobre innovaci\u00f3n y tendencias en el \u00e1mbito farmac\u00e9utico. Este a\u00f1o la digitalizaci\u00f3n, la transformaci\u00f3n del sector y la relaci\u00f3n entre industria y farmacia fueron temas centrales. Para \u00c1lvaro Carmena, \u00abestar en FEFE One Day es comprometerse con el futuro de la farmacia\u00bb.<\/p>\n<p><strong>Sobre FEFCAM<\/strong><br \/>\nLa Federaci\u00f3n de Empresarios Farmac\u00e9uticos de Castilla-La Mancha lleva desde 1.999 defendiendo los intereses profesionales y empresariales de m\u00e1s de 400 oficinas en esta Comunidad. Forman parte de FEFCAM la Asociaci\u00f3n de Farmac\u00e9uticos Empresarios de Toledo (AFEDETO), la Asociaci\u00f3n de Empresarios Farmac\u00e9uticos de Ciudad Real (ASEFARCIR), la Asociaci\u00f3n Provincial de Farmac\u00e9uticos de Albacete (APEFA) y la Asociaci\u00f3n Provincial de Empresarios de Guadalajara (APEFG).<\/p>\n<\/div>\n","protected":false},"featured_media":22490,"template":"","meta":{"_acf_changed":false},"acf":[],"yoast_head":"<!-- This site is optimized with the Yoast SEO plugin v22.7 - https:\/\/yoast.com\/wordpress\/plugins\/seo\/ -->\n<title>FEFCAM reivindica alianzas responsables entre farmacia e industria - Blog Club del Emprendimiento<\/title>\n<meta name=\"robots\" content=\"index, follow, max-snippet:-1, max-image-preview:large, max-video-preview:-1\" \/>\n<link rel=\"canonical\" href=\"https:\/\/www.clubdelemprendimiento.com\/blog\/noticia-corporativa\/fefcam-reivindica-alianzas-responsables-entre-farmacia-e-industria\/\" \/>\n<meta property=\"og:locale\" content=\"es_ES\" \/>\n<meta property=\"og:type\" content=\"article\" \/>\n<meta property=\"og:title\" content=\"FEFCAM reivindica alianzas responsables entre farmacia e industria - Blog Club del Emprendimiento\" \/>\n<meta property=\"og:description\" content=\"El presidente de la empresarial de Castilla-La Mancha destac\u00f3 el compromiso con la equidad&hellip;\" \/>\n<meta property=\"og:url\" content=\"https:\/\/www.clubdelemprendimiento.com\/blog\/noticia-corporativa\/fefcam-reivindica-alianzas-responsables-entre-farmacia-e-industria\/\" \/>\n<meta property=\"og:site_name\" content=\"Blog Club del Emprendimiento\" \/>\n<meta property=\"og:image\" content=\"https:\/\/www.clubdelemprendimiento.com\/blog\/wp-content\/uploads\/2025\/10\/FEFE_One_Day.jpeg\" \/>\n<meta name=\"twitter:card\" content=\"summary_large_image\" \/>\n<meta name=\"twitter:label1\" content=\"Tiempo de lectura\" \/>\n\t<meta name=\"twitter:data1\" content=\"2 minutos\" \/>\n<script type=\"application\/ld+json\" class=\"yoast-schema-graph\">{\"@context\":\"https:\/\/schema.org\",\"@graph\":[{\"@type\":\"WebPage\",\"@id\":\"https:\/\/www.clubdelemprendimiento.com\/blog\/noticia-corporativa\/fefcam-reivindica-alianzas-responsables-entre-farmacia-e-industria\/\",\"url\":\"https:\/\/www.clubdelemprendimiento.com\/blog\/noticia-corporativa\/fefcam-reivindica-alianzas-responsables-entre-farmacia-e-industria\/\",\"name\":\"FEFCAM reivindica alianzas responsables entre farmacia e industria - Blog Club del Emprendimiento\",\"isPartOf\":{\"@id\":\"https:\/\/www.clubdelemprendimiento.com\/blog\/#website\"},\"primaryImageOfPage\":{\"@id\":\"https:\/\/www.clubdelemprendimiento.com\/blog\/noticia-corporativa\/fefcam-reivindica-alianzas-responsables-entre-farmacia-e-industria\/#primaryimage\"},\"image\":{\"@id\":\"https:\/\/www.clubdelemprendimiento.com\/blog\/noticia-corporativa\/fefcam-reivindica-alianzas-responsables-entre-farmacia-e-industria\/#primaryimage\"},\"thumbnailUrl\":\"https:\/\/www.clubdelemprendimiento.com\/blog\/wp-content\/uploads\/2025\/10\/FEFE_One_Day.jpeg\",\"datePublished\":\"2025-10-10T11:04:57+00:00\",\"dateModified\":\"2025-10-10T11:04:57+00:00\",\"breadcrumb\":{\"@id\":\"https:\/\/www.clubdelemprendimiento.com\/blog\/noticia-corporativa\/fefcam-reivindica-alianzas-responsables-entre-farmacia-e-industria\/#breadcrumb\"},\"inLanguage\":\"es\",\"potentialAction\":[{\"@type\":\"ReadAction\",\"target\":[\"https:\/\/www.clubdelemprendimiento.com\/blog\/noticia-corporativa\/fefcam-reivindica-alianzas-responsables-entre-farmacia-e-industria\/\"]}]},{\"@type\":\"ImageObject\",\"inLanguage\":\"es\",\"@id\":\"https:\/\/www.clubdelemprendimiento.com\/blog\/noticia-corporativa\/fefcam-reivindica-alianzas-responsables-entre-farmacia-e-industria\/#primaryimage\",\"url\":\"https:\/\/www.clubdelemprendimiento.com\/blog\/wp-content\/uploads\/2025\/10\/FEFE_One_Day.jpeg\",\"contentUrl\":\"https:\/\/www.clubdelemprendimiento.com\/blog\/wp-content\/uploads\/2025\/10\/FEFE_One_Day.jpeg\",\"width\":1600,\"height\":1066,\"caption\":\"FEFCAM reivindica alianzas responsables entre farmacia e industria\"},{\"@type\":\"BreadcrumbList\",\"@id\":\"https:\/\/www.clubdelemprendimiento.com\/blog\/noticia-corporativa\/fefcam-reivindica-alianzas-responsables-entre-farmacia-e-industria\/#breadcrumb\",\"itemListElement\":[{\"@type\":\"ListItem\",\"position\":1,\"name\":\"Home\",\"item\":\"https:\/\/www.clubdelemprendimiento.com\/blog\/\"},{\"@type\":\"ListItem\",\"position\":2,\"name\":\"Noticias Corporativas\",\"item\":\"https:\/\/www.clubdelemprendimiento.com\/blog\/noticias-corporativas\/\"},{\"@type\":\"ListItem\",\"position\":3,\"name\":\"FEFCAM reivindica alianzas responsables entre farmacia e industria\"}]},{\"@type\":\"WebSite\",\"@id\":\"https:\/\/www.clubdelemprendimiento.com\/blog\/#website\",\"url\":\"https:\/\/www.clubdelemprendimiento.com\/blog\/\",\"name\":\"Blog Club del Emprendimiento\",\"description\":\"\",\"potentialAction\":[{\"@type\":\"SearchAction\",\"target\":{\"@type\":\"EntryPoint\",\"urlTemplate\":\"https:\/\/www.clubdelemprendimiento.com\/blog\/?s={search_term_string}\"},\"query-input\":\"required name=search_term_string\"}],\"inLanguage\":\"es\"}]}<\/script>\n<!-- \/ Yoast SEO plugin. -->","yoast_head_json":{"title":"FEFCAM reivindica alianzas responsables entre farmacia e industria - Blog Club del Emprendimiento","robots":{"index":"index","follow":"follow","max-snippet":"max-snippet:-1","max-image-preview":"max-image-preview:large","max-video-preview":"max-video-preview:-1"},"canonical":"https:\/\/www.clubdelemprendimiento.com\/blog\/noticia-corporativa\/fefcam-reivindica-alianzas-responsables-entre-farmacia-e-industria\/","og_locale":"es_ES","og_type":"article","og_title":"FEFCAM reivindica alianzas responsables entre farmacia e industria - Blog Club del Emprendimiento","og_description":"El presidente de la empresarial de Castilla-La Mancha destac\u00f3 el compromiso con la equidad&hellip;","og_url":"https:\/\/www.clubdelemprendimiento.com\/blog\/noticia-corporativa\/fefcam-reivindica-alianzas-responsables-entre-farmacia-e-industria\/","og_site_name":"Blog Club del Emprendimiento","og_image":[{"url":"https:\/\/www.clubdelemprendimiento.com\/blog\/wp-content\/uploads\/2025\/10\/FEFE_One_Day.jpeg"}],"twitter_card":"summary_large_image","twitter_misc":{"Tiempo de lectura":"2 minutos"},"schema":{"@context":"https:\/\/schema.org","@graph":[{"@type":"WebPage","@id":"https:\/\/www.clubdelemprendimiento.com\/blog\/noticia-corporativa\/fefcam-reivindica-alianzas-responsables-entre-farmacia-e-industria\/","url":"https:\/\/www.clubdelemprendimiento.com\/blog\/noticia-corporativa\/fefcam-reivindica-alianzas-responsables-entre-farmacia-e-industria\/","name":"FEFCAM reivindica alianzas responsables entre farmacia e industria - Blog Club del Emprendimiento","isPartOf":{"@id":"https:\/\/www.clubdelemprendimiento.com\/blog\/#website"},"primaryImageOfPage":{"@id":"https:\/\/www.clubdelemprendimiento.com\/blog\/noticia-corporativa\/fefcam-reivindica-alianzas-responsables-entre-farmacia-e-industria\/#primaryimage"},"image":{"@id":"https:\/\/www.clubdelemprendimiento.com\/blog\/noticia-corporativa\/fefcam-reivindica-alianzas-responsables-entre-farmacia-e-industria\/#primaryimage"},"thumbnailUrl":"https:\/\/www.clubdelemprendimiento.com\/blog\/wp-content\/uploads\/2025\/10\/FEFE_One_Day.jpeg","datePublished":"2025-10-10T11:04:57+00:00","dateModified":"2025-10-10T11:04:57+00:00","breadcrumb":{"@id":"https:\/\/www.clubdelemprendimiento.com\/blog\/noticia-corporativa\/fefcam-reivindica-alianzas-responsables-entre-farmacia-e-industria\/#breadcrumb"},"inLanguage":"es","potentialAction":[{"@type":"ReadAction","target":["https:\/\/www.clubdelemprendimiento.com\/blog\/noticia-corporativa\/fefcam-reivindica-alianzas-responsables-entre-farmacia-e-industria\/"]}]},{"@type":"ImageObject","inLanguage":"es","@id":"https:\/\/www.clubdelemprendimiento.com\/blog\/noticia-corporativa\/fefcam-reivindica-alianzas-responsables-entre-farmacia-e-industria\/#primaryimage","url":"https:\/\/www.clubdelemprendimiento.com\/blog\/wp-content\/uploads\/2025\/10\/FEFE_One_Day.jpeg","contentUrl":"https:\/\/www.clubdelemprendimiento.com\/blog\/wp-content\/uploads\/2025\/10\/FEFE_One_Day.jpeg","width":1600,"height":1066,"caption":"FEFCAM reivindica alianzas responsables entre farmacia e industria"},{"@type":"BreadcrumbList","@id":"https:\/\/www.clubdelemprendimiento.com\/blog\/noticia-corporativa\/fefcam-reivindica-alianzas-responsables-entre-farmacia-e-industria\/#breadcrumb","itemListElement":[{"@type":"ListItem","position":1,"name":"Home","item":"https:\/\/www.clubdelemprendimiento.com\/blog\/"},{"@type":"ListItem","position":2,"name":"Noticias Corporativas","item":"https:\/\/www.clubdelemprendimiento.com\/blog\/noticias-corporativas\/"},{"@type":"ListItem","position":3,"name":"FEFCAM reivindica alianzas responsables entre farmacia e industria"}]},{"@type":"WebSite","@id":"https:\/\/www.clubdelemprendimiento.com\/blog\/#website","url":"https:\/\/www.clubdelemprendimiento.com\/blog\/","name":"Blog Club del Emprendimiento","description":"","potentialAction":[{"@type":"SearchAction","target":{"@type":"EntryPoint","urlTemplate":"https:\/\/www.clubdelemprendimiento.com\/blog\/?s={search_term_string}"},"query-input":"required name=search_term_string"}],"inLanguage":"es"}]}},"_links":{"self":[{"href":"https:\/\/www.clubdelemprendimiento.com\/blog\/wp-json\/wp\/v2\/noticia-corporativa\/22489"}],"collection":[{"href":"https:\/\/www.clubdelemprendimiento.com\/blog\/wp-json\/wp\/v2\/noticia-corporativa"}],"about":[{"href":"https:\/\/www.clubdelemprendimiento.com\/blog\/wp-json\/wp\/v2\/types\/noticia-corporativa"}],"wp:featuredmedia":[{"embeddable":true,"href":"https:\/\/www.clubdelemprendimiento.com\/blog\/wp-json\/wp\/v2\/media\/22490"}],"wp:attachment":[{"href":"https:\/\/www.clubdelemprendimiento.com\/blog\/wp-json\/wp\/v2\/media?parent=22489"}],"curies":[{"name":"wp","href":"https:\/\/api.w.org\/{rel}","templated":true}]}}