{"id":22473,"date":"2025-10-09T18:04:35","date_gmt":"2025-10-09T18:04:35","guid":{"rendered":"https:\/\/www.clubdelemprendimiento.com\/blog\/noticia-corporativa\/optica-2ooo-celebra-el-dia-mundial-de-la-vision-con-reflexiones-de-personalidades-que-instan-a-valorar-la-importancia-de-la-vista-en-el-dia-a-dia\/"},"modified":"2025-10-09T18:04:35","modified_gmt":"2025-10-09T18:04:35","slug":"optica-2ooo-celebra-el-dia-mundial-de-la-vision-con-reflexiones-de-personalidades-que-instan-a-valorar-la-importancia-de-la-vista-en-el-dia-a-dia","status":"publish","type":"noticia-corporativa","link":"https:\/\/www.clubdelemprendimiento.com\/blog\/noticia-corporativa\/optica-2ooo-celebra-el-dia-mundial-de-la-vision-con-reflexiones-de-personalidades-que-instan-a-valorar-la-importancia-de-la-vista-en-el-dia-a-dia\/","title":{"rendered":"\u00d3ptica 2OOO celebra el D\u00eda Mundial de la Visi\u00f3n con reflexiones de personalidades que instan a valorar la importancia de la vista en el d\u00eda a d\u00eda"},"content":{"rendered":"<div>\n<p><a href=\"https:\/\/www.clubdelemprendimiento.com\/blog\/wp-content\/uploads\/2025\/10\/DM_Visin_O2OOO_Mesa_redonda_Tu_punto_de_vista.jpeg\" target=\"_blank\" class=\"fotonota\" rel=\"noopener\"> <img decoding=\"async\" src=\"https:\/\/www.clubdelemprendimiento.com\/blog\/wp-content\/uploads\/2025\/10\/DM_Visin_O2OOO_Mesa_redonda_Tu_punto_de_vista.jpeg\" style=\"max-width:600px;\" border=\"0\" class=\"postImage\" alt=\"\"><\/a><\/p>\n<p>El 76% de los diferentes problemas oftalmol\u00f3gicos se relacionan con la agudeza visual. Personalidades del mundo deportivo, art\u00edstico, culinario y \u00f3ptico reflexionan sobre la importancia de la vista y su cuidado. Aprovechando la efem\u00e9ride, OPTICA2OOO presenta su nueva plataforma de posicionamiento y la nueva signatura \u00abTu punto de vista\u00bb<\/p>\n<p><\/p>\n<p>Coincidiendo con el D\u00eda Mundial de la Visi\u00f3n, OPTICA2OOO ha querido concienciar sobre la importancia de cuidar y mantener una buena salud visual. Para ello, ha celebrado la mesa redonda <em>\u00abEl punto de vista sobre la vida\u00bb<\/em>, en la que varias personalidades de diferentes \u00e1mbitos profesionales han compartido experiencias y reflexiones sobre su visi\u00f3n de la vida y de su profesi\u00f3n. El encuentro, moderado por el creador de contenido y presentador <strong>Sebasti\u00e1n Gallego<\/strong>, ha reunido a la actriz y humorista <strong>Silvia Abril<\/strong>, el deportista y entrenador personal <strong>Pablo Lucero,<\/strong> la chef <strong>Sof\u00eda Janer,<\/strong> y la optometrista <strong>Sandra Garc\u00eda<\/strong> de OPTICA2OOO.<\/p>\n<p>Seg\u00fan el informe sobre <em>Salud Visual y uso de la compensaci\u00f3n \u00f3ptica para trastornos de visi\u00f3n en Espa\u00f1a<\/em>, el 76% de los diferentes problemas oftalmol\u00f3gicos se relacionan con la agudeza visual. As\u00ed pues, la incorporaci\u00f3n de la figura de un \u00f3ptico-optometrista es clave, pues ahorrar\u00eda m\u00e1s de un mill\u00f3n de derivaciones a oftalmolog\u00eda. De hecho, m\u00e1s de un 47% de la poblaci\u00f3n espa\u00f1ola acude a revisiones de vista en centros sanitarios de \u00f3ptica. Estos datos ponen de relieve retos urgentes como garantizar el acceso a revisiones y tratamientos, as\u00ed como asesoramiento especializado para proteger los ojos frente a diferentes factores como la exposici\u00f3n solar o el uso excesivo de pantallas.<\/p>\n<p>Durante la mesa redonda, los ponentes han destacado la relevancia de la vista en el desempe\u00f1o de sus profesiones, subrayando la necesidad de cuidarla adecuadamente. En este contexto, han coincidido en afirmar que la prevenci\u00f3n es un elemento clave para preservar una visi\u00f3n \u00f3ptima.<\/p>\n<p>La actriz, presentadora y humorista <strong>S\u00edlvia Abril<\/strong> ha remarcado que la vista es b\u00e1sica para poder realizar su trabajo. \u00abLa observaci\u00f3n es vital, para los que nos dedicamos al humor\u00bb, ha afirmado la c\u00f3mica, \u00abme ha llegado a pasar que cree un personaje y, al salir a la calle, mirar a la gente y adaptar cosas que veo en las personas con qui\u00e9n me cruzo y acabar de construir el personaje en base a esta observaci\u00f3n, cambio totalmente el punto de vista de mi creaci\u00f3n\u00bb.<\/p>\n<p>Por su parte, la chef <strong>Sof\u00eda Janer<\/strong> ha afirmado que, gracias a las redes sociales, especialmente las m\u00e1s visuales como Instagram, han permitido revivir toda una profesi\u00f3n. \u00abHan tenido un papel fundamental en volver a poner de moda la cocina y la pasteler\u00eda: la vista ha sido determinante en este cambio, sobre todo entre las generaciones m\u00e1s j\u00f3venes\u00bb, ha remarcado la experta gastron\u00f3mica.<\/p>\n<p>El deportista y medallista ol\u00edmpico <strong>Pablo Lucero<\/strong> ha puesto el foco en el papel de la visi\u00f3n en una carrera, \u00abes anticipaci\u00f3n, es seguridad, la diferencia entre ganar o perder una competici\u00f3n\u00bb. Lucero ha puesto un ejemplo de la importancia de la visi\u00f3n y trabajo en equipo en el \u00e1mbito deportivo: \u00aben bici, los \u00fanicos ojos que hay son los del primero del pelot\u00f3n, el resto de los ciclistas conf\u00edan en su visi\u00f3n\u00bb.<\/p>\n<p>La conversaci\u00f3n ha sido moderada por el presentador y creador de contenidos <strong>Sebasti\u00e1n Gallego<\/strong>, que ha explicado en su caracter\u00edstico tono desenfadado su \u00abrelaci\u00f3n de amor bastante estable con mis gafas\u00bb. Gallego tambi\u00e9n ha destacado que el nuevo posicionamiento de OPTICA2OOO Tu punto de vista \u00abes mucho m\u00e1s que una frase: es diversidad de miradas que, al final, nos une a todos\u00bb.<\/p>\n<p>La optometrista de OPTICA2OOO, <strong>Sandra Garc\u00eda<\/strong>, ha recalcado la importancia de las revisiones peri\u00f3dicas y de adoptar h\u00e1bitos saludables de prevenci\u00f3n: \u00abEs fundamental trabajar para garantizar el acceso universal y de calidad a revisiones visuales anuales. Para ello, la prevenci\u00f3n es fundamental para prevenir posibles alteraciones visuales\u00bb.<\/p>\n<p><strong>OPTICA2OOO, NUEVA PLATAFORMA DE POSICIONAMIENTO Y NUEVA SIGNATURA \u00abTU PUNTO DE VISTA\u00bb <\/strong><br \/>\nDurante el evento, OPTICA2OOO ha presentado tambi\u00e9n su nueva identidad visual, con un logo totalmente renovado. El nuevo logotipo, dibujado con l\u00edneas finas y en blanco y negro como colores principales, destaca por la apuesta minimalista y elegante, sin ning\u00fan elemento que obstaculice su lectura.<\/p>\n<p>A la nueva identidad visual le acompa\u00f1a la campa\u00f1a publicitaria 360\u00ba de OPTICA2OOO en Espa\u00f1a. Con la nueva signatura <strong><em>\u00abTu punto de vista\u00bb<\/em><\/strong>, el spot se emite en televisi\u00f3n, plataformas de streaming bajo demanda y redes sociales desde el 29 de septiembre y celebra la singularidad de cada persona a trav\u00e9s de su mirada, invitando a protegerla y cuidarla con el mejor asesoramiento.<\/p>\n<p>\u00abOPTICA2OOO sigue con la estrategia de crecimiento y ahora iniciamos una nueva etapa con el lanzamiento de la campa\u00f1a de reposicionamiento de la marca. Durante el \u00faltimo a\u00f1o hemos convertido 43 tiendas +Visi\u00f3n en OPTICA2OOO y nuestro reto es seguir creciendo, a la vez que ofrecemos a nuestros clientes los mejores cuidados visuales con la mejor oferta e innovaci\u00f3n\u00bb afirma <strong>Axel Mallmann<\/strong> <strong>director general de EssilorLuxotica Iberia. \u00a0<\/strong><\/p>\n<p><strong>Sandra Silva directora de Marketing de EssilorLuxottica Optica Retail Iberia<\/strong> \u00abla plataforma de posicionamiento que se presenta a trav\u00e9s de la nueva signatura de marca Tu punto de vista, representa una OPTICA2OOO m\u00e1s moderna, con un lado humano de cuidado de la salud visual y con el componente innovador que nos proporciona ser parte del grupo EssilorLuxottica. Con esta nueva signatura, rendimos homenaje a la singularidad de todos los puntos de vista de los usuarios, y a la vez, nos posicionamos como referentes para cuidar de la vista de todos los espa\u00f1oles\u00bb.<\/p>\n<p>OPTICA2OOO ha inaugurado <strong>cinco nuevos establecimientos<\/strong>, avanzando as\u00ed en su plan de expansi\u00f3n nacional con el objetivo de llegar a nuevos usuarios.<\/p>\n<\/div>\n","protected":false},"featured_media":22474,"template":"","meta":{"_acf_changed":false},"acf":[],"yoast_head":"<!-- This site is optimized with the Yoast SEO plugin v22.7 - https:\/\/yoast.com\/wordpress\/plugins\/seo\/ -->\n<title>\u00d3ptica 2OOO celebra el D\u00eda Mundial de la Visi\u00f3n con reflexiones de personalidades que instan a valorar la importancia de la vista en el d\u00eda a d\u00eda - Blog Club del Emprendimiento<\/title>\n<meta name=\"robots\" content=\"index, follow, max-snippet:-1, max-image-preview:large, max-video-preview:-1\" \/>\n<link rel=\"canonical\" href=\"https:\/\/www.clubdelemprendimiento.com\/blog\/noticia-corporativa\/optica-2ooo-celebra-el-dia-mundial-de-la-vision-con-reflexiones-de-personalidades-que-instan-a-valorar-la-importancia-de-la-vista-en-el-dia-a-dia\/\" \/>\n<meta property=\"og:locale\" content=\"es_ES\" \/>\n<meta property=\"og:type\" content=\"article\" \/>\n<meta property=\"og:title\" content=\"\u00d3ptica 2OOO celebra el D\u00eda Mundial de la Visi\u00f3n con reflexiones de personalidades que instan a valorar la importancia de la vista en el d\u00eda a d\u00eda - Blog Club del Emprendimiento\" \/>\n<meta property=\"og:description\" content=\"El 76% de los diferentes problemas oftalmol\u00f3gicos se relacionan con la agudeza visual. Personalidades&hellip;\" \/>\n<meta property=\"og:url\" content=\"https:\/\/www.clubdelemprendimiento.com\/blog\/noticia-corporativa\/optica-2ooo-celebra-el-dia-mundial-de-la-vision-con-reflexiones-de-personalidades-que-instan-a-valorar-la-importancia-de-la-vista-en-el-dia-a-dia\/\" \/>\n<meta property=\"og:site_name\" content=\"Blog Club del Emprendimiento\" \/>\n<meta property=\"og:image\" content=\"https:\/\/www.clubdelemprendimiento.com\/blog\/wp-content\/uploads\/2025\/10\/DM_Visin_O2OOO_Mesa_redonda_Tu_punto_de_vista.jpeg\" \/>\n<meta name=\"twitter:card\" content=\"summary_large_image\" \/>\n<meta name=\"twitter:label1\" content=\"Tiempo de lectura\" \/>\n\t<meta name=\"twitter:data1\" content=\"5 minutos\" \/>\n<script type=\"application\/ld+json\" class=\"yoast-schema-graph\">{\"@context\":\"https:\/\/schema.org\",\"@graph\":[{\"@type\":\"WebPage\",\"@id\":\"https:\/\/www.clubdelemprendimiento.com\/blog\/noticia-corporativa\/optica-2ooo-celebra-el-dia-mundial-de-la-vision-con-reflexiones-de-personalidades-que-instan-a-valorar-la-importancia-de-la-vista-en-el-dia-a-dia\/\",\"url\":\"https:\/\/www.clubdelemprendimiento.com\/blog\/noticia-corporativa\/optica-2ooo-celebra-el-dia-mundial-de-la-vision-con-reflexiones-de-personalidades-que-instan-a-valorar-la-importancia-de-la-vista-en-el-dia-a-dia\/\",\"name\":\"\u00d3ptica 2OOO celebra el D\u00eda Mundial de la Visi\u00f3n con reflexiones de personalidades que instan a valorar la importancia de la vista en el d\u00eda a d\u00eda - Blog Club del Emprendimiento\",\"isPartOf\":{\"@id\":\"https:\/\/www.clubdelemprendimiento.com\/blog\/#website\"},\"primaryImageOfPage\":{\"@id\":\"https:\/\/www.clubdelemprendimiento.com\/blog\/noticia-corporativa\/optica-2ooo-celebra-el-dia-mundial-de-la-vision-con-reflexiones-de-personalidades-que-instan-a-valorar-la-importancia-de-la-vista-en-el-dia-a-dia\/#primaryimage\"},\"image\":{\"@id\":\"https:\/\/www.clubdelemprendimiento.com\/blog\/noticia-corporativa\/optica-2ooo-celebra-el-dia-mundial-de-la-vision-con-reflexiones-de-personalidades-que-instan-a-valorar-la-importancia-de-la-vista-en-el-dia-a-dia\/#primaryimage\"},\"thumbnailUrl\":\"https:\/\/www.clubdelemprendimiento.com\/blog\/wp-content\/uploads\/2025\/10\/DM_Visin_O2OOO_Mesa_redonda_Tu_punto_de_vista.jpeg\",\"datePublished\":\"2025-10-09T18:04:35+00:00\",\"dateModified\":\"2025-10-09T18:04:35+00:00\",\"breadcrumb\":{\"@id\":\"https:\/\/www.clubdelemprendimiento.com\/blog\/noticia-corporativa\/optica-2ooo-celebra-el-dia-mundial-de-la-vision-con-reflexiones-de-personalidades-que-instan-a-valorar-la-importancia-de-la-vista-en-el-dia-a-dia\/#breadcrumb\"},\"inLanguage\":\"es\",\"potentialAction\":[{\"@type\":\"ReadAction\",\"target\":[\"https:\/\/www.clubdelemprendimiento.com\/blog\/noticia-corporativa\/optica-2ooo-celebra-el-dia-mundial-de-la-vision-con-reflexiones-de-personalidades-que-instan-a-valorar-la-importancia-de-la-vista-en-el-dia-a-dia\/\"]}]},{\"@type\":\"ImageObject\",\"inLanguage\":\"es\",\"@id\":\"https:\/\/www.clubdelemprendimiento.com\/blog\/noticia-corporativa\/optica-2ooo-celebra-el-dia-mundial-de-la-vision-con-reflexiones-de-personalidades-que-instan-a-valorar-la-importancia-de-la-vista-en-el-dia-a-dia\/#primaryimage\",\"url\":\"https:\/\/www.clubdelemprendimiento.com\/blog\/wp-content\/uploads\/2025\/10\/DM_Visin_O2OOO_Mesa_redonda_Tu_punto_de_vista.jpeg\",\"contentUrl\":\"https:\/\/www.clubdelemprendimiento.com\/blog\/wp-content\/uploads\/2025\/10\/DM_Visin_O2OOO_Mesa_redonda_Tu_punto_de_vista.jpeg\",\"width\":1080,\"height\":720},{\"@type\":\"BreadcrumbList\",\"@id\":\"https:\/\/www.clubdelemprendimiento.com\/blog\/noticia-corporativa\/optica-2ooo-celebra-el-dia-mundial-de-la-vision-con-reflexiones-de-personalidades-que-instan-a-valorar-la-importancia-de-la-vista-en-el-dia-a-dia\/#breadcrumb\",\"itemListElement\":[{\"@type\":\"ListItem\",\"position\":1,\"name\":\"Home\",\"item\":\"https:\/\/www.clubdelemprendimiento.com\/blog\/\"},{\"@type\":\"ListItem\",\"position\":2,\"name\":\"Noticias Corporativas\",\"item\":\"https:\/\/www.clubdelemprendimiento.com\/blog\/noticias-corporativas\/\"},{\"@type\":\"ListItem\",\"position\":3,\"name\":\"\u00d3ptica 2OOO celebra el D\u00eda Mundial de la Visi\u00f3n con reflexiones de personalidades que instan a valorar la importancia de la vista en el d\u00eda a d\u00eda\"}]},{\"@type\":\"WebSite\",\"@id\":\"https:\/\/www.clubdelemprendimiento.com\/blog\/#website\",\"url\":\"https:\/\/www.clubdelemprendimiento.com\/blog\/\",\"name\":\"Blog Club del Emprendimiento\",\"description\":\"\",\"potentialAction\":[{\"@type\":\"SearchAction\",\"target\":{\"@type\":\"EntryPoint\",\"urlTemplate\":\"https:\/\/www.clubdelemprendimiento.com\/blog\/?s={search_term_string}\"},\"query-input\":\"required name=search_term_string\"}],\"inLanguage\":\"es\"}]}<\/script>\n<!-- \/ Yoast SEO plugin. -->","yoast_head_json":{"title":"\u00d3ptica 2OOO celebra el D\u00eda Mundial de la Visi\u00f3n con reflexiones de personalidades que instan a valorar la importancia de la vista en el d\u00eda a d\u00eda - Blog Club del Emprendimiento","robots":{"index":"index","follow":"follow","max-snippet":"max-snippet:-1","max-image-preview":"max-image-preview:large","max-video-preview":"max-video-preview:-1"},"canonical":"https:\/\/www.clubdelemprendimiento.com\/blog\/noticia-corporativa\/optica-2ooo-celebra-el-dia-mundial-de-la-vision-con-reflexiones-de-personalidades-que-instan-a-valorar-la-importancia-de-la-vista-en-el-dia-a-dia\/","og_locale":"es_ES","og_type":"article","og_title":"\u00d3ptica 2OOO celebra el D\u00eda Mundial de la Visi\u00f3n con reflexiones de personalidades que instan a valorar la importancia de la vista en el d\u00eda a d\u00eda - Blog Club del Emprendimiento","og_description":"El 76% de los diferentes problemas oftalmol\u00f3gicos se relacionan con la agudeza visual. Personalidades&hellip;","og_url":"https:\/\/www.clubdelemprendimiento.com\/blog\/noticia-corporativa\/optica-2ooo-celebra-el-dia-mundial-de-la-vision-con-reflexiones-de-personalidades-que-instan-a-valorar-la-importancia-de-la-vista-en-el-dia-a-dia\/","og_site_name":"Blog Club del Emprendimiento","og_image":[{"url":"https:\/\/www.clubdelemprendimiento.com\/blog\/wp-content\/uploads\/2025\/10\/DM_Visin_O2OOO_Mesa_redonda_Tu_punto_de_vista.jpeg"}],"twitter_card":"summary_large_image","twitter_misc":{"Tiempo de lectura":"5 minutos"},"schema":{"@context":"https:\/\/schema.org","@graph":[{"@type":"WebPage","@id":"https:\/\/www.clubdelemprendimiento.com\/blog\/noticia-corporativa\/optica-2ooo-celebra-el-dia-mundial-de-la-vision-con-reflexiones-de-personalidades-que-instan-a-valorar-la-importancia-de-la-vista-en-el-dia-a-dia\/","url":"https:\/\/www.clubdelemprendimiento.com\/blog\/noticia-corporativa\/optica-2ooo-celebra-el-dia-mundial-de-la-vision-con-reflexiones-de-personalidades-que-instan-a-valorar-la-importancia-de-la-vista-en-el-dia-a-dia\/","name":"\u00d3ptica 2OOO celebra el D\u00eda Mundial de la Visi\u00f3n con reflexiones de personalidades que instan a valorar la importancia de la vista en el d\u00eda a d\u00eda - Blog Club del Emprendimiento","isPartOf":{"@id":"https:\/\/www.clubdelemprendimiento.com\/blog\/#website"},"primaryImageOfPage":{"@id":"https:\/\/www.clubdelemprendimiento.com\/blog\/noticia-corporativa\/optica-2ooo-celebra-el-dia-mundial-de-la-vision-con-reflexiones-de-personalidades-que-instan-a-valorar-la-importancia-de-la-vista-en-el-dia-a-dia\/#primaryimage"},"image":{"@id":"https:\/\/www.clubdelemprendimiento.com\/blog\/noticia-corporativa\/optica-2ooo-celebra-el-dia-mundial-de-la-vision-con-reflexiones-de-personalidades-que-instan-a-valorar-la-importancia-de-la-vista-en-el-dia-a-dia\/#primaryimage"},"thumbnailUrl":"https:\/\/www.clubdelemprendimiento.com\/blog\/wp-content\/uploads\/2025\/10\/DM_Visin_O2OOO_Mesa_redonda_Tu_punto_de_vista.jpeg","datePublished":"2025-10-09T18:04:35+00:00","dateModified":"2025-10-09T18:04:35+00:00","breadcrumb":{"@id":"https:\/\/www.clubdelemprendimiento.com\/blog\/noticia-corporativa\/optica-2ooo-celebra-el-dia-mundial-de-la-vision-con-reflexiones-de-personalidades-que-instan-a-valorar-la-importancia-de-la-vista-en-el-dia-a-dia\/#breadcrumb"},"inLanguage":"es","potentialAction":[{"@type":"ReadAction","target":["https:\/\/www.clubdelemprendimiento.com\/blog\/noticia-corporativa\/optica-2ooo-celebra-el-dia-mundial-de-la-vision-con-reflexiones-de-personalidades-que-instan-a-valorar-la-importancia-de-la-vista-en-el-dia-a-dia\/"]}]},{"@type":"ImageObject","inLanguage":"es","@id":"https:\/\/www.clubdelemprendimiento.com\/blog\/noticia-corporativa\/optica-2ooo-celebra-el-dia-mundial-de-la-vision-con-reflexiones-de-personalidades-que-instan-a-valorar-la-importancia-de-la-vista-en-el-dia-a-dia\/#primaryimage","url":"https:\/\/www.clubdelemprendimiento.com\/blog\/wp-content\/uploads\/2025\/10\/DM_Visin_O2OOO_Mesa_redonda_Tu_punto_de_vista.jpeg","contentUrl":"https:\/\/www.clubdelemprendimiento.com\/blog\/wp-content\/uploads\/2025\/10\/DM_Visin_O2OOO_Mesa_redonda_Tu_punto_de_vista.jpeg","width":1080,"height":720},{"@type":"BreadcrumbList","@id":"https:\/\/www.clubdelemprendimiento.com\/blog\/noticia-corporativa\/optica-2ooo-celebra-el-dia-mundial-de-la-vision-con-reflexiones-de-personalidades-que-instan-a-valorar-la-importancia-de-la-vista-en-el-dia-a-dia\/#breadcrumb","itemListElement":[{"@type":"ListItem","position":1,"name":"Home","item":"https:\/\/www.clubdelemprendimiento.com\/blog\/"},{"@type":"ListItem","position":2,"name":"Noticias Corporativas","item":"https:\/\/www.clubdelemprendimiento.com\/blog\/noticias-corporativas\/"},{"@type":"ListItem","position":3,"name":"\u00d3ptica 2OOO celebra el D\u00eda Mundial de la Visi\u00f3n con reflexiones de personalidades que instan a valorar la importancia de la vista en el d\u00eda a d\u00eda"}]},{"@type":"WebSite","@id":"https:\/\/www.clubdelemprendimiento.com\/blog\/#website","url":"https:\/\/www.clubdelemprendimiento.com\/blog\/","name":"Blog Club del Emprendimiento","description":"","potentialAction":[{"@type":"SearchAction","target":{"@type":"EntryPoint","urlTemplate":"https:\/\/www.clubdelemprendimiento.com\/blog\/?s={search_term_string}"},"query-input":"required name=search_term_string"}],"inLanguage":"es"}]}},"_links":{"self":[{"href":"https:\/\/www.clubdelemprendimiento.com\/blog\/wp-json\/wp\/v2\/noticia-corporativa\/22473"}],"collection":[{"href":"https:\/\/www.clubdelemprendimiento.com\/blog\/wp-json\/wp\/v2\/noticia-corporativa"}],"about":[{"href":"https:\/\/www.clubdelemprendimiento.com\/blog\/wp-json\/wp\/v2\/types\/noticia-corporativa"}],"wp:featuredmedia":[{"embeddable":true,"href":"https:\/\/www.clubdelemprendimiento.com\/blog\/wp-json\/wp\/v2\/media\/22474"}],"wp:attachment":[{"href":"https:\/\/www.clubdelemprendimiento.com\/blog\/wp-json\/wp\/v2\/media?parent=22473"}],"curies":[{"name":"wp","href":"https:\/\/api.w.org\/{rel}","templated":true}]}}