{"id":22467,"date":"2025-10-09T16:04:48","date_gmt":"2025-10-09T16:04:48","guid":{"rendered":"https:\/\/www.clubdelemprendimiento.com\/blog\/noticia-corporativa\/vtex-connect-live-anuncia-a-rafael-nadal-como-keynote-speaker\/"},"modified":"2025-10-09T16:04:48","modified_gmt":"2025-10-09T16:04:48","slug":"vtex-connect-live-anuncia-a-rafael-nadal-como-keynote-speaker","status":"publish","type":"noticia-corporativa","link":"https:\/\/www.clubdelemprendimiento.com\/blog\/noticia-corporativa\/vtex-connect-live-anuncia-a-rafael-nadal-como-keynote-speaker\/","title":{"rendered":"VTEX Connect Live anuncia a Rafael Nadal como keynote speaker"},"content":{"rendered":"<div>\n<p><a href=\"https:\/\/www.clubdelemprendimiento.com\/blog\/wp-content\/uploads\/2025\/10\/nadal.png\" target=\"_blank\" class=\"fotonota\" rel=\"noopener\"> <img decoding=\"async\" src=\"https:\/\/www.clubdelemprendimiento.com\/blog\/wp-content\/uploads\/2025\/10\/nadal.png\" style=\"max-width:600px;\" border=\"0\" class=\"postImage\" alt=\"VTEX Connect Live anuncia a Rafael Nadal como keynote speaker\"><\/a><\/p>\n<p>Despu\u00e9s de Nueva York, Ciudad de M\u00e9xico y Barcelona, VTEX eligi\u00f3 Portugal para su encuentro global sobre comercio digital, que se celebrar\u00e1 en noviembre\n<\/p>\n<p><\/p>\n<p>VTEX (NYSE: VTEX), plataforma global de comercio digital para grandes empresas, realizar\u00e1 la primera edici\u00f3n portuguesa del <strong>VTEX Connect Live el 11 de noviembre, en el Pabell\u00f3n Carlos Lopes, en Lisboa.<\/strong> El evento reunir\u00e1 a ejecutivos, marcas y l\u00edderes tecnol\u00f3gicos para discutir las tendencias que est\u00e1n transformando el comercio digital y explorar nuevas oportunidades de colaboraci\u00f3n.<\/p>\n<p><strong>El gran protagonista de esta edici\u00f3n ser\u00e1 Rafael Nadal como keynote speaker.<\/strong> Reconocido mundialmente por su carrera excepcional en el tenis y por su inversi\u00f3n en innovaci\u00f3n y tecnolog\u00eda, <strong>Nadal aportar\u00e1 al evento una perspectiva \u00fanica sobre liderazgo, resiliencia y visi\u00f3n de futuro.<\/strong><\/p>\n<p>\u00abEuropa es un mercado estrat\u00e9gico para <a href=\"https:\/\/vtex.com\/es-es\/\" rel=\"nofollow\">VTEX<\/a>. Estamos fortaleciendo nuestra presencia con iniciativas que crean un entorno \u00fanico para acelerar negocios y construir alianzas de gran impacto. Realizar el VTEX Connect Live en Lisboa representa un paso importante en esta trayectoria, consolidando la capital portuguesa como uno de los polos de innovaci\u00f3n y comercio digital m\u00e1s din\u00e1micos del continente\u00bb, afirma <strong>Thiago Borba, VP Growth Southern Europe de VTEX.<\/strong><\/p>\n<p><strong>Rafael Nadal vuelve a las \u00abpistas\u00bb, esta vez sobre el escenario del VTEX Connect Live Lisbon. Es una oportunidad \u00fanica para descubrir c\u00f3mo la humildad, resiliencia y el esp\u00edritu incansable de uno de los mayores atletas de todos los tiempos pueden inspirar a los negocios, superar l\u00edmites y transformar resultados.<\/strong>\u00a0Con 22 Grand Slams y una medalla de oro ol\u00edmpica, sus victorias nunca se han limitado a los trofeos. Todas las victorias viven en su humildad, su voluntad inquebrantable y su capacidad de levantarse, el mismo esp\u00edritu que todo l\u00edder necesita: abrazar el cambio, superar l\u00edmites y triunfar en un mundo que nunca se detiene.<\/p>\n<p>Hoy, este esp\u00edritu enfrenta un nuevo desaf\u00edo: el deporte de clase mundial se encuentra con el comercio de alto rendimiento. Rafael Nadal se une a <a href=\"https:\/\/vtex.com\/es-es\/\" rel=\"nofollow\">VTEX<\/a> para compartir las lecciones detr\u00e1s de la verdadera grandeza.<\/p>\n<p><strong>\u00bfQu\u00e9 esperar del VTEX Connect Live Lisbon?<br \/>\nEn 2025, VTEX da un nuevo paso en su expansi\u00f3n europea y elige Lisboa para acoger la pr\u00f3xima edici\u00f3n, destac\u00e1ndose como epicentro tecnol\u00f3gico y de innovaci\u00f3n en Europa<\/strong>. Reconocida como anfitriona del Web Summit y con un ecosistema digital en r\u00e1pido crecimiento, la capital portuguesa combina conectividad global y dinamismo empresarial, convirti\u00e9ndose en el escenario ideal para reunir l\u00edderes del comercio digital, fomentar asociaciones y redefinir el futuro de la industria.<\/p>\n<p>\u00abVTEX Connect es m\u00e1s que un evento: es una plataforma para acelerar el crecimiento y compartir innovaci\u00f3n con impacto real en el sector. El a\u00f1o pasado reunimos algunas de las principales voces del comercio digital. Este a\u00f1o llevamos la experiencia a otro nivel: m\u00e1s impacto, m\u00e1s conexiones y m\u00e1s oportunidades. Estamos muy orgullosos de traer este escenario global a Lisboa\u00bb, a\u00f1ade Thiago Borba.<\/p>\n<p><strong>El VTEX Connect Live se posiciona como el punto de encuentro donde ejecutivos, marcas y l\u00edderes tecnol\u00f3gicos acceden a tendencias globales y crean alianzas con impacto directo en el mercado.<\/strong>\u00a0<\/p>\n<p>Las entradas para asistir al evento est\u00e1n disponibles a trav\u00e9s del siguiente en <a href=\"https:\/\/vtexconnect.vtex.com\/live-lisbon\" rel=\"nofollow\">https:\/\/vtexconnect.vtex.com\/live-lisbon<\/a><\/p>\n<\/div>\n","protected":false},"featured_media":22468,"template":"","meta":{"_acf_changed":false},"acf":[],"yoast_head":"<!-- This site is optimized with the Yoast SEO plugin v22.7 - https:\/\/yoast.com\/wordpress\/plugins\/seo\/ -->\n<title>VTEX Connect Live anuncia a Rafael Nadal como keynote speaker - Blog Club del Emprendimiento<\/title>\n<meta name=\"robots\" content=\"index, follow, max-snippet:-1, max-image-preview:large, max-video-preview:-1\" \/>\n<link rel=\"canonical\" href=\"https:\/\/www.clubdelemprendimiento.com\/blog\/noticia-corporativa\/vtex-connect-live-anuncia-a-rafael-nadal-como-keynote-speaker\/\" \/>\n<meta property=\"og:locale\" content=\"es_ES\" \/>\n<meta property=\"og:type\" content=\"article\" \/>\n<meta property=\"og:title\" content=\"VTEX Connect Live anuncia a Rafael Nadal como keynote speaker - Blog Club del Emprendimiento\" \/>\n<meta property=\"og:description\" content=\"Despu\u00e9s de Nueva York, Ciudad de M\u00e9xico y Barcelona, VTEX eligi\u00f3 Portugal para su&hellip;\" \/>\n<meta property=\"og:url\" content=\"https:\/\/www.clubdelemprendimiento.com\/blog\/noticia-corporativa\/vtex-connect-live-anuncia-a-rafael-nadal-como-keynote-speaker\/\" \/>\n<meta property=\"og:site_name\" content=\"Blog Club del Emprendimiento\" \/>\n<meta property=\"og:image\" content=\"https:\/\/www.clubdelemprendimiento.com\/blog\/wp-content\/uploads\/2025\/10\/nadal.png\" \/>\n<meta name=\"twitter:card\" content=\"summary_large_image\" \/>\n<meta name=\"twitter:label1\" content=\"Tiempo de lectura\" \/>\n\t<meta name=\"twitter:data1\" content=\"3 minutos\" \/>\n<script type=\"application\/ld+json\" class=\"yoast-schema-graph\">{\"@context\":\"https:\/\/schema.org\",\"@graph\":[{\"@type\":\"WebPage\",\"@id\":\"https:\/\/www.clubdelemprendimiento.com\/blog\/noticia-corporativa\/vtex-connect-live-anuncia-a-rafael-nadal-como-keynote-speaker\/\",\"url\":\"https:\/\/www.clubdelemprendimiento.com\/blog\/noticia-corporativa\/vtex-connect-live-anuncia-a-rafael-nadal-como-keynote-speaker\/\",\"name\":\"VTEX Connect Live anuncia a Rafael Nadal como keynote speaker - Blog Club del Emprendimiento\",\"isPartOf\":{\"@id\":\"https:\/\/www.clubdelemprendimiento.com\/blog\/#website\"},\"primaryImageOfPage\":{\"@id\":\"https:\/\/www.clubdelemprendimiento.com\/blog\/noticia-corporativa\/vtex-connect-live-anuncia-a-rafael-nadal-como-keynote-speaker\/#primaryimage\"},\"image\":{\"@id\":\"https:\/\/www.clubdelemprendimiento.com\/blog\/noticia-corporativa\/vtex-connect-live-anuncia-a-rafael-nadal-como-keynote-speaker\/#primaryimage\"},\"thumbnailUrl\":\"https:\/\/www.clubdelemprendimiento.com\/blog\/wp-content\/uploads\/2025\/10\/nadal.png\",\"datePublished\":\"2025-10-09T16:04:48+00:00\",\"dateModified\":\"2025-10-09T16:04:48+00:00\",\"breadcrumb\":{\"@id\":\"https:\/\/www.clubdelemprendimiento.com\/blog\/noticia-corporativa\/vtex-connect-live-anuncia-a-rafael-nadal-como-keynote-speaker\/#breadcrumb\"},\"inLanguage\":\"es\",\"potentialAction\":[{\"@type\":\"ReadAction\",\"target\":[\"https:\/\/www.clubdelemprendimiento.com\/blog\/noticia-corporativa\/vtex-connect-live-anuncia-a-rafael-nadal-como-keynote-speaker\/\"]}]},{\"@type\":\"ImageObject\",\"inLanguage\":\"es\",\"@id\":\"https:\/\/www.clubdelemprendimiento.com\/blog\/noticia-corporativa\/vtex-connect-live-anuncia-a-rafael-nadal-como-keynote-speaker\/#primaryimage\",\"url\":\"https:\/\/www.clubdelemprendimiento.com\/blog\/wp-content\/uploads\/2025\/10\/nadal.png\",\"contentUrl\":\"https:\/\/www.clubdelemprendimiento.com\/blog\/wp-content\/uploads\/2025\/10\/nadal.png\",\"width\":955,\"height\":478,\"caption\":\"VTEX Connect Live anuncia a Rafael Nadal como keynote speaker\"},{\"@type\":\"BreadcrumbList\",\"@id\":\"https:\/\/www.clubdelemprendimiento.com\/blog\/noticia-corporativa\/vtex-connect-live-anuncia-a-rafael-nadal-como-keynote-speaker\/#breadcrumb\",\"itemListElement\":[{\"@type\":\"ListItem\",\"position\":1,\"name\":\"Home\",\"item\":\"https:\/\/www.clubdelemprendimiento.com\/blog\/\"},{\"@type\":\"ListItem\",\"position\":2,\"name\":\"Noticias Corporativas\",\"item\":\"https:\/\/www.clubdelemprendimiento.com\/blog\/noticias-corporativas\/\"},{\"@type\":\"ListItem\",\"position\":3,\"name\":\"VTEX Connect Live anuncia a Rafael Nadal como keynote speaker\"}]},{\"@type\":\"WebSite\",\"@id\":\"https:\/\/www.clubdelemprendimiento.com\/blog\/#website\",\"url\":\"https:\/\/www.clubdelemprendimiento.com\/blog\/\",\"name\":\"Blog Club del Emprendimiento\",\"description\":\"\",\"potentialAction\":[{\"@type\":\"SearchAction\",\"target\":{\"@type\":\"EntryPoint\",\"urlTemplate\":\"https:\/\/www.clubdelemprendimiento.com\/blog\/?s={search_term_string}\"},\"query-input\":\"required name=search_term_string\"}],\"inLanguage\":\"es\"}]}<\/script>\n<!-- \/ Yoast SEO plugin. -->","yoast_head_json":{"title":"VTEX Connect Live anuncia a Rafael Nadal como keynote speaker - Blog Club del Emprendimiento","robots":{"index":"index","follow":"follow","max-snippet":"max-snippet:-1","max-image-preview":"max-image-preview:large","max-video-preview":"max-video-preview:-1"},"canonical":"https:\/\/www.clubdelemprendimiento.com\/blog\/noticia-corporativa\/vtex-connect-live-anuncia-a-rafael-nadal-como-keynote-speaker\/","og_locale":"es_ES","og_type":"article","og_title":"VTEX Connect Live anuncia a Rafael Nadal como keynote speaker - Blog Club del Emprendimiento","og_description":"Despu\u00e9s de Nueva York, Ciudad de M\u00e9xico y Barcelona, VTEX eligi\u00f3 Portugal para su&hellip;","og_url":"https:\/\/www.clubdelemprendimiento.com\/blog\/noticia-corporativa\/vtex-connect-live-anuncia-a-rafael-nadal-como-keynote-speaker\/","og_site_name":"Blog Club del Emprendimiento","og_image":[{"url":"https:\/\/www.clubdelemprendimiento.com\/blog\/wp-content\/uploads\/2025\/10\/nadal.png"}],"twitter_card":"summary_large_image","twitter_misc":{"Tiempo de lectura":"3 minutos"},"schema":{"@context":"https:\/\/schema.org","@graph":[{"@type":"WebPage","@id":"https:\/\/www.clubdelemprendimiento.com\/blog\/noticia-corporativa\/vtex-connect-live-anuncia-a-rafael-nadal-como-keynote-speaker\/","url":"https:\/\/www.clubdelemprendimiento.com\/blog\/noticia-corporativa\/vtex-connect-live-anuncia-a-rafael-nadal-como-keynote-speaker\/","name":"VTEX Connect Live anuncia a Rafael Nadal como keynote speaker - Blog Club del Emprendimiento","isPartOf":{"@id":"https:\/\/www.clubdelemprendimiento.com\/blog\/#website"},"primaryImageOfPage":{"@id":"https:\/\/www.clubdelemprendimiento.com\/blog\/noticia-corporativa\/vtex-connect-live-anuncia-a-rafael-nadal-como-keynote-speaker\/#primaryimage"},"image":{"@id":"https:\/\/www.clubdelemprendimiento.com\/blog\/noticia-corporativa\/vtex-connect-live-anuncia-a-rafael-nadal-como-keynote-speaker\/#primaryimage"},"thumbnailUrl":"https:\/\/www.clubdelemprendimiento.com\/blog\/wp-content\/uploads\/2025\/10\/nadal.png","datePublished":"2025-10-09T16:04:48+00:00","dateModified":"2025-10-09T16:04:48+00:00","breadcrumb":{"@id":"https:\/\/www.clubdelemprendimiento.com\/blog\/noticia-corporativa\/vtex-connect-live-anuncia-a-rafael-nadal-como-keynote-speaker\/#breadcrumb"},"inLanguage":"es","potentialAction":[{"@type":"ReadAction","target":["https:\/\/www.clubdelemprendimiento.com\/blog\/noticia-corporativa\/vtex-connect-live-anuncia-a-rafael-nadal-como-keynote-speaker\/"]}]},{"@type":"ImageObject","inLanguage":"es","@id":"https:\/\/www.clubdelemprendimiento.com\/blog\/noticia-corporativa\/vtex-connect-live-anuncia-a-rafael-nadal-como-keynote-speaker\/#primaryimage","url":"https:\/\/www.clubdelemprendimiento.com\/blog\/wp-content\/uploads\/2025\/10\/nadal.png","contentUrl":"https:\/\/www.clubdelemprendimiento.com\/blog\/wp-content\/uploads\/2025\/10\/nadal.png","width":955,"height":478,"caption":"VTEX Connect Live anuncia a Rafael Nadal como keynote speaker"},{"@type":"BreadcrumbList","@id":"https:\/\/www.clubdelemprendimiento.com\/blog\/noticia-corporativa\/vtex-connect-live-anuncia-a-rafael-nadal-como-keynote-speaker\/#breadcrumb","itemListElement":[{"@type":"ListItem","position":1,"name":"Home","item":"https:\/\/www.clubdelemprendimiento.com\/blog\/"},{"@type":"ListItem","position":2,"name":"Noticias Corporativas","item":"https:\/\/www.clubdelemprendimiento.com\/blog\/noticias-corporativas\/"},{"@type":"ListItem","position":3,"name":"VTEX Connect Live anuncia a Rafael Nadal como keynote speaker"}]},{"@type":"WebSite","@id":"https:\/\/www.clubdelemprendimiento.com\/blog\/#website","url":"https:\/\/www.clubdelemprendimiento.com\/blog\/","name":"Blog Club del Emprendimiento","description":"","potentialAction":[{"@type":"SearchAction","target":{"@type":"EntryPoint","urlTemplate":"https:\/\/www.clubdelemprendimiento.com\/blog\/?s={search_term_string}"},"query-input":"required name=search_term_string"}],"inLanguage":"es"}]}},"_links":{"self":[{"href":"https:\/\/www.clubdelemprendimiento.com\/blog\/wp-json\/wp\/v2\/noticia-corporativa\/22467"}],"collection":[{"href":"https:\/\/www.clubdelemprendimiento.com\/blog\/wp-json\/wp\/v2\/noticia-corporativa"}],"about":[{"href":"https:\/\/www.clubdelemprendimiento.com\/blog\/wp-json\/wp\/v2\/types\/noticia-corporativa"}],"wp:featuredmedia":[{"embeddable":true,"href":"https:\/\/www.clubdelemprendimiento.com\/blog\/wp-json\/wp\/v2\/media\/22468"}],"wp:attachment":[{"href":"https:\/\/www.clubdelemprendimiento.com\/blog\/wp-json\/wp\/v2\/media?parent=22467"}],"curies":[{"name":"wp","href":"https:\/\/api.w.org\/{rel}","templated":true}]}}