{"id":22465,"date":"2025-10-09T16:04:45","date_gmt":"2025-10-09T16:04:45","guid":{"rendered":"https:\/\/www.clubdelemprendimiento.com\/blog\/noticia-corporativa\/inprojecta-2026-el-encuentro-del-interiorismo-y-la-arquitectura-para-transformar-el-concepto-en-creacion\/"},"modified":"2025-10-09T16:04:45","modified_gmt":"2025-10-09T16:04:45","slug":"inprojecta-2026-el-encuentro-del-interiorismo-y-la-arquitectura-para-transformar-el-concepto-en-creacion","status":"publish","type":"noticia-corporativa","link":"https:\/\/www.clubdelemprendimiento.com\/blog\/noticia-corporativa\/inprojecta-2026-el-encuentro-del-interiorismo-y-la-arquitectura-para-transformar-el-concepto-en-creacion\/","title":{"rendered":"INPROJECTA 2026, el encuentro del interiorismo y la arquitectura para transformar el concepto en creaci\u00f3n"},"content":{"rendered":"<div>\n<p><a href=\"https:\/\/www.clubdelemprendimiento.com\/blog\/wp-content\/uploads\/2025\/10\/InProjecta_3.png\" target=\"_blank\" class=\"fotonota\" rel=\"noopener\"> <img decoding=\"async\" src=\"https:\/\/www.clubdelemprendimiento.com\/blog\/wp-content\/uploads\/2025\/10\/InProjecta_3.png\" style=\"max-width:600px;\" border=\"0\" class=\"postImage\" alt=\"\"><\/a><\/p>\n<p>El pr\u00f3ximo mes de febrero de 2026 no se puede perder de vista INPROJECTA, un encuentro que involucra a la comunidad profesional de la arquitectura y el interiorismo en un viaje de descubrimiento y creatividad<\/p>\n<p><\/p>\n<p>El sector del mobiliario, la decoraci\u00f3n, el <em>contract<\/em> y el dise\u00f1o de interiores se prepara para vivir una nueva edici\u00f3n de <strong>INPROJECTA<\/strong>, del 26 al 28 de febrero de 2026, en <a href=\"https:\/\/exponor.pt\/\" rel=\"nofollow\">Exponor \u2013 Feira Internacional do Porto<\/a><strong> (Matosinhos, Oporto, Portugal)<\/strong>.<\/p>\n<p>Este evento, concebido para ser <strong>mucho m\u00e1s que una feria<\/strong>, ser\u00e1 el punto de encuentro estrat\u00e9gico, un escaparate de creatividad y un espacio donde los negocios y las emociones se dan la mano.<\/p>\n<p><strong>Del concepto a la creaci\u00f3n, mucho m\u00e1s que una exposici\u00f3n<\/strong><br \/>\nTras el \u00e9xito de su primera edici\u00f3n, INPROJECTA regresa en 2026 con un concepto renovado bajo el lema <strong>\u00ab<em>From Concept to Emotion<\/em>\u00ab<\/strong>, que busca no solo poner en valor la importancia de la idea creativa, sino tambi\u00e9n resaltar la experiencia emocional que surge cuando los proyectos se materializan y transforman los espacios.<\/p>\n<p>Est\u00e1 dirigido a <strong>fabricantes y representantes de marcas de mobiliario, tapicer\u00eda, iluminaci\u00f3n, office, textiles, menaje, accesorios, exteriores, jardines y <em>wellness<\/em><\/strong>, quienes encontrar\u00e1n en el evento una plataforma privilegiada para presentar productos exclusivos, soluciones personalizables e innovaciones que marcan tendencia.<\/p>\n<p><strong>Un p\u00fablico internacional y altamente cualificado<\/strong><br \/>\nINPROJECTA se consolida como un punto de encuentro global para el sector del dise\u00f1o de interiores y la hosteler\u00eda. La \u00faltima edici\u00f3n atrajo a visitantes de Alemania, Francia, Italia, Reino Unido, Suiza, Espa\u00f1a, Brasil y Estados Unidos, entre otros mercados estrat\u00e9gicos.<\/p>\n<p>M\u00e1s de 60 expositores presentaron sus productos y servicios ante 3.892 profesionales, incluyendo arquitectos, interioristas, decoradores, consultores y especialistas en hosteler\u00eda. Seg\u00fan los organizadores, el 73% de los asistentes participa directamente en decisiones de compra, mientras que el 85% tiene intenci\u00f3n de regresar a la pr\u00f3xima edici\u00f3n, lo que refleja la fidelidad de un p\u00fablico altamente especializado.<\/p>\n<p>Y es que, los profesionales acuden principalmente para identificar proveedores estrat\u00e9gicos, descubrir innovaciones y mantenerse al d\u00eda sobre las tendencias del mercado. Estos resultados consolidan a INPROJECTA no solo como una plataforma de negocio, sino tambi\u00e9n como un observatorio de las din\u00e1micas internacionales del sector.<\/p>\n<p><strong>Espacios de exhibici\u00f3n a medida para potenciar la presencia de marca<\/strong><br \/>\nCon el objetivo de hacer m\u00e1s accesible la participaci\u00f3n de marcas y profesionales, <strong>INPROJECTA<\/strong> presenta dos modalidades de exhibici\u00f3n que se adaptan a las distintas necesidades de los expositores. Se ofrecer\u00e1n stands equipados, de entre 9 m\u00b2 y 18 m\u00b2, pensados para facilitar la participaci\u00f3n. Tambi\u00e9n habr\u00e1 espacios personalizados para quienes deseen destacar con una propuesta \u00fanica.<\/p>\n<p><strong>Mucho m\u00e1s que una feria: experiencias que generan impacto<\/strong><br \/>\nOporto se prepara para vivir una nueva dimensi\u00f3n de creatividad con <strong>INPROJECTA<\/strong>, que este a\u00f1o no se limita a ser un espacio de exposici\u00f3n, sino que ampl\u00eda su alcance con una serie de iniciativas pensadas para conectar, inspirar y dar visibilidad al talento.<\/p>\n<p>Entre las novedades destaca <strong>inProjecta Pop-Up<\/strong>, una propuesta que lleva la creatividad de las marcas a distintos espacios urbanos de la ciudad, acerc\u00e1ndolas directamente al p\u00fablico en entornos cotidianos y sorprendentes. La programaci\u00f3n tambi\u00e9n incluye <strong>inProjecta Talks<\/strong>, un foro de conocimiento con charlas y workshops liderados por profesionales y referentes del sector, dise\u00f1ado como punto de encuentro para el intercambio de ideas y tendencias. En apoyo a las nuevas generaciones, <strong>Creators Space<\/strong> ofrecer\u00e1 un escenario a j\u00f3venes creadores que combinan t\u00e9cnicas tradicionales con el dise\u00f1o contempor\u00e1neo, fomentando la innovaci\u00f3n desde la ra\u00edz del proceso creativo.<\/p>\n<p>Finalmente, el <strong>Creative Call Award<\/strong> reconocer\u00e1 la originalidad y la innovaci\u00f3n en el panorama creativo portugu\u00e9s, celebrando lo mejor del talento nacional y reforzando el compromiso de INPROJECTA con la promoci\u00f3n de la cultura y el dise\u00f1o.<\/p>\n<p>INPROJECTA 2026 abre la convocatoria a empresas de los sectores hogar, contract y hospitality. El evento reunir\u00e1 a profesionales del dise\u00f1o, la innovaci\u00f3n y el negocio, ofreciendo un espacio para presentar productos, generar contactos y reforzar la presencia en el mercado.<\/p>\n<p><strong>Resumen: InProjecta 2026<br \/>\nFecha<\/strong>: del 26 al 28 de febrero de 2026<strong> <\/strong><\/p>\n<p><strong>Horario<\/strong>: 26 a 27 de febrero, desde las 10h00 hasta las 19h00. 28 de febrero, desde las 10h00 hasta las 18h00.<\/p>\n<p><strong>Entradas<\/strong>: hasta el 11 de febrero, entrada gratuita; despu\u00e9s del 11 de febrero, 7 \u20ac si se compra online y 15 \u20ac si se adquiere en las taquillas de EXPONOR.<\/p>\n<\/div>\n","protected":false},"featured_media":22466,"template":"","meta":{"_acf_changed":false},"acf":[],"yoast_head":"<!-- This site is optimized with the Yoast SEO plugin v22.7 - https:\/\/yoast.com\/wordpress\/plugins\/seo\/ -->\n<title>INPROJECTA 2026, el encuentro del interiorismo y la arquitectura para transformar el concepto en creaci\u00f3n - Blog Club del Emprendimiento<\/title>\n<meta name=\"robots\" content=\"index, follow, max-snippet:-1, max-image-preview:large, max-video-preview:-1\" \/>\n<link rel=\"canonical\" href=\"https:\/\/www.clubdelemprendimiento.com\/blog\/noticia-corporativa\/inprojecta-2026-el-encuentro-del-interiorismo-y-la-arquitectura-para-transformar-el-concepto-en-creacion\/\" \/>\n<meta property=\"og:locale\" content=\"es_ES\" \/>\n<meta property=\"og:type\" content=\"article\" \/>\n<meta property=\"og:title\" content=\"INPROJECTA 2026, el encuentro del interiorismo y la arquitectura para transformar el concepto en creaci\u00f3n - Blog Club del Emprendimiento\" \/>\n<meta property=\"og:description\" content=\"El pr\u00f3ximo mes de febrero de 2026 no se puede perder de vista INPROJECTA,&hellip;\" \/>\n<meta property=\"og:url\" content=\"https:\/\/www.clubdelemprendimiento.com\/blog\/noticia-corporativa\/inprojecta-2026-el-encuentro-del-interiorismo-y-la-arquitectura-para-transformar-el-concepto-en-creacion\/\" \/>\n<meta property=\"og:site_name\" content=\"Blog Club del Emprendimiento\" \/>\n<meta property=\"og:image\" content=\"https:\/\/www.clubdelemprendimiento.com\/blog\/wp-content\/uploads\/2025\/10\/InProjecta_3.png\" \/>\n<meta name=\"twitter:card\" content=\"summary_large_image\" \/>\n<meta name=\"twitter:label1\" content=\"Tiempo de lectura\" \/>\n\t<meta name=\"twitter:data1\" content=\"4 minutos\" \/>\n<script type=\"application\/ld+json\" class=\"yoast-schema-graph\">{\"@context\":\"https:\/\/schema.org\",\"@graph\":[{\"@type\":\"WebPage\",\"@id\":\"https:\/\/www.clubdelemprendimiento.com\/blog\/noticia-corporativa\/inprojecta-2026-el-encuentro-del-interiorismo-y-la-arquitectura-para-transformar-el-concepto-en-creacion\/\",\"url\":\"https:\/\/www.clubdelemprendimiento.com\/blog\/noticia-corporativa\/inprojecta-2026-el-encuentro-del-interiorismo-y-la-arquitectura-para-transformar-el-concepto-en-creacion\/\",\"name\":\"INPROJECTA 2026, el encuentro del interiorismo y la arquitectura para transformar el concepto en creaci\u00f3n - Blog Club del Emprendimiento\",\"isPartOf\":{\"@id\":\"https:\/\/www.clubdelemprendimiento.com\/blog\/#website\"},\"primaryImageOfPage\":{\"@id\":\"https:\/\/www.clubdelemprendimiento.com\/blog\/noticia-corporativa\/inprojecta-2026-el-encuentro-del-interiorismo-y-la-arquitectura-para-transformar-el-concepto-en-creacion\/#primaryimage\"},\"image\":{\"@id\":\"https:\/\/www.clubdelemprendimiento.com\/blog\/noticia-corporativa\/inprojecta-2026-el-encuentro-del-interiorismo-y-la-arquitectura-para-transformar-el-concepto-en-creacion\/#primaryimage\"},\"thumbnailUrl\":\"https:\/\/www.clubdelemprendimiento.com\/blog\/wp-content\/uploads\/2025\/10\/InProjecta_3.png\",\"datePublished\":\"2025-10-09T16:04:45+00:00\",\"dateModified\":\"2025-10-09T16:04:45+00:00\",\"breadcrumb\":{\"@id\":\"https:\/\/www.clubdelemprendimiento.com\/blog\/noticia-corporativa\/inprojecta-2026-el-encuentro-del-interiorismo-y-la-arquitectura-para-transformar-el-concepto-en-creacion\/#breadcrumb\"},\"inLanguage\":\"es\",\"potentialAction\":[{\"@type\":\"ReadAction\",\"target\":[\"https:\/\/www.clubdelemprendimiento.com\/blog\/noticia-corporativa\/inprojecta-2026-el-encuentro-del-interiorismo-y-la-arquitectura-para-transformar-el-concepto-en-creacion\/\"]}]},{\"@type\":\"ImageObject\",\"inLanguage\":\"es\",\"@id\":\"https:\/\/www.clubdelemprendimiento.com\/blog\/noticia-corporativa\/inprojecta-2026-el-encuentro-del-interiorismo-y-la-arquitectura-para-transformar-el-concepto-en-creacion\/#primaryimage\",\"url\":\"https:\/\/www.clubdelemprendimiento.com\/blog\/wp-content\/uploads\/2025\/10\/InProjecta_3.png\",\"contentUrl\":\"https:\/\/www.clubdelemprendimiento.com\/blog\/wp-content\/uploads\/2025\/10\/InProjecta_3.png\",\"width\":1412,\"height\":783},{\"@type\":\"BreadcrumbList\",\"@id\":\"https:\/\/www.clubdelemprendimiento.com\/blog\/noticia-corporativa\/inprojecta-2026-el-encuentro-del-interiorismo-y-la-arquitectura-para-transformar-el-concepto-en-creacion\/#breadcrumb\",\"itemListElement\":[{\"@type\":\"ListItem\",\"position\":1,\"name\":\"Home\",\"item\":\"https:\/\/www.clubdelemprendimiento.com\/blog\/\"},{\"@type\":\"ListItem\",\"position\":2,\"name\":\"Noticias Corporativas\",\"item\":\"https:\/\/www.clubdelemprendimiento.com\/blog\/noticias-corporativas\/\"},{\"@type\":\"ListItem\",\"position\":3,\"name\":\"INPROJECTA 2026, el encuentro del interiorismo y la arquitectura para transformar el concepto en creaci\u00f3n\"}]},{\"@type\":\"WebSite\",\"@id\":\"https:\/\/www.clubdelemprendimiento.com\/blog\/#website\",\"url\":\"https:\/\/www.clubdelemprendimiento.com\/blog\/\",\"name\":\"Blog Club del Emprendimiento\",\"description\":\"\",\"potentialAction\":[{\"@type\":\"SearchAction\",\"target\":{\"@type\":\"EntryPoint\",\"urlTemplate\":\"https:\/\/www.clubdelemprendimiento.com\/blog\/?s={search_term_string}\"},\"query-input\":\"required name=search_term_string\"}],\"inLanguage\":\"es\"}]}<\/script>\n<!-- \/ Yoast SEO plugin. -->","yoast_head_json":{"title":"INPROJECTA 2026, el encuentro del interiorismo y la arquitectura para transformar el concepto en creaci\u00f3n - Blog Club del Emprendimiento","robots":{"index":"index","follow":"follow","max-snippet":"max-snippet:-1","max-image-preview":"max-image-preview:large","max-video-preview":"max-video-preview:-1"},"canonical":"https:\/\/www.clubdelemprendimiento.com\/blog\/noticia-corporativa\/inprojecta-2026-el-encuentro-del-interiorismo-y-la-arquitectura-para-transformar-el-concepto-en-creacion\/","og_locale":"es_ES","og_type":"article","og_title":"INPROJECTA 2026, el encuentro del interiorismo y la arquitectura para transformar el concepto en creaci\u00f3n - Blog Club del Emprendimiento","og_description":"El pr\u00f3ximo mes de febrero de 2026 no se puede perder de vista INPROJECTA,&hellip;","og_url":"https:\/\/www.clubdelemprendimiento.com\/blog\/noticia-corporativa\/inprojecta-2026-el-encuentro-del-interiorismo-y-la-arquitectura-para-transformar-el-concepto-en-creacion\/","og_site_name":"Blog Club del Emprendimiento","og_image":[{"url":"https:\/\/www.clubdelemprendimiento.com\/blog\/wp-content\/uploads\/2025\/10\/InProjecta_3.png"}],"twitter_card":"summary_large_image","twitter_misc":{"Tiempo de lectura":"4 minutos"},"schema":{"@context":"https:\/\/schema.org","@graph":[{"@type":"WebPage","@id":"https:\/\/www.clubdelemprendimiento.com\/blog\/noticia-corporativa\/inprojecta-2026-el-encuentro-del-interiorismo-y-la-arquitectura-para-transformar-el-concepto-en-creacion\/","url":"https:\/\/www.clubdelemprendimiento.com\/blog\/noticia-corporativa\/inprojecta-2026-el-encuentro-del-interiorismo-y-la-arquitectura-para-transformar-el-concepto-en-creacion\/","name":"INPROJECTA 2026, el encuentro del interiorismo y la arquitectura para transformar el concepto en creaci\u00f3n - Blog Club del Emprendimiento","isPartOf":{"@id":"https:\/\/www.clubdelemprendimiento.com\/blog\/#website"},"primaryImageOfPage":{"@id":"https:\/\/www.clubdelemprendimiento.com\/blog\/noticia-corporativa\/inprojecta-2026-el-encuentro-del-interiorismo-y-la-arquitectura-para-transformar-el-concepto-en-creacion\/#primaryimage"},"image":{"@id":"https:\/\/www.clubdelemprendimiento.com\/blog\/noticia-corporativa\/inprojecta-2026-el-encuentro-del-interiorismo-y-la-arquitectura-para-transformar-el-concepto-en-creacion\/#primaryimage"},"thumbnailUrl":"https:\/\/www.clubdelemprendimiento.com\/blog\/wp-content\/uploads\/2025\/10\/InProjecta_3.png","datePublished":"2025-10-09T16:04:45+00:00","dateModified":"2025-10-09T16:04:45+00:00","breadcrumb":{"@id":"https:\/\/www.clubdelemprendimiento.com\/blog\/noticia-corporativa\/inprojecta-2026-el-encuentro-del-interiorismo-y-la-arquitectura-para-transformar-el-concepto-en-creacion\/#breadcrumb"},"inLanguage":"es","potentialAction":[{"@type":"ReadAction","target":["https:\/\/www.clubdelemprendimiento.com\/blog\/noticia-corporativa\/inprojecta-2026-el-encuentro-del-interiorismo-y-la-arquitectura-para-transformar-el-concepto-en-creacion\/"]}]},{"@type":"ImageObject","inLanguage":"es","@id":"https:\/\/www.clubdelemprendimiento.com\/blog\/noticia-corporativa\/inprojecta-2026-el-encuentro-del-interiorismo-y-la-arquitectura-para-transformar-el-concepto-en-creacion\/#primaryimage","url":"https:\/\/www.clubdelemprendimiento.com\/blog\/wp-content\/uploads\/2025\/10\/InProjecta_3.png","contentUrl":"https:\/\/www.clubdelemprendimiento.com\/blog\/wp-content\/uploads\/2025\/10\/InProjecta_3.png","width":1412,"height":783},{"@type":"BreadcrumbList","@id":"https:\/\/www.clubdelemprendimiento.com\/blog\/noticia-corporativa\/inprojecta-2026-el-encuentro-del-interiorismo-y-la-arquitectura-para-transformar-el-concepto-en-creacion\/#breadcrumb","itemListElement":[{"@type":"ListItem","position":1,"name":"Home","item":"https:\/\/www.clubdelemprendimiento.com\/blog\/"},{"@type":"ListItem","position":2,"name":"Noticias Corporativas","item":"https:\/\/www.clubdelemprendimiento.com\/blog\/noticias-corporativas\/"},{"@type":"ListItem","position":3,"name":"INPROJECTA 2026, el encuentro del interiorismo y la arquitectura para transformar el concepto en creaci\u00f3n"}]},{"@type":"WebSite","@id":"https:\/\/www.clubdelemprendimiento.com\/blog\/#website","url":"https:\/\/www.clubdelemprendimiento.com\/blog\/","name":"Blog Club del Emprendimiento","description":"","potentialAction":[{"@type":"SearchAction","target":{"@type":"EntryPoint","urlTemplate":"https:\/\/www.clubdelemprendimiento.com\/blog\/?s={search_term_string}"},"query-input":"required name=search_term_string"}],"inLanguage":"es"}]}},"_links":{"self":[{"href":"https:\/\/www.clubdelemprendimiento.com\/blog\/wp-json\/wp\/v2\/noticia-corporativa\/22465"}],"collection":[{"href":"https:\/\/www.clubdelemprendimiento.com\/blog\/wp-json\/wp\/v2\/noticia-corporativa"}],"about":[{"href":"https:\/\/www.clubdelemprendimiento.com\/blog\/wp-json\/wp\/v2\/types\/noticia-corporativa"}],"wp:featuredmedia":[{"embeddable":true,"href":"https:\/\/www.clubdelemprendimiento.com\/blog\/wp-json\/wp\/v2\/media\/22466"}],"wp:attachment":[{"href":"https:\/\/www.clubdelemprendimiento.com\/blog\/wp-json\/wp\/v2\/media?parent=22465"}],"curies":[{"name":"wp","href":"https:\/\/api.w.org\/{rel}","templated":true}]}}