{"id":22457,"date":"2025-10-09T15:04:41","date_gmt":"2025-10-09T15:04:41","guid":{"rendered":"https:\/\/www.clubdelemprendimiento.com\/blog\/noticia-corporativa\/ramon-bilbao-se-une-como-colaborador-de-la-seleccion-espanola-de-futbol-en-el-camino-hacia-el-mundial-2026\/"},"modified":"2025-10-09T15:04:41","modified_gmt":"2025-10-09T15:04:41","slug":"ramon-bilbao-se-une-como-colaborador-de-la-seleccion-espanola-de-futbol-en-el-camino-hacia-el-mundial-2026","status":"publish","type":"noticia-corporativa","link":"https:\/\/www.clubdelemprendimiento.com\/blog\/noticia-corporativa\/ramon-bilbao-se-une-como-colaborador-de-la-seleccion-espanola-de-futbol-en-el-camino-hacia-el-mundial-2026\/","title":{"rendered":"Ram\u00f3n Bilbao se une como colaborador de la Selecci\u00f3n Espa\u00f1ola de F\u00fatbol en el camino hacia el Mundial 2026"},"content":{"rendered":"<div>\n<p><a href=\"https:\/\/www.clubdelemprendimiento.com\/blog\/wp-content\/uploads\/2025\/10\/2025-10-09_0018_Acuerdo_Ramon_Bilbao_RFEF_AM204746.jpg\" target=\"_blank\" class=\"fotonota\" rel=\"noopener\"> <img decoding=\"async\" src=\"https:\/\/www.clubdelemprendimiento.com\/blog\/wp-content\/uploads\/2025\/10\/2025-10-09_0018_Acuerdo_Ramon_Bilbao_RFEF_AM204746.jpg\" style=\"max-width:600px;\" border=\"0\" class=\"postImage\" alt=\"\"><\/a><\/p>\n<p>Ram\u00f3n Bilbao y la Real Federaci\u00f3n Espa\u00f1ola de F\u00fatbol, sellan una alianza estrat\u00e9gica que conecta al mayor referente del vino y al mayor referente del f\u00fatbol de nuestro pa\u00eds. La bodega reafirma su liderazgo en el sector, impulsando esta colaboraci\u00f3n como una nueva oportunidad para seguir creando experiencias que conecten el mundo del vino con otras audiencias<\/p>\n<p><\/p>\n<p>Ram\u00f3n Bilbao, bodega l\u00edder en Espa\u00f1a y una de las m\u00e1s admiradas del mundo, anuncia su alianza con la Real Federaci\u00f3n Espa\u00f1ola de F\u00fatbol (RFEF), convirti\u00e9ndose en colaborador oficial de la Selecci\u00f3n Espa\u00f1ola de F\u00fatbol Absoluta. La bodega acompa\u00f1ar\u00e1 al equipo masculino en su camino hacia el Mundial de 2026 y apoyar\u00e1 al equipo femenino, actual campe\u00f3n del mundo, en su clasificaci\u00f3n para la Copa Mundial de 2027 en Brasil. Esta uni\u00f3n coincide con un momento hist\u00f3rico en el que ambas selecciones ocupan el n\u00famero uno en la clasificaci\u00f3n FIFA.<\/p>\n<p>La alianza entre Ram\u00f3n Bilbao y la RFEF une a dos referentes nacionales en torno a una pasi\u00f3n compartida: la de generar experiencias que trascienden y que hacen sentir. Un acuerdo que nace del compromiso con valores compartidos como la pasi\u00f3n, el liderazgo en sus respectivos \u00e1mbitos y la excelencia como motor de cada logro. De este modo, Ram\u00f3n Bilbao se convierte en el vino oficial de la Selecci\u00f3n Espa\u00f1ola de F\u00fatbol, acompa\u00f1ando a los equipos nacionales en el camino hacia el \u00e9xito.\u00a0<\/p>\n<p>\u00abEsta alianza marca un hito en nuestro camino. Nos une a la Selecci\u00f3n Espa\u00f1ola la pasi\u00f3n por alcanzar la excelencia, la ambici\u00f3n de innovar y la capacidad de inspirar a millones de personas. Lo vemos como la uni\u00f3n de dos referentes que comparten el mismo esp\u00edritu de superaci\u00f3n y el deseo de dejar huella\u00bb, ha declarado <strong>Carlos Gallego<\/strong>, director general Cluster Iberia de <strong>Zamora Company<\/strong>.<\/p>\n<p>El acuerdo supone un paso hist\u00f3rico para la compa\u00f1\u00eda al reunir a dos l\u00edderes que, desde universos distintos \u2014el vino y el deporte\u2014, representan lo mejor de la cultura espa\u00f1ola y proyectan al mundo la fuerza de la marca Espa\u00f1a. Se trata de una colaboraci\u00f3n que trasciende sectores para inspirar, emocionar y generar orgullo colectivo.<\/p>\n<p>La alianza se materializar\u00e1 a trav\u00e9s de experiencias y activaciones vinculadas a la Selecci\u00f3n, presencia de marca durante la fase clasificatoria del Mundial y otras competiciones, as\u00ed como acciones exclusivas para los aficionados. Ram\u00f3n Bilbao tendr\u00e1 adem\u00e1s un papel destacado en las \u00e1reas de hospitality, elevando la experiencia VIP en los estadios nacionales. Con ello, la bodega refuerza su apuesta por acercar el vino a nuevos p\u00fablicos, generando momentos \u00fanicos de disfrute y celebraci\u00f3n.<\/p>\n<p>\u00abPara Ram\u00f3n Bilbao, acompa\u00f1ar a la Selecci\u00f3n en esta etapa significa compartir con millones de aficionados la emoci\u00f3n de cada partido y la pasi\u00f3n por alcanzar grandes metas. Igual que nuestros vinos crean experiencias memorables, queremos estar presentes en momentos que hacen vibrar a un pa\u00eds entero\u00bb, ha se\u00f1alado <strong>Alejandro S\u00e1nchez-G\u00f3mez <\/strong>director de marketing Cluster Iberia de<strong> Zamora Company<\/strong>.<\/p>\n<p>Esta uni\u00f3n simboliza la alianza entre dos grandes embajadores de la cultura espa\u00f1ola: el vino y el f\u00fatbol.\u00a0Dos universos que proyectan la marca Espa\u00f1a al mundo.<\/p>\n<p>Con el apoyo de Ram\u00f3n Bilbao, la Selecci\u00f3n Espa\u00f1ola encara con ilusi\u00f3n y determinaci\u00f3n su camino hacia el Mundial de 2026, compartiendo el mismo esp\u00edritu de superaci\u00f3n y el deseo de crear momentos que quedar\u00e1n en la memoria colectiva.<\/p>\n<\/div>\n","protected":false},"featured_media":22458,"template":"","meta":{"_acf_changed":false},"acf":[],"yoast_head":"<!-- This site is optimized with the Yoast SEO plugin v22.7 - https:\/\/yoast.com\/wordpress\/plugins\/seo\/ -->\n<title>Ram\u00f3n Bilbao se une como colaborador de la Selecci\u00f3n Espa\u00f1ola de F\u00fatbol en el camino hacia el Mundial 2026 - Blog Club del Emprendimiento<\/title>\n<meta name=\"robots\" content=\"index, follow, max-snippet:-1, max-image-preview:large, max-video-preview:-1\" \/>\n<link rel=\"canonical\" href=\"https:\/\/www.clubdelemprendimiento.com\/blog\/noticia-corporativa\/ramon-bilbao-se-une-como-colaborador-de-la-seleccion-espanola-de-futbol-en-el-camino-hacia-el-mundial-2026\/\" \/>\n<meta property=\"og:locale\" content=\"es_ES\" \/>\n<meta property=\"og:type\" content=\"article\" \/>\n<meta property=\"og:title\" content=\"Ram\u00f3n Bilbao se une como colaborador de la Selecci\u00f3n Espa\u00f1ola de F\u00fatbol en el camino hacia el Mundial 2026 - Blog Club del Emprendimiento\" \/>\n<meta property=\"og:description\" content=\"Ram\u00f3n Bilbao y la Real Federaci\u00f3n Espa\u00f1ola de F\u00fatbol, sellan una alianza estrat\u00e9gica que&hellip;\" \/>\n<meta property=\"og:url\" content=\"https:\/\/www.clubdelemprendimiento.com\/blog\/noticia-corporativa\/ramon-bilbao-se-une-como-colaborador-de-la-seleccion-espanola-de-futbol-en-el-camino-hacia-el-mundial-2026\/\" \/>\n<meta property=\"og:site_name\" content=\"Blog Club del Emprendimiento\" \/>\n<meta property=\"og:image\" content=\"https:\/\/www.clubdelemprendimiento.com\/blog\/wp-content\/uploads\/2025\/10\/2025-10-09_0018_Acuerdo_Ramon_Bilbao_RFEF_AM204746.jpg\" \/>\n<meta name=\"twitter:card\" content=\"summary_large_image\" \/>\n<meta name=\"twitter:label1\" content=\"Tiempo de lectura\" \/>\n\t<meta name=\"twitter:data1\" content=\"3 minutos\" \/>\n<script type=\"application\/ld+json\" class=\"yoast-schema-graph\">{\"@context\":\"https:\/\/schema.org\",\"@graph\":[{\"@type\":\"WebPage\",\"@id\":\"https:\/\/www.clubdelemprendimiento.com\/blog\/noticia-corporativa\/ramon-bilbao-se-une-como-colaborador-de-la-seleccion-espanola-de-futbol-en-el-camino-hacia-el-mundial-2026\/\",\"url\":\"https:\/\/www.clubdelemprendimiento.com\/blog\/noticia-corporativa\/ramon-bilbao-se-une-como-colaborador-de-la-seleccion-espanola-de-futbol-en-el-camino-hacia-el-mundial-2026\/\",\"name\":\"Ram\u00f3n Bilbao se une como colaborador de la Selecci\u00f3n Espa\u00f1ola de F\u00fatbol en el camino hacia el Mundial 2026 - Blog Club del Emprendimiento\",\"isPartOf\":{\"@id\":\"https:\/\/www.clubdelemprendimiento.com\/blog\/#website\"},\"primaryImageOfPage\":{\"@id\":\"https:\/\/www.clubdelemprendimiento.com\/blog\/noticia-corporativa\/ramon-bilbao-se-une-como-colaborador-de-la-seleccion-espanola-de-futbol-en-el-camino-hacia-el-mundial-2026\/#primaryimage\"},\"image\":{\"@id\":\"https:\/\/www.clubdelemprendimiento.com\/blog\/noticia-corporativa\/ramon-bilbao-se-une-como-colaborador-de-la-seleccion-espanola-de-futbol-en-el-camino-hacia-el-mundial-2026\/#primaryimage\"},\"thumbnailUrl\":\"https:\/\/www.clubdelemprendimiento.com\/blog\/wp-content\/uploads\/2025\/10\/2025-10-09_0018_Acuerdo_Ramon_Bilbao_RFEF_AM204746-scaled.jpg\",\"datePublished\":\"2025-10-09T15:04:41+00:00\",\"dateModified\":\"2025-10-09T15:04:41+00:00\",\"breadcrumb\":{\"@id\":\"https:\/\/www.clubdelemprendimiento.com\/blog\/noticia-corporativa\/ramon-bilbao-se-une-como-colaborador-de-la-seleccion-espanola-de-futbol-en-el-camino-hacia-el-mundial-2026\/#breadcrumb\"},\"inLanguage\":\"es\",\"potentialAction\":[{\"@type\":\"ReadAction\",\"target\":[\"https:\/\/www.clubdelemprendimiento.com\/blog\/noticia-corporativa\/ramon-bilbao-se-une-como-colaborador-de-la-seleccion-espanola-de-futbol-en-el-camino-hacia-el-mundial-2026\/\"]}]},{\"@type\":\"ImageObject\",\"inLanguage\":\"es\",\"@id\":\"https:\/\/www.clubdelemprendimiento.com\/blog\/noticia-corporativa\/ramon-bilbao-se-une-como-colaborador-de-la-seleccion-espanola-de-futbol-en-el-camino-hacia-el-mundial-2026\/#primaryimage\",\"url\":\"https:\/\/www.clubdelemprendimiento.com\/blog\/wp-content\/uploads\/2025\/10\/2025-10-09_0018_Acuerdo_Ramon_Bilbao_RFEF_AM204746-scaled.jpg\",\"contentUrl\":\"https:\/\/www.clubdelemprendimiento.com\/blog\/wp-content\/uploads\/2025\/10\/2025-10-09_0018_Acuerdo_Ramon_Bilbao_RFEF_AM204746-scaled.jpg\",\"width\":2560,\"height\":1707},{\"@type\":\"BreadcrumbList\",\"@id\":\"https:\/\/www.clubdelemprendimiento.com\/blog\/noticia-corporativa\/ramon-bilbao-se-une-como-colaborador-de-la-seleccion-espanola-de-futbol-en-el-camino-hacia-el-mundial-2026\/#breadcrumb\",\"itemListElement\":[{\"@type\":\"ListItem\",\"position\":1,\"name\":\"Home\",\"item\":\"https:\/\/www.clubdelemprendimiento.com\/blog\/\"},{\"@type\":\"ListItem\",\"position\":2,\"name\":\"Noticias Corporativas\",\"item\":\"https:\/\/www.clubdelemprendimiento.com\/blog\/noticias-corporativas\/\"},{\"@type\":\"ListItem\",\"position\":3,\"name\":\"Ram\u00f3n Bilbao se une como colaborador de la Selecci\u00f3n Espa\u00f1ola de F\u00fatbol en el camino hacia el Mundial 2026\"}]},{\"@type\":\"WebSite\",\"@id\":\"https:\/\/www.clubdelemprendimiento.com\/blog\/#website\",\"url\":\"https:\/\/www.clubdelemprendimiento.com\/blog\/\",\"name\":\"Blog Club del Emprendimiento\",\"description\":\"\",\"potentialAction\":[{\"@type\":\"SearchAction\",\"target\":{\"@type\":\"EntryPoint\",\"urlTemplate\":\"https:\/\/www.clubdelemprendimiento.com\/blog\/?s={search_term_string}\"},\"query-input\":\"required name=search_term_string\"}],\"inLanguage\":\"es\"}]}<\/script>\n<!-- \/ Yoast SEO plugin. -->","yoast_head_json":{"title":"Ram\u00f3n Bilbao se une como colaborador de la Selecci\u00f3n Espa\u00f1ola de F\u00fatbol en el camino hacia el Mundial 2026 - Blog Club del Emprendimiento","robots":{"index":"index","follow":"follow","max-snippet":"max-snippet:-1","max-image-preview":"max-image-preview:large","max-video-preview":"max-video-preview:-1"},"canonical":"https:\/\/www.clubdelemprendimiento.com\/blog\/noticia-corporativa\/ramon-bilbao-se-une-como-colaborador-de-la-seleccion-espanola-de-futbol-en-el-camino-hacia-el-mundial-2026\/","og_locale":"es_ES","og_type":"article","og_title":"Ram\u00f3n Bilbao se une como colaborador de la Selecci\u00f3n Espa\u00f1ola de F\u00fatbol en el camino hacia el Mundial 2026 - Blog Club del Emprendimiento","og_description":"Ram\u00f3n Bilbao y la Real Federaci\u00f3n Espa\u00f1ola de F\u00fatbol, sellan una alianza estrat\u00e9gica que&hellip;","og_url":"https:\/\/www.clubdelemprendimiento.com\/blog\/noticia-corporativa\/ramon-bilbao-se-une-como-colaborador-de-la-seleccion-espanola-de-futbol-en-el-camino-hacia-el-mundial-2026\/","og_site_name":"Blog Club del Emprendimiento","og_image":[{"url":"https:\/\/www.clubdelemprendimiento.com\/blog\/wp-content\/uploads\/2025\/10\/2025-10-09_0018_Acuerdo_Ramon_Bilbao_RFEF_AM204746.jpg"}],"twitter_card":"summary_large_image","twitter_misc":{"Tiempo de lectura":"3 minutos"},"schema":{"@context":"https:\/\/schema.org","@graph":[{"@type":"WebPage","@id":"https:\/\/www.clubdelemprendimiento.com\/blog\/noticia-corporativa\/ramon-bilbao-se-une-como-colaborador-de-la-seleccion-espanola-de-futbol-en-el-camino-hacia-el-mundial-2026\/","url":"https:\/\/www.clubdelemprendimiento.com\/blog\/noticia-corporativa\/ramon-bilbao-se-une-como-colaborador-de-la-seleccion-espanola-de-futbol-en-el-camino-hacia-el-mundial-2026\/","name":"Ram\u00f3n Bilbao se une como colaborador de la Selecci\u00f3n Espa\u00f1ola de F\u00fatbol en el camino hacia el Mundial 2026 - Blog Club del Emprendimiento","isPartOf":{"@id":"https:\/\/www.clubdelemprendimiento.com\/blog\/#website"},"primaryImageOfPage":{"@id":"https:\/\/www.clubdelemprendimiento.com\/blog\/noticia-corporativa\/ramon-bilbao-se-une-como-colaborador-de-la-seleccion-espanola-de-futbol-en-el-camino-hacia-el-mundial-2026\/#primaryimage"},"image":{"@id":"https:\/\/www.clubdelemprendimiento.com\/blog\/noticia-corporativa\/ramon-bilbao-se-une-como-colaborador-de-la-seleccion-espanola-de-futbol-en-el-camino-hacia-el-mundial-2026\/#primaryimage"},"thumbnailUrl":"https:\/\/www.clubdelemprendimiento.com\/blog\/wp-content\/uploads\/2025\/10\/2025-10-09_0018_Acuerdo_Ramon_Bilbao_RFEF_AM204746-scaled.jpg","datePublished":"2025-10-09T15:04:41+00:00","dateModified":"2025-10-09T15:04:41+00:00","breadcrumb":{"@id":"https:\/\/www.clubdelemprendimiento.com\/blog\/noticia-corporativa\/ramon-bilbao-se-une-como-colaborador-de-la-seleccion-espanola-de-futbol-en-el-camino-hacia-el-mundial-2026\/#breadcrumb"},"inLanguage":"es","potentialAction":[{"@type":"ReadAction","target":["https:\/\/www.clubdelemprendimiento.com\/blog\/noticia-corporativa\/ramon-bilbao-se-une-como-colaborador-de-la-seleccion-espanola-de-futbol-en-el-camino-hacia-el-mundial-2026\/"]}]},{"@type":"ImageObject","inLanguage":"es","@id":"https:\/\/www.clubdelemprendimiento.com\/blog\/noticia-corporativa\/ramon-bilbao-se-une-como-colaborador-de-la-seleccion-espanola-de-futbol-en-el-camino-hacia-el-mundial-2026\/#primaryimage","url":"https:\/\/www.clubdelemprendimiento.com\/blog\/wp-content\/uploads\/2025\/10\/2025-10-09_0018_Acuerdo_Ramon_Bilbao_RFEF_AM204746-scaled.jpg","contentUrl":"https:\/\/www.clubdelemprendimiento.com\/blog\/wp-content\/uploads\/2025\/10\/2025-10-09_0018_Acuerdo_Ramon_Bilbao_RFEF_AM204746-scaled.jpg","width":2560,"height":1707},{"@type":"BreadcrumbList","@id":"https:\/\/www.clubdelemprendimiento.com\/blog\/noticia-corporativa\/ramon-bilbao-se-une-como-colaborador-de-la-seleccion-espanola-de-futbol-en-el-camino-hacia-el-mundial-2026\/#breadcrumb","itemListElement":[{"@type":"ListItem","position":1,"name":"Home","item":"https:\/\/www.clubdelemprendimiento.com\/blog\/"},{"@type":"ListItem","position":2,"name":"Noticias Corporativas","item":"https:\/\/www.clubdelemprendimiento.com\/blog\/noticias-corporativas\/"},{"@type":"ListItem","position":3,"name":"Ram\u00f3n Bilbao se une como colaborador de la Selecci\u00f3n Espa\u00f1ola de F\u00fatbol en el camino hacia el Mundial 2026"}]},{"@type":"WebSite","@id":"https:\/\/www.clubdelemprendimiento.com\/blog\/#website","url":"https:\/\/www.clubdelemprendimiento.com\/blog\/","name":"Blog Club del Emprendimiento","description":"","potentialAction":[{"@type":"SearchAction","target":{"@type":"EntryPoint","urlTemplate":"https:\/\/www.clubdelemprendimiento.com\/blog\/?s={search_term_string}"},"query-input":"required name=search_term_string"}],"inLanguage":"es"}]}},"_links":{"self":[{"href":"https:\/\/www.clubdelemprendimiento.com\/blog\/wp-json\/wp\/v2\/noticia-corporativa\/22457"}],"collection":[{"href":"https:\/\/www.clubdelemprendimiento.com\/blog\/wp-json\/wp\/v2\/noticia-corporativa"}],"about":[{"href":"https:\/\/www.clubdelemprendimiento.com\/blog\/wp-json\/wp\/v2\/types\/noticia-corporativa"}],"wp:featuredmedia":[{"embeddable":true,"href":"https:\/\/www.clubdelemprendimiento.com\/blog\/wp-json\/wp\/v2\/media\/22458"}],"wp:attachment":[{"href":"https:\/\/www.clubdelemprendimiento.com\/blog\/wp-json\/wp\/v2\/media?parent=22457"}],"curies":[{"name":"wp","href":"https:\/\/api.w.org\/{rel}","templated":true}]}}