{"id":22453,"date":"2025-10-09T14:00:19","date_gmt":"2025-10-09T14:00:19","guid":{"rendered":"https:\/\/www.clubdelemprendimiento.com\/blog\/noticia-corporativa\/realme-y-ricoh-imaging-anuncian-una-alianza-estrategica-a-largo-plazo-en-fotografia-movil\/"},"modified":"2025-10-09T14:00:19","modified_gmt":"2025-10-09T14:00:19","slug":"realme-y-ricoh-imaging-anuncian-una-alianza-estrategica-a-largo-plazo-en-fotografia-movil","status":"publish","type":"noticia-corporativa","link":"https:\/\/www.clubdelemprendimiento.com\/blog\/noticia-corporativa\/realme-y-ricoh-imaging-anuncian-una-alianza-estrategica-a-largo-plazo-en-fotografia-movil\/","title":{"rendered":"realme y RICOH IMAGING anuncian una alianza estrat\u00e9gica a largo plazo en fotograf\u00eda m\u00f3vil"},"content":{"rendered":"<div>\n<p><a href=\"https:\/\/www.clubdelemprendimiento.com\/blog\/wp-content\/uploads\/2025\/10\/realme_4_years_in_one_snap.jpeg\" target=\"_blank\" class=\"fotonota\" rel=\"noopener\"> <img decoding=\"async\" src=\"https:\/\/www.clubdelemprendimiento.com\/blog\/wp-content\/uploads\/2025\/10\/realme_4_years_in_one_snap.jpeg\" style=\"max-width:600px;\" border=\"0\" class=\"postImage\" alt=\"\"><\/a><\/p>\n<p>Las compa\u00f1\u00edas presentan una asociaci\u00f3n que anticipa la colaboraci\u00f3n m\u00e1s profunda de la industria en fotograf\u00eda callejera. Tras cuatro a\u00f1os de trabajo conjunto, esta colaboraci\u00f3n debutar\u00e1 con la serie GT 8 Pro e incluye una profunda personalizaci\u00f3n para mejorar cada disparo y promover la cultura de la fotograf\u00eda callejera\n<\/p>\n<p><\/p>\n<p>realme, la marca de smartphones de m\u00e1s r\u00e1pido crecimiento en el mundo, ha anunciado hoy una asociaci\u00f3n estrat\u00e9gica con RICOH IMAGING COMPANY LTD., que se presentar\u00e1 oficialmente el 14 de octubre en Pek\u00edn, China.<\/p>\n<p>Despu\u00e9s de cuatro a\u00f1os de preparaci\u00f3n, esta colaboraci\u00f3n se posiciona como una de las m\u00e1s relevantes en la industria de la imagen. Para celebrarlo, ambas compa\u00f1\u00edas han lanzado el v\u00eddeo \u00ab4 a\u00f1os en un solo clic\u00bb, que muestra el trabajo de co-ingenier\u00eda desarrollado durante cuatro a\u00f1os y adelanta las caracter\u00edsticas de su primer producto conjunto, dise\u00f1ado espec\u00edficamente para el realme GT 8 Pro.<\/p>\n<p><strong>GT 8 Pro acerca la herencia GR al bolsillo de los j\u00f3venes<\/strong><br \/>\nGracias a una estrecha personalizaci\u00f3n entre los equipos de I+D de realme y RICOH GR, el GT 8 Pro ofrece una experiencia de imagen in\u00e9dita, con innovaciones pioneras en capacidades \u00f3pticas, algoritmos de color, tonos de imagen y una interfaz personalizada que reproduce la experiencia de una c\u00e1mara RICOH GR.<\/p>\n<p>Este dispositivo fusiona perfectamente los 30 a\u00f1os de herencia de RICOH GR, incluido su ic\u00f3nico estilo anal\u00f3gico y cinco tonos cl\u00e1sicos de imagen, con la fortaleza de realme en fotograf\u00eda m\u00f3vil y su profundo conocimiento de las preferencias de las nuevas generaciones. El resultado es una sinergia \u00fanica que impulsa la cultura de la fotograf\u00eda callejera a trav\u00e9s del desarrollo conjunto y la co-ingenier\u00eda. M\u00e1s all\u00e1 de competir en especificaciones o filtros uniformes, la propuesta busca a\u00f1adir atm\u00f3sfera y calidez emocional a cada foto, animando a los j\u00f3venes a documentar su vida diaria con autenticidad.<\/p>\n<p><strong>\u00abDispara sin reglas\u00bb<\/strong><br \/>\nEsta alianza no se limita a un producto, sino que busca llevar la cultura de la fotograf\u00eda callejera a la era m\u00f3vil. 4 a\u00f1os en un solo clic marca un hito, animando a los j\u00f3venes a\u00a0 registrar y expresar su vida con libertad. \u00abEs una forma fresca y juvenil de hacer fotos. No esperas ni tratas de conseguir la toma perfecta, solo presionas el bot\u00f3n y capturas el momento &#8211; Dispara sin reglas\u00bb, dijo Xu.<\/p>\n<p>\u00abCon esta colaboraci\u00f3n, esperamos que incluso quienes normalmente no usan una c\u00e1mara dedicada vivan la experiencia de la fotograf\u00eda instant\u00e1nea con el GT 8 Pro\u00bb, se\u00f1al\u00f3 Saiki.<\/p>\n<p>El camino ahora apunta al 14 de octubre, cuando la alianza entre realme y Ricoh GR har\u00e1 su debut oficial, dando inicio a una nueva era de fotograf\u00eda callejera m\u00f3vil.<\/p>\n<\/div>\n","protected":false},"featured_media":22454,"template":"","meta":{"_acf_changed":false},"acf":[],"yoast_head":"<!-- This site is optimized with the Yoast SEO plugin v22.7 - https:\/\/yoast.com\/wordpress\/plugins\/seo\/ -->\n<title>realme y RICOH IMAGING anuncian una alianza estrat\u00e9gica a largo plazo en fotograf\u00eda m\u00f3vil - Blog Club del Emprendimiento<\/title>\n<meta name=\"robots\" content=\"index, follow, max-snippet:-1, max-image-preview:large, max-video-preview:-1\" \/>\n<link rel=\"canonical\" href=\"https:\/\/www.clubdelemprendimiento.com\/blog\/noticia-corporativa\/realme-y-ricoh-imaging-anuncian-una-alianza-estrategica-a-largo-plazo-en-fotografia-movil\/\" \/>\n<meta property=\"og:locale\" content=\"es_ES\" \/>\n<meta property=\"og:type\" content=\"article\" \/>\n<meta property=\"og:title\" content=\"realme y RICOH IMAGING anuncian una alianza estrat\u00e9gica a largo plazo en fotograf\u00eda m\u00f3vil - Blog Club del Emprendimiento\" \/>\n<meta property=\"og:description\" content=\"Las compa\u00f1\u00edas presentan una asociaci\u00f3n que anticipa la colaboraci\u00f3n m\u00e1s profunda de la industria&hellip;\" \/>\n<meta property=\"og:url\" content=\"https:\/\/www.clubdelemprendimiento.com\/blog\/noticia-corporativa\/realme-y-ricoh-imaging-anuncian-una-alianza-estrategica-a-largo-plazo-en-fotografia-movil\/\" \/>\n<meta property=\"og:site_name\" content=\"Blog Club del Emprendimiento\" \/>\n<meta property=\"og:image\" content=\"https:\/\/www.clubdelemprendimiento.com\/blog\/wp-content\/uploads\/2025\/10\/realme_4_years_in_one_snap.jpeg\" \/>\n<meta name=\"twitter:card\" content=\"summary_large_image\" \/>\n<meta name=\"twitter:label1\" content=\"Tiempo de lectura\" \/>\n\t<meta name=\"twitter:data1\" content=\"2 minutos\" \/>\n<script type=\"application\/ld+json\" class=\"yoast-schema-graph\">{\"@context\":\"https:\/\/schema.org\",\"@graph\":[{\"@type\":\"WebPage\",\"@id\":\"https:\/\/www.clubdelemprendimiento.com\/blog\/noticia-corporativa\/realme-y-ricoh-imaging-anuncian-una-alianza-estrategica-a-largo-plazo-en-fotografia-movil\/\",\"url\":\"https:\/\/www.clubdelemprendimiento.com\/blog\/noticia-corporativa\/realme-y-ricoh-imaging-anuncian-una-alianza-estrategica-a-largo-plazo-en-fotografia-movil\/\",\"name\":\"realme y RICOH IMAGING anuncian una alianza estrat\u00e9gica a largo plazo en fotograf\u00eda m\u00f3vil - Blog Club del Emprendimiento\",\"isPartOf\":{\"@id\":\"https:\/\/www.clubdelemprendimiento.com\/blog\/#website\"},\"primaryImageOfPage\":{\"@id\":\"https:\/\/www.clubdelemprendimiento.com\/blog\/noticia-corporativa\/realme-y-ricoh-imaging-anuncian-una-alianza-estrategica-a-largo-plazo-en-fotografia-movil\/#primaryimage\"},\"image\":{\"@id\":\"https:\/\/www.clubdelemprendimiento.com\/blog\/noticia-corporativa\/realme-y-ricoh-imaging-anuncian-una-alianza-estrategica-a-largo-plazo-en-fotografia-movil\/#primaryimage\"},\"thumbnailUrl\":\"https:\/\/www.clubdelemprendimiento.com\/blog\/wp-content\/uploads\/2025\/10\/realme_4_years_in_one_snap.jpeg\",\"datePublished\":\"2025-10-09T14:00:19+00:00\",\"dateModified\":\"2025-10-09T14:00:19+00:00\",\"breadcrumb\":{\"@id\":\"https:\/\/www.clubdelemprendimiento.com\/blog\/noticia-corporativa\/realme-y-ricoh-imaging-anuncian-una-alianza-estrategica-a-largo-plazo-en-fotografia-movil\/#breadcrumb\"},\"inLanguage\":\"es\",\"potentialAction\":[{\"@type\":\"ReadAction\",\"target\":[\"https:\/\/www.clubdelemprendimiento.com\/blog\/noticia-corporativa\/realme-y-ricoh-imaging-anuncian-una-alianza-estrategica-a-largo-plazo-en-fotografia-movil\/\"]}]},{\"@type\":\"ImageObject\",\"inLanguage\":\"es\",\"@id\":\"https:\/\/www.clubdelemprendimiento.com\/blog\/noticia-corporativa\/realme-y-ricoh-imaging-anuncian-una-alianza-estrategica-a-largo-plazo-en-fotografia-movil\/#primaryimage\",\"url\":\"https:\/\/www.clubdelemprendimiento.com\/blog\/wp-content\/uploads\/2025\/10\/realme_4_years_in_one_snap.jpeg\",\"contentUrl\":\"https:\/\/www.clubdelemprendimiento.com\/blog\/wp-content\/uploads\/2025\/10\/realme_4_years_in_one_snap.jpeg\",\"width\":1600,\"height\":900},{\"@type\":\"BreadcrumbList\",\"@id\":\"https:\/\/www.clubdelemprendimiento.com\/blog\/noticia-corporativa\/realme-y-ricoh-imaging-anuncian-una-alianza-estrategica-a-largo-plazo-en-fotografia-movil\/#breadcrumb\",\"itemListElement\":[{\"@type\":\"ListItem\",\"position\":1,\"name\":\"Home\",\"item\":\"https:\/\/www.clubdelemprendimiento.com\/blog\/\"},{\"@type\":\"ListItem\",\"position\":2,\"name\":\"Noticias Corporativas\",\"item\":\"https:\/\/www.clubdelemprendimiento.com\/blog\/noticias-corporativas\/\"},{\"@type\":\"ListItem\",\"position\":3,\"name\":\"realme y RICOH IMAGING anuncian una alianza estrat\u00e9gica a largo plazo en fotograf\u00eda m\u00f3vil\"}]},{\"@type\":\"WebSite\",\"@id\":\"https:\/\/www.clubdelemprendimiento.com\/blog\/#website\",\"url\":\"https:\/\/www.clubdelemprendimiento.com\/blog\/\",\"name\":\"Blog Club del Emprendimiento\",\"description\":\"\",\"potentialAction\":[{\"@type\":\"SearchAction\",\"target\":{\"@type\":\"EntryPoint\",\"urlTemplate\":\"https:\/\/www.clubdelemprendimiento.com\/blog\/?s={search_term_string}\"},\"query-input\":\"required name=search_term_string\"}],\"inLanguage\":\"es\"}]}<\/script>\n<!-- \/ Yoast SEO plugin. -->","yoast_head_json":{"title":"realme y RICOH IMAGING anuncian una alianza estrat\u00e9gica a largo plazo en fotograf\u00eda m\u00f3vil - Blog Club del Emprendimiento","robots":{"index":"index","follow":"follow","max-snippet":"max-snippet:-1","max-image-preview":"max-image-preview:large","max-video-preview":"max-video-preview:-1"},"canonical":"https:\/\/www.clubdelemprendimiento.com\/blog\/noticia-corporativa\/realme-y-ricoh-imaging-anuncian-una-alianza-estrategica-a-largo-plazo-en-fotografia-movil\/","og_locale":"es_ES","og_type":"article","og_title":"realme y RICOH IMAGING anuncian una alianza estrat\u00e9gica a largo plazo en fotograf\u00eda m\u00f3vil - Blog Club del Emprendimiento","og_description":"Las compa\u00f1\u00edas presentan una asociaci\u00f3n que anticipa la colaboraci\u00f3n m\u00e1s profunda de la industria&hellip;","og_url":"https:\/\/www.clubdelemprendimiento.com\/blog\/noticia-corporativa\/realme-y-ricoh-imaging-anuncian-una-alianza-estrategica-a-largo-plazo-en-fotografia-movil\/","og_site_name":"Blog Club del Emprendimiento","og_image":[{"url":"https:\/\/www.clubdelemprendimiento.com\/blog\/wp-content\/uploads\/2025\/10\/realme_4_years_in_one_snap.jpeg"}],"twitter_card":"summary_large_image","twitter_misc":{"Tiempo de lectura":"2 minutos"},"schema":{"@context":"https:\/\/schema.org","@graph":[{"@type":"WebPage","@id":"https:\/\/www.clubdelemprendimiento.com\/blog\/noticia-corporativa\/realme-y-ricoh-imaging-anuncian-una-alianza-estrategica-a-largo-plazo-en-fotografia-movil\/","url":"https:\/\/www.clubdelemprendimiento.com\/blog\/noticia-corporativa\/realme-y-ricoh-imaging-anuncian-una-alianza-estrategica-a-largo-plazo-en-fotografia-movil\/","name":"realme y RICOH IMAGING anuncian una alianza estrat\u00e9gica a largo plazo en fotograf\u00eda m\u00f3vil - Blog Club del Emprendimiento","isPartOf":{"@id":"https:\/\/www.clubdelemprendimiento.com\/blog\/#website"},"primaryImageOfPage":{"@id":"https:\/\/www.clubdelemprendimiento.com\/blog\/noticia-corporativa\/realme-y-ricoh-imaging-anuncian-una-alianza-estrategica-a-largo-plazo-en-fotografia-movil\/#primaryimage"},"image":{"@id":"https:\/\/www.clubdelemprendimiento.com\/blog\/noticia-corporativa\/realme-y-ricoh-imaging-anuncian-una-alianza-estrategica-a-largo-plazo-en-fotografia-movil\/#primaryimage"},"thumbnailUrl":"https:\/\/www.clubdelemprendimiento.com\/blog\/wp-content\/uploads\/2025\/10\/realme_4_years_in_one_snap.jpeg","datePublished":"2025-10-09T14:00:19+00:00","dateModified":"2025-10-09T14:00:19+00:00","breadcrumb":{"@id":"https:\/\/www.clubdelemprendimiento.com\/blog\/noticia-corporativa\/realme-y-ricoh-imaging-anuncian-una-alianza-estrategica-a-largo-plazo-en-fotografia-movil\/#breadcrumb"},"inLanguage":"es","potentialAction":[{"@type":"ReadAction","target":["https:\/\/www.clubdelemprendimiento.com\/blog\/noticia-corporativa\/realme-y-ricoh-imaging-anuncian-una-alianza-estrategica-a-largo-plazo-en-fotografia-movil\/"]}]},{"@type":"ImageObject","inLanguage":"es","@id":"https:\/\/www.clubdelemprendimiento.com\/blog\/noticia-corporativa\/realme-y-ricoh-imaging-anuncian-una-alianza-estrategica-a-largo-plazo-en-fotografia-movil\/#primaryimage","url":"https:\/\/www.clubdelemprendimiento.com\/blog\/wp-content\/uploads\/2025\/10\/realme_4_years_in_one_snap.jpeg","contentUrl":"https:\/\/www.clubdelemprendimiento.com\/blog\/wp-content\/uploads\/2025\/10\/realme_4_years_in_one_snap.jpeg","width":1600,"height":900},{"@type":"BreadcrumbList","@id":"https:\/\/www.clubdelemprendimiento.com\/blog\/noticia-corporativa\/realme-y-ricoh-imaging-anuncian-una-alianza-estrategica-a-largo-plazo-en-fotografia-movil\/#breadcrumb","itemListElement":[{"@type":"ListItem","position":1,"name":"Home","item":"https:\/\/www.clubdelemprendimiento.com\/blog\/"},{"@type":"ListItem","position":2,"name":"Noticias Corporativas","item":"https:\/\/www.clubdelemprendimiento.com\/blog\/noticias-corporativas\/"},{"@type":"ListItem","position":3,"name":"realme y RICOH IMAGING anuncian una alianza estrat\u00e9gica a largo plazo en fotograf\u00eda m\u00f3vil"}]},{"@type":"WebSite","@id":"https:\/\/www.clubdelemprendimiento.com\/blog\/#website","url":"https:\/\/www.clubdelemprendimiento.com\/blog\/","name":"Blog Club del Emprendimiento","description":"","potentialAction":[{"@type":"SearchAction","target":{"@type":"EntryPoint","urlTemplate":"https:\/\/www.clubdelemprendimiento.com\/blog\/?s={search_term_string}"},"query-input":"required name=search_term_string"}],"inLanguage":"es"}]}},"_links":{"self":[{"href":"https:\/\/www.clubdelemprendimiento.com\/blog\/wp-json\/wp\/v2\/noticia-corporativa\/22453"}],"collection":[{"href":"https:\/\/www.clubdelemprendimiento.com\/blog\/wp-json\/wp\/v2\/noticia-corporativa"}],"about":[{"href":"https:\/\/www.clubdelemprendimiento.com\/blog\/wp-json\/wp\/v2\/types\/noticia-corporativa"}],"wp:featuredmedia":[{"embeddable":true,"href":"https:\/\/www.clubdelemprendimiento.com\/blog\/wp-json\/wp\/v2\/media\/22454"}],"wp:attachment":[{"href":"https:\/\/www.clubdelemprendimiento.com\/blog\/wp-json\/wp\/v2\/media?parent=22453"}],"curies":[{"name":"wp","href":"https:\/\/api.w.org\/{rel}","templated":true}]}}