{"id":22451,"date":"2025-10-09T13:04:42","date_gmt":"2025-10-09T13:04:42","guid":{"rendered":"https:\/\/www.clubdelemprendimiento.com\/blog\/noticia-corporativa\/arranca-la-11a-edicion-de-audicrea-challenge-la-competicion-referente-en-innovacion-social-juvenil\/"},"modified":"2025-10-09T13:04:42","modified_gmt":"2025-10-09T13:04:42","slug":"arranca-la-11a-edicion-de-audicrea-challenge-la-competicion-referente-en-innovacion-social-juvenil","status":"publish","type":"noticia-corporativa","link":"https:\/\/www.clubdelemprendimiento.com\/blog\/noticia-corporativa\/arranca-la-11a-edicion-de-audicrea-challenge-la-competicion-referente-en-innovacion-social-juvenil\/","title":{"rendered":"Arranca la 11\u00aa edici\u00f3n de Audicrea Challenge, la competici\u00f3n referente en innovaci\u00f3n social juvenil"},"content":{"rendered":"<div>\n<p><a href=\"https:\/\/www.clubdelemprendimiento.com\/blog\/wp-content\/uploads\/2025\/10\/Audicrea_Challenge_11a_edicion.jpg\" target=\"_blank\" class=\"fotonota\" rel=\"noopener\"> <img decoding=\"async\" src=\"https:\/\/www.clubdelemprendimiento.com\/blog\/wp-content\/uploads\/2025\/10\/Audicrea_Challenge_11a_edicion.jpg\" style=\"max-width:600px;\" border=\"0\" class=\"postImage\" alt=\"\"><\/a><\/p>\n<p>Coincidiendo con el curso escolar 2025-2026, Audi Espa\u00f1a lanza la und\u00e9cima edici\u00f3n de Audicrea Challenge, la competici\u00f3n referente en Espa\u00f1a en innovaci\u00f3n social dirigida a estudiantes de ESO, Bachillerato y CFGM<\/p>\n<p><\/p>\n<p>Tras una d\u00e9cada de \u00e9xito y consolidaci\u00f3n, Audicrea se reafirma como la principal plataforma educativa para que los j\u00f3venes imaginen soluciones creativas que mejoren el bienestar de las personas y el entorno, contribuyendo as\u00ed a un futuro m\u00e1s justo y sostenible. La 11a edici\u00f3n plantea de nuevo la pregunta: <strong>\u00bfC\u00f3mo\u00a0innovar en el \u00e1mbito social para mejorar el bienestar de las personas y el\u00a0entorno?<\/strong><\/p>\n<p>Un desaf\u00edo que invita a imaginar soluciones en \u00e1mbitos como el reciclaje y el consumo responsable, el acceso justo a la alimentaci\u00f3n y la energ\u00eda, la protecci\u00f3n de mares y ecosistemas, la inclusi\u00f3n social y laboral de personas con diferentes capacidades, el respeto a la diversidad, la prevenci\u00f3n del acoso escolar y la violencia de g\u00e9nero o la lucha contra el cambio clim\u00e1tico.<\/p>\n<p>Un enfoque amplio que convierte la competici\u00f3n en un laboratorio de ideas que refleja las preocupaciones de la juventud espa\u00f1ola y les ofrece la oportunidad de transformarlas en proyectos con impacto.<\/p>\n<p>La participaci\u00f3n est\u00e1 abierta a <strong>estudiantes de ESO, Bachillerato y CFGM<\/strong>, que podr\u00e1n inscribirse tanto a trav\u00e9s de sus centros educativos como de manera individual en <a href=\"http:\/\/www.audicrea.com\/\" rel=\"nofollow\">www.audicrea.com<\/a><\/p>\n<p>La mec\u00e1nica se desarrolla online y se basa en el M\u00e9todo Lombard, un proceso de aprendizaje que ayuda a potenciar creatividad, comprender c\u00f3mo funciona el proceso creativo y entrenar las habilidades para innovar, emprender y comunicar.<\/p>\n<p>La competici\u00f3n impulsa la cultura del esfuerzo, promueve el esp\u00edritu colaborativo y la competitividad basada en valores de trabajo en equipo. Tanto la inscripci\u00f3n como la participaci\u00f3n son gratuitas.<\/p>\n<p><strong>El premio<\/strong><br \/>\nAudicrea Challenge seleccionar\u00e1 las 10 mejores ideas entre los equipos inscritos que completen las cinco fases de la competici\u00f3n, que concurrir\u00e1n en una gran final en junio de 2026.<\/p>\n<p>Los ganadores de la final disfrutar\u00e1n de un viaje formativo a EE.UU., donde participar\u00e1n en un curso exclusivo de creatividad e innovaci\u00f3n en el Imagine Creativity Center de San Francisco. All\u00ed podr\u00e1n desarrollar su proyecto con la ayuda de mentores y vivir experiencias en empresas referentes como Apple, Instagram, Google o Netflix, adem\u00e1s de participar en workshops de las universidades de Stanford y Berckeley.\u00a0 \u00a0 \u00a0 \u00a0 \u00a0 \u00a0 \u00a0 \u00a0 \u00a0 \u00a0 \u00a0 \u00a0 \u00a0 \u00a0 \u00a0 \u00a0 \u00a0 \u00a0 \u00a0 \u00a0 \u00a0 \u00a0 \u00a0 \u00a0 \u00a0 \u00a0 \u00a0 \u00a0 \u00a0 \u00a0 \u00a0 \u00a0\u00a0<\/p>\n<p><strong>El compromiso social de Audi<\/strong><br \/>\nPara Audi el futuro se moldea a trav\u00e9s de una perspectiva basada en la actitud. Esta iniciativa refleja su compromiso con la innovaci\u00f3n social, al fomentar una cultura creativa entre las generaciones m\u00e1s j\u00f3venes y apoyar el talento emergente.<\/p>\n<p>En sus 10 ediciones, Audicrea Challenge ha implicado a m\u00e1s de 14.000 estudiantes y de 4.600 equipos de toda Espa\u00f1a. J\u00f3venes que han ideado proyectos para dar respuesta a retos sociales, medioambientales y culturales.<\/p>\n<p>M\u00e1s all\u00e1 de la competici\u00f3n, Audicrea integra otras iniciativas para impulsar el talento joven: <strong>Audicrea Start<\/strong>, programa de incubaci\u00f3n de iniciativas sociales de j\u00f3venes emprendedores, y <strong>Audicrea Academy,<\/strong>\u00a0espacio dirigido a educadores que ofrece conferencias online relacionadas con la transformaci\u00f3n educativa.<\/p>\n<p>Audi reafirma as\u00ed su compromiso con la juventud, la innovaci\u00f3n y el progreso social, impulsando no solo nuevos modelos de movilidad, sino tambi\u00e9n nuevas formas de pensar, actuar y construir un futuro m\u00e1s consciente.<\/p>\n<p class=\"mediakit\"><strong>V\u00eddeos<\/strong><br \/><a href=\"https:\/\/youtu.be\/hiRujl9jxTw?si=L8UrXSjWTaccyqtl\" target=\"_blank\" class=\"mediakit\" rel=\"noopener\"> Audicrea Challenge | El reto de la 11a edici\u00f3n<\/a><\/p>\n<\/div>\n","protected":false},"featured_media":22452,"template":"","meta":{"_acf_changed":false},"acf":[],"yoast_head":"<!-- This site is optimized with the Yoast SEO plugin v22.7 - https:\/\/yoast.com\/wordpress\/plugins\/seo\/ -->\n<title>Arranca la 11\u00aa edici\u00f3n de Audicrea Challenge, la competici\u00f3n referente en innovaci\u00f3n social juvenil - Blog Club del Emprendimiento<\/title>\n<meta name=\"robots\" content=\"index, follow, max-snippet:-1, max-image-preview:large, max-video-preview:-1\" \/>\n<link rel=\"canonical\" href=\"https:\/\/www.clubdelemprendimiento.com\/blog\/noticia-corporativa\/arranca-la-11a-edicion-de-audicrea-challenge-la-competicion-referente-en-innovacion-social-juvenil\/\" \/>\n<meta property=\"og:locale\" content=\"es_ES\" \/>\n<meta property=\"og:type\" content=\"article\" \/>\n<meta property=\"og:title\" content=\"Arranca la 11\u00aa edici\u00f3n de Audicrea Challenge, la competici\u00f3n referente en innovaci\u00f3n social juvenil - Blog Club del Emprendimiento\" \/>\n<meta property=\"og:description\" content=\"Coincidiendo con el curso escolar 2025-2026, Audi Espa\u00f1a lanza la und\u00e9cima edici\u00f3n de Audicrea&hellip;\" \/>\n<meta property=\"og:url\" content=\"https:\/\/www.clubdelemprendimiento.com\/blog\/noticia-corporativa\/arranca-la-11a-edicion-de-audicrea-challenge-la-competicion-referente-en-innovacion-social-juvenil\/\" \/>\n<meta property=\"og:site_name\" content=\"Blog Club del Emprendimiento\" \/>\n<meta property=\"og:image\" content=\"https:\/\/www.clubdelemprendimiento.com\/blog\/wp-content\/uploads\/2025\/10\/Audicrea_Challenge_11a_edicion.jpg\" \/>\n<meta name=\"twitter:card\" content=\"summary_large_image\" \/>\n<meta name=\"twitter:label1\" content=\"Tiempo de lectura\" \/>\n\t<meta name=\"twitter:data1\" content=\"3 minutos\" \/>\n<script type=\"application\/ld+json\" class=\"yoast-schema-graph\">{\"@context\":\"https:\/\/schema.org\",\"@graph\":[{\"@type\":\"WebPage\",\"@id\":\"https:\/\/www.clubdelemprendimiento.com\/blog\/noticia-corporativa\/arranca-la-11a-edicion-de-audicrea-challenge-la-competicion-referente-en-innovacion-social-juvenil\/\",\"url\":\"https:\/\/www.clubdelemprendimiento.com\/blog\/noticia-corporativa\/arranca-la-11a-edicion-de-audicrea-challenge-la-competicion-referente-en-innovacion-social-juvenil\/\",\"name\":\"Arranca la 11\u00aa edici\u00f3n de Audicrea Challenge, la competici\u00f3n referente en innovaci\u00f3n social juvenil - Blog Club del Emprendimiento\",\"isPartOf\":{\"@id\":\"https:\/\/www.clubdelemprendimiento.com\/blog\/#website\"},\"primaryImageOfPage\":{\"@id\":\"https:\/\/www.clubdelemprendimiento.com\/blog\/noticia-corporativa\/arranca-la-11a-edicion-de-audicrea-challenge-la-competicion-referente-en-innovacion-social-juvenil\/#primaryimage\"},\"image\":{\"@id\":\"https:\/\/www.clubdelemprendimiento.com\/blog\/noticia-corporativa\/arranca-la-11a-edicion-de-audicrea-challenge-la-competicion-referente-en-innovacion-social-juvenil\/#primaryimage\"},\"thumbnailUrl\":\"https:\/\/www.clubdelemprendimiento.com\/blog\/wp-content\/uploads\/2025\/10\/Audicrea_Challenge_11a_edicion-scaled.jpg\",\"datePublished\":\"2025-10-09T13:04:42+00:00\",\"dateModified\":\"2025-10-09T13:04:42+00:00\",\"breadcrumb\":{\"@id\":\"https:\/\/www.clubdelemprendimiento.com\/blog\/noticia-corporativa\/arranca-la-11a-edicion-de-audicrea-challenge-la-competicion-referente-en-innovacion-social-juvenil\/#breadcrumb\"},\"inLanguage\":\"es\",\"potentialAction\":[{\"@type\":\"ReadAction\",\"target\":[\"https:\/\/www.clubdelemprendimiento.com\/blog\/noticia-corporativa\/arranca-la-11a-edicion-de-audicrea-challenge-la-competicion-referente-en-innovacion-social-juvenil\/\"]}]},{\"@type\":\"ImageObject\",\"inLanguage\":\"es\",\"@id\":\"https:\/\/www.clubdelemprendimiento.com\/blog\/noticia-corporativa\/arranca-la-11a-edicion-de-audicrea-challenge-la-competicion-referente-en-innovacion-social-juvenil\/#primaryimage\",\"url\":\"https:\/\/www.clubdelemprendimiento.com\/blog\/wp-content\/uploads\/2025\/10\/Audicrea_Challenge_11a_edicion-scaled.jpg\",\"contentUrl\":\"https:\/\/www.clubdelemprendimiento.com\/blog\/wp-content\/uploads\/2025\/10\/Audicrea_Challenge_11a_edicion-scaled.jpg\",\"width\":2560,\"height\":1708},{\"@type\":\"BreadcrumbList\",\"@id\":\"https:\/\/www.clubdelemprendimiento.com\/blog\/noticia-corporativa\/arranca-la-11a-edicion-de-audicrea-challenge-la-competicion-referente-en-innovacion-social-juvenil\/#breadcrumb\",\"itemListElement\":[{\"@type\":\"ListItem\",\"position\":1,\"name\":\"Home\",\"item\":\"https:\/\/www.clubdelemprendimiento.com\/blog\/\"},{\"@type\":\"ListItem\",\"position\":2,\"name\":\"Noticias Corporativas\",\"item\":\"https:\/\/www.clubdelemprendimiento.com\/blog\/noticias-corporativas\/\"},{\"@type\":\"ListItem\",\"position\":3,\"name\":\"Arranca la 11\u00aa edici\u00f3n de Audicrea Challenge, la competici\u00f3n referente en innovaci\u00f3n social juvenil\"}]},{\"@type\":\"WebSite\",\"@id\":\"https:\/\/www.clubdelemprendimiento.com\/blog\/#website\",\"url\":\"https:\/\/www.clubdelemprendimiento.com\/blog\/\",\"name\":\"Blog Club del Emprendimiento\",\"description\":\"\",\"potentialAction\":[{\"@type\":\"SearchAction\",\"target\":{\"@type\":\"EntryPoint\",\"urlTemplate\":\"https:\/\/www.clubdelemprendimiento.com\/blog\/?s={search_term_string}\"},\"query-input\":\"required name=search_term_string\"}],\"inLanguage\":\"es\"}]}<\/script>\n<!-- \/ Yoast SEO plugin. -->","yoast_head_json":{"title":"Arranca la 11\u00aa edici\u00f3n de Audicrea Challenge, la competici\u00f3n referente en innovaci\u00f3n social juvenil - Blog Club del Emprendimiento","robots":{"index":"index","follow":"follow","max-snippet":"max-snippet:-1","max-image-preview":"max-image-preview:large","max-video-preview":"max-video-preview:-1"},"canonical":"https:\/\/www.clubdelemprendimiento.com\/blog\/noticia-corporativa\/arranca-la-11a-edicion-de-audicrea-challenge-la-competicion-referente-en-innovacion-social-juvenil\/","og_locale":"es_ES","og_type":"article","og_title":"Arranca la 11\u00aa edici\u00f3n de Audicrea Challenge, la competici\u00f3n referente en innovaci\u00f3n social juvenil - Blog Club del Emprendimiento","og_description":"Coincidiendo con el curso escolar 2025-2026, Audi Espa\u00f1a lanza la und\u00e9cima edici\u00f3n de Audicrea&hellip;","og_url":"https:\/\/www.clubdelemprendimiento.com\/blog\/noticia-corporativa\/arranca-la-11a-edicion-de-audicrea-challenge-la-competicion-referente-en-innovacion-social-juvenil\/","og_site_name":"Blog Club del Emprendimiento","og_image":[{"url":"https:\/\/www.clubdelemprendimiento.com\/blog\/wp-content\/uploads\/2025\/10\/Audicrea_Challenge_11a_edicion.jpg"}],"twitter_card":"summary_large_image","twitter_misc":{"Tiempo de lectura":"3 minutos"},"schema":{"@context":"https:\/\/schema.org","@graph":[{"@type":"WebPage","@id":"https:\/\/www.clubdelemprendimiento.com\/blog\/noticia-corporativa\/arranca-la-11a-edicion-de-audicrea-challenge-la-competicion-referente-en-innovacion-social-juvenil\/","url":"https:\/\/www.clubdelemprendimiento.com\/blog\/noticia-corporativa\/arranca-la-11a-edicion-de-audicrea-challenge-la-competicion-referente-en-innovacion-social-juvenil\/","name":"Arranca la 11\u00aa edici\u00f3n de Audicrea Challenge, la competici\u00f3n referente en innovaci\u00f3n social juvenil - Blog Club del Emprendimiento","isPartOf":{"@id":"https:\/\/www.clubdelemprendimiento.com\/blog\/#website"},"primaryImageOfPage":{"@id":"https:\/\/www.clubdelemprendimiento.com\/blog\/noticia-corporativa\/arranca-la-11a-edicion-de-audicrea-challenge-la-competicion-referente-en-innovacion-social-juvenil\/#primaryimage"},"image":{"@id":"https:\/\/www.clubdelemprendimiento.com\/blog\/noticia-corporativa\/arranca-la-11a-edicion-de-audicrea-challenge-la-competicion-referente-en-innovacion-social-juvenil\/#primaryimage"},"thumbnailUrl":"https:\/\/www.clubdelemprendimiento.com\/blog\/wp-content\/uploads\/2025\/10\/Audicrea_Challenge_11a_edicion-scaled.jpg","datePublished":"2025-10-09T13:04:42+00:00","dateModified":"2025-10-09T13:04:42+00:00","breadcrumb":{"@id":"https:\/\/www.clubdelemprendimiento.com\/blog\/noticia-corporativa\/arranca-la-11a-edicion-de-audicrea-challenge-la-competicion-referente-en-innovacion-social-juvenil\/#breadcrumb"},"inLanguage":"es","potentialAction":[{"@type":"ReadAction","target":["https:\/\/www.clubdelemprendimiento.com\/blog\/noticia-corporativa\/arranca-la-11a-edicion-de-audicrea-challenge-la-competicion-referente-en-innovacion-social-juvenil\/"]}]},{"@type":"ImageObject","inLanguage":"es","@id":"https:\/\/www.clubdelemprendimiento.com\/blog\/noticia-corporativa\/arranca-la-11a-edicion-de-audicrea-challenge-la-competicion-referente-en-innovacion-social-juvenil\/#primaryimage","url":"https:\/\/www.clubdelemprendimiento.com\/blog\/wp-content\/uploads\/2025\/10\/Audicrea_Challenge_11a_edicion-scaled.jpg","contentUrl":"https:\/\/www.clubdelemprendimiento.com\/blog\/wp-content\/uploads\/2025\/10\/Audicrea_Challenge_11a_edicion-scaled.jpg","width":2560,"height":1708},{"@type":"BreadcrumbList","@id":"https:\/\/www.clubdelemprendimiento.com\/blog\/noticia-corporativa\/arranca-la-11a-edicion-de-audicrea-challenge-la-competicion-referente-en-innovacion-social-juvenil\/#breadcrumb","itemListElement":[{"@type":"ListItem","position":1,"name":"Home","item":"https:\/\/www.clubdelemprendimiento.com\/blog\/"},{"@type":"ListItem","position":2,"name":"Noticias Corporativas","item":"https:\/\/www.clubdelemprendimiento.com\/blog\/noticias-corporativas\/"},{"@type":"ListItem","position":3,"name":"Arranca la 11\u00aa edici\u00f3n de Audicrea Challenge, la competici\u00f3n referente en innovaci\u00f3n social juvenil"}]},{"@type":"WebSite","@id":"https:\/\/www.clubdelemprendimiento.com\/blog\/#website","url":"https:\/\/www.clubdelemprendimiento.com\/blog\/","name":"Blog Club del Emprendimiento","description":"","potentialAction":[{"@type":"SearchAction","target":{"@type":"EntryPoint","urlTemplate":"https:\/\/www.clubdelemprendimiento.com\/blog\/?s={search_term_string}"},"query-input":"required name=search_term_string"}],"inLanguage":"es"}]}},"_links":{"self":[{"href":"https:\/\/www.clubdelemprendimiento.com\/blog\/wp-json\/wp\/v2\/noticia-corporativa\/22451"}],"collection":[{"href":"https:\/\/www.clubdelemprendimiento.com\/blog\/wp-json\/wp\/v2\/noticia-corporativa"}],"about":[{"href":"https:\/\/www.clubdelemprendimiento.com\/blog\/wp-json\/wp\/v2\/types\/noticia-corporativa"}],"wp:featuredmedia":[{"embeddable":true,"href":"https:\/\/www.clubdelemprendimiento.com\/blog\/wp-json\/wp\/v2\/media\/22452"}],"wp:attachment":[{"href":"https:\/\/www.clubdelemprendimiento.com\/blog\/wp-json\/wp\/v2\/media?parent=22451"}],"curies":[{"name":"wp","href":"https:\/\/api.w.org\/{rel}","templated":true}]}}