{"id":22447,"date":"2025-10-09T13:04:35","date_gmt":"2025-10-09T13:04:35","guid":{"rendered":"https:\/\/www.clubdelemprendimiento.com\/blog\/noticia-corporativa\/madrid-acoge-el-ix-foro-iberico-para-impulsar-la-conexion-ferroviaria-madrid-lisboa\/"},"modified":"2025-10-09T13:04:35","modified_gmt":"2025-10-09T13:04:35","slug":"madrid-acoge-el-ix-foro-iberico-para-impulsar-la-conexion-ferroviaria-madrid-lisboa","status":"publish","type":"noticia-corporativa","link":"https:\/\/www.clubdelemprendimiento.com\/blog\/noticia-corporativa\/madrid-acoge-el-ix-foro-iberico-para-impulsar-la-conexion-ferroviaria-madrid-lisboa\/","title":{"rendered":"Madrid acoge el IX Foro Ib\u00e9rico para impulsar la conexi\u00f3n ferroviaria Madrid-Lisboa"},"content":{"rendered":"<div>\n<p><a href=\"https:\/\/www.clubdelemprendimiento.com\/blog\/wp-content\/uploads\/2025\/10\/PORTADA-PAG.jpg\" target=\"_blank\" class=\"fotonota\" rel=\"noopener\"> <img decoding=\"async\" src=\"https:\/\/www.clubdelemprendimiento.com\/blog\/wp-content\/uploads\/2025\/10\/PORTADA-PAG.jpg\" style=\"max-width:600px;\" border=\"0\" class=\"postImage\" alt=\"\"><\/a><\/p>\n<p>La plataforma luso-espa\u00f1ola Sudoeste Ib\u00e9rico en Red celebrar\u00e1 el pr\u00f3ximo jueves, 16 de octubre, un nuevo foro en Madrid con el objetivo de impulsar compromisos pol\u00edticos y territoriales que hagan posible la conexi\u00f3n ferroviaria directa entre Madrid y Lisboa, en consonancia con las directrices de la Uni\u00f3n Europea para 2030<\/p>\n<p><\/p>\n<p>El <strong>Corredor Sudoeste Ib\u00e9rico<\/strong>, un proyecto ferroviario clave para conectar territorios, impulsar la econom\u00eda y acercar a\u00fan m\u00e1s la Pen\u00ednsula Ib\u00e9rica, contin\u00faa sin ser una realidad. Desde hace m\u00e1s de cuarenta a\u00f1os, se viene reclamando una conexi\u00f3n ferroviaria directa y moderna entre Madrid y Lisboa, esencial para mejorar la competitividad y cohesi\u00f3n social en ambos pa\u00edses. De hecho, fue considerada como <strong>la tercera prioridad de la alta velocidad en Espa\u00f1a<\/strong>, despu\u00e9s de las conexiones con Sevilla y Barcelona.<\/p>\n<p>La <strong>plataforma luso-espa\u00f1ola Sudoeste Ib\u00e9rico en Red<\/strong> \u2014 que cuenta con el apoyo de m\u00e1s de 32.000 entidades y particulares \u2014 ha logrado consolidar un movimiento social y empresarial que exige acelerar este eje estrat\u00e9gico para conectar las principales capitales ib\u00e9ricas y sus regiones circundantes, promoviendo una infraestructura sostenible que impulse el desarrollo regional y reduzca la huella ambiental del transporte. \u00a0<\/p>\n<p>La Uni\u00f3n Europea ha priorizado este corredor en m\u00faltiples ocasiones, desde la definici\u00f3n de 30 Proyectos Prioritarios de la Red Transeuropea de Transportes (RTE) en 2004, planteando su finalizaci\u00f3n para 2010, hasta la reciente aprobaci\u00f3n en junio de 2024 del <strong>nuevo Reglamento UE 2024\/1679<\/strong>, que contempla su inclusi\u00f3n en la Red B\u00e1sica europea con horizonte 2030. Esta normativa obliga a Espa\u00f1a y Portugal a aprobar y ejecutar los \u00abActos de Ejecuci\u00f3n\u00bb (<em>Implementing Acts EU<\/em>) necesarios para que la infraestructura cumpla con los est\u00e1ndares de electrificaci\u00f3n y alta velocidad. Sin embargo, a\u00fan existen desaf\u00edos normativos, t\u00e9cnicos y de gobernanza que requieren coordinaci\u00f3n urgente, adem\u00e1s de superar retrasos e incertidumbres que han entorpecido la concreci\u00f3n del corredor a lo largo de su historia.<\/p>\n<p>En estos momentos, tres decisiones pendientes podr\u00edan abrir nuevas expectativas para el proyecto:<\/p>\n<ul>\n<li>La Comisi\u00f3n Europea lleva meses anunciando la publicaci\u00f3n de una \u00abDecisi\u00f3n de Implementaci\u00f3n UE\u00bb que marque las etapas, hitos y caracter\u00edsticas de la conexi\u00f3n de alta velocidad entre Madrid y Lisboa, que a\u00fan no ha sido publicada.<\/li>\n<li>El Gobierno de Espa\u00f1a est\u00e1 casi tres a\u00f1os anunciando la publicaci\u00f3n del Plan Director del Corredor Atl\u00e1ntico y ha presentado avances en distintas comunidades aut\u00f3nomas, pero a\u00fan no se han concretado previsiones sobre el tramo Madrid-Lisboa.<\/li>\n<li>Desde marzo de 2018 se est\u00e1 realizando el Estudio Informativo de los tramos de alta velocidad en la provincia de Toledo, con una conclusi\u00f3n anunciada a principios del a\u00f1o pasado, pero sin la aprobaci\u00f3n definitiva para iniciar la evaluaci\u00f3n ambiental y continuar con los proyectos ejecutivos.<\/li>\n<\/ul>\n<p>El impacto que tendr\u00e1 la culminaci\u00f3n de este corredor va m\u00e1s all\u00e1 de facilitar la conexi\u00f3n entre dos capitales. Impulsar\u00e1 la movilidad de pasajeros y mercanc\u00edas, aportar\u00e1 un <strong>enorme impulso estrat\u00e9gico al desarrollo econ\u00f3mico y social<\/strong> de regiones interiores con problemas de despoblaci\u00f3n y permitir\u00e1 avanzar hacia un transporte sostenible, reduciendo la contaminaci\u00f3n derivada del uso excesivo del veh\u00edculo privado y el avi\u00f3n. Esta infraestructura es clave para mejorar las relaciones comerciales, log\u00edsticas y tur\u00edsticas, desde los puertos estrat\u00e9gicos portugueses de Sines y Set\u00fabal hasta el coraz\u00f3n de Espa\u00f1a, fomentando sinergias entre ambos pa\u00edses y armonizando la vertebraci\u00f3n territorial con los objetivos europeos de cohesi\u00f3n y desarrollo regional.<\/p>\n<p>Desde la creaci\u00f3n de la <strong>plataforma Sudoeste Ib\u00e9rico en Red<\/strong> y la celebraci\u00f3n anual de sus foros, el respaldo social, empresarial e institucional ha crecido exponencialmente. Cada edici\u00f3n ha renovado el compromiso de distintos sectores y comunidades aut\u00f3nomas, reafirmando la necesidad de acelerar la aprobaci\u00f3n de obras, la electrificaci\u00f3n total y la transformaci\u00f3n en alta velocidad del corredor<strong>. La edici\u00f3n del 2025 <\/strong>\u2014 <strong>IX Foro Ib\u00e9rico del Corredor Sudoeste Ib\u00e9rico <\/strong>\u2014 se presenta como una oportunidad para <strong>transformar el largo historial de promesas en compromisos claros, con fechas y pasos concretos<\/strong>, aprovechando el impulso que ofrece el nuevo marco legislativo europeo y la proximidad del <strong>Mundial de F\u00fatbol 2030<\/strong>, donde Madrid y Lisboa ser\u00e1n sedes de primer orden.<\/p>\n<p><strong>IX Foro Ib\u00e9rico del Corredor Sudoeste Ib\u00e9rico<\/strong><br \/>\nEl IX Foro Ib\u00e9rico se celebrar\u00e1 <strong>el pr\u00f3ximo jueves 16 de octubre de 2025<\/strong> <strong>en el Auditorio Castellana 33 de Madrid, de 17:30 a 20:00 horas<\/strong>, reuniendo entre 400 y 500 asistentes de perfiles diversos: empresarios, profesionales, entidades empresariales y sociales, medios de comunicaci\u00f3n y representantes p\u00fablicos locales y regionales de todo el Corredor. El foro tiene como objetivo central revisar el estado actual del proyecto, analizar los avances legislativos y t\u00e9cnicos recientes, y exigir la inmediata aprobaci\u00f3n y ejecuci\u00f3n de los hitos clave se\u00f1alados por la Uni\u00f3n Europea para 2030, <strong>como la electrificaci\u00f3n completa para, como m\u00e1ximo, 2028 y la transformaci\u00f3n de toda la l\u00ednea en alta velocidad.<\/strong><\/p>\n<p>El programa contempla ponencias de l\u00edderes empresariales, representantes pol\u00edticos y expertos en log\u00edstica y movilidad sostenible, mesas redondas para debatir sobre gobernanza, financiaci\u00f3n y planificaci\u00f3n, adem\u00e1s de promover el <strong>Manifiesto al Impulso del Corredor Sudoeste Ib\u00e9rico<\/strong>. Se abordar\u00e1n temas como la integraci\u00f3n del corredor en la Red Atl\u00e1ntica Europea, la conexi\u00f3n con puertos estrat\u00e9gicos, la importancia ambiental y econ\u00f3mica del proyecto, y las estrategias para superar los principales obst\u00e1culos t\u00e9cnicos y administrativos. Adem\u00e1s, el foro priorizar\u00e1 la coordinaci\u00f3n p\u00fablico-privada y social para lograr un compromiso global y un seguimiento riguroso de los planes.<\/p>\n<p><strong>La participaci\u00f3n es gratuita y requiere inscripci\u00f3n previa a trav\u00e9s de la web oficial de la plataforma, donde tambi\u00e9n se puede consultar toda la informaci\u00f3n del evento <\/strong>(<a href=\"https:\/\/corredorsudoesteiberico.net\/madrid-16-octubre-2025-inscribete-ahora).\" rel=\"nofollow\">https:\/\/corredorsudoesteiberico.net\/madrid-16-octubre-2025-inscribete-ahora).<\/a> La convocatoria supone una oportunidad para sumar apoyos institucionales, empresariales y sociales para transformar en hechos esta infraestructura vital y conseguir que el sudoeste ib\u00e9rico deje de estar desconectado de la red europea de transporte de alta capacidad. Invitan a ser parte de esta transformaci\u00f3n.<\/p>\n<p>Para m\u00e1s informaci\u00f3n sobre el IX Foro del Corredor Sudoeste Ib\u00e9rico, visitar su web: <a href=\"https:\/\/corredorsudoesteiberico.net\/\" rel=\"nofollow\">https:\/\/corredorsudoesteiberico.net\/<\/a><\/p>\n<\/div>\n","protected":false},"featured_media":22448,"template":"","meta":{"_acf_changed":false},"acf":[],"yoast_head":"<!-- This site is optimized with the Yoast SEO plugin v22.7 - https:\/\/yoast.com\/wordpress\/plugins\/seo\/ -->\n<title>Madrid acoge el IX Foro Ib\u00e9rico para impulsar la conexi\u00f3n ferroviaria Madrid-Lisboa - Blog Club del Emprendimiento<\/title>\n<meta name=\"robots\" content=\"index, follow, max-snippet:-1, max-image-preview:large, max-video-preview:-1\" \/>\n<link rel=\"canonical\" href=\"https:\/\/www.clubdelemprendimiento.com\/blog\/noticia-corporativa\/madrid-acoge-el-ix-foro-iberico-para-impulsar-la-conexion-ferroviaria-madrid-lisboa\/\" \/>\n<meta property=\"og:locale\" content=\"es_ES\" \/>\n<meta property=\"og:type\" content=\"article\" \/>\n<meta property=\"og:title\" content=\"Madrid acoge el IX Foro Ib\u00e9rico para impulsar la conexi\u00f3n ferroviaria Madrid-Lisboa - Blog Club del Emprendimiento\" \/>\n<meta property=\"og:description\" content=\"La plataforma luso-espa\u00f1ola Sudoeste Ib\u00e9rico en Red celebrar\u00e1 el pr\u00f3ximo jueves, 16 de octubre,&hellip;\" \/>\n<meta property=\"og:url\" content=\"https:\/\/www.clubdelemprendimiento.com\/blog\/noticia-corporativa\/madrid-acoge-el-ix-foro-iberico-para-impulsar-la-conexion-ferroviaria-madrid-lisboa\/\" \/>\n<meta property=\"og:site_name\" content=\"Blog Club del Emprendimiento\" \/>\n<meta property=\"og:image\" content=\"https:\/\/www.clubdelemprendimiento.com\/blog\/wp-content\/uploads\/2025\/10\/PORTADA-PAG.jpg\" \/>\n<meta name=\"twitter:card\" content=\"summary_large_image\" \/>\n<meta name=\"twitter:label1\" content=\"Tiempo de lectura\" \/>\n\t<meta name=\"twitter:data1\" content=\"5 minutos\" \/>\n<script type=\"application\/ld+json\" class=\"yoast-schema-graph\">{\"@context\":\"https:\/\/schema.org\",\"@graph\":[{\"@type\":\"WebPage\",\"@id\":\"https:\/\/www.clubdelemprendimiento.com\/blog\/noticia-corporativa\/madrid-acoge-el-ix-foro-iberico-para-impulsar-la-conexion-ferroviaria-madrid-lisboa\/\",\"url\":\"https:\/\/www.clubdelemprendimiento.com\/blog\/noticia-corporativa\/madrid-acoge-el-ix-foro-iberico-para-impulsar-la-conexion-ferroviaria-madrid-lisboa\/\",\"name\":\"Madrid acoge el IX Foro Ib\u00e9rico para impulsar la conexi\u00f3n ferroviaria Madrid-Lisboa - Blog Club del Emprendimiento\",\"isPartOf\":{\"@id\":\"https:\/\/www.clubdelemprendimiento.com\/blog\/#website\"},\"primaryImageOfPage\":{\"@id\":\"https:\/\/www.clubdelemprendimiento.com\/blog\/noticia-corporativa\/madrid-acoge-el-ix-foro-iberico-para-impulsar-la-conexion-ferroviaria-madrid-lisboa\/#primaryimage\"},\"image\":{\"@id\":\"https:\/\/www.clubdelemprendimiento.com\/blog\/noticia-corporativa\/madrid-acoge-el-ix-foro-iberico-para-impulsar-la-conexion-ferroviaria-madrid-lisboa\/#primaryimage\"},\"thumbnailUrl\":\"https:\/\/www.clubdelemprendimiento.com\/blog\/wp-content\/uploads\/2025\/10\/PORTADA-PAG.jpg\",\"datePublished\":\"2025-10-09T13:04:35+00:00\",\"dateModified\":\"2025-10-09T13:04:35+00:00\",\"breadcrumb\":{\"@id\":\"https:\/\/www.clubdelemprendimiento.com\/blog\/noticia-corporativa\/madrid-acoge-el-ix-foro-iberico-para-impulsar-la-conexion-ferroviaria-madrid-lisboa\/#breadcrumb\"},\"inLanguage\":\"es\",\"potentialAction\":[{\"@type\":\"ReadAction\",\"target\":[\"https:\/\/www.clubdelemprendimiento.com\/blog\/noticia-corporativa\/madrid-acoge-el-ix-foro-iberico-para-impulsar-la-conexion-ferroviaria-madrid-lisboa\/\"]}]},{\"@type\":\"ImageObject\",\"inLanguage\":\"es\",\"@id\":\"https:\/\/www.clubdelemprendimiento.com\/blog\/noticia-corporativa\/madrid-acoge-el-ix-foro-iberico-para-impulsar-la-conexion-ferroviaria-madrid-lisboa\/#primaryimage\",\"url\":\"https:\/\/www.clubdelemprendimiento.com\/blog\/wp-content\/uploads\/2025\/10\/PORTADA-PAG.jpg\",\"contentUrl\":\"https:\/\/www.clubdelemprendimiento.com\/blog\/wp-content\/uploads\/2025\/10\/PORTADA-PAG.jpg\",\"width\":1456,\"height\":905},{\"@type\":\"BreadcrumbList\",\"@id\":\"https:\/\/www.clubdelemprendimiento.com\/blog\/noticia-corporativa\/madrid-acoge-el-ix-foro-iberico-para-impulsar-la-conexion-ferroviaria-madrid-lisboa\/#breadcrumb\",\"itemListElement\":[{\"@type\":\"ListItem\",\"position\":1,\"name\":\"Home\",\"item\":\"https:\/\/www.clubdelemprendimiento.com\/blog\/\"},{\"@type\":\"ListItem\",\"position\":2,\"name\":\"Noticias Corporativas\",\"item\":\"https:\/\/www.clubdelemprendimiento.com\/blog\/noticias-corporativas\/\"},{\"@type\":\"ListItem\",\"position\":3,\"name\":\"Madrid acoge el IX Foro Ib\u00e9rico para impulsar la conexi\u00f3n ferroviaria Madrid-Lisboa\"}]},{\"@type\":\"WebSite\",\"@id\":\"https:\/\/www.clubdelemprendimiento.com\/blog\/#website\",\"url\":\"https:\/\/www.clubdelemprendimiento.com\/blog\/\",\"name\":\"Blog Club del Emprendimiento\",\"description\":\"\",\"potentialAction\":[{\"@type\":\"SearchAction\",\"target\":{\"@type\":\"EntryPoint\",\"urlTemplate\":\"https:\/\/www.clubdelemprendimiento.com\/blog\/?s={search_term_string}\"},\"query-input\":\"required name=search_term_string\"}],\"inLanguage\":\"es\"}]}<\/script>\n<!-- \/ Yoast SEO plugin. -->","yoast_head_json":{"title":"Madrid acoge el IX Foro Ib\u00e9rico para impulsar la conexi\u00f3n ferroviaria Madrid-Lisboa - Blog Club del Emprendimiento","robots":{"index":"index","follow":"follow","max-snippet":"max-snippet:-1","max-image-preview":"max-image-preview:large","max-video-preview":"max-video-preview:-1"},"canonical":"https:\/\/www.clubdelemprendimiento.com\/blog\/noticia-corporativa\/madrid-acoge-el-ix-foro-iberico-para-impulsar-la-conexion-ferroviaria-madrid-lisboa\/","og_locale":"es_ES","og_type":"article","og_title":"Madrid acoge el IX Foro Ib\u00e9rico para impulsar la conexi\u00f3n ferroviaria Madrid-Lisboa - Blog Club del Emprendimiento","og_description":"La plataforma luso-espa\u00f1ola Sudoeste Ib\u00e9rico en Red celebrar\u00e1 el pr\u00f3ximo jueves, 16 de octubre,&hellip;","og_url":"https:\/\/www.clubdelemprendimiento.com\/blog\/noticia-corporativa\/madrid-acoge-el-ix-foro-iberico-para-impulsar-la-conexion-ferroviaria-madrid-lisboa\/","og_site_name":"Blog Club del Emprendimiento","og_image":[{"url":"https:\/\/www.clubdelemprendimiento.com\/blog\/wp-content\/uploads\/2025\/10\/PORTADA-PAG.jpg"}],"twitter_card":"summary_large_image","twitter_misc":{"Tiempo de lectura":"5 minutos"},"schema":{"@context":"https:\/\/schema.org","@graph":[{"@type":"WebPage","@id":"https:\/\/www.clubdelemprendimiento.com\/blog\/noticia-corporativa\/madrid-acoge-el-ix-foro-iberico-para-impulsar-la-conexion-ferroviaria-madrid-lisboa\/","url":"https:\/\/www.clubdelemprendimiento.com\/blog\/noticia-corporativa\/madrid-acoge-el-ix-foro-iberico-para-impulsar-la-conexion-ferroviaria-madrid-lisboa\/","name":"Madrid acoge el IX Foro Ib\u00e9rico para impulsar la conexi\u00f3n ferroviaria Madrid-Lisboa - Blog Club del Emprendimiento","isPartOf":{"@id":"https:\/\/www.clubdelemprendimiento.com\/blog\/#website"},"primaryImageOfPage":{"@id":"https:\/\/www.clubdelemprendimiento.com\/blog\/noticia-corporativa\/madrid-acoge-el-ix-foro-iberico-para-impulsar-la-conexion-ferroviaria-madrid-lisboa\/#primaryimage"},"image":{"@id":"https:\/\/www.clubdelemprendimiento.com\/blog\/noticia-corporativa\/madrid-acoge-el-ix-foro-iberico-para-impulsar-la-conexion-ferroviaria-madrid-lisboa\/#primaryimage"},"thumbnailUrl":"https:\/\/www.clubdelemprendimiento.com\/blog\/wp-content\/uploads\/2025\/10\/PORTADA-PAG.jpg","datePublished":"2025-10-09T13:04:35+00:00","dateModified":"2025-10-09T13:04:35+00:00","breadcrumb":{"@id":"https:\/\/www.clubdelemprendimiento.com\/blog\/noticia-corporativa\/madrid-acoge-el-ix-foro-iberico-para-impulsar-la-conexion-ferroviaria-madrid-lisboa\/#breadcrumb"},"inLanguage":"es","potentialAction":[{"@type":"ReadAction","target":["https:\/\/www.clubdelemprendimiento.com\/blog\/noticia-corporativa\/madrid-acoge-el-ix-foro-iberico-para-impulsar-la-conexion-ferroviaria-madrid-lisboa\/"]}]},{"@type":"ImageObject","inLanguage":"es","@id":"https:\/\/www.clubdelemprendimiento.com\/blog\/noticia-corporativa\/madrid-acoge-el-ix-foro-iberico-para-impulsar-la-conexion-ferroviaria-madrid-lisboa\/#primaryimage","url":"https:\/\/www.clubdelemprendimiento.com\/blog\/wp-content\/uploads\/2025\/10\/PORTADA-PAG.jpg","contentUrl":"https:\/\/www.clubdelemprendimiento.com\/blog\/wp-content\/uploads\/2025\/10\/PORTADA-PAG.jpg","width":1456,"height":905},{"@type":"BreadcrumbList","@id":"https:\/\/www.clubdelemprendimiento.com\/blog\/noticia-corporativa\/madrid-acoge-el-ix-foro-iberico-para-impulsar-la-conexion-ferroviaria-madrid-lisboa\/#breadcrumb","itemListElement":[{"@type":"ListItem","position":1,"name":"Home","item":"https:\/\/www.clubdelemprendimiento.com\/blog\/"},{"@type":"ListItem","position":2,"name":"Noticias Corporativas","item":"https:\/\/www.clubdelemprendimiento.com\/blog\/noticias-corporativas\/"},{"@type":"ListItem","position":3,"name":"Madrid acoge el IX Foro Ib\u00e9rico para impulsar la conexi\u00f3n ferroviaria Madrid-Lisboa"}]},{"@type":"WebSite","@id":"https:\/\/www.clubdelemprendimiento.com\/blog\/#website","url":"https:\/\/www.clubdelemprendimiento.com\/blog\/","name":"Blog Club del Emprendimiento","description":"","potentialAction":[{"@type":"SearchAction","target":{"@type":"EntryPoint","urlTemplate":"https:\/\/www.clubdelemprendimiento.com\/blog\/?s={search_term_string}"},"query-input":"required name=search_term_string"}],"inLanguage":"es"}]}},"_links":{"self":[{"href":"https:\/\/www.clubdelemprendimiento.com\/blog\/wp-json\/wp\/v2\/noticia-corporativa\/22447"}],"collection":[{"href":"https:\/\/www.clubdelemprendimiento.com\/blog\/wp-json\/wp\/v2\/noticia-corporativa"}],"about":[{"href":"https:\/\/www.clubdelemprendimiento.com\/blog\/wp-json\/wp\/v2\/types\/noticia-corporativa"}],"wp:featuredmedia":[{"embeddable":true,"href":"https:\/\/www.clubdelemprendimiento.com\/blog\/wp-json\/wp\/v2\/media\/22448"}],"wp:attachment":[{"href":"https:\/\/www.clubdelemprendimiento.com\/blog\/wp-json\/wp\/v2\/media?parent=22447"}],"curies":[{"name":"wp","href":"https:\/\/api.w.org\/{rel}","templated":true}]}}