{"id":22444,"date":"2025-10-09T13:04:33","date_gmt":"2025-10-09T13:04:33","guid":{"rendered":"https:\/\/www.clubdelemprendimiento.com\/blog\/noticia-corporativa\/eurocen-busca-mas-de-2-000-mozos-as-de-almacen-en-madrid-para-el-proximo-black-friday-y-la-campana-de-navidad\/"},"modified":"2025-10-09T13:04:33","modified_gmt":"2025-10-09T13:04:33","slug":"eurocen-busca-mas-de-2-000-mozos-as-de-almacen-en-madrid-para-el-proximo-black-friday-y-la-campana-de-navidad","status":"publish","type":"noticia-corporativa","link":"https:\/\/www.clubdelemprendimiento.com\/blog\/noticia-corporativa\/eurocen-busca-mas-de-2-000-mozos-as-de-almacen-en-madrid-para-el-proximo-black-friday-y-la-campana-de-navidad\/","title":{"rendered":"Eurocen busca m\u00e1s de 2.000 mozos\/as de almac\u00e9n en Madrid para el pr\u00f3ximo Black Friday y la campa\u00f1a de Navidad"},"content":{"rendered":"<div>\n<p>Eurocen, la divisi\u00f3n del Grupo Adecco experta en outsourcing de log\u00edstica industrial, tiene abierto un nuevo proceso de selecci\u00f3n para cubrir m\u00e1s de 2.000 vacantes de mozo\/a de almac\u00e9n. Las personas seleccionadas trabajar\u00e1n en uno de los centros log\u00edsticos de mayor referencia de la Comunidad de Madrid, dotado de las \u00faltimas novedades tecnol\u00f3gicas del sector<\/p>\n<p><\/p>\n<p>A\u00f1o tras a\u00f1o, durante la preparaci\u00f3n de la campa\u00f1a de Navidad se registra un aumento notable del empleo en m\u00faltiples sectores, impulsado por el crecimiento del consumo, las compras online y los periodos de rebajas o grandes descuentos como el llamado <em>Black Friday<\/em>. Uno de esos sectores que ve aumentar notablemente sus contrataciones es el log\u00edstico, pues es el eje que conecta el comercio, la distribuci\u00f3n y la entrega final al consumidor.<\/p>\n<p>Es por ello que, un a\u00f1o m\u00e1s,\u00a0 Eurocen -la divisi\u00f3n del Grupo Adecco experta en outsourcing de log\u00edstica industrial- tiene abierto un nuevo proceso de selecci\u00f3n para cubrir m\u00e1s de 2.000 vacantes de mozo\/a de almac\u00e9n para trabajar en uno de los centros log\u00edsticos de mayor referencia de la Comunidad de Madrid, dotado de las \u00faltimas novedades tecnol\u00f3gicas del sector.<\/p>\n<p>Los perfiles seleccionados se encargar\u00e1n de las funciones propias de este puesto: carga y descarga de mercanc\u00eda, preparaci\u00f3n de pedidos, <em>picking, <\/em>clasificaci\u00f3n y ubicaci\u00f3n de producto, flejado de la mercanc\u00eda y despaletizaci\u00f3n, reaprovisionamiento de materiales, empaquetado de regalos y resoluci\u00f3n de incidencias, entre otras tareas habituales.<\/p>\n<p>Para estas posiciones se valorar\u00e1 contar con experiencia previa en almac\u00e9n, en las funciones anteriormente descritas. En caso de no contar con experiencia, es importante que puedan desenvolverse en un entorno tecnol\u00f3gico.<\/p>\n<p>Eurocen ofrece un contrato temporal, con posibilidades reales de continuidad, en jornadas parciales o completa en turnos fijos de ma\u00f1ana, tarde y noche (posibilidad de elegir en funci\u00f3n de necesidades) de lunes a domingo, con las libranzas correspondientes en funci\u00f3n del tipo de jornada (se informar\u00e1 de las mismas mediante cuadrantes).<\/p>\n<p>Los\/las trabajadores\/as seleccionados tendr\u00e1n una ruta de transporte totalmente gratuita y obligatoria para acceder al centro de trabajo ubicado en Valdemoro. Se valorar\u00e1 preferiblemente a candidatos\/as con residencia en la zona de Madrid centro, municipios del sur de la Comunidad de Madrid o norte de la provincia de Toledo.<\/p>\n<p>Los\/as interesados\/as pueden registrarse en las ofertas a trav\u00e9s de la p\u00e1gina web de Adecco, <a href=\"https:\/\/www.adecco.es\/\" rel=\"nofollow\">www.adecco.es\/<\/a>, o en el siguiente link:\u00a0<a href=\"https:\/\/www.adecco.es\/oferta-trabajo\/mozoa-almacen-valdemoro-navidad?ID=E5954DEC7E515495420B57E75D763FE1\" rel=\"nofollow\">https:\/\/www.adecco.es\/oferta-trabajo\/mozoa-almacen-valdemoro-navidad?ID=E5954DEC7E515495420B57E75D763FE1<\/a><\/p>\n<\/div>\n","protected":false},"featured_media":0,"template":"","meta":{"_acf_changed":false},"acf":[],"yoast_head":"<!-- This site is optimized with the Yoast SEO plugin v22.7 - https:\/\/yoast.com\/wordpress\/plugins\/seo\/ -->\n<title>Eurocen busca m\u00e1s de 2.000 mozos\/as de almac\u00e9n en Madrid para el pr\u00f3ximo Black Friday y la campa\u00f1a de Navidad - Blog Club del Emprendimiento<\/title>\n<meta name=\"robots\" content=\"index, follow, max-snippet:-1, max-image-preview:large, max-video-preview:-1\" \/>\n<link rel=\"canonical\" href=\"https:\/\/www.clubdelemprendimiento.com\/blog\/noticia-corporativa\/eurocen-busca-mas-de-2-000-mozos-as-de-almacen-en-madrid-para-el-proximo-black-friday-y-la-campana-de-navidad\/\" \/>\n<meta property=\"og:locale\" content=\"es_ES\" \/>\n<meta property=\"og:type\" content=\"article\" \/>\n<meta property=\"og:title\" content=\"Eurocen busca m\u00e1s de 2.000 mozos\/as de almac\u00e9n en Madrid para el pr\u00f3ximo Black Friday y la campa\u00f1a de Navidad - Blog Club del Emprendimiento\" \/>\n<meta property=\"og:description\" content=\"Eurocen, la divisi\u00f3n del Grupo Adecco experta en outsourcing de log\u00edstica industrial, tiene abierto&hellip;\" \/>\n<meta property=\"og:url\" content=\"https:\/\/www.clubdelemprendimiento.com\/blog\/noticia-corporativa\/eurocen-busca-mas-de-2-000-mozos-as-de-almacen-en-madrid-para-el-proximo-black-friday-y-la-campana-de-navidad\/\" \/>\n<meta property=\"og:site_name\" content=\"Blog Club del Emprendimiento\" \/>\n<meta name=\"twitter:card\" content=\"summary_large_image\" \/>\n<meta name=\"twitter:label1\" content=\"Tiempo de lectura\" \/>\n\t<meta name=\"twitter:data1\" content=\"2 minutos\" \/>\n<script type=\"application\/ld+json\" class=\"yoast-schema-graph\">{\"@context\":\"https:\/\/schema.org\",\"@graph\":[{\"@type\":\"WebPage\",\"@id\":\"https:\/\/www.clubdelemprendimiento.com\/blog\/noticia-corporativa\/eurocen-busca-mas-de-2-000-mozos-as-de-almacen-en-madrid-para-el-proximo-black-friday-y-la-campana-de-navidad\/\",\"url\":\"https:\/\/www.clubdelemprendimiento.com\/blog\/noticia-corporativa\/eurocen-busca-mas-de-2-000-mozos-as-de-almacen-en-madrid-para-el-proximo-black-friday-y-la-campana-de-navidad\/\",\"name\":\"Eurocen busca m\u00e1s de 2.000 mozos\/as de almac\u00e9n en Madrid para el pr\u00f3ximo Black Friday y la campa\u00f1a de Navidad - Blog Club del Emprendimiento\",\"isPartOf\":{\"@id\":\"https:\/\/www.clubdelemprendimiento.com\/blog\/#website\"},\"datePublished\":\"2025-10-09T13:04:33+00:00\",\"dateModified\":\"2025-10-09T13:04:33+00:00\",\"breadcrumb\":{\"@id\":\"https:\/\/www.clubdelemprendimiento.com\/blog\/noticia-corporativa\/eurocen-busca-mas-de-2-000-mozos-as-de-almacen-en-madrid-para-el-proximo-black-friday-y-la-campana-de-navidad\/#breadcrumb\"},\"inLanguage\":\"es\",\"potentialAction\":[{\"@type\":\"ReadAction\",\"target\":[\"https:\/\/www.clubdelemprendimiento.com\/blog\/noticia-corporativa\/eurocen-busca-mas-de-2-000-mozos-as-de-almacen-en-madrid-para-el-proximo-black-friday-y-la-campana-de-navidad\/\"]}]},{\"@type\":\"BreadcrumbList\",\"@id\":\"https:\/\/www.clubdelemprendimiento.com\/blog\/noticia-corporativa\/eurocen-busca-mas-de-2-000-mozos-as-de-almacen-en-madrid-para-el-proximo-black-friday-y-la-campana-de-navidad\/#breadcrumb\",\"itemListElement\":[{\"@type\":\"ListItem\",\"position\":1,\"name\":\"Home\",\"item\":\"https:\/\/www.clubdelemprendimiento.com\/blog\/\"},{\"@type\":\"ListItem\",\"position\":2,\"name\":\"Noticias Corporativas\",\"item\":\"https:\/\/www.clubdelemprendimiento.com\/blog\/noticias-corporativas\/\"},{\"@type\":\"ListItem\",\"position\":3,\"name\":\"Eurocen busca m\u00e1s de 2.000 mozos\/as de almac\u00e9n en Madrid para el pr\u00f3ximo Black Friday y la campa\u00f1a de Navidad\"}]},{\"@type\":\"WebSite\",\"@id\":\"https:\/\/www.clubdelemprendimiento.com\/blog\/#website\",\"url\":\"https:\/\/www.clubdelemprendimiento.com\/blog\/\",\"name\":\"Blog Club del Emprendimiento\",\"description\":\"\",\"potentialAction\":[{\"@type\":\"SearchAction\",\"target\":{\"@type\":\"EntryPoint\",\"urlTemplate\":\"https:\/\/www.clubdelemprendimiento.com\/blog\/?s={search_term_string}\"},\"query-input\":\"required name=search_term_string\"}],\"inLanguage\":\"es\"}]}<\/script>\n<!-- \/ Yoast SEO plugin. -->","yoast_head_json":{"title":"Eurocen busca m\u00e1s de 2.000 mozos\/as de almac\u00e9n en Madrid para el pr\u00f3ximo Black Friday y la campa\u00f1a de Navidad - Blog Club del Emprendimiento","robots":{"index":"index","follow":"follow","max-snippet":"max-snippet:-1","max-image-preview":"max-image-preview:large","max-video-preview":"max-video-preview:-1"},"canonical":"https:\/\/www.clubdelemprendimiento.com\/blog\/noticia-corporativa\/eurocen-busca-mas-de-2-000-mozos-as-de-almacen-en-madrid-para-el-proximo-black-friday-y-la-campana-de-navidad\/","og_locale":"es_ES","og_type":"article","og_title":"Eurocen busca m\u00e1s de 2.000 mozos\/as de almac\u00e9n en Madrid para el pr\u00f3ximo Black Friday y la campa\u00f1a de Navidad - Blog Club del Emprendimiento","og_description":"Eurocen, la divisi\u00f3n del Grupo Adecco experta en outsourcing de log\u00edstica industrial, tiene abierto&hellip;","og_url":"https:\/\/www.clubdelemprendimiento.com\/blog\/noticia-corporativa\/eurocen-busca-mas-de-2-000-mozos-as-de-almacen-en-madrid-para-el-proximo-black-friday-y-la-campana-de-navidad\/","og_site_name":"Blog Club del Emprendimiento","twitter_card":"summary_large_image","twitter_misc":{"Tiempo de lectura":"2 minutos"},"schema":{"@context":"https:\/\/schema.org","@graph":[{"@type":"WebPage","@id":"https:\/\/www.clubdelemprendimiento.com\/blog\/noticia-corporativa\/eurocen-busca-mas-de-2-000-mozos-as-de-almacen-en-madrid-para-el-proximo-black-friday-y-la-campana-de-navidad\/","url":"https:\/\/www.clubdelemprendimiento.com\/blog\/noticia-corporativa\/eurocen-busca-mas-de-2-000-mozos-as-de-almacen-en-madrid-para-el-proximo-black-friday-y-la-campana-de-navidad\/","name":"Eurocen busca m\u00e1s de 2.000 mozos\/as de almac\u00e9n en Madrid para el pr\u00f3ximo Black Friday y la campa\u00f1a de Navidad - Blog Club del Emprendimiento","isPartOf":{"@id":"https:\/\/www.clubdelemprendimiento.com\/blog\/#website"},"datePublished":"2025-10-09T13:04:33+00:00","dateModified":"2025-10-09T13:04:33+00:00","breadcrumb":{"@id":"https:\/\/www.clubdelemprendimiento.com\/blog\/noticia-corporativa\/eurocen-busca-mas-de-2-000-mozos-as-de-almacen-en-madrid-para-el-proximo-black-friday-y-la-campana-de-navidad\/#breadcrumb"},"inLanguage":"es","potentialAction":[{"@type":"ReadAction","target":["https:\/\/www.clubdelemprendimiento.com\/blog\/noticia-corporativa\/eurocen-busca-mas-de-2-000-mozos-as-de-almacen-en-madrid-para-el-proximo-black-friday-y-la-campana-de-navidad\/"]}]},{"@type":"BreadcrumbList","@id":"https:\/\/www.clubdelemprendimiento.com\/blog\/noticia-corporativa\/eurocen-busca-mas-de-2-000-mozos-as-de-almacen-en-madrid-para-el-proximo-black-friday-y-la-campana-de-navidad\/#breadcrumb","itemListElement":[{"@type":"ListItem","position":1,"name":"Home","item":"https:\/\/www.clubdelemprendimiento.com\/blog\/"},{"@type":"ListItem","position":2,"name":"Noticias Corporativas","item":"https:\/\/www.clubdelemprendimiento.com\/blog\/noticias-corporativas\/"},{"@type":"ListItem","position":3,"name":"Eurocen busca m\u00e1s de 2.000 mozos\/as de almac\u00e9n en Madrid para el pr\u00f3ximo Black Friday y la campa\u00f1a de Navidad"}]},{"@type":"WebSite","@id":"https:\/\/www.clubdelemprendimiento.com\/blog\/#website","url":"https:\/\/www.clubdelemprendimiento.com\/blog\/","name":"Blog Club del Emprendimiento","description":"","potentialAction":[{"@type":"SearchAction","target":{"@type":"EntryPoint","urlTemplate":"https:\/\/www.clubdelemprendimiento.com\/blog\/?s={search_term_string}"},"query-input":"required name=search_term_string"}],"inLanguage":"es"}]}},"_links":{"self":[{"href":"https:\/\/www.clubdelemprendimiento.com\/blog\/wp-json\/wp\/v2\/noticia-corporativa\/22444"}],"collection":[{"href":"https:\/\/www.clubdelemprendimiento.com\/blog\/wp-json\/wp\/v2\/noticia-corporativa"}],"about":[{"href":"https:\/\/www.clubdelemprendimiento.com\/blog\/wp-json\/wp\/v2\/types\/noticia-corporativa"}],"wp:attachment":[{"href":"https:\/\/www.clubdelemprendimiento.com\/blog\/wp-json\/wp\/v2\/media?parent=22444"}],"curies":[{"name":"wp","href":"https:\/\/api.w.org\/{rel}","templated":true}]}}