{"id":22440,"date":"2025-10-09T12:04:50","date_gmt":"2025-10-09T12:04:50","guid":{"rendered":"https:\/\/www.clubdelemprendimiento.com\/blog\/noticia-corporativa\/energia-agua-movilidad-y-urbanismo-sostenible-ejes-de-las-xxiii-jornadas-de-medio-ambiente\/"},"modified":"2025-10-09T12:04:50","modified_gmt":"2025-10-09T12:04:50","slug":"energia-agua-movilidad-y-urbanismo-sostenible-ejes-de-las-xxiii-jornadas-de-medio-ambiente","status":"publish","type":"noticia-corporativa","link":"https:\/\/www.clubdelemprendimiento.com\/blog\/noticia-corporativa\/energia-agua-movilidad-y-urbanismo-sostenible-ejes-de-las-xxiii-jornadas-de-medio-ambiente\/","title":{"rendered":"Energ\u00eda, agua, movilidad y urbanismo sostenible: ejes de las XXIII Jornadas de Medio Ambiente"},"content":{"rendered":"<div>\n<p><a href=\"https:\/\/www.clubdelemprendimiento.com\/blog\/wp-content\/uploads\/2025\/10\/jornada_pixabay.jpg\" target=\"_blank\" class=\"fotonota\" rel=\"noopener\"> <img decoding=\"async\" src=\"https:\/\/www.clubdelemprendimiento.com\/blog\/wp-content\/uploads\/2025\/10\/jornada_pixabay.jpg\" style=\"max-width:600px;\" border=\"0\" class=\"postImage\" alt=\"\"><\/a><\/p>\n<p>Los d\u00edas 13 y 14 de octubre, el hotel The Palace, a Luxury Collection Hotel acoger\u00e1 la celebraci\u00f3n de las XXIII Jornadas de Medio Ambiente, Desarrollo Sostenible y Econom\u00eda Circular, organizadas por Madridiario bajo el marco del Foro Madrid Debate<\/p>\n<p><\/p>\n<p>Esta edici\u00f3n, que se celebra bajo el lema &#8216;<strong>2026, A\u00f1o del Medio Ambiente: desaf\u00edos y estrategias<\/strong>&#8216;, reunir\u00e1 a responsables pol\u00edticos, empresas y expertos para analizar los grandes retos medioambientales que marcar\u00e1n el futuro inmediato de la ciudad y de Espa\u00f1a.<\/p>\n<p><strong>Lunes 13: energ\u00eda, agua y movilidad sostenible<\/strong><br \/>\nLa apertura correr\u00e1 a cargo de <strong>Juan Pajares<\/strong>, director de<em> Madridiario<\/em>, y contar\u00e1 con la inauguraci\u00f3n oficial de <strong>Borja Carabante<\/strong>, concejal delegado de Urbanismo, Medio Ambiente y Movilidad del Ayuntamiento de Madrid.<\/p>\n<p>La primera mesa de debate, <em>&#8216;<\/em><strong>Econom\u00eda circular en acci\u00f3n: residuos que se transforman en energ\u00eda<\/strong><em>&#8216;<\/em>, moderada por <strong>Juan Pajares<\/strong>, contar\u00e1 con la intervenci\u00f3n de <strong>Roberto Mariscal<\/strong>, responsable de Innovaci\u00f3n y Medio Ambiente en Iberdrola Espa\u00f1a; <strong>M\u00f3nica Ramos<\/strong>, directora de Operaciones e Ingenier\u00eda de PreZero Espa\u00f1a; <strong>Javier Cerezo<\/strong>, director t\u00e9cnico de FCC Medio Ambiente; <strong>Jos\u00e9 Antonio Garc\u00eda Gald\u00f3n<\/strong>, director general de Tratamiento de Residuos en Valoriza, y <strong>Pilar Tur Salamanca<\/strong>, directora t\u00e9cnica de Urbaser. La sesi\u00f3n abordar\u00e1 c\u00f3mo la innovaci\u00f3n tecnol\u00f3gica y la gesti\u00f3n eficiente de residuos pueden convertirse en una palanca clave de la econom\u00eda circular.<\/p>\n<p>Tras una pausa, el protagonismo pasar\u00e1 al ciclo del agua con la mesa<strong> &#8216;Del ciclo natural al ciclo urbano: retos en la gesti\u00f3n integral del agua&#8217;<\/strong>. En esta mesa de debate, moderada por Juan Pajares, se analizar\u00e1 c\u00f3mo garantizar la sostenibilidad del recurso m\u00e1s preciado en un contexto de cambio clim\u00e1tico y presi\u00f3n urbana. En ella intervendr\u00e1n <strong>Eduardo Campos<\/strong>, director general de Sacyr Agua; <strong>Mariano Gonz\u00e1lez<\/strong>, CEO del Canal Isabel II<strong>;<\/strong> <strong>Jes\u00fas Maza<\/strong>, presidente de Daquas, y <strong>Jos\u00e9 Antonio Mart\u00ednez P\u00e1ramo<\/strong>, concejal delegado del \u00c1rea de Limpieza y Zonas Verdes del Ayuntamiento de Madrid.<\/p>\n<p>A continuaci\u00f3n, <strong>Mar\u00eda Jos\u00e9 Delgado<\/strong>, directora del Parque Tecnol\u00f3gico de Valdeming\u00f3mez, intervendr\u00e1 con la ponencia <strong>&#8216;Valdeming\u00f3mez: innovaci\u00f3n, protecci\u00f3n medioambiental y econom\u00eda circular&#8217;.<\/strong><\/p>\n<p>El d\u00eda concluir\u00e1 poniendo el foco en los nuevos modelos de movilidad el\u00e9ctrica, la infraestructura de recarga y la eficiencia en el transporte urbano. En esta ocasi\u00f3n, bajo el t\u00edtulo &#8216;<strong>Moverse sin dejar huella: inovaci\u00f3n y sostenibilidad en el transporte<\/strong>&#8216;, y moderada la mesa por <strong>Cristina Aparicio<\/strong>, los participantes ser\u00e1n <strong>Ernesto Mateo<\/strong>, director general de Voltio by Mutua; <strong>Miguel \u00c1ngel Alonso<\/strong>, director de Ingenier\u00eda de Alsa; <strong>Antonio Bravo<\/strong>, director de maquinaria de FCC MMAA<strong>; Borja Rodr\u00edguez<\/strong>, m\u00e1nager de Movilidad El\u00e9ctrica de Galp y del proyecto Intu Xanad\u00fa, y <strong>Javier \u00dabeda<\/strong>, alcalde de Boadilla del Monte.<\/p>\n<p>La jornada ser\u00e1 clausurada por la vicealcaldesa y delegada del \u00c1rea de Gobierno de Seguridad y Emegencias del Ayuntamiento de Madrid,<strong> Inmaculada Sanz<\/strong>.<\/p>\n<p>La jornada se puede seguir <strong>en directo<\/strong> por<strong><em> streaming.<\/em><\/strong><\/p>\n<p><strong>Martes 14: incendios, residuos y urbanismo verde<\/strong><br \/>\nLa segunda jornada continuar\u00e1 profundizando en las estrategias medioambientales m\u00e1s relevantes para garantizar un desarrollo sostenible. Expertos y representantes de distintos sectores analizar\u00e1n los principales retos ecol\u00f3gicos y las pol\u00edticas necesarias para proteger los recursos naturales y frenar el cambio clim\u00e1tico.<\/p>\n<p>La primera mesa estar\u00e1 dedicada a la prevenci\u00f3n de incendios bajo el t\u00edtulo <em>&#8216;<\/em><strong>De la emergencia a la prevenci\u00f3n: nuevos enfoques en la lucha contra los incendios&#8217;<\/strong>. El debate, moderado por Juan Pajares, contar\u00e1 con el capit\u00e1n <strong>Juli\u00e1n Blanco Hern\u00e1ndez<\/strong>, de la Unidad Militar de Emergencias (UME); <strong>In\u00e9s Gonz\u00e1lez Doncel<\/strong>, ingeniera de Montes y catedr\u00e1tica de la Escuela T\u00e9cnica Superior de Ingenier\u00eda de Montes, Forestal y del Medio Ambiente de la Universidad Polit\u00e9cnica de Madrid, y<strong> C\u00e9sar Sall\u00e9n<\/strong>, creador de EcoFire-Simonrack, quienes reflexionar\u00e1n sobre la importancia de pasar de la reacci\u00f3n a la planificaci\u00f3n y prevenci\u00f3n en la protecci\u00f3n de los ecosistemas.<\/p>\n<p>La siguiente mesa &#8216;<strong>Residuo cero en el horizonte 2026: marco legal y oportunidades<\/strong>&#8216;, moderada por <strong>V\u00edctor Manuel Sarabia, <\/strong>director general de Servicios de Limpieza y Residuos del Ayuntamiento de Madrid, contar\u00e1 con la participaci\u00f3n de <strong>Sergio Cabellos<\/strong>, director de Negocio P\u00fablico Centro de PreZero Espa\u00f1a; <strong>Javier Irigoyen<\/strong>, director general de FCC Medio Ambiente; <strong>Antonio Guti\u00e9rrez<\/strong>, director general de Servicios Urbanos de Valoriza; <strong>Rafael Guinea<\/strong>, director general de Tratamiento en Urbaser, y <strong>Roberto Torres<\/strong>, director general de Ros Roca.<\/p>\n<p>La jornada se cerrar\u00e1 con el panel &#8216;<strong>Ciudades que respiran: el urbanismo sostenible que viene<\/strong><em>&#8216;<\/em>, moderado por <strong>Leonor Rodr\u00edguez<\/strong>, redactora jefa de <em>El Mundo Ecol\u00f3gico<\/em>. Participar\u00e1n <strong>Enrique Manzano<\/strong>, arquitecto urbanista y vocal de la Junta de Gobierno del COAM; <strong>David Gonz\u00e1lez, <\/strong>subdirector general de Urbanismo de la Comunidad de Madrid; <strong>Marta Castromil<\/strong>, subdirectora general de Normativa del \u00c1rea de Gobierno de Urbanismo, Medio Ambiente y Movilidad del Ayuntamiento de Madrid; y Julia Ayuso, directora de Sostenibilidad de la Universidad Europa, quienes analizar\u00e1n c\u00f3mo el urbanismo puede contribuir a crear ciudades m\u00e1s resilientes y habitables.<\/p>\n<p>La clausura correr\u00e1 a cargo de <strong>Carlos Novillo Piris<\/strong>, consejero de Medio Ambiente, Agricultura e Interior de la Comunidad de Madrid.<\/p>\n<p>La jornada podr\u00e1 seguirse por <strong>streaming<\/strong> en <em>Madridiario<\/em> y tambi\u00e9n en redes sociales bajo el hashtag <strong>#A\u00f1odelMedioAmbiente2026<\/strong>. El evento, organizado por <em>Madridiario<\/em>, est\u00e1 patrocinado por FCC, PreZero, Urbaser, Valoriza, SacyrAgua, Universidad Europea, Alsa, Iberdrola, Ros Roca, Voltio y Comunidad de Madrid. Asimismo, colaboran <em>Diariocr\u00edtico<\/em> y The Palace Hotel.<\/p>\n<p>Seguir en <strong>directo <\/strong>el streaming de las jornadas:<\/p>\n<p><strong>Lunes 13 de octubre<\/strong>: <a href=\"https:\/\/youtube.com\/live\/Hy19sLTvIIc\" rel=\"nofollow\">https:\/\/youtube.com\/live\/Hy19sLTvIIc<\/a><\/p>\n<p><strong>Martes 14 de octubre<\/strong>: <a href=\"https:\/\/youtube.com\/live\/QY1pReTEIos\" target=\"_blank\" title=\"https:\/\/youtube.com\/live\/QY1pReTEIos\" rel=\"nofollow noopener\">https:\/\/youtube.com\/live\/QY1pReTEIos<\/a><\/p>\n<p>Suscribirse al\u00a0<a href=\"https:\/\/www.madridiario.es\/boletines\/formulario-altas-bajas.asp?operacion=alta&amp;id_boletin=1\" id=\"x_x_anchor-0f937e9f-e8c2-20ac-123f-a42b496b1a00\" target=\"_blank\" title=\"https:\/\/www.madridiario.es\/boletines\/formulario-altas-bajas.asp?operacion=alta&amp;id_boletin=1\" rel=\"nofollow noopener\">Bolet\u00edn diario<\/a>.<\/p>\n<\/div>\n","protected":false},"featured_media":22441,"template":"","meta":{"_acf_changed":false},"acf":[],"yoast_head":"<!-- This site is optimized with the Yoast SEO plugin v22.7 - https:\/\/yoast.com\/wordpress\/plugins\/seo\/ -->\n<title>Energ\u00eda, agua, movilidad y urbanismo sostenible: ejes de las XXIII Jornadas de Medio Ambiente - Blog Club del Emprendimiento<\/title>\n<meta name=\"robots\" content=\"index, follow, max-snippet:-1, max-image-preview:large, max-video-preview:-1\" \/>\n<link rel=\"canonical\" href=\"https:\/\/www.clubdelemprendimiento.com\/blog\/noticia-corporativa\/energia-agua-movilidad-y-urbanismo-sostenible-ejes-de-las-xxiii-jornadas-de-medio-ambiente\/\" \/>\n<meta property=\"og:locale\" content=\"es_ES\" \/>\n<meta property=\"og:type\" content=\"article\" \/>\n<meta property=\"og:title\" content=\"Energ\u00eda, agua, movilidad y urbanismo sostenible: ejes de las XXIII Jornadas de Medio Ambiente - Blog Club del Emprendimiento\" \/>\n<meta property=\"og:description\" content=\"Los d\u00edas 13 y 14 de octubre, el hotel The Palace, a Luxury Collection&hellip;\" \/>\n<meta property=\"og:url\" content=\"https:\/\/www.clubdelemprendimiento.com\/blog\/noticia-corporativa\/energia-agua-movilidad-y-urbanismo-sostenible-ejes-de-las-xxiii-jornadas-de-medio-ambiente\/\" \/>\n<meta property=\"og:site_name\" content=\"Blog Club del Emprendimiento\" \/>\n<meta property=\"og:image\" content=\"https:\/\/www.clubdelemprendimiento.com\/blog\/wp-content\/uploads\/2025\/10\/jornada_pixabay.jpg\" \/>\n<meta name=\"twitter:card\" content=\"summary_large_image\" \/>\n<meta name=\"twitter:label1\" content=\"Tiempo de lectura\" \/>\n\t<meta name=\"twitter:data1\" content=\"5 minutos\" \/>\n<script type=\"application\/ld+json\" class=\"yoast-schema-graph\">{\"@context\":\"https:\/\/schema.org\",\"@graph\":[{\"@type\":\"WebPage\",\"@id\":\"https:\/\/www.clubdelemprendimiento.com\/blog\/noticia-corporativa\/energia-agua-movilidad-y-urbanismo-sostenible-ejes-de-las-xxiii-jornadas-de-medio-ambiente\/\",\"url\":\"https:\/\/www.clubdelemprendimiento.com\/blog\/noticia-corporativa\/energia-agua-movilidad-y-urbanismo-sostenible-ejes-de-las-xxiii-jornadas-de-medio-ambiente\/\",\"name\":\"Energ\u00eda, agua, movilidad y urbanismo sostenible: ejes de las XXIII Jornadas de Medio Ambiente - Blog Club del Emprendimiento\",\"isPartOf\":{\"@id\":\"https:\/\/www.clubdelemprendimiento.com\/blog\/#website\"},\"primaryImageOfPage\":{\"@id\":\"https:\/\/www.clubdelemprendimiento.com\/blog\/noticia-corporativa\/energia-agua-movilidad-y-urbanismo-sostenible-ejes-de-las-xxiii-jornadas-de-medio-ambiente\/#primaryimage\"},\"image\":{\"@id\":\"https:\/\/www.clubdelemprendimiento.com\/blog\/noticia-corporativa\/energia-agua-movilidad-y-urbanismo-sostenible-ejes-de-las-xxiii-jornadas-de-medio-ambiente\/#primaryimage\"},\"thumbnailUrl\":\"https:\/\/www.clubdelemprendimiento.com\/blog\/wp-content\/uploads\/2025\/10\/jornada_pixabay.jpg\",\"datePublished\":\"2025-10-09T12:04:50+00:00\",\"dateModified\":\"2025-10-09T12:04:50+00:00\",\"breadcrumb\":{\"@id\":\"https:\/\/www.clubdelemprendimiento.com\/blog\/noticia-corporativa\/energia-agua-movilidad-y-urbanismo-sostenible-ejes-de-las-xxiii-jornadas-de-medio-ambiente\/#breadcrumb\"},\"inLanguage\":\"es\",\"potentialAction\":[{\"@type\":\"ReadAction\",\"target\":[\"https:\/\/www.clubdelemprendimiento.com\/blog\/noticia-corporativa\/energia-agua-movilidad-y-urbanismo-sostenible-ejes-de-las-xxiii-jornadas-de-medio-ambiente\/\"]}]},{\"@type\":\"ImageObject\",\"inLanguage\":\"es\",\"@id\":\"https:\/\/www.clubdelemprendimiento.com\/blog\/noticia-corporativa\/energia-agua-movilidad-y-urbanismo-sostenible-ejes-de-las-xxiii-jornadas-de-medio-ambiente\/#primaryimage\",\"url\":\"https:\/\/www.clubdelemprendimiento.com\/blog\/wp-content\/uploads\/2025\/10\/jornada_pixabay.jpg\",\"contentUrl\":\"https:\/\/www.clubdelemprendimiento.com\/blog\/wp-content\/uploads\/2025\/10\/jornada_pixabay.jpg\",\"width\":1280,\"height\":717},{\"@type\":\"BreadcrumbList\",\"@id\":\"https:\/\/www.clubdelemprendimiento.com\/blog\/noticia-corporativa\/energia-agua-movilidad-y-urbanismo-sostenible-ejes-de-las-xxiii-jornadas-de-medio-ambiente\/#breadcrumb\",\"itemListElement\":[{\"@type\":\"ListItem\",\"position\":1,\"name\":\"Home\",\"item\":\"https:\/\/www.clubdelemprendimiento.com\/blog\/\"},{\"@type\":\"ListItem\",\"position\":2,\"name\":\"Noticias Corporativas\",\"item\":\"https:\/\/www.clubdelemprendimiento.com\/blog\/noticias-corporativas\/\"},{\"@type\":\"ListItem\",\"position\":3,\"name\":\"Energ\u00eda, agua, movilidad y urbanismo sostenible: ejes de las XXIII Jornadas de Medio Ambiente\"}]},{\"@type\":\"WebSite\",\"@id\":\"https:\/\/www.clubdelemprendimiento.com\/blog\/#website\",\"url\":\"https:\/\/www.clubdelemprendimiento.com\/blog\/\",\"name\":\"Blog Club del Emprendimiento\",\"description\":\"\",\"potentialAction\":[{\"@type\":\"SearchAction\",\"target\":{\"@type\":\"EntryPoint\",\"urlTemplate\":\"https:\/\/www.clubdelemprendimiento.com\/blog\/?s={search_term_string}\"},\"query-input\":\"required name=search_term_string\"}],\"inLanguage\":\"es\"}]}<\/script>\n<!-- \/ Yoast SEO plugin. -->","yoast_head_json":{"title":"Energ\u00eda, agua, movilidad y urbanismo sostenible: ejes de las XXIII Jornadas de Medio Ambiente - Blog Club del Emprendimiento","robots":{"index":"index","follow":"follow","max-snippet":"max-snippet:-1","max-image-preview":"max-image-preview:large","max-video-preview":"max-video-preview:-1"},"canonical":"https:\/\/www.clubdelemprendimiento.com\/blog\/noticia-corporativa\/energia-agua-movilidad-y-urbanismo-sostenible-ejes-de-las-xxiii-jornadas-de-medio-ambiente\/","og_locale":"es_ES","og_type":"article","og_title":"Energ\u00eda, agua, movilidad y urbanismo sostenible: ejes de las XXIII Jornadas de Medio Ambiente - Blog Club del Emprendimiento","og_description":"Los d\u00edas 13 y 14 de octubre, el hotel The Palace, a Luxury Collection&hellip;","og_url":"https:\/\/www.clubdelemprendimiento.com\/blog\/noticia-corporativa\/energia-agua-movilidad-y-urbanismo-sostenible-ejes-de-las-xxiii-jornadas-de-medio-ambiente\/","og_site_name":"Blog Club del Emprendimiento","og_image":[{"url":"https:\/\/www.clubdelemprendimiento.com\/blog\/wp-content\/uploads\/2025\/10\/jornada_pixabay.jpg"}],"twitter_card":"summary_large_image","twitter_misc":{"Tiempo de lectura":"5 minutos"},"schema":{"@context":"https:\/\/schema.org","@graph":[{"@type":"WebPage","@id":"https:\/\/www.clubdelemprendimiento.com\/blog\/noticia-corporativa\/energia-agua-movilidad-y-urbanismo-sostenible-ejes-de-las-xxiii-jornadas-de-medio-ambiente\/","url":"https:\/\/www.clubdelemprendimiento.com\/blog\/noticia-corporativa\/energia-agua-movilidad-y-urbanismo-sostenible-ejes-de-las-xxiii-jornadas-de-medio-ambiente\/","name":"Energ\u00eda, agua, movilidad y urbanismo sostenible: ejes de las XXIII Jornadas de Medio Ambiente - Blog Club del Emprendimiento","isPartOf":{"@id":"https:\/\/www.clubdelemprendimiento.com\/blog\/#website"},"primaryImageOfPage":{"@id":"https:\/\/www.clubdelemprendimiento.com\/blog\/noticia-corporativa\/energia-agua-movilidad-y-urbanismo-sostenible-ejes-de-las-xxiii-jornadas-de-medio-ambiente\/#primaryimage"},"image":{"@id":"https:\/\/www.clubdelemprendimiento.com\/blog\/noticia-corporativa\/energia-agua-movilidad-y-urbanismo-sostenible-ejes-de-las-xxiii-jornadas-de-medio-ambiente\/#primaryimage"},"thumbnailUrl":"https:\/\/www.clubdelemprendimiento.com\/blog\/wp-content\/uploads\/2025\/10\/jornada_pixabay.jpg","datePublished":"2025-10-09T12:04:50+00:00","dateModified":"2025-10-09T12:04:50+00:00","breadcrumb":{"@id":"https:\/\/www.clubdelemprendimiento.com\/blog\/noticia-corporativa\/energia-agua-movilidad-y-urbanismo-sostenible-ejes-de-las-xxiii-jornadas-de-medio-ambiente\/#breadcrumb"},"inLanguage":"es","potentialAction":[{"@type":"ReadAction","target":["https:\/\/www.clubdelemprendimiento.com\/blog\/noticia-corporativa\/energia-agua-movilidad-y-urbanismo-sostenible-ejes-de-las-xxiii-jornadas-de-medio-ambiente\/"]}]},{"@type":"ImageObject","inLanguage":"es","@id":"https:\/\/www.clubdelemprendimiento.com\/blog\/noticia-corporativa\/energia-agua-movilidad-y-urbanismo-sostenible-ejes-de-las-xxiii-jornadas-de-medio-ambiente\/#primaryimage","url":"https:\/\/www.clubdelemprendimiento.com\/blog\/wp-content\/uploads\/2025\/10\/jornada_pixabay.jpg","contentUrl":"https:\/\/www.clubdelemprendimiento.com\/blog\/wp-content\/uploads\/2025\/10\/jornada_pixabay.jpg","width":1280,"height":717},{"@type":"BreadcrumbList","@id":"https:\/\/www.clubdelemprendimiento.com\/blog\/noticia-corporativa\/energia-agua-movilidad-y-urbanismo-sostenible-ejes-de-las-xxiii-jornadas-de-medio-ambiente\/#breadcrumb","itemListElement":[{"@type":"ListItem","position":1,"name":"Home","item":"https:\/\/www.clubdelemprendimiento.com\/blog\/"},{"@type":"ListItem","position":2,"name":"Noticias Corporativas","item":"https:\/\/www.clubdelemprendimiento.com\/blog\/noticias-corporativas\/"},{"@type":"ListItem","position":3,"name":"Energ\u00eda, agua, movilidad y urbanismo sostenible: ejes de las XXIII Jornadas de Medio Ambiente"}]},{"@type":"WebSite","@id":"https:\/\/www.clubdelemprendimiento.com\/blog\/#website","url":"https:\/\/www.clubdelemprendimiento.com\/blog\/","name":"Blog Club del Emprendimiento","description":"","potentialAction":[{"@type":"SearchAction","target":{"@type":"EntryPoint","urlTemplate":"https:\/\/www.clubdelemprendimiento.com\/blog\/?s={search_term_string}"},"query-input":"required name=search_term_string"}],"inLanguage":"es"}]}},"_links":{"self":[{"href":"https:\/\/www.clubdelemprendimiento.com\/blog\/wp-json\/wp\/v2\/noticia-corporativa\/22440"}],"collection":[{"href":"https:\/\/www.clubdelemprendimiento.com\/blog\/wp-json\/wp\/v2\/noticia-corporativa"}],"about":[{"href":"https:\/\/www.clubdelemprendimiento.com\/blog\/wp-json\/wp\/v2\/types\/noticia-corporativa"}],"wp:featuredmedia":[{"embeddable":true,"href":"https:\/\/www.clubdelemprendimiento.com\/blog\/wp-json\/wp\/v2\/media\/22441"}],"wp:attachment":[{"href":"https:\/\/www.clubdelemprendimiento.com\/blog\/wp-json\/wp\/v2\/media?parent=22440"}],"curies":[{"name":"wp","href":"https:\/\/api.w.org\/{rel}","templated":true}]}}