{"id":22428,"date":"2025-10-09T11:04:34","date_gmt":"2025-10-09T11:04:34","guid":{"rendered":"https:\/\/www.clubdelemprendimiento.com\/blog\/noticia-corporativa\/la-comunidad-valenciana-impulsa-la-formacion-gratuita-para-trabajadores-y-autonomos-con-cursos-en-las-tres-provincias\/"},"modified":"2025-10-09T11:04:34","modified_gmt":"2025-10-09T11:04:34","slug":"la-comunidad-valenciana-impulsa-la-formacion-gratuita-para-trabajadores-y-autonomos-con-cursos-en-las-tres-provincias","status":"publish","type":"noticia-corporativa","link":"https:\/\/www.clubdelemprendimiento.com\/blog\/noticia-corporativa\/la-comunidad-valenciana-impulsa-la-formacion-gratuita-para-trabajadores-y-autonomos-con-cursos-en-las-tres-provincias\/","title":{"rendered":"La Comunidad Valenciana impulsa la formaci\u00f3n gratuita para trabajadores y aut\u00f3nomos con cursos en las tres provincias"},"content":{"rendered":"<div>\n<p><a href=\"https:\/\/www.clubdelemprendimiento.com\/blog\/wp-content\/uploads\/2025\/10\/20251007_nota_valencia.jpg\" target=\"_blank\" class=\"fotonota\" rel=\"noopener\"> <img decoding=\"async\" src=\"https:\/\/www.clubdelemprendimiento.com\/blog\/wp-content\/uploads\/2025\/10\/20251007_nota_valencia.jpg\" style=\"max-width:600px;\" border=\"0\" class=\"postImage\" alt=\"\"><\/a><\/p>\n<p>Con el objetivo de impulsar la empleabilidad y la competitividad del tejido productivo valenciano, LABORA y el Ministerio de Trabajo ponen en marcha una nueva oferta de formaci\u00f3n gratuita para trabajadores, aut\u00f3nomos y desempleados. Los cursos, disponibles en formato online y presencial, abarcan todas las provincias y sectores clave de la econom\u00eda valenciana<\/p>\n<p><\/p>\n<p>La Comunidad Valenciana refuerza su compromiso con la cualificaci\u00f3n profesional a trav\u00e9s de una nueva convocatoria de <strong>formaci\u00f3n gratuita<\/strong>, dirigida a trabajadores ocupados, aut\u00f3nomos y personas desempleadas. Los cursos est\u00e1n <strong>100 % subvencionados por la Generalitat Valenciana, el Servei Valenci\u00e0 d\u2019Ocupaci\u00f3 i Formaci\u00f3 (LABORA) y el Ministerio de Trabajo y Econom\u00eda Social<\/strong>, en el marco del sistema de formaci\u00f3n para el empleo.<\/p>\n<p>En un contexto en el que la digitalizaci\u00f3n, la sostenibilidad y la especializaci\u00f3n marcan el ritmo de la econom\u00eda, la formaci\u00f3n continua se ha convertido en una herramienta estrat\u00e9gica tanto para las empresas como para los profesionales. Este nuevo plan formativo <strong>busca reforzar la empleabilidad, promover la innovaci\u00f3n y facilitar la adaptaci\u00f3n a los cambios del mercado laboral<\/strong>, ofreciendo oportunidades de aprendizaje sin coste y con total flexibilidad.<\/p>\n<p><strong>Formaci\u00f3n adaptada a cada perfil y provincia<\/strong><br \/>\nLa convocatoria <strong>incluye cursos online disponibles en las tres provincias (Castell\u00f3n, Alicante y Valencia)<\/strong>, adem\u00e1s de <strong>formaci\u00f3n presencial en la provincia de Valencia<\/strong>. Esta combinaci\u00f3n permite ofrecer opciones ajustadas a diferentes perfiles y necesidades, desde quienes buscan mejorar en su puesto actual hasta quienes desean reorientar su trayectoria profesional.<\/p>\n<p><strong>Formaci\u00f3n online en Castell\u00f3n, Alicante y Valencia<\/strong><br \/>\nLa modalidad online permite formarse desde cualquier punto de la Comunidad Valenciana, sin horarios fijos y con acompa\u00f1amiento tutorial. Est\u00e1 dirigida tanto a personas trabajadoras por cuenta ajena como a aut\u00f3nomos, y cubre \u00e1reas clave como <strong>administraci\u00f3n, comercio y marketing, log\u00edstica, hosteler\u00eda, sanidad, nuevas tecnolog\u00edas o medioambiente.<\/strong><\/p>\n<p><strong>Cat\u00e1logo de cursos online:<\/strong><\/p>\n<ul>\n<li>Castell\u00f3n: <a href=\"https:\/\/www.cursosfemxa.es\/labora-castellon\" rel=\"nofollow\">https:\/\/www.cursosfemxa.es\/labora-castellon<\/a><\/li>\n<li>Alicante: <a href=\"https:\/\/www.cursosfemxa.es\/labora-alicante\" rel=\"nofollow\">https:\/\/www.cursosfemxa.es\/labora-alicante<\/a><\/li>\n<li>Valencia: <a href=\"https:\/\/www.cursosfemxa.es\/valencia-online\" rel=\"nofollow\">https:\/\/www.cursosfemxa.es\/valencia-online<\/a><\/li>\n<\/ul>\n<p>Entre los programas m\u00e1s destacados se incluyen <em>Gesti\u00f3n de flotas y localizaci\u00f3n de veh\u00edculos, Atenci\u00f3n al cliente y calidad del servicio, Competencias digitales avanzadas, Contabilidad b\u00e1sica para pymes o Marketing digital y redes sociales.<\/em><\/p>\n<p><strong>Cursos presenciales en la provincia de Valencia<\/strong><br \/>\nLas personas que prefieran una formaci\u00f3n presencial o mixta pueden acceder a los cursos que se imparten en distintos centros acreditados de la provincia de Valencia. Estos programas favorecen la interacci\u00f3n, el aprendizaje colaborativo y el intercambio de experiencias entre profesionales del mismo sector.<\/p>\n<p><strong>Formaci\u00f3n subvencionada y sin coste para el alumnado<\/strong><br \/>\nTodas las acciones formativas est\u00e1n <strong>100 % subvencionadas<\/strong> y no requieren gesti\u00f3n empresarial ni consumo de cr\u00e9ditos de formaci\u00f3n. La inscripci\u00f3n es individual y gratuita. Las <strong>plazas son limitadas<\/strong> y se adjudican por orden de solicitud.<\/p>\n<p>Los cursos se desarrollar\u00e1n de <strong>forma escalonada durante los meses de septiembre y octubre<\/strong>, lo que permite elegir fechas y modalidades seg\u00fan la disponibilidad de cada participante.<\/p>\n<p>Esta iniciativa contribuye a <strong>fortalecer la cualificaci\u00f3n del tejido productivo valenciano<\/strong>, impulsando la especializaci\u00f3n en sectores estrat\u00e9gicos y fomentando la competitividad de las empresas locales.<\/p>\n<\/div>\n","protected":false},"featured_media":22429,"template":"","meta":{"_acf_changed":false},"acf":[],"yoast_head":"<!-- This site is optimized with the Yoast SEO plugin v22.7 - https:\/\/yoast.com\/wordpress\/plugins\/seo\/ -->\n<title>La Comunidad Valenciana impulsa la formaci\u00f3n gratuita para trabajadores y aut\u00f3nomos con cursos en las tres provincias - Blog Club del Emprendimiento<\/title>\n<meta name=\"robots\" content=\"index, follow, max-snippet:-1, max-image-preview:large, max-video-preview:-1\" \/>\n<link rel=\"canonical\" href=\"https:\/\/www.clubdelemprendimiento.com\/blog\/noticia-corporativa\/la-comunidad-valenciana-impulsa-la-formacion-gratuita-para-trabajadores-y-autonomos-con-cursos-en-las-tres-provincias\/\" \/>\n<meta property=\"og:locale\" content=\"es_ES\" \/>\n<meta property=\"og:type\" content=\"article\" \/>\n<meta property=\"og:title\" content=\"La Comunidad Valenciana impulsa la formaci\u00f3n gratuita para trabajadores y aut\u00f3nomos con cursos en las tres provincias - Blog Club del Emprendimiento\" \/>\n<meta property=\"og:description\" content=\"Con el objetivo de impulsar la empleabilidad y la competitividad del tejido productivo valenciano,&hellip;\" \/>\n<meta property=\"og:url\" content=\"https:\/\/www.clubdelemprendimiento.com\/blog\/noticia-corporativa\/la-comunidad-valenciana-impulsa-la-formacion-gratuita-para-trabajadores-y-autonomos-con-cursos-en-las-tres-provincias\/\" \/>\n<meta property=\"og:site_name\" content=\"Blog Club del Emprendimiento\" \/>\n<meta property=\"og:image\" content=\"https:\/\/www.clubdelemprendimiento.com\/blog\/wp-content\/uploads\/2025\/10\/20251007_nota_valencia.jpg\" \/>\n<meta name=\"twitter:card\" content=\"summary_large_image\" \/>\n<meta name=\"twitter:label1\" content=\"Tiempo de lectura\" \/>\n\t<meta name=\"twitter:data1\" content=\"3 minutos\" \/>\n<script type=\"application\/ld+json\" class=\"yoast-schema-graph\">{\"@context\":\"https:\/\/schema.org\",\"@graph\":[{\"@type\":\"WebPage\",\"@id\":\"https:\/\/www.clubdelemprendimiento.com\/blog\/noticia-corporativa\/la-comunidad-valenciana-impulsa-la-formacion-gratuita-para-trabajadores-y-autonomos-con-cursos-en-las-tres-provincias\/\",\"url\":\"https:\/\/www.clubdelemprendimiento.com\/blog\/noticia-corporativa\/la-comunidad-valenciana-impulsa-la-formacion-gratuita-para-trabajadores-y-autonomos-con-cursos-en-las-tres-provincias\/\",\"name\":\"La Comunidad Valenciana impulsa la formaci\u00f3n gratuita para trabajadores y aut\u00f3nomos con cursos en las tres provincias - Blog Club del Emprendimiento\",\"isPartOf\":{\"@id\":\"https:\/\/www.clubdelemprendimiento.com\/blog\/#website\"},\"primaryImageOfPage\":{\"@id\":\"https:\/\/www.clubdelemprendimiento.com\/blog\/noticia-corporativa\/la-comunidad-valenciana-impulsa-la-formacion-gratuita-para-trabajadores-y-autonomos-con-cursos-en-las-tres-provincias\/#primaryimage\"},\"image\":{\"@id\":\"https:\/\/www.clubdelemprendimiento.com\/blog\/noticia-corporativa\/la-comunidad-valenciana-impulsa-la-formacion-gratuita-para-trabajadores-y-autonomos-con-cursos-en-las-tres-provincias\/#primaryimage\"},\"thumbnailUrl\":\"https:\/\/www.clubdelemprendimiento.com\/blog\/wp-content\/uploads\/2025\/10\/20251007_nota_valencia.jpg\",\"datePublished\":\"2025-10-09T11:04:34+00:00\",\"dateModified\":\"2025-10-09T11:04:34+00:00\",\"breadcrumb\":{\"@id\":\"https:\/\/www.clubdelemprendimiento.com\/blog\/noticia-corporativa\/la-comunidad-valenciana-impulsa-la-formacion-gratuita-para-trabajadores-y-autonomos-con-cursos-en-las-tres-provincias\/#breadcrumb\"},\"inLanguage\":\"es\",\"potentialAction\":[{\"@type\":\"ReadAction\",\"target\":[\"https:\/\/www.clubdelemprendimiento.com\/blog\/noticia-corporativa\/la-comunidad-valenciana-impulsa-la-formacion-gratuita-para-trabajadores-y-autonomos-con-cursos-en-las-tres-provincias\/\"]}]},{\"@type\":\"ImageObject\",\"inLanguage\":\"es\",\"@id\":\"https:\/\/www.clubdelemprendimiento.com\/blog\/noticia-corporativa\/la-comunidad-valenciana-impulsa-la-formacion-gratuita-para-trabajadores-y-autonomos-con-cursos-en-las-tres-provincias\/#primaryimage\",\"url\":\"https:\/\/www.clubdelemprendimiento.com\/blog\/wp-content\/uploads\/2025\/10\/20251007_nota_valencia.jpg\",\"contentUrl\":\"https:\/\/www.clubdelemprendimiento.com\/blog\/wp-content\/uploads\/2025\/10\/20251007_nota_valencia.jpg\",\"width\":1024,\"height\":512},{\"@type\":\"BreadcrumbList\",\"@id\":\"https:\/\/www.clubdelemprendimiento.com\/blog\/noticia-corporativa\/la-comunidad-valenciana-impulsa-la-formacion-gratuita-para-trabajadores-y-autonomos-con-cursos-en-las-tres-provincias\/#breadcrumb\",\"itemListElement\":[{\"@type\":\"ListItem\",\"position\":1,\"name\":\"Home\",\"item\":\"https:\/\/www.clubdelemprendimiento.com\/blog\/\"},{\"@type\":\"ListItem\",\"position\":2,\"name\":\"Noticias Corporativas\",\"item\":\"https:\/\/www.clubdelemprendimiento.com\/blog\/noticias-corporativas\/\"},{\"@type\":\"ListItem\",\"position\":3,\"name\":\"La Comunidad Valenciana impulsa la formaci\u00f3n gratuita para trabajadores y aut\u00f3nomos con cursos en las tres provincias\"}]},{\"@type\":\"WebSite\",\"@id\":\"https:\/\/www.clubdelemprendimiento.com\/blog\/#website\",\"url\":\"https:\/\/www.clubdelemprendimiento.com\/blog\/\",\"name\":\"Blog Club del Emprendimiento\",\"description\":\"\",\"potentialAction\":[{\"@type\":\"SearchAction\",\"target\":{\"@type\":\"EntryPoint\",\"urlTemplate\":\"https:\/\/www.clubdelemprendimiento.com\/blog\/?s={search_term_string}\"},\"query-input\":\"required name=search_term_string\"}],\"inLanguage\":\"es\"}]}<\/script>\n<!-- \/ Yoast SEO plugin. -->","yoast_head_json":{"title":"La Comunidad Valenciana impulsa la formaci\u00f3n gratuita para trabajadores y aut\u00f3nomos con cursos en las tres provincias - Blog Club del Emprendimiento","robots":{"index":"index","follow":"follow","max-snippet":"max-snippet:-1","max-image-preview":"max-image-preview:large","max-video-preview":"max-video-preview:-1"},"canonical":"https:\/\/www.clubdelemprendimiento.com\/blog\/noticia-corporativa\/la-comunidad-valenciana-impulsa-la-formacion-gratuita-para-trabajadores-y-autonomos-con-cursos-en-las-tres-provincias\/","og_locale":"es_ES","og_type":"article","og_title":"La Comunidad Valenciana impulsa la formaci\u00f3n gratuita para trabajadores y aut\u00f3nomos con cursos en las tres provincias - Blog Club del Emprendimiento","og_description":"Con el objetivo de impulsar la empleabilidad y la competitividad del tejido productivo valenciano,&hellip;","og_url":"https:\/\/www.clubdelemprendimiento.com\/blog\/noticia-corporativa\/la-comunidad-valenciana-impulsa-la-formacion-gratuita-para-trabajadores-y-autonomos-con-cursos-en-las-tres-provincias\/","og_site_name":"Blog Club del Emprendimiento","og_image":[{"url":"https:\/\/www.clubdelemprendimiento.com\/blog\/wp-content\/uploads\/2025\/10\/20251007_nota_valencia.jpg"}],"twitter_card":"summary_large_image","twitter_misc":{"Tiempo de lectura":"3 minutos"},"schema":{"@context":"https:\/\/schema.org","@graph":[{"@type":"WebPage","@id":"https:\/\/www.clubdelemprendimiento.com\/blog\/noticia-corporativa\/la-comunidad-valenciana-impulsa-la-formacion-gratuita-para-trabajadores-y-autonomos-con-cursos-en-las-tres-provincias\/","url":"https:\/\/www.clubdelemprendimiento.com\/blog\/noticia-corporativa\/la-comunidad-valenciana-impulsa-la-formacion-gratuita-para-trabajadores-y-autonomos-con-cursos-en-las-tres-provincias\/","name":"La Comunidad Valenciana impulsa la formaci\u00f3n gratuita para trabajadores y aut\u00f3nomos con cursos en las tres provincias - Blog Club del Emprendimiento","isPartOf":{"@id":"https:\/\/www.clubdelemprendimiento.com\/blog\/#website"},"primaryImageOfPage":{"@id":"https:\/\/www.clubdelemprendimiento.com\/blog\/noticia-corporativa\/la-comunidad-valenciana-impulsa-la-formacion-gratuita-para-trabajadores-y-autonomos-con-cursos-en-las-tres-provincias\/#primaryimage"},"image":{"@id":"https:\/\/www.clubdelemprendimiento.com\/blog\/noticia-corporativa\/la-comunidad-valenciana-impulsa-la-formacion-gratuita-para-trabajadores-y-autonomos-con-cursos-en-las-tres-provincias\/#primaryimage"},"thumbnailUrl":"https:\/\/www.clubdelemprendimiento.com\/blog\/wp-content\/uploads\/2025\/10\/20251007_nota_valencia.jpg","datePublished":"2025-10-09T11:04:34+00:00","dateModified":"2025-10-09T11:04:34+00:00","breadcrumb":{"@id":"https:\/\/www.clubdelemprendimiento.com\/blog\/noticia-corporativa\/la-comunidad-valenciana-impulsa-la-formacion-gratuita-para-trabajadores-y-autonomos-con-cursos-en-las-tres-provincias\/#breadcrumb"},"inLanguage":"es","potentialAction":[{"@type":"ReadAction","target":["https:\/\/www.clubdelemprendimiento.com\/blog\/noticia-corporativa\/la-comunidad-valenciana-impulsa-la-formacion-gratuita-para-trabajadores-y-autonomos-con-cursos-en-las-tres-provincias\/"]}]},{"@type":"ImageObject","inLanguage":"es","@id":"https:\/\/www.clubdelemprendimiento.com\/blog\/noticia-corporativa\/la-comunidad-valenciana-impulsa-la-formacion-gratuita-para-trabajadores-y-autonomos-con-cursos-en-las-tres-provincias\/#primaryimage","url":"https:\/\/www.clubdelemprendimiento.com\/blog\/wp-content\/uploads\/2025\/10\/20251007_nota_valencia.jpg","contentUrl":"https:\/\/www.clubdelemprendimiento.com\/blog\/wp-content\/uploads\/2025\/10\/20251007_nota_valencia.jpg","width":1024,"height":512},{"@type":"BreadcrumbList","@id":"https:\/\/www.clubdelemprendimiento.com\/blog\/noticia-corporativa\/la-comunidad-valenciana-impulsa-la-formacion-gratuita-para-trabajadores-y-autonomos-con-cursos-en-las-tres-provincias\/#breadcrumb","itemListElement":[{"@type":"ListItem","position":1,"name":"Home","item":"https:\/\/www.clubdelemprendimiento.com\/blog\/"},{"@type":"ListItem","position":2,"name":"Noticias Corporativas","item":"https:\/\/www.clubdelemprendimiento.com\/blog\/noticias-corporativas\/"},{"@type":"ListItem","position":3,"name":"La Comunidad Valenciana impulsa la formaci\u00f3n gratuita para trabajadores y aut\u00f3nomos con cursos en las tres provincias"}]},{"@type":"WebSite","@id":"https:\/\/www.clubdelemprendimiento.com\/blog\/#website","url":"https:\/\/www.clubdelemprendimiento.com\/blog\/","name":"Blog Club del Emprendimiento","description":"","potentialAction":[{"@type":"SearchAction","target":{"@type":"EntryPoint","urlTemplate":"https:\/\/www.clubdelemprendimiento.com\/blog\/?s={search_term_string}"},"query-input":"required name=search_term_string"}],"inLanguage":"es"}]}},"_links":{"self":[{"href":"https:\/\/www.clubdelemprendimiento.com\/blog\/wp-json\/wp\/v2\/noticia-corporativa\/22428"}],"collection":[{"href":"https:\/\/www.clubdelemprendimiento.com\/blog\/wp-json\/wp\/v2\/noticia-corporativa"}],"about":[{"href":"https:\/\/www.clubdelemprendimiento.com\/blog\/wp-json\/wp\/v2\/types\/noticia-corporativa"}],"wp:featuredmedia":[{"embeddable":true,"href":"https:\/\/www.clubdelemprendimiento.com\/blog\/wp-json\/wp\/v2\/media\/22429"}],"wp:attachment":[{"href":"https:\/\/www.clubdelemprendimiento.com\/blog\/wp-json\/wp\/v2\/media?parent=22428"}],"curies":[{"name":"wp","href":"https:\/\/api.w.org\/{rel}","templated":true}]}}